{"id":946010,"date":"2025-08-13T13:23:00","date_gmt":"2025-08-13T11:23:00","guid":{"rendered":"https:\/\/dmcsrb.com\/uncategorized\/spajic-obisao-povrijedjenog-vojnika-oni-su-uvijek-tu-za-nas-spremni-da-rizikuju-i-zivot-za-crnu-goru\/"},"modified":"2025-08-13T13:23:00","modified_gmt":"2025-08-13T11:23:00","slug":"spajic-obisao-povrijedjenog-vojnika-oni-su-uvijek-tu-za-nas-spremni-da-rizikuju-i-zivot-za-crnu-goru","status":"publish","type":"post","link":"https:\/\/dmcsrb.com\/en\/drustvo\/spajic-obisao-povrijedjenog-vojnika-oni-su-uvijek-tu-za-nas-spremni-da-rizikuju-i-zivot-za-crnu-goru\/","title":{"rendered":"Spaji\u0107 obi\u0161ao povrije\u0111enog vojnika: Oni su uvijek tu za nas, spremni da rizikuju i \u017eivot za Crnu Goru"},"content":{"rendered":"<p><\/p>\n\n\n\n<p>&#8220;Oni su uvijek tu za nas, spremni da rizikuju sve, pa i sopstveni \u017eivot za Crnu Goru. \u017delimo brz oporavak vojniku Marku Ikovi\u0107u, kog smo posjetili u KCCG&#8221;, napisao je Spaji\u0107 na dru\u0161tvenim mre\u017eama.<\/p>\n\n\n\n<p>Podsje\u0107amo, vodnik Vojske Crne Gore (VCG) Marko Ikovi\u0107, koji je te\u0161ko povrije\u0111en tokom ga\u0161enja po\u017eara u Ku\u010dima, trenutno je na Odjeljenju intenzivne njege Klini\u010dkog centra Crne Gore (KCCG).<\/p>\n\n\n\n<figure class=\"wp-block-embed is-type-wp-embed is-provider-gradski-portal wp-block-embed-gradski-portal\"><div class=\"wp-block-embed__wrapper\">\nhttps:\/\/gradski.me\/predstavnici-ministarstva-zdravlja-i-kccg-obisli-povrijedjenog-vojnika-stanje-stabilno-predstoji-oporavak\/\n<\/div><\/figure>\n\n\n\n<p>U nesre\u0107i koja se dogodila kada se cisterna za vodu prevrnula i skliznula niz strmu padinu pored puta ka mjestu Kupusci u Ku\u010dima, poginuo je vojnik Dejan Bo\u017eovi\u0107 (41), dok je Ikovi\u0107 te\u0161ko povrije\u0111en.<\/p>","protected":false},"excerpt":{"rendered":"<p>Premijer Milojko Spaji\u0107 i ministar odbrane Dragan Krapovi\u0107 obi\u0161li su danas povrije\u0111enog vojnika u Klini\u010dkom centru Crne Gore.<\/p>","protected":false},"author":1,"featured_media":946011,"comment_status":"open","ping_status":"open","sticky":false,"template":"","format":"standard","meta":{"_acf_changed":false,"footnotes":""},"categories":[2],"tags":[166,5945],"naslovna":[],"class_list":["post-946010","post","type-post","status-publish","format-standard","has-post-thumbnail","hentry","category-drustvo","tag-milojko-spajic","tag-vojska-crne-gore"],"acf":[],"yoast_head":"<!-- This site is optimized with the Yoast SEO plugin v27.4 - https:\/\/yoast.com\/product\/yoast-seo-wordpress\/ -->\n<title>Spaji\u0107 obi\u0161ao povrije\u0111enog vojnika: Oni su uvijek tu za nas, spremni da rizikuju i \u017eivot za Crnu Goru - dmcsrb.com<\/title>\n<meta name=\"robots\" content=\"index, follow, max-snippet:-1, max-image-preview:large, max-video-preview:-1\" \/>\n<link rel=\"canonical\" href=\"https:\/\/dmcsrb.com\/en\/drustvo\/spajic-obisao-povrijedjenog-vojnika-oni-su-uvijek-tu-za-nas-spremni-da-rizikuju-i-zivot-za-crnu-goru\/\" \/>\n<meta property=\"og:locale\" content=\"en_GB\" \/>\n<meta property=\"og:type\" content=\"article\" \/>\n<meta property=\"og:title\" content=\"Spaji\u0107 obi\u0161ao povrije\u0111enog vojnika: Oni su uvijek tu za nas, spremni da rizikuju i \u017eivot za Crnu Goru - dmcsrb.com\" \/>\n<meta property=\"og:description\" content=\"Premijer Milojko Spaji\u0107 i ministar odbrane Dragan Krapovi\u0107 obi\u0161li su danas povrije\u0111enog vojnika u Klini\u010dkom centru Crne Gore.\" \/>\n<meta property=\"og:url\" content=\"https:\/\/dmcsrb.com\/en\/drustvo\/spajic-obisao-povrijedjenog-vojnika-oni-su-uvijek-tu-za-nas-spremni-da-rizikuju-i-zivot-za-crnu-goru\/\" \/>\n<meta property=\"og:site_name\" content=\"dmcsrb.com\" \/>\n<meta property=\"article:published_time\" content=\"2025-08-13T11:23:00+00:00\" \/>\n<meta property=\"og:image\" content=\"https:\/\/dmcsrb.com\/wp-content\/uploads\/2026\/01\/Screenshot_20250813_151234_Instagram.webp\" \/>\n\t<meta property=\"og:image:width\" content=\"1078\" \/>\n\t<meta property=\"og:image:height\" content=\"718\" \/>\n\t<meta property=\"og:image:type\" content=\"image\/jpeg\" \/>\n<meta name=\"author\" content=\"dmcsrbija.com@gmail.com\" \/>\n<meta name=\"twitter:card\" content=\"summary_large_image\" \/>\n<meta name=\"twitter:label1\" content=\"Written by\" \/>\n\t<meta name=\"twitter:data1\" content=\"dmcsrbija.com@gmail.com\" \/>\n\t<meta name=\"twitter:label2\" content=\"Estimated reading time\" \/>\n\t<meta name=\"twitter:data2\" content=\"1 minute\" \/>\n<script type=\"application\/ld+json\" class=\"yoast-schema-graph\">{\"@context\":\"https:\\\/\\\/schema.org\",\"@graph\":[{\"@type\":\"Article\",\"@id\":\"https:\\\/\\\/dmcsrb.com\\\/drustvo\\\/spajic-obisao-povrijedjenog-vojnika-oni-su-uvijek-tu-za-nas-spremni-da-rizikuju-i-zivot-za-crnu-goru\\\/#article\",\"isPartOf\":{\"@id\":\"https:\\\/\\\/dmcsrb.com\\\/drustvo\\\/spajic-obisao-povrijedjenog-vojnika-oni-su-uvijek-tu-za-nas-spremni-da-rizikuju-i-zivot-za-crnu-goru\\\/\"},\"author\":{\"name\":\"dmcsrbija.com@gmail.com\",\"@id\":\"https:\\\/\\\/dmcsrb.com\\\/#\\\/schema\\\/person\\\/5c39170f12db1b8b457732d0b5c854e2\"},\"headline\":\"Spaji\u0107 obi\u0161ao povrije\u0111enog vojnika: Oni su uvijek tu za nas, spremni da rizikuju i \u017eivot za Crnu Goru\",\"datePublished\":\"2025-08-13T11:23:00+00:00\",\"mainEntityOfPage\":{\"@id\":\"https:\\\/\\\/dmcsrb.com\\\/drustvo\\\/spajic-obisao-povrijedjenog-vojnika-oni-su-uvijek-tu-za-nas-spremni-da-rizikuju-i-zivot-za-crnu-goru\\\/\"},\"wordCount\":134,\"commentCount\":0,\"image\":{\"@id\":\"https:\\\/\\\/dmcsrb.com\\\/drustvo\\\/spajic-obisao-povrijedjenog-vojnika-oni-su-uvijek-tu-za-nas-spremni-da-rizikuju-i-zivot-za-crnu-goru\\\/#primaryimage\"},\"thumbnailUrl\":\"https:\\\/\\\/dmcsrb.com\\\/wp-content\\\/uploads\\\/2026\\\/01\\\/Screenshot_20250813_151234_Instagram.webp\",\"keywords\":[\"Milojko Spaji\u0107\",\"Vojska crne Gore\"],\"articleSection\":[\"Dru\u0161tvo\"],\"inLanguage\":\"en-GB\",\"potentialAction\":[{\"@type\":\"CommentAction\",\"name\":\"Comment\",\"target\":[\"https:\\\/\\\/dmcsrb.com\\\/drustvo\\\/spajic-obisao-povrijedjenog-vojnika-oni-su-uvijek-tu-za-nas-spremni-da-rizikuju-i-zivot-za-crnu-goru\\\/#respond\"]}]},{\"@type\":\"WebPage\",\"@id\":\"https:\\\/\\\/dmcsrb.com\\\/drustvo\\\/spajic-obisao-povrijedjenog-vojnika-oni-su-uvijek-tu-za-nas-spremni-da-rizikuju-i-zivot-za-crnu-goru\\\/\",\"url\":\"https:\\\/\\\/dmcsrb.com\\\/drustvo\\\/spajic-obisao-povrijedjenog-vojnika-oni-su-uvijek-tu-za-nas-spremni-da-rizikuju-i-zivot-za-crnu-goru\\\/\",\"name\":\"Spaji\u0107 obi\u0161ao povrije\u0111enog vojnika: Oni su uvijek tu za nas, spremni da rizikuju i \u017eivot za Crnu Goru - dmcsrb.com\",\"isPartOf\":{\"@id\":\"https:\\\/\\\/dmcsrb.com\\\/#website\"},\"primaryImageOfPage\":{\"@id\":\"https:\\\/\\\/dmcsrb.com\\\/drustvo\\\/spajic-obisao-povrijedjenog-vojnika-oni-su-uvijek-tu-za-nas-spremni-da-rizikuju-i-zivot-za-crnu-goru\\\/#primaryimage\"},\"image\":{\"@id\":\"https:\\\/\\\/dmcsrb.com\\\/drustvo\\\/spajic-obisao-povrijedjenog-vojnika-oni-su-uvijek-tu-za-nas-spremni-da-rizikuju-i-zivot-za-crnu-goru\\\/#primaryimage\"},\"thumbnailUrl\":\"https:\\\/\\\/dmcsrb.com\\\/wp-content\\\/uploads\\\/2026\\\/01\\\/Screenshot_20250813_151234_Instagram.webp\",\"datePublished\":\"2025-08-13T11:23:00+00:00\",\"author\":{\"@id\":\"https:\\\/\\\/dmcsrb.com\\\/#\\\/schema\\\/person\\\/5c39170f12db1b8b457732d0b5c854e2\"},\"breadcrumb\":{\"@id\":\"https:\\\/\\\/dmcsrb.com\\\/drustvo\\\/spajic-obisao-povrijedjenog-vojnika-oni-su-uvijek-tu-za-nas-spremni-da-rizikuju-i-zivot-za-crnu-goru\\\/#breadcrumb\"},\"inLanguage\":\"en-GB\",\"potentialAction\":[{\"@type\":\"ReadAction\",\"target\":[\"https:\\\/\\\/dmcsrb.com\\\/drustvo\\\/spajic-obisao-povrijedjenog-vojnika-oni-su-uvijek-tu-za-nas-spremni-da-rizikuju-i-zivot-za-crnu-goru\\\/\"]}]},{\"@type\":\"ImageObject\",\"inLanguage\":\"en-GB\",\"@id\":\"https:\\\/\\\/dmcsrb.com\\\/drustvo\\\/spajic-obisao-povrijedjenog-vojnika-oni-su-uvijek-tu-za-nas-spremni-da-rizikuju-i-zivot-za-crnu-goru\\\/#primaryimage\",\"url\":\"https:\\\/\\\/dmcsrb.com\\\/wp-content\\\/uploads\\\/2026\\\/01\\\/Screenshot_20250813_151234_Instagram.webp\",\"contentUrl\":\"https:\\\/\\\/dmcsrb.com\\\/wp-content\\\/uploads\\\/2026\\\/01\\\/Screenshot_20250813_151234_Instagram.webp\",\"width\":1078,\"height\":718},{\"@type\":\"BreadcrumbList\",\"@id\":\"https:\\\/\\\/dmcsrb.com\\\/drustvo\\\/spajic-obisao-povrijedjenog-vojnika-oni-su-uvijek-tu-za-nas-spremni-da-rizikuju-i-zivot-za-crnu-goru\\\/#breadcrumb\",\"itemListElement\":[{\"@type\":\"ListItem\",\"position\":1,\"name\":\"Home\",\"item\":\"https:\\\/\\\/dmcsrb.com\\\/\"},{\"@type\":\"ListItem\",\"position\":2,\"name\":\"Spaji\u0107 obi\u0161ao povrije\u0111enog vojnika: Oni su uvijek tu za nas, spremni da rizikuju i \u017eivot za Crnu Goru\"}]},{\"@type\":\"WebSite\",\"@id\":\"https:\\\/\\\/dmcsrb.com\\\/#website\",\"url\":\"https:\\\/\\\/dmcsrb.com\\\/\",\"name\":\"dmcsrb.com\",\"description\":\"\",\"potentialAction\":[{\"@type\":\"SearchAction\",\"target\":{\"@type\":\"EntryPoint\",\"urlTemplate\":\"https:\\\/\\\/dmcsrb.com\\\/?s={search_term_string}\"},\"query-input\":{\"@type\":\"PropertyValueSpecification\",\"valueRequired\":true,\"valueName\":\"search_term_string\"}}],\"inLanguage\":\"en-GB\"},{\"@type\":\"Person\",\"@id\":\"https:\\\/\\\/dmcsrb.com\\\/#\\\/schema\\\/person\\\/5c39170f12db1b8b457732d0b5c854e2\",\"name\":\"dmcsrbija.com@gmail.com\",\"image\":{\"@type\":\"ImageObject\",\"inLanguage\":\"en-GB\",\"@id\":\"https:\\\/\\\/secure.gravatar.com\\\/avatar\\\/68592660ad6347fad0fb587f8d5d8f1a7b44961362f56e4f2cd524feb87e9069?s=96&d=mm&r=g\",\"url\":\"https:\\\/\\\/secure.gravatar.com\\\/avatar\\\/68592660ad6347fad0fb587f8d5d8f1a7b44961362f56e4f2cd524feb87e9069?s=96&d=mm&r=g\",\"contentUrl\":\"https:\\\/\\\/secure.gravatar.com\\\/avatar\\\/68592660ad6347fad0fb587f8d5d8f1a7b44961362f56e4f2cd524feb87e9069?s=96&d=mm&r=g\",\"caption\":\"dmcsrbija.com@gmail.com\"},\"sameAs\":[\"https:\\\/\\\/dmcsrb.com\"],\"url\":\"https:\\\/\\\/dmcsrb.com\\\/en\\\/author\\\/dmcsrbija-comgmail-com\\\/\"}]}<\/script>\n<!-- \/ Yoast SEO plugin. -->","yoast_head_json":{"title":"Spaji\u0107 obi\u0161ao povrije\u0111enog vojnika: Oni su uvijek tu za nas, spremni da rizikuju i \u017eivot za Crnu Goru - dmcsrb.com","robots":{"index":"index","follow":"follow","max-snippet":"max-snippet:-1","max-image-preview":"max-image-preview:large","max-video-preview":"max-video-preview:-1"},"canonical":"https:\/\/dmcsrb.com\/en\/drustvo\/spajic-obisao-povrijedjenog-vojnika-oni-su-uvijek-tu-za-nas-spremni-da-rizikuju-i-zivot-za-crnu-goru\/","og_locale":"en_GB","og_type":"article","og_title":"Spaji\u0107 obi\u0161ao povrije\u0111enog vojnika: Oni su uvijek tu za nas, spremni da rizikuju i \u017eivot za Crnu Goru - dmcsrb.com","og_description":"Premijer Milojko Spaji\u0107 i ministar odbrane Dragan Krapovi\u0107 obi\u0161li su danas povrije\u0111enog vojnika u Klini\u010dkom centru Crne Gore.","og_url":"https:\/\/dmcsrb.com\/en\/drustvo\/spajic-obisao-povrijedjenog-vojnika-oni-su-uvijek-tu-za-nas-spremni-da-rizikuju-i-zivot-za-crnu-goru\/","og_site_name":"dmcsrb.com","article_published_time":"2025-08-13T11:23:00+00:00","og_image":[{"width":1078,"height":718,"url":"https:\/\/dmcsrb.com\/wp-content\/uploads\/2026\/01\/Screenshot_20250813_151234_Instagram.webp","type":"image\/jpeg"}],"author":"dmcsrbija.com@gmail.com","twitter_card":"summary_large_image","twitter_misc":{"Written by":"dmcsrbija.com@gmail.com","Estimated reading time":"1 minute"},"schema":{"@context":"https:\/\/schema.org","@graph":[{"@type":"Article","@id":"https:\/\/dmcsrb.com\/drustvo\/spajic-obisao-povrijedjenog-vojnika-oni-su-uvijek-tu-za-nas-spremni-da-rizikuju-i-zivot-za-crnu-goru\/#article","isPartOf":{"@id":"https:\/\/dmcsrb.com\/drustvo\/spajic-obisao-povrijedjenog-vojnika-oni-su-uvijek-tu-za-nas-spremni-da-rizikuju-i-zivot-za-crnu-goru\/"},"author":{"name":"dmcsrbija.com@gmail.com","@id":"https:\/\/dmcsrb.com\/#\/schema\/person\/5c39170f12db1b8b457732d0b5c854e2"},"headline":"Spaji\u0107 obi\u0161ao povrije\u0111enog vojnika: Oni su uvijek tu za nas, spremni da rizikuju i \u017eivot za Crnu Goru","datePublished":"2025-08-13T11:23:00+00:00","mainEntityOfPage":{"@id":"https:\/\/dmcsrb.com\/drustvo\/spajic-obisao-povrijedjenog-vojnika-oni-su-uvijek-tu-za-nas-spremni-da-rizikuju-i-zivot-za-crnu-goru\/"},"wordCount":134,"commentCount":0,"image":{"@id":"https:\/\/dmcsrb.com\/drustvo\/spajic-obisao-povrijedjenog-vojnika-oni-su-uvijek-tu-za-nas-spremni-da-rizikuju-i-zivot-za-crnu-goru\/#primaryimage"},"thumbnailUrl":"https:\/\/dmcsrb.com\/wp-content\/uploads\/2026\/01\/Screenshot_20250813_151234_Instagram.webp","keywords":["Milojko Spaji\u0107","Vojska crne Gore"],"articleSection":["Dru\u0161tvo"],"inLanguage":"en-GB","potentialAction":[{"@type":"CommentAction","name":"Comment","target":["https:\/\/dmcsrb.com\/drustvo\/spajic-obisao-povrijedjenog-vojnika-oni-su-uvijek-tu-za-nas-spremni-da-rizikuju-i-zivot-za-crnu-goru\/#respond"]}]},{"@type":"WebPage","@id":"https:\/\/dmcsrb.com\/drustvo\/spajic-obisao-povrijedjenog-vojnika-oni-su-uvijek-tu-za-nas-spremni-da-rizikuju-i-zivot-za-crnu-goru\/","url":"https:\/\/dmcsrb.com\/drustvo\/spajic-obisao-povrijedjenog-vojnika-oni-su-uvijek-tu-za-nas-spremni-da-rizikuju-i-zivot-za-crnu-goru\/","name":"Spaji\u0107 obi\u0161ao povrije\u0111enog vojnika: Oni su uvijek tu za nas, spremni da rizikuju i \u017eivot za Crnu Goru - dmcsrb.com","isPartOf":{"@id":"https:\/\/dmcsrb.com\/#website"},"primaryImageOfPage":{"@id":"https:\/\/dmcsrb.com\/drustvo\/spajic-obisao-povrijedjenog-vojnika-oni-su-uvijek-tu-za-nas-spremni-da-rizikuju-i-zivot-za-crnu-goru\/#primaryimage"},"image":{"@id":"https:\/\/dmcsrb.com\/drustvo\/spajic-obisao-povrijedjenog-vojnika-oni-su-uvijek-tu-za-nas-spremni-da-rizikuju-i-zivot-za-crnu-goru\/#primaryimage"},"thumbnailUrl":"https:\/\/dmcsrb.com\/wp-content\/uploads\/2026\/01\/Screenshot_20250813_151234_Instagram.webp","datePublished":"2025-08-13T11:23:00+00:00","author":{"@id":"https:\/\/dmcsrb.com\/#\/schema\/person\/5c39170f12db1b8b457732d0b5c854e2"},"breadcrumb":{"@id":"https:\/\/dmcsrb.com\/drustvo\/spajic-obisao-povrijedjenog-vojnika-oni-su-uvijek-tu-za-nas-spremni-da-rizikuju-i-zivot-za-crnu-goru\/#breadcrumb"},"inLanguage":"en-GB","potentialAction":[{"@type":"ReadAction","target":["https:\/\/dmcsrb.com\/drustvo\/spajic-obisao-povrijedjenog-vojnika-oni-su-uvijek-tu-za-nas-spremni-da-rizikuju-i-zivot-za-crnu-goru\/"]}]},{"@type":"ImageObject","inLanguage":"en-GB","@id":"https:\/\/dmcsrb.com\/drustvo\/spajic-obisao-povrijedjenog-vojnika-oni-su-uvijek-tu-za-nas-spremni-da-rizikuju-i-zivot-za-crnu-goru\/#primaryimage","url":"https:\/\/dmcsrb.com\/wp-content\/uploads\/2026\/01\/Screenshot_20250813_151234_Instagram.webp","contentUrl":"https:\/\/dmcsrb.com\/wp-content\/uploads\/2026\/01\/Screenshot_20250813_151234_Instagram.webp","width":1078,"height":718},{"@type":"BreadcrumbList","@id":"https:\/\/dmcsrb.com\/drustvo\/spajic-obisao-povrijedjenog-vojnika-oni-su-uvijek-tu-za-nas-spremni-da-rizikuju-i-zivot-za-crnu-goru\/#breadcrumb","itemListElement":[{"@type":"ListItem","position":1,"name":"Home","item":"https:\/\/dmcsrb.com\/"},{"@type":"ListItem","position":2,"name":"Spaji\u0107 obi\u0161ao povrije\u0111enog vojnika: Oni su uvijek tu za nas, spremni da rizikuju i \u017eivot za Crnu Goru"}]},{"@type":"WebSite","@id":"https:\/\/dmcsrb.com\/#website","url":"https:\/\/dmcsrb.com\/","name":"dmcsrb.com","description":"","potentialAction":[{"@type":"SearchAction","target":{"@type":"EntryPoint","urlTemplate":"https:\/\/dmcsrb.com\/?s={search_term_string}"},"query-input":{"@type":"PropertyValueSpecification","valueRequired":true,"valueName":"search_term_string"}}],"inLanguage":"en-GB"},{"@type":"Person","@id":"https:\/\/dmcsrb.com\/#\/schema\/person\/5c39170f12db1b8b457732d0b5c854e2","name":"dmcsrbija.com@gmail.com","image":{"@type":"ImageObject","inLanguage":"en-GB","@id":"https:\/\/secure.gravatar.com\/avatar\/68592660ad6347fad0fb587f8d5d8f1a7b44961362f56e4f2cd524feb87e9069?s=96&d=mm&r=g","url":"https:\/\/secure.gravatar.com\/avatar\/68592660ad6347fad0fb587f8d5d8f1a7b44961362f56e4f2cd524feb87e9069?s=96&d=mm&r=g","contentUrl":"https:\/\/secure.gravatar.com\/avatar\/68592660ad6347fad0fb587f8d5d8f1a7b44961362f56e4f2cd524feb87e9069?s=96&d=mm&r=g","caption":"dmcsrbija.com@gmail.com"},"sameAs":["https:\/\/dmcsrb.com"],"url":"https:\/\/dmcsrb.com\/en\/author\/dmcsrbija-comgmail-com\/"}]}},"_links":{"self":[{"href":"https:\/\/dmcsrb.com\/en\/wp-json\/wp\/v2\/posts\/946010","targetHints":{"allow":["GET"]}}],"collection":[{"href":"https:\/\/dmcsrb.com\/en\/wp-json\/wp\/v2\/posts"}],"about":[{"href":"https:\/\/dmcsrb.com\/en\/wp-json\/wp\/v2\/types\/post"}],"author":[{"embeddable":true,"href":"https:\/\/dmcsrb.com\/en\/wp-json\/wp\/v2\/users\/1"}],"replies":[{"embeddable":true,"href":"https:\/\/dmcsrb.com\/en\/wp-json\/wp\/v2\/comments?post=946010"}],"version-history":[{"count":0,"href":"https:\/\/dmcsrb.com\/en\/wp-json\/wp\/v2\/posts\/946010\/revisions"}],"wp:featuredmedia":[{"embeddable":true,"href":"https:\/\/dmcsrb.com\/en\/wp-json\/wp\/v2\/media\/946011"}],"wp:attachment":[{"href":"https:\/\/dmcsrb.com\/en\/wp-json\/wp\/v2\/media?parent=946010"}],"wp:term":[{"taxonomy":"category","embeddable":true,"href":"https:\/\/dmcsrb.com\/en\/wp-json\/wp\/v2\/categories?post=946010"},{"taxonomy":"post_tag","embeddable":true,"href":"https:\/\/dmcsrb.com\/en\/wp-json\/wp\/v2\/tags?post=946010"},{"taxonomy":"naslovna","embeddable":true,"href":"https:\/\/dmcsrb.com\/en\/wp-json\/wp\/v2\/naslovna?post=946010"}],"curies":[{"name":"wp","href":"https:\/\/api.w.org\/{rel}","templated":true}]}}