{"id":945995,"date":"2025-08-13T11:59:00","date_gmt":"2025-08-13T09:59:00","guid":{"rendered":"https:\/\/dmcsrb.com\/uncategorized\/milic-odabrao-igrace-za-ep-u-oradei\/"},"modified":"2025-08-13T11:59:00","modified_gmt":"2025-08-13T09:59:00","slug":"milic-odabrao-igrace-za-ep-u-oradei","status":"publish","type":"post","link":"https:\/\/dmcsrb.com\/en\/sport\/milic-odabrao-igrace-za-ep-u-oradei\/","title":{"rendered":"Mili\u0107 odabrao igra\u010de za EP u Oradei"},"content":{"rendered":"<p>Trener Neboj\u0161a Mili\u0107 izabrao je igra\u010de koji \u0107e nastupiti na EP. Crnu Goru \u0107e predstavljati:<\/p>\n\n\n\n<p>Marko Pejovi\u0107, Luka Ivanovi\u0107, Nikola Petrovi\u0107, Andrija Roganovi\u0107, Marko Milini\u0107, \u0110or\u0111e Pejovi\u0107, Ljubomir Kova\u010di\u0107, Todor Vuk\u010devi\u0107, Strahinja Gojkovi\u0107, Luka Todorovi\u0107, Ognjen Mora\u010danin, Miljan Bo\u0161kovi\u0107, Relja Vukani\u0107, Petar Brnovi\u0107 i Danilo Stupar.<\/p>\n\n\n\n<p>U stru\u010dnom \u0161tabu, pored Mili\u0107a, su treneri Marko Franeta i Uglje\u0161a Brguljan, video analiti\u010dar Vasko Vu\u010dkovi\u0107, fizioterapeut Vladislav Mla\u0111en, psiholo\u0161kinja Vanja \u0110urovi\u0107, kao i Nenad Vukani, koordinator VPSCG za mla\u0111e selekcije.<\/p>\n\n\n\n<p>Na\u0161u selekciju su ispratili i sre\u0107u po\u017eeljeli predsjednik VPSCG Nikola Mili\u0107 i potpredsjednik Milo\u0161 Mra\u010devi\u0107.<\/p>\n\n\n\n<p>Mlade \u201cajkule\u201d \u0107e na \u0161ampionatu igrati u grupi B u kojoj su jo\u0161 \u0160panija, Srbija i Hrvatska.<\/p>\n\n\n\n<p>Crna Gora \u0107e prvog dana (18. avgust) igrati protiv Srbije od 17.30. Dan kasnije od 13.30 igra sa Hrvatskom, dok \u0107e se 20. avgusta od 16 \u010dasova sastati sa \u0160panijom.<\/p>\n\n\n\n<p>U grupi A su Gr\u010dka, Ma\u0111arska, Italija i Holandija.<\/p>\n\n\n\n<p>U grupi C takmi\u010di\u0107e se Turska, Francuska, Rumunija i Poljska, a u grupi D Njema\u010dka, Malta, Gruzija i Ukrajina.<\/p>\n\n\n\n<p>Sva \u010detiri tima i A i B grupa prolaze u eliminacionu fazu, a od plasmana u grupi zavisi sa kojim selekcijama iz grupa C i D \u0107e ukr\u0161tati u prvoj nokaut rundi.<\/p>","protected":false},"excerpt":{"rendered":"<p>Mladi crnogorski vaterpolisti, \u010dlanovi U 18 selekcije, otputovali su danas u Novi Sad, gdje \u0107e imati zavr\u0161ne treninge, pred Evropsko prvenstvo, koje se od 18. do 24. avgusta igra u rumunskoj Oradei.<\/p>","protected":false},"author":1,"featured_media":945996,"comment_status":"open","ping_status":"open","sticky":false,"template":"","format":"standard","meta":{"_acf_changed":false,"footnotes":""},"categories":[148],"tags":[17513,17514,989,17515],"naslovna":[],"class_list":["post-945995","post","type-post","status-publish","format-standard","has-post-thumbnail","hentry","category-sport","tag-evropsko-prvenstvo-za-vaterpoliste-do-18-godina","tag-nebojsa-milic","tag-spisak-igraca","tag-u18-vaterpolo-reprezentacija-crne-gore"],"acf":[],"yoast_head":"<!-- This site is optimized with the Yoast SEO plugin v27.4 - https:\/\/yoast.com\/product\/yoast-seo-wordpress\/ -->\n<title>Mili\u0107 odabrao igra\u010de za EP u Oradei - dmcsrb.com<\/title>\n<meta name=\"robots\" content=\"index, follow, max-snippet:-1, max-image-preview:large, max-video-preview:-1\" \/>\n<link rel=\"canonical\" href=\"https:\/\/dmcsrb.com\/en\/sport\/milic-odabrao-igrace-za-ep-u-oradei\/\" \/>\n<meta property=\"og:locale\" content=\"en_GB\" \/>\n<meta property=\"og:type\" content=\"article\" \/>\n<meta property=\"og:title\" content=\"Mili\u0107 odabrao igra\u010de za EP u Oradei - dmcsrb.com\" \/>\n<meta property=\"og:description\" content=\"Mladi crnogorski vaterpolisti, \u010dlanovi U 18 selekcije, otputovali su danas u Novi Sad, gdje \u0107e imati zavr\u0161ne treninge, pred Evropsko prvenstvo, koje se od 18. do 24. avgusta igra u rumunskoj Oradei.\" \/>\n<meta property=\"og:url\" content=\"https:\/\/dmcsrb.com\/en\/sport\/milic-odabrao-igrace-za-ep-u-oradei\/\" \/>\n<meta property=\"og:site_name\" content=\"dmcsrb.com\" \/>\n<meta property=\"article:published_time\" content=\"2025-08-13T09:59:00+00:00\" \/>\n<meta property=\"og:image\" content=\"https:\/\/dmcsrb.com\/wp-content\/uploads\/2026\/01\/U18-vaterpolisti-VPSCG.webp\" \/>\n\t<meta property=\"og:image:width\" content=\"2048\" \/>\n\t<meta property=\"og:image:height\" content=\"1876\" \/>\n\t<meta property=\"og:image:type\" content=\"image\/jpeg\" \/>\n<meta name=\"author\" content=\"dmcsrbija.com@gmail.com\" \/>\n<meta name=\"twitter:card\" content=\"summary_large_image\" \/>\n<meta name=\"twitter:label1\" content=\"Written by\" \/>\n\t<meta name=\"twitter:data1\" content=\"dmcsrbija.com@gmail.com\" \/>\n\t<meta name=\"twitter:label2\" content=\"Estimated reading time\" \/>\n\t<meta name=\"twitter:data2\" content=\"1 minute\" \/>\n<script type=\"application\/ld+json\" class=\"yoast-schema-graph\">{\"@context\":\"https:\\\/\\\/schema.org\",\"@graph\":[{\"@type\":\"Article\",\"@id\":\"https:\\\/\\\/dmcsrb.com\\\/sport\\\/milic-odabrao-igrace-za-ep-u-oradei\\\/#article\",\"isPartOf\":{\"@id\":\"https:\\\/\\\/dmcsrb.com\\\/sport\\\/milic-odabrao-igrace-za-ep-u-oradei\\\/\"},\"author\":{\"name\":\"dmcsrbija.com@gmail.com\",\"@id\":\"https:\\\/\\\/dmcsrb.com\\\/#\\\/schema\\\/person\\\/5c39170f12db1b8b457732d0b5c854e2\"},\"headline\":\"Mili\u0107 odabrao igra\u010de za EP u Oradei\",\"datePublished\":\"2025-08-13T09:59:00+00:00\",\"mainEntityOfPage\":{\"@id\":\"https:\\\/\\\/dmcsrb.com\\\/sport\\\/milic-odabrao-igrace-za-ep-u-oradei\\\/\"},\"wordCount\":227,\"commentCount\":0,\"image\":{\"@id\":\"https:\\\/\\\/dmcsrb.com\\\/sport\\\/milic-odabrao-igrace-za-ep-u-oradei\\\/#primaryimage\"},\"thumbnailUrl\":\"https:\\\/\\\/dmcsrb.com\\\/wp-content\\\/uploads\\\/2026\\\/01\\\/U18-vaterpolisti-VPSCG.webp\",\"keywords\":[\"Evropsko prvenstvo za vaterpoliste do 18 godina\",\"Neboj\u0161a Mili\u0107\",\"spisak igra\u010da\",\"U18 vaterpolo reprezentacija Crne Gore\"],\"articleSection\":[\"Sport\"],\"inLanguage\":\"en-GB\",\"potentialAction\":[{\"@type\":\"CommentAction\",\"name\":\"Comment\",\"target\":[\"https:\\\/\\\/dmcsrb.com\\\/sport\\\/milic-odabrao-igrace-za-ep-u-oradei\\\/#respond\"]}]},{\"@type\":\"WebPage\",\"@id\":\"https:\\\/\\\/dmcsrb.com\\\/sport\\\/milic-odabrao-igrace-za-ep-u-oradei\\\/\",\"url\":\"https:\\\/\\\/dmcsrb.com\\\/sport\\\/milic-odabrao-igrace-za-ep-u-oradei\\\/\",\"name\":\"Mili\u0107 odabrao igra\u010de za EP u Oradei - dmcsrb.com\",\"isPartOf\":{\"@id\":\"https:\\\/\\\/dmcsrb.com\\\/#website\"},\"primaryImageOfPage\":{\"@id\":\"https:\\\/\\\/dmcsrb.com\\\/sport\\\/milic-odabrao-igrace-za-ep-u-oradei\\\/#primaryimage\"},\"image\":{\"@id\":\"https:\\\/\\\/dmcsrb.com\\\/sport\\\/milic-odabrao-igrace-za-ep-u-oradei\\\/#primaryimage\"},\"thumbnailUrl\":\"https:\\\/\\\/dmcsrb.com\\\/wp-content\\\/uploads\\\/2026\\\/01\\\/U18-vaterpolisti-VPSCG.webp\",\"datePublished\":\"2025-08-13T09:59:00+00:00\",\"author\":{\"@id\":\"https:\\\/\\\/dmcsrb.com\\\/#\\\/schema\\\/person\\\/5c39170f12db1b8b457732d0b5c854e2\"},\"breadcrumb\":{\"@id\":\"https:\\\/\\\/dmcsrb.com\\\/sport\\\/milic-odabrao-igrace-za-ep-u-oradei\\\/#breadcrumb\"},\"inLanguage\":\"en-GB\",\"potentialAction\":[{\"@type\":\"ReadAction\",\"target\":[\"https:\\\/\\\/dmcsrb.com\\\/sport\\\/milic-odabrao-igrace-za-ep-u-oradei\\\/\"]}]},{\"@type\":\"ImageObject\",\"inLanguage\":\"en-GB\",\"@id\":\"https:\\\/\\\/dmcsrb.com\\\/sport\\\/milic-odabrao-igrace-za-ep-u-oradei\\\/#primaryimage\",\"url\":\"https:\\\/\\\/dmcsrb.com\\\/wp-content\\\/uploads\\\/2026\\\/01\\\/U18-vaterpolisti-VPSCG.webp\",\"contentUrl\":\"https:\\\/\\\/dmcsrb.com\\\/wp-content\\\/uploads\\\/2026\\\/01\\\/U18-vaterpolisti-VPSCG.webp\",\"width\":2048,\"height\":1876},{\"@type\":\"BreadcrumbList\",\"@id\":\"https:\\\/\\\/dmcsrb.com\\\/sport\\\/milic-odabrao-igrace-za-ep-u-oradei\\\/#breadcrumb\",\"itemListElement\":[{\"@type\":\"ListItem\",\"position\":1,\"name\":\"Home\",\"item\":\"https:\\\/\\\/dmcsrb.com\\\/\"},{\"@type\":\"ListItem\",\"position\":2,\"name\":\"Mili\u0107 odabrao igra\u010de za EP u Oradei\"}]},{\"@type\":\"WebSite\",\"@id\":\"https:\\\/\\\/dmcsrb.com\\\/#website\",\"url\":\"https:\\\/\\\/dmcsrb.com\\\/\",\"name\":\"dmcsrb.com\",\"description\":\"\",\"potentialAction\":[{\"@type\":\"SearchAction\",\"target\":{\"@type\":\"EntryPoint\",\"urlTemplate\":\"https:\\\/\\\/dmcsrb.com\\\/?s={search_term_string}\"},\"query-input\":{\"@type\":\"PropertyValueSpecification\",\"valueRequired\":true,\"valueName\":\"search_term_string\"}}],\"inLanguage\":\"en-GB\"},{\"@type\":\"Person\",\"@id\":\"https:\\\/\\\/dmcsrb.com\\\/#\\\/schema\\\/person\\\/5c39170f12db1b8b457732d0b5c854e2\",\"name\":\"dmcsrbija.com@gmail.com\",\"image\":{\"@type\":\"ImageObject\",\"inLanguage\":\"en-GB\",\"@id\":\"https:\\\/\\\/secure.gravatar.com\\\/avatar\\\/68592660ad6347fad0fb587f8d5d8f1a7b44961362f56e4f2cd524feb87e9069?s=96&d=mm&r=g\",\"url\":\"https:\\\/\\\/secure.gravatar.com\\\/avatar\\\/68592660ad6347fad0fb587f8d5d8f1a7b44961362f56e4f2cd524feb87e9069?s=96&d=mm&r=g\",\"contentUrl\":\"https:\\\/\\\/secure.gravatar.com\\\/avatar\\\/68592660ad6347fad0fb587f8d5d8f1a7b44961362f56e4f2cd524feb87e9069?s=96&d=mm&r=g\",\"caption\":\"dmcsrbija.com@gmail.com\"},\"sameAs\":[\"https:\\\/\\\/dmcsrb.com\"],\"url\":\"https:\\\/\\\/dmcsrb.com\\\/en\\\/author\\\/dmcsrbija-comgmail-com\\\/\"}]}<\/script>\n<!-- \/ Yoast SEO plugin. -->","yoast_head_json":{"title":"Mili\u0107 odabrao igra\u010de za EP u Oradei - dmcsrb.com","robots":{"index":"index","follow":"follow","max-snippet":"max-snippet:-1","max-image-preview":"max-image-preview:large","max-video-preview":"max-video-preview:-1"},"canonical":"https:\/\/dmcsrb.com\/en\/sport\/milic-odabrao-igrace-za-ep-u-oradei\/","og_locale":"en_GB","og_type":"article","og_title":"Mili\u0107 odabrao igra\u010de za EP u Oradei - dmcsrb.com","og_description":"Mladi crnogorski vaterpolisti, \u010dlanovi U 18 selekcije, otputovali su danas u Novi Sad, gdje \u0107e imati zavr\u0161ne treninge, pred Evropsko prvenstvo, koje se od 18. do 24. avgusta igra u rumunskoj Oradei.","og_url":"https:\/\/dmcsrb.com\/en\/sport\/milic-odabrao-igrace-za-ep-u-oradei\/","og_site_name":"dmcsrb.com","article_published_time":"2025-08-13T09:59:00+00:00","og_image":[{"width":2048,"height":1876,"url":"https:\/\/dmcsrb.com\/wp-content\/uploads\/2026\/01\/U18-vaterpolisti-VPSCG.webp","type":"image\/jpeg"}],"author":"dmcsrbija.com@gmail.com","twitter_card":"summary_large_image","twitter_misc":{"Written by":"dmcsrbija.com@gmail.com","Estimated reading time":"1 minute"},"schema":{"@context":"https:\/\/schema.org","@graph":[{"@type":"Article","@id":"https:\/\/dmcsrb.com\/sport\/milic-odabrao-igrace-za-ep-u-oradei\/#article","isPartOf":{"@id":"https:\/\/dmcsrb.com\/sport\/milic-odabrao-igrace-za-ep-u-oradei\/"},"author":{"name":"dmcsrbija.com@gmail.com","@id":"https:\/\/dmcsrb.com\/#\/schema\/person\/5c39170f12db1b8b457732d0b5c854e2"},"headline":"Mili\u0107 odabrao igra\u010de za EP u Oradei","datePublished":"2025-08-13T09:59:00+00:00","mainEntityOfPage":{"@id":"https:\/\/dmcsrb.com\/sport\/milic-odabrao-igrace-za-ep-u-oradei\/"},"wordCount":227,"commentCount":0,"image":{"@id":"https:\/\/dmcsrb.com\/sport\/milic-odabrao-igrace-za-ep-u-oradei\/#primaryimage"},"thumbnailUrl":"https:\/\/dmcsrb.com\/wp-content\/uploads\/2026\/01\/U18-vaterpolisti-VPSCG.webp","keywords":["Evropsko prvenstvo za vaterpoliste do 18 godina","Neboj\u0161a Mili\u0107","spisak igra\u010da","U18 vaterpolo reprezentacija Crne Gore"],"articleSection":["Sport"],"inLanguage":"en-GB","potentialAction":[{"@type":"CommentAction","name":"Comment","target":["https:\/\/dmcsrb.com\/sport\/milic-odabrao-igrace-za-ep-u-oradei\/#respond"]}]},{"@type":"WebPage","@id":"https:\/\/dmcsrb.com\/sport\/milic-odabrao-igrace-za-ep-u-oradei\/","url":"https:\/\/dmcsrb.com\/sport\/milic-odabrao-igrace-za-ep-u-oradei\/","name":"Mili\u0107 odabrao igra\u010de za EP u Oradei - dmcsrb.com","isPartOf":{"@id":"https:\/\/dmcsrb.com\/#website"},"primaryImageOfPage":{"@id":"https:\/\/dmcsrb.com\/sport\/milic-odabrao-igrace-za-ep-u-oradei\/#primaryimage"},"image":{"@id":"https:\/\/dmcsrb.com\/sport\/milic-odabrao-igrace-za-ep-u-oradei\/#primaryimage"},"thumbnailUrl":"https:\/\/dmcsrb.com\/wp-content\/uploads\/2026\/01\/U18-vaterpolisti-VPSCG.webp","datePublished":"2025-08-13T09:59:00+00:00","author":{"@id":"https:\/\/dmcsrb.com\/#\/schema\/person\/5c39170f12db1b8b457732d0b5c854e2"},"breadcrumb":{"@id":"https:\/\/dmcsrb.com\/sport\/milic-odabrao-igrace-za-ep-u-oradei\/#breadcrumb"},"inLanguage":"en-GB","potentialAction":[{"@type":"ReadAction","target":["https:\/\/dmcsrb.com\/sport\/milic-odabrao-igrace-za-ep-u-oradei\/"]}]},{"@type":"ImageObject","inLanguage":"en-GB","@id":"https:\/\/dmcsrb.com\/sport\/milic-odabrao-igrace-za-ep-u-oradei\/#primaryimage","url":"https:\/\/dmcsrb.com\/wp-content\/uploads\/2026\/01\/U18-vaterpolisti-VPSCG.webp","contentUrl":"https:\/\/dmcsrb.com\/wp-content\/uploads\/2026\/01\/U18-vaterpolisti-VPSCG.webp","width":2048,"height":1876},{"@type":"BreadcrumbList","@id":"https:\/\/dmcsrb.com\/sport\/milic-odabrao-igrace-za-ep-u-oradei\/#breadcrumb","itemListElement":[{"@type":"ListItem","position":1,"name":"Home","item":"https:\/\/dmcsrb.com\/"},{"@type":"ListItem","position":2,"name":"Mili\u0107 odabrao igra\u010de za EP u Oradei"}]},{"@type":"WebSite","@id":"https:\/\/dmcsrb.com\/#website","url":"https:\/\/dmcsrb.com\/","name":"dmcsrb.com","description":"","potentialAction":[{"@type":"SearchAction","target":{"@type":"EntryPoint","urlTemplate":"https:\/\/dmcsrb.com\/?s={search_term_string}"},"query-input":{"@type":"PropertyValueSpecification","valueRequired":true,"valueName":"search_term_string"}}],"inLanguage":"en-GB"},{"@type":"Person","@id":"https:\/\/dmcsrb.com\/#\/schema\/person\/5c39170f12db1b8b457732d0b5c854e2","name":"dmcsrbija.com@gmail.com","image":{"@type":"ImageObject","inLanguage":"en-GB","@id":"https:\/\/secure.gravatar.com\/avatar\/68592660ad6347fad0fb587f8d5d8f1a7b44961362f56e4f2cd524feb87e9069?s=96&d=mm&r=g","url":"https:\/\/secure.gravatar.com\/avatar\/68592660ad6347fad0fb587f8d5d8f1a7b44961362f56e4f2cd524feb87e9069?s=96&d=mm&r=g","contentUrl":"https:\/\/secure.gravatar.com\/avatar\/68592660ad6347fad0fb587f8d5d8f1a7b44961362f56e4f2cd524feb87e9069?s=96&d=mm&r=g","caption":"dmcsrbija.com@gmail.com"},"sameAs":["https:\/\/dmcsrb.com"],"url":"https:\/\/dmcsrb.com\/en\/author\/dmcsrbija-comgmail-com\/"}]}},"_links":{"self":[{"href":"https:\/\/dmcsrb.com\/en\/wp-json\/wp\/v2\/posts\/945995","targetHints":{"allow":["GET"]}}],"collection":[{"href":"https:\/\/dmcsrb.com\/en\/wp-json\/wp\/v2\/posts"}],"about":[{"href":"https:\/\/dmcsrb.com\/en\/wp-json\/wp\/v2\/types\/post"}],"author":[{"embeddable":true,"href":"https:\/\/dmcsrb.com\/en\/wp-json\/wp\/v2\/users\/1"}],"replies":[{"embeddable":true,"href":"https:\/\/dmcsrb.com\/en\/wp-json\/wp\/v2\/comments?post=945995"}],"version-history":[{"count":0,"href":"https:\/\/dmcsrb.com\/en\/wp-json\/wp\/v2\/posts\/945995\/revisions"}],"wp:featuredmedia":[{"embeddable":true,"href":"https:\/\/dmcsrb.com\/en\/wp-json\/wp\/v2\/media\/945996"}],"wp:attachment":[{"href":"https:\/\/dmcsrb.com\/en\/wp-json\/wp\/v2\/media?parent=945995"}],"wp:term":[{"taxonomy":"category","embeddable":true,"href":"https:\/\/dmcsrb.com\/en\/wp-json\/wp\/v2\/categories?post=945995"},{"taxonomy":"post_tag","embeddable":true,"href":"https:\/\/dmcsrb.com\/en\/wp-json\/wp\/v2\/tags?post=945995"},{"taxonomy":"naslovna","embeddable":true,"href":"https:\/\/dmcsrb.com\/en\/wp-json\/wp\/v2\/naslovna?post=945995"}],"curies":[{"name":"wp","href":"https:\/\/api.w.org\/{rel}","templated":true}]}}