{"id":945946,"date":"2025-08-13T09:14:00","date_gmt":"2025-08-13T07:14:00","guid":{"rendered":"https:\/\/dmcsrb.com\/uncategorized\/maskovic-lokalna-uprava-salje-poruku-da-politicki-interesi-i-medjusobna-previranja-imaju-prioritet-nad-potrebama-gradjana\/"},"modified":"2025-08-13T09:14:00","modified_gmt":"2025-08-13T07:14:00","slug":"maskovic-lokalna-uprava-salje-poruku-da-politicki-interesi-i-medjusobna-previranja-imaju-prioritet-nad-potrebama-gradjana","status":"publish","type":"post","link":"https:\/\/dmcsrb.com\/en\/podgorica\/maskovic-lokalna-uprava-salje-poruku-da-politicki-interesi-i-medjusobna-previranja-imaju-prioritet-nad-potrebama-gradjana\/","title":{"rendered":"Ma\u0161kovi\u0107: Lokalna uprava \u0161alje poruku da politi\u010dki interesi i me\u0111usobna previranja imaju prioritet nad potrebama gra\u0111ana"},"content":{"rendered":"<p><\/p>\n\n\n\n<p>\u201eOstaje pitanje je li rije\u010d o nesposobnosti gradona\u010delnika da obezbijedi prisustvo odbornika zbog godi\u0161njih odmora ili o politi\u010dkoj krizi koju produkuje dio DF-a zbog izgradnje kolektora u Botunu koja po\u010dinje u sptembru\u201d, istakao je Ma\u0161kovi\u0107.<\/p>\n\n\n\n<p>Prema njegovim rije\u010dima, bilo kako bilo, ovakvim pona\u0161anjem lokalna uprava \u0161alje poruku da joj politi\u010dki interesi i me\u0111usobna previranja ili jo\u0161 gore, godi\u0161nji odmori imaju prioritet nad potrebama gra\u0111ana i funkcionisanjem institucija.<\/p>\n\n\n\n<p>\u201eOpozicija je u\u010destvovala u radu do glasanja, nakon \u010dega je najve\u0107i dio nas odlu\u010dio da ne\u0107e u\u010destvovati u dijelu sjednice koji se odnosi na glasanje\u201d, zaklju\u010dio je Ma\u0161kovi\u0107.<\/p>\n\n\n\n<p><\/p>","protected":false},"excerpt":{"rendered":"<p>Skup\u0161tina Glavnog grada danas je tre\u0107i put je prekinuta zbog nedostatka kvoruma, saop\u0161tio je Milo\u0161 Ma\u0161kovi\u0107, predsjednik Kluba odbornika Evropskog saveza u Skup\u0161tini Glavnog grada.<\/p>","protected":false},"author":1,"featured_media":945947,"comment_status":"open","ping_status":"open","sticky":false,"template":"","format":"standard","meta":{"_acf_changed":false,"footnotes":""},"categories":[56],"tags":[4387,1318],"naslovna":[],"class_list":["post-945946","post","type-post","status-publish","format-standard","has-post-thumbnail","hentry","category-podgorica","tag-milos-maskovic","tag-skupstina-glavnog-grada"],"acf":[],"yoast_head":"<!-- This site is optimized with the Yoast SEO plugin v27.0 - https:\/\/yoast.com\/product\/yoast-seo-wordpress\/ -->\n<title>Ma\u0161kovi\u0107: Lokalna uprava \u0161alje poruku da politi\u010dki interesi i me\u0111usobna previranja imaju prioritet nad potrebama gra\u0111ana - dmcsrb.com<\/title>\n<meta name=\"robots\" content=\"index, follow, max-snippet:-1, max-image-preview:large, max-video-preview:-1\" \/>\n<link rel=\"canonical\" href=\"https:\/\/dmcsrb.com\/en\/podgorica\/maskovic-lokalna-uprava-salje-poruku-da-politicki-interesi-i-medjusobna-previranja-imaju-prioritet-nad-potrebama-gradjana\/\" \/>\n<meta property=\"og:locale\" content=\"en_GB\" \/>\n<meta property=\"og:type\" content=\"article\" \/>\n<meta property=\"og:title\" content=\"Ma\u0161kovi\u0107: Lokalna uprava \u0161alje poruku da politi\u010dki interesi i me\u0111usobna previranja imaju prioritet nad potrebama gra\u0111ana - dmcsrb.com\" \/>\n<meta property=\"og:description\" content=\"Skup\u0161tina Glavnog grada danas je tre\u0107i put je prekinuta zbog nedostatka kvoruma, saop\u0161tio je Milo\u0161 Ma\u0161kovi\u0107, predsjednik Kluba odbornika Evropskog saveza u Skup\u0161tini Glavnog grada.\" \/>\n<meta property=\"og:url\" content=\"https:\/\/dmcsrb.com\/en\/podgorica\/maskovic-lokalna-uprava-salje-poruku-da-politicki-interesi-i-medjusobna-previranja-imaju-prioritet-nad-potrebama-gradjana\/\" \/>\n<meta property=\"og:site_name\" content=\"dmcsrb.com\" \/>\n<meta property=\"article:published_time\" content=\"2025-08-13T07:14:00+00:00\" \/>\n<meta property=\"og:image\" content=\"https:\/\/dmcsrb.com\/wp-content\/uploads\/2026\/01\/Milos-Maskovic-Evropski-savez-foto-SD.webp\" \/>\n\t<meta property=\"og:image:width\" content=\"1117\" \/>\n\t<meta property=\"og:image:height\" content=\"679\" \/>\n\t<meta property=\"og:image:type\" content=\"image\/jpeg\" \/>\n<meta name=\"author\" content=\"dmcsrbija.com@gmail.com\" \/>\n<meta name=\"twitter:card\" content=\"summary_large_image\" \/>\n<meta name=\"twitter:label1\" content=\"Written by\" \/>\n\t<meta name=\"twitter:data1\" content=\"dmcsrbija.com@gmail.com\" \/>\n\t<meta name=\"twitter:label2\" content=\"Estimated reading time\" \/>\n\t<meta name=\"twitter:data2\" content=\"1 minute\" \/>\n<script type=\"application\/ld+json\" class=\"yoast-schema-graph\">{\"@context\":\"https:\/\/schema.org\",\"@graph\":[{\"@type\":\"Article\",\"@id\":\"https:\/\/dmcsrb.com\/podgorica\/maskovic-lokalna-uprava-salje-poruku-da-politicki-interesi-i-medjusobna-previranja-imaju-prioritet-nad-potrebama-gradjana\/#article\",\"isPartOf\":{\"@id\":\"https:\/\/dmcsrb.com\/podgorica\/maskovic-lokalna-uprava-salje-poruku-da-politicki-interesi-i-medjusobna-previranja-imaju-prioritet-nad-potrebama-gradjana\/\"},\"author\":{\"name\":\"dmcsrbija.com@gmail.com\",\"@id\":\"https:\/\/dmcsrb.com\/#\/schema\/person\/5c39170f12db1b8b457732d0b5c854e2\"},\"headline\":\"Ma\u0161kovi\u0107: Lokalna uprava \u0161alje poruku da politi\u010dki interesi i me\u0111usobna previranja imaju prioritet nad potrebama gra\u0111ana\",\"datePublished\":\"2025-08-13T07:14:00+00:00\",\"mainEntityOfPage\":{\"@id\":\"https:\/\/dmcsrb.com\/podgorica\/maskovic-lokalna-uprava-salje-poruku-da-politicki-interesi-i-medjusobna-previranja-imaju-prioritet-nad-potrebama-gradjana\/\"},\"wordCount\":133,\"commentCount\":0,\"image\":{\"@id\":\"https:\/\/dmcsrb.com\/podgorica\/maskovic-lokalna-uprava-salje-poruku-da-politicki-interesi-i-medjusobna-previranja-imaju-prioritet-nad-potrebama-gradjana\/#primaryimage\"},\"thumbnailUrl\":\"https:\/\/dmcsrb.com\/wp-content\/uploads\/2026\/01\/Milos-Maskovic-Evropski-savez-foto-SD.webp\",\"keywords\":[\"Milo\u0161 Ma\u0161kovi\u0107\",\"Skup\u0161tina Glavnog grada\"],\"articleSection\":[\"Podgorica\"],\"inLanguage\":\"en-GB\",\"potentialAction\":[{\"@type\":\"CommentAction\",\"name\":\"Comment\",\"target\":[\"https:\/\/dmcsrb.com\/podgorica\/maskovic-lokalna-uprava-salje-poruku-da-politicki-interesi-i-medjusobna-previranja-imaju-prioritet-nad-potrebama-gradjana\/#respond\"]}]},{\"@type\":\"WebPage\",\"@id\":\"https:\/\/dmcsrb.com\/podgorica\/maskovic-lokalna-uprava-salje-poruku-da-politicki-interesi-i-medjusobna-previranja-imaju-prioritet-nad-potrebama-gradjana\/\",\"url\":\"https:\/\/dmcsrb.com\/podgorica\/maskovic-lokalna-uprava-salje-poruku-da-politicki-interesi-i-medjusobna-previranja-imaju-prioritet-nad-potrebama-gradjana\/\",\"name\":\"Ma\u0161kovi\u0107: Lokalna uprava \u0161alje poruku da politi\u010dki interesi i me\u0111usobna previranja imaju prioritet nad potrebama gra\u0111ana - dmcsrb.com\",\"isPartOf\":{\"@id\":\"https:\/\/dmcsrb.com\/#website\"},\"primaryImageOfPage\":{\"@id\":\"https:\/\/dmcsrb.com\/podgorica\/maskovic-lokalna-uprava-salje-poruku-da-politicki-interesi-i-medjusobna-previranja-imaju-prioritet-nad-potrebama-gradjana\/#primaryimage\"},\"image\":{\"@id\":\"https:\/\/dmcsrb.com\/podgorica\/maskovic-lokalna-uprava-salje-poruku-da-politicki-interesi-i-medjusobna-previranja-imaju-prioritet-nad-potrebama-gradjana\/#primaryimage\"},\"thumbnailUrl\":\"https:\/\/dmcsrb.com\/wp-content\/uploads\/2026\/01\/Milos-Maskovic-Evropski-savez-foto-SD.webp\",\"datePublished\":\"2025-08-13T07:14:00+00:00\",\"author\":{\"@id\":\"https:\/\/dmcsrb.com\/#\/schema\/person\/5c39170f12db1b8b457732d0b5c854e2\"},\"breadcrumb\":{\"@id\":\"https:\/\/dmcsrb.com\/podgorica\/maskovic-lokalna-uprava-salje-poruku-da-politicki-interesi-i-medjusobna-previranja-imaju-prioritet-nad-potrebama-gradjana\/#breadcrumb\"},\"inLanguage\":\"en-GB\",\"potentialAction\":[{\"@type\":\"ReadAction\",\"target\":[\"https:\/\/dmcsrb.com\/podgorica\/maskovic-lokalna-uprava-salje-poruku-da-politicki-interesi-i-medjusobna-previranja-imaju-prioritet-nad-potrebama-gradjana\/\"]}]},{\"@type\":\"ImageObject\",\"inLanguage\":\"en-GB\",\"@id\":\"https:\/\/dmcsrb.com\/podgorica\/maskovic-lokalna-uprava-salje-poruku-da-politicki-interesi-i-medjusobna-previranja-imaju-prioritet-nad-potrebama-gradjana\/#primaryimage\",\"url\":\"https:\/\/dmcsrb.com\/wp-content\/uploads\/2026\/01\/Milos-Maskovic-Evropski-savez-foto-SD.webp\",\"contentUrl\":\"https:\/\/dmcsrb.com\/wp-content\/uploads\/2026\/01\/Milos-Maskovic-Evropski-savez-foto-SD.webp\",\"width\":1117,\"height\":679},{\"@type\":\"BreadcrumbList\",\"@id\":\"https:\/\/dmcsrb.com\/podgorica\/maskovic-lokalna-uprava-salje-poruku-da-politicki-interesi-i-medjusobna-previranja-imaju-prioritet-nad-potrebama-gradjana\/#breadcrumb\",\"itemListElement\":[{\"@type\":\"ListItem\",\"position\":1,\"name\":\"Home\",\"item\":\"https:\/\/dmcsrb.com\/\"},{\"@type\":\"ListItem\",\"position\":2,\"name\":\"Ma\u0161kovi\u0107: Lokalna uprava \u0161alje poruku da politi\u010dki interesi i me\u0111usobna previranja imaju prioritet nad potrebama gra\u0111ana\"}]},{\"@type\":\"WebSite\",\"@id\":\"https:\/\/dmcsrb.com\/#website\",\"url\":\"https:\/\/dmcsrb.com\/\",\"name\":\"dmcsrb.com\",\"description\":\"\",\"potentialAction\":[{\"@type\":\"SearchAction\",\"target\":{\"@type\":\"EntryPoint\",\"urlTemplate\":\"https:\/\/dmcsrb.com\/?s={search_term_string}\"},\"query-input\":{\"@type\":\"PropertyValueSpecification\",\"valueRequired\":true,\"valueName\":\"search_term_string\"}}],\"inLanguage\":\"en-GB\"},{\"@type\":\"Person\",\"@id\":\"https:\/\/dmcsrb.com\/#\/schema\/person\/5c39170f12db1b8b457732d0b5c854e2\",\"name\":\"dmcsrbija.com@gmail.com\",\"image\":{\"@type\":\"ImageObject\",\"inLanguage\":\"en-GB\",\"@id\":\"https:\/\/dmcsrb.com\/#\/schema\/person\/image\/\",\"url\":\"https:\/\/secure.gravatar.com\/avatar\/68592660ad6347fad0fb587f8d5d8f1a7b44961362f56e4f2cd524feb87e9069?s=96&d=mm&r=g\",\"contentUrl\":\"https:\/\/secure.gravatar.com\/avatar\/68592660ad6347fad0fb587f8d5d8f1a7b44961362f56e4f2cd524feb87e9069?s=96&d=mm&r=g\",\"caption\":\"dmcsrbija.com@gmail.com\"},\"sameAs\":[\"https:\/\/dmcsrb.com\"],\"url\":\"https:\/\/dmcsrb.com\/en\/author\/dmcsrbija-comgmail-com\/\"}]}<\/script>\n<!-- \/ Yoast SEO plugin. -->","yoast_head_json":{"title":"Ma\u0161kovi\u0107: Lokalna uprava \u0161alje poruku da politi\u010dki interesi i me\u0111usobna previranja imaju prioritet nad potrebama gra\u0111ana - dmcsrb.com","robots":{"index":"index","follow":"follow","max-snippet":"max-snippet:-1","max-image-preview":"max-image-preview:large","max-video-preview":"max-video-preview:-1"},"canonical":"https:\/\/dmcsrb.com\/en\/podgorica\/maskovic-lokalna-uprava-salje-poruku-da-politicki-interesi-i-medjusobna-previranja-imaju-prioritet-nad-potrebama-gradjana\/","og_locale":"en_GB","og_type":"article","og_title":"Ma\u0161kovi\u0107: Lokalna uprava \u0161alje poruku da politi\u010dki interesi i me\u0111usobna previranja imaju prioritet nad potrebama gra\u0111ana - dmcsrb.com","og_description":"Skup\u0161tina Glavnog grada danas je tre\u0107i put je prekinuta zbog nedostatka kvoruma, saop\u0161tio je Milo\u0161 Ma\u0161kovi\u0107, predsjednik Kluba odbornika Evropskog saveza u Skup\u0161tini Glavnog grada.","og_url":"https:\/\/dmcsrb.com\/en\/podgorica\/maskovic-lokalna-uprava-salje-poruku-da-politicki-interesi-i-medjusobna-previranja-imaju-prioritet-nad-potrebama-gradjana\/","og_site_name":"dmcsrb.com","article_published_time":"2025-08-13T07:14:00+00:00","og_image":[{"width":1117,"height":679,"url":"https:\/\/dmcsrb.com\/wp-content\/uploads\/2026\/01\/Milos-Maskovic-Evropski-savez-foto-SD.webp","type":"image\/jpeg"}],"author":"dmcsrbija.com@gmail.com","twitter_card":"summary_large_image","twitter_misc":{"Written by":"dmcsrbija.com@gmail.com","Estimated reading time":"1 minute"},"schema":{"@context":"https:\/\/schema.org","@graph":[{"@type":"Article","@id":"https:\/\/dmcsrb.com\/podgorica\/maskovic-lokalna-uprava-salje-poruku-da-politicki-interesi-i-medjusobna-previranja-imaju-prioritet-nad-potrebama-gradjana\/#article","isPartOf":{"@id":"https:\/\/dmcsrb.com\/podgorica\/maskovic-lokalna-uprava-salje-poruku-da-politicki-interesi-i-medjusobna-previranja-imaju-prioritet-nad-potrebama-gradjana\/"},"author":{"name":"dmcsrbija.com@gmail.com","@id":"https:\/\/dmcsrb.com\/#\/schema\/person\/5c39170f12db1b8b457732d0b5c854e2"},"headline":"Ma\u0161kovi\u0107: Lokalna uprava \u0161alje poruku da politi\u010dki interesi i me\u0111usobna previranja imaju prioritet nad potrebama gra\u0111ana","datePublished":"2025-08-13T07:14:00+00:00","mainEntityOfPage":{"@id":"https:\/\/dmcsrb.com\/podgorica\/maskovic-lokalna-uprava-salje-poruku-da-politicki-interesi-i-medjusobna-previranja-imaju-prioritet-nad-potrebama-gradjana\/"},"wordCount":133,"commentCount":0,"image":{"@id":"https:\/\/dmcsrb.com\/podgorica\/maskovic-lokalna-uprava-salje-poruku-da-politicki-interesi-i-medjusobna-previranja-imaju-prioritet-nad-potrebama-gradjana\/#primaryimage"},"thumbnailUrl":"https:\/\/dmcsrb.com\/wp-content\/uploads\/2026\/01\/Milos-Maskovic-Evropski-savez-foto-SD.webp","keywords":["Milo\u0161 Ma\u0161kovi\u0107","Skup\u0161tina Glavnog grada"],"articleSection":["Podgorica"],"inLanguage":"en-GB","potentialAction":[{"@type":"CommentAction","name":"Comment","target":["https:\/\/dmcsrb.com\/podgorica\/maskovic-lokalna-uprava-salje-poruku-da-politicki-interesi-i-medjusobna-previranja-imaju-prioritet-nad-potrebama-gradjana\/#respond"]}]},{"@type":"WebPage","@id":"https:\/\/dmcsrb.com\/podgorica\/maskovic-lokalna-uprava-salje-poruku-da-politicki-interesi-i-medjusobna-previranja-imaju-prioritet-nad-potrebama-gradjana\/","url":"https:\/\/dmcsrb.com\/podgorica\/maskovic-lokalna-uprava-salje-poruku-da-politicki-interesi-i-medjusobna-previranja-imaju-prioritet-nad-potrebama-gradjana\/","name":"Ma\u0161kovi\u0107: Lokalna uprava \u0161alje poruku da politi\u010dki interesi i me\u0111usobna previranja imaju prioritet nad potrebama gra\u0111ana - dmcsrb.com","isPartOf":{"@id":"https:\/\/dmcsrb.com\/#website"},"primaryImageOfPage":{"@id":"https:\/\/dmcsrb.com\/podgorica\/maskovic-lokalna-uprava-salje-poruku-da-politicki-interesi-i-medjusobna-previranja-imaju-prioritet-nad-potrebama-gradjana\/#primaryimage"},"image":{"@id":"https:\/\/dmcsrb.com\/podgorica\/maskovic-lokalna-uprava-salje-poruku-da-politicki-interesi-i-medjusobna-previranja-imaju-prioritet-nad-potrebama-gradjana\/#primaryimage"},"thumbnailUrl":"https:\/\/dmcsrb.com\/wp-content\/uploads\/2026\/01\/Milos-Maskovic-Evropski-savez-foto-SD.webp","datePublished":"2025-08-13T07:14:00+00:00","author":{"@id":"https:\/\/dmcsrb.com\/#\/schema\/person\/5c39170f12db1b8b457732d0b5c854e2"},"breadcrumb":{"@id":"https:\/\/dmcsrb.com\/podgorica\/maskovic-lokalna-uprava-salje-poruku-da-politicki-interesi-i-medjusobna-previranja-imaju-prioritet-nad-potrebama-gradjana\/#breadcrumb"},"inLanguage":"en-GB","potentialAction":[{"@type":"ReadAction","target":["https:\/\/dmcsrb.com\/podgorica\/maskovic-lokalna-uprava-salje-poruku-da-politicki-interesi-i-medjusobna-previranja-imaju-prioritet-nad-potrebama-gradjana\/"]}]},{"@type":"ImageObject","inLanguage":"en-GB","@id":"https:\/\/dmcsrb.com\/podgorica\/maskovic-lokalna-uprava-salje-poruku-da-politicki-interesi-i-medjusobna-previranja-imaju-prioritet-nad-potrebama-gradjana\/#primaryimage","url":"https:\/\/dmcsrb.com\/wp-content\/uploads\/2026\/01\/Milos-Maskovic-Evropski-savez-foto-SD.webp","contentUrl":"https:\/\/dmcsrb.com\/wp-content\/uploads\/2026\/01\/Milos-Maskovic-Evropski-savez-foto-SD.webp","width":1117,"height":679},{"@type":"BreadcrumbList","@id":"https:\/\/dmcsrb.com\/podgorica\/maskovic-lokalna-uprava-salje-poruku-da-politicki-interesi-i-medjusobna-previranja-imaju-prioritet-nad-potrebama-gradjana\/#breadcrumb","itemListElement":[{"@type":"ListItem","position":1,"name":"Home","item":"https:\/\/dmcsrb.com\/"},{"@type":"ListItem","position":2,"name":"Ma\u0161kovi\u0107: Lokalna uprava \u0161alje poruku da politi\u010dki interesi i me\u0111usobna previranja imaju prioritet nad potrebama gra\u0111ana"}]},{"@type":"WebSite","@id":"https:\/\/dmcsrb.com\/#website","url":"https:\/\/dmcsrb.com\/","name":"dmcsrb.com","description":"","potentialAction":[{"@type":"SearchAction","target":{"@type":"EntryPoint","urlTemplate":"https:\/\/dmcsrb.com\/?s={search_term_string}"},"query-input":{"@type":"PropertyValueSpecification","valueRequired":true,"valueName":"search_term_string"}}],"inLanguage":"en-GB"},{"@type":"Person","@id":"https:\/\/dmcsrb.com\/#\/schema\/person\/5c39170f12db1b8b457732d0b5c854e2","name":"dmcsrbija.com@gmail.com","image":{"@type":"ImageObject","inLanguage":"en-GB","@id":"https:\/\/dmcsrb.com\/#\/schema\/person\/image\/","url":"https:\/\/secure.gravatar.com\/avatar\/68592660ad6347fad0fb587f8d5d8f1a7b44961362f56e4f2cd524feb87e9069?s=96&d=mm&r=g","contentUrl":"https:\/\/secure.gravatar.com\/avatar\/68592660ad6347fad0fb587f8d5d8f1a7b44961362f56e4f2cd524feb87e9069?s=96&d=mm&r=g","caption":"dmcsrbija.com@gmail.com"},"sameAs":["https:\/\/dmcsrb.com"],"url":"https:\/\/dmcsrb.com\/en\/author\/dmcsrbija-comgmail-com\/"}]}},"_links":{"self":[{"href":"https:\/\/dmcsrb.com\/en\/wp-json\/wp\/v2\/posts\/945946","targetHints":{"allow":["GET"]}}],"collection":[{"href":"https:\/\/dmcsrb.com\/en\/wp-json\/wp\/v2\/posts"}],"about":[{"href":"https:\/\/dmcsrb.com\/en\/wp-json\/wp\/v2\/types\/post"}],"author":[{"embeddable":true,"href":"https:\/\/dmcsrb.com\/en\/wp-json\/wp\/v2\/users\/1"}],"replies":[{"embeddable":true,"href":"https:\/\/dmcsrb.com\/en\/wp-json\/wp\/v2\/comments?post=945946"}],"version-history":[{"count":0,"href":"https:\/\/dmcsrb.com\/en\/wp-json\/wp\/v2\/posts\/945946\/revisions"}],"wp:featuredmedia":[{"embeddable":true,"href":"https:\/\/dmcsrb.com\/en\/wp-json\/wp\/v2\/media\/945947"}],"wp:attachment":[{"href":"https:\/\/dmcsrb.com\/en\/wp-json\/wp\/v2\/media?parent=945946"}],"wp:term":[{"taxonomy":"category","embeddable":true,"href":"https:\/\/dmcsrb.com\/en\/wp-json\/wp\/v2\/categories?post=945946"},{"taxonomy":"post_tag","embeddable":true,"href":"https:\/\/dmcsrb.com\/en\/wp-json\/wp\/v2\/tags?post=945946"},{"taxonomy":"naslovna","embeddable":true,"href":"https:\/\/dmcsrb.com\/en\/wp-json\/wp\/v2\/naslovna?post=945946"}],"curies":[{"name":"wp","href":"https:\/\/api.w.org\/{rel}","templated":true}]}}