{"id":945903,"date":"2025-08-13T07:03:00","date_gmt":"2025-08-13T05:03:00","guid":{"rendered":"https:\/\/dmcsrb.com\/uncategorized\/izgorjela-crkva-svetog-ilije-u-albaniji-eksplodirale-bombe-iz-drugog-svjetskog-rata\/"},"modified":"2025-08-13T07:03:00","modified_gmt":"2025-08-13T05:03:00","slug":"izgorjela-crkva-svetog-ilije-u-albaniji-eksplodirale-bombe-iz-drugog-svjetskog-rata","status":"publish","type":"post","link":"https:\/\/dmcsrb.com\/en\/region\/izgorjela-crkva-svetog-ilije-u-albaniji-eksplodirale-bombe-iz-drugog-svjetskog-rata\/","title":{"rendered":"Izgorjela crkva Svetog Ilije u Albaniji: Eksplodirale bombe iz Drugog svjetskog rata"},"content":{"rendered":"<p>Vatra je zahvatila vi\u0161e hektara \u0161ume i poljoprivrednih povr\u0161ina, a izgorio je i ve\u0107i broj objekata, nekoliko ku\u0107a, tri \u0161tale te tri grla stoke, prenosi portal <a href=\"https:\/\/www.gazetaexpress.com\/perkeqesohet-situata-me-zjarrin-ne-lekel-te-tepelenes-shperthejne-edhe-dy-bomba-te-luftes-se-ii-boterore\/\" target=\"_blank\" rel=\"noreferrer noopener\">Gazeta Express.<\/a><\/p>\n\n\n\n<p>Me\u0111u najte\u017ee pogo\u0111enim objektima na\u0161la se i pravoslavna crkva Svetog Ilije, koja je progla\u0161ena kulturnim spomenikom II kategorije.&nbsp;<\/p>\n\n\n\n<p>Izgra\u0111ena je oko 1800. godine od strane Tanasa Vaje, biv\u0161eg komandanta Alije Pa\u0161e iz Tepelene, a u po\u017earu je potpuno izgorjela.<\/p>\n\n\n\n<p>Situaciju je dodatno pogor\u0161ala eksplozija dvije bombe zaostale iz Drugog svjetskog rata, koje su se aktivirale zbog visokih temperatura izazvanih vatrom, prenosi <a href=\"https:\/\/www.telegraf.rs\/vesti\/svet\/4161825-pozari-na-balkanu-gore-srbija-grcka-crna-gora-albanija-bugarska\" rel=\"noreferrer noopener\" target=\"_blank\">Telegraf.rs.<\/a><\/p>","protected":false},"excerpt":{"rendered":"<p>Veliki po\u017ear izbio je popodne u selu Lekel, u oblasti Tepelena na jugu Albanije, prouzrokuju\u0107i ogromnu materijalnu \u0161tetu.<\/p>","protected":false},"author":1,"featured_media":945904,"comment_status":"open","ping_status":"open","sticky":false,"template":"","format":"standard","meta":{"_acf_changed":false,"footnotes":""},"categories":[103],"tags":[1937,17490,1579],"naslovna":[],"class_list":["post-945903","post","type-post","status-publish","format-standard","has-post-thumbnail","hentry","category-region","tag-albanija","tag-crkva-svegog-ilije","tag-pozar"],"acf":[],"yoast_head":"<!-- This site is optimized with the Yoast SEO plugin v27.4 - https:\/\/yoast.com\/product\/yoast-seo-wordpress\/ -->\n<title>Izgorjela crkva Svetog Ilije u Albaniji: Eksplodirale bombe iz Drugog svjetskog rata - dmcsrb.com<\/title>\n<meta name=\"robots\" content=\"index, follow, max-snippet:-1, max-image-preview:large, max-video-preview:-1\" \/>\n<link rel=\"canonical\" href=\"https:\/\/dmcsrb.com\/en\/region\/izgorjela-crkva-svetog-ilije-u-albaniji-eksplodirale-bombe-iz-drugog-svjetskog-rata\/\" \/>\n<meta property=\"og:locale\" content=\"en_GB\" \/>\n<meta property=\"og:type\" content=\"article\" \/>\n<meta property=\"og:title\" content=\"Izgorjela crkva Svetog Ilije u Albaniji: Eksplodirale bombe iz Drugog svjetskog rata - dmcsrb.com\" \/>\n<meta property=\"og:description\" content=\"Veliki po\u017ear izbio je popodne u selu Lekel, u oblasti Tepelena na jugu Albanije, prouzrokuju\u0107i ogromnu materijalnu \u0161tetu.\" \/>\n<meta property=\"og:url\" content=\"https:\/\/dmcsrb.com\/en\/region\/izgorjela-crkva-svetog-ilije-u-albaniji-eksplodirale-bombe-iz-drugog-svjetskog-rata\/\" \/>\n<meta property=\"og:site_name\" content=\"dmcsrb.com\" \/>\n<meta property=\"article:published_time\" content=\"2025-08-13T05:03:00+00:00\" \/>\n<meta property=\"og:image\" content=\"https:\/\/dmcsrb.com\/wp-content\/uploads\/2026\/01\/albanija.webp\" \/>\n\t<meta property=\"og:image:width\" content=\"1280\" \/>\n\t<meta property=\"og:image:height\" content=\"960\" \/>\n\t<meta property=\"og:image:type\" content=\"image\/jpeg\" \/>\n<meta name=\"author\" content=\"dmcsrbija.com@gmail.com\" \/>\n<meta name=\"twitter:card\" content=\"summary_large_image\" \/>\n<meta name=\"twitter:label1\" content=\"Written by\" \/>\n\t<meta name=\"twitter:data1\" content=\"dmcsrbija.com@gmail.com\" \/>\n\t<meta name=\"twitter:label2\" content=\"Estimated reading time\" \/>\n\t<meta name=\"twitter:data2\" content=\"1 minute\" \/>\n<script type=\"application\/ld+json\" class=\"yoast-schema-graph\">{\"@context\":\"https:\\\/\\\/schema.org\",\"@graph\":[{\"@type\":\"Article\",\"@id\":\"https:\\\/\\\/dmcsrb.com\\\/en\\\/region\\\/izgorjela-crkva-svetog-ilije-u-albaniji-eksplodirale-bombe-iz-drugog-svjetskog-rata\\\/#article\",\"isPartOf\":{\"@id\":\"https:\\\/\\\/dmcsrb.com\\\/en\\\/region\\\/izgorjela-crkva-svetog-ilije-u-albaniji-eksplodirale-bombe-iz-drugog-svjetskog-rata\\\/\"},\"author\":{\"name\":\"dmcsrbija.com@gmail.com\",\"@id\":\"https:\\\/\\\/dmcsrb.com\\\/#\\\/schema\\\/person\\\/5c39170f12db1b8b457732d0b5c854e2\"},\"headline\":\"Izgorjela crkva Svetog Ilije u Albaniji: Eksplodirale bombe iz Drugog svjetskog rata\",\"datePublished\":\"2025-08-13T05:03:00+00:00\",\"mainEntityOfPage\":{\"@id\":\"https:\\\/\\\/dmcsrb.com\\\/en\\\/region\\\/izgorjela-crkva-svetog-ilije-u-albaniji-eksplodirale-bombe-iz-drugog-svjetskog-rata\\\/\"},\"wordCount\":117,\"commentCount\":0,\"image\":{\"@id\":\"https:\\\/\\\/dmcsrb.com\\\/en\\\/region\\\/izgorjela-crkva-svetog-ilije-u-albaniji-eksplodirale-bombe-iz-drugog-svjetskog-rata\\\/#primaryimage\"},\"thumbnailUrl\":\"https:\\\/\\\/dmcsrb.com\\\/wp-content\\\/uploads\\\/2026\\\/01\\\/albanija.webp\",\"keywords\":[\"Albanija\",\"crkva svegog ilije\",\"po\u017ear\"],\"articleSection\":[\"Region\"],\"inLanguage\":\"en-GB\",\"potentialAction\":[{\"@type\":\"CommentAction\",\"name\":\"Comment\",\"target\":[\"https:\\\/\\\/dmcsrb.com\\\/en\\\/region\\\/izgorjela-crkva-svetog-ilije-u-albaniji-eksplodirale-bombe-iz-drugog-svjetskog-rata\\\/#respond\"]}]},{\"@type\":\"WebPage\",\"@id\":\"https:\\\/\\\/dmcsrb.com\\\/en\\\/region\\\/izgorjela-crkva-svetog-ilije-u-albaniji-eksplodirale-bombe-iz-drugog-svjetskog-rata\\\/\",\"url\":\"https:\\\/\\\/dmcsrb.com\\\/en\\\/region\\\/izgorjela-crkva-svetog-ilije-u-albaniji-eksplodirale-bombe-iz-drugog-svjetskog-rata\\\/\",\"name\":\"Izgorjela crkva Svetog Ilije u Albaniji: Eksplodirale bombe iz Drugog svjetskog rata - dmcsrb.com\",\"isPartOf\":{\"@id\":\"https:\\\/\\\/dmcsrb.com\\\/#website\"},\"primaryImageOfPage\":{\"@id\":\"https:\\\/\\\/dmcsrb.com\\\/en\\\/region\\\/izgorjela-crkva-svetog-ilije-u-albaniji-eksplodirale-bombe-iz-drugog-svjetskog-rata\\\/#primaryimage\"},\"image\":{\"@id\":\"https:\\\/\\\/dmcsrb.com\\\/en\\\/region\\\/izgorjela-crkva-svetog-ilije-u-albaniji-eksplodirale-bombe-iz-drugog-svjetskog-rata\\\/#primaryimage\"},\"thumbnailUrl\":\"https:\\\/\\\/dmcsrb.com\\\/wp-content\\\/uploads\\\/2026\\\/01\\\/albanija.webp\",\"datePublished\":\"2025-08-13T05:03:00+00:00\",\"author\":{\"@id\":\"https:\\\/\\\/dmcsrb.com\\\/#\\\/schema\\\/person\\\/5c39170f12db1b8b457732d0b5c854e2\"},\"breadcrumb\":{\"@id\":\"https:\\\/\\\/dmcsrb.com\\\/en\\\/region\\\/izgorjela-crkva-svetog-ilije-u-albaniji-eksplodirale-bombe-iz-drugog-svjetskog-rata\\\/#breadcrumb\"},\"inLanguage\":\"en-GB\",\"potentialAction\":[{\"@type\":\"ReadAction\",\"target\":[\"https:\\\/\\\/dmcsrb.com\\\/en\\\/region\\\/izgorjela-crkva-svetog-ilije-u-albaniji-eksplodirale-bombe-iz-drugog-svjetskog-rata\\\/\"]}]},{\"@type\":\"ImageObject\",\"inLanguage\":\"en-GB\",\"@id\":\"https:\\\/\\\/dmcsrb.com\\\/en\\\/region\\\/izgorjela-crkva-svetog-ilije-u-albaniji-eksplodirale-bombe-iz-drugog-svjetskog-rata\\\/#primaryimage\",\"url\":\"https:\\\/\\\/dmcsrb.com\\\/wp-content\\\/uploads\\\/2026\\\/01\\\/albanija.webp\",\"contentUrl\":\"https:\\\/\\\/dmcsrb.com\\\/wp-content\\\/uploads\\\/2026\\\/01\\\/albanija.webp\",\"width\":1280,\"height\":960},{\"@type\":\"BreadcrumbList\",\"@id\":\"https:\\\/\\\/dmcsrb.com\\\/en\\\/region\\\/izgorjela-crkva-svetog-ilije-u-albaniji-eksplodirale-bombe-iz-drugog-svjetskog-rata\\\/#breadcrumb\",\"itemListElement\":[{\"@type\":\"ListItem\",\"position\":1,\"name\":\"Home\",\"item\":\"https:\\\/\\\/dmcsrb.com\\\/\"},{\"@type\":\"ListItem\",\"position\":2,\"name\":\"Izgorjela crkva Svetog Ilije u Albaniji: Eksplodirale bombe iz Drugog svjetskog rata\"}]},{\"@type\":\"WebSite\",\"@id\":\"https:\\\/\\\/dmcsrb.com\\\/#website\",\"url\":\"https:\\\/\\\/dmcsrb.com\\\/\",\"name\":\"dmcsrb.com\",\"description\":\"\",\"potentialAction\":[{\"@type\":\"SearchAction\",\"target\":{\"@type\":\"EntryPoint\",\"urlTemplate\":\"https:\\\/\\\/dmcsrb.com\\\/?s={search_term_string}\"},\"query-input\":{\"@type\":\"PropertyValueSpecification\",\"valueRequired\":true,\"valueName\":\"search_term_string\"}}],\"inLanguage\":\"en-GB\"},{\"@type\":\"Person\",\"@id\":\"https:\\\/\\\/dmcsrb.com\\\/#\\\/schema\\\/person\\\/5c39170f12db1b8b457732d0b5c854e2\",\"name\":\"dmcsrbija.com@gmail.com\",\"image\":{\"@type\":\"ImageObject\",\"inLanguage\":\"en-GB\",\"@id\":\"https:\\\/\\\/secure.gravatar.com\\\/avatar\\\/68592660ad6347fad0fb587f8d5d8f1a7b44961362f56e4f2cd524feb87e9069?s=96&d=mm&r=g\",\"url\":\"https:\\\/\\\/secure.gravatar.com\\\/avatar\\\/68592660ad6347fad0fb587f8d5d8f1a7b44961362f56e4f2cd524feb87e9069?s=96&d=mm&r=g\",\"contentUrl\":\"https:\\\/\\\/secure.gravatar.com\\\/avatar\\\/68592660ad6347fad0fb587f8d5d8f1a7b44961362f56e4f2cd524feb87e9069?s=96&d=mm&r=g\",\"caption\":\"dmcsrbija.com@gmail.com\"},\"sameAs\":[\"https:\\\/\\\/dmcsrb.com\"],\"url\":\"https:\\\/\\\/dmcsrb.com\\\/en\\\/author\\\/dmcsrbija-comgmail-com\\\/\"}]}<\/script>\n<!-- \/ Yoast SEO plugin. -->","yoast_head_json":{"title":"Izgorjela crkva Svetog Ilije u Albaniji: Eksplodirale bombe iz Drugog svjetskog rata - dmcsrb.com","robots":{"index":"index","follow":"follow","max-snippet":"max-snippet:-1","max-image-preview":"max-image-preview:large","max-video-preview":"max-video-preview:-1"},"canonical":"https:\/\/dmcsrb.com\/en\/region\/izgorjela-crkva-svetog-ilije-u-albaniji-eksplodirale-bombe-iz-drugog-svjetskog-rata\/","og_locale":"en_GB","og_type":"article","og_title":"Izgorjela crkva Svetog Ilije u Albaniji: Eksplodirale bombe iz Drugog svjetskog rata - dmcsrb.com","og_description":"Veliki po\u017ear izbio je popodne u selu Lekel, u oblasti Tepelena na jugu Albanije, prouzrokuju\u0107i ogromnu materijalnu \u0161tetu.","og_url":"https:\/\/dmcsrb.com\/en\/region\/izgorjela-crkva-svetog-ilije-u-albaniji-eksplodirale-bombe-iz-drugog-svjetskog-rata\/","og_site_name":"dmcsrb.com","article_published_time":"2025-08-13T05:03:00+00:00","og_image":[{"width":1280,"height":960,"url":"https:\/\/dmcsrb.com\/wp-content\/uploads\/2026\/01\/albanija.webp","type":"image\/jpeg"}],"author":"dmcsrbija.com@gmail.com","twitter_card":"summary_large_image","twitter_misc":{"Written by":"dmcsrbija.com@gmail.com","Estimated reading time":"1 minute"},"schema":{"@context":"https:\/\/schema.org","@graph":[{"@type":"Article","@id":"https:\/\/dmcsrb.com\/en\/region\/izgorjela-crkva-svetog-ilije-u-albaniji-eksplodirale-bombe-iz-drugog-svjetskog-rata\/#article","isPartOf":{"@id":"https:\/\/dmcsrb.com\/en\/region\/izgorjela-crkva-svetog-ilije-u-albaniji-eksplodirale-bombe-iz-drugog-svjetskog-rata\/"},"author":{"name":"dmcsrbija.com@gmail.com","@id":"https:\/\/dmcsrb.com\/#\/schema\/person\/5c39170f12db1b8b457732d0b5c854e2"},"headline":"Izgorjela crkva Svetog Ilije u Albaniji: Eksplodirale bombe iz Drugog svjetskog rata","datePublished":"2025-08-13T05:03:00+00:00","mainEntityOfPage":{"@id":"https:\/\/dmcsrb.com\/en\/region\/izgorjela-crkva-svetog-ilije-u-albaniji-eksplodirale-bombe-iz-drugog-svjetskog-rata\/"},"wordCount":117,"commentCount":0,"image":{"@id":"https:\/\/dmcsrb.com\/en\/region\/izgorjela-crkva-svetog-ilije-u-albaniji-eksplodirale-bombe-iz-drugog-svjetskog-rata\/#primaryimage"},"thumbnailUrl":"https:\/\/dmcsrb.com\/wp-content\/uploads\/2026\/01\/albanija.webp","keywords":["Albanija","crkva svegog ilije","po\u017ear"],"articleSection":["Region"],"inLanguage":"en-GB","potentialAction":[{"@type":"CommentAction","name":"Comment","target":["https:\/\/dmcsrb.com\/en\/region\/izgorjela-crkva-svetog-ilije-u-albaniji-eksplodirale-bombe-iz-drugog-svjetskog-rata\/#respond"]}]},{"@type":"WebPage","@id":"https:\/\/dmcsrb.com\/en\/region\/izgorjela-crkva-svetog-ilije-u-albaniji-eksplodirale-bombe-iz-drugog-svjetskog-rata\/","url":"https:\/\/dmcsrb.com\/en\/region\/izgorjela-crkva-svetog-ilije-u-albaniji-eksplodirale-bombe-iz-drugog-svjetskog-rata\/","name":"Izgorjela crkva Svetog Ilije u Albaniji: Eksplodirale bombe iz Drugog svjetskog rata - dmcsrb.com","isPartOf":{"@id":"https:\/\/dmcsrb.com\/#website"},"primaryImageOfPage":{"@id":"https:\/\/dmcsrb.com\/en\/region\/izgorjela-crkva-svetog-ilije-u-albaniji-eksplodirale-bombe-iz-drugog-svjetskog-rata\/#primaryimage"},"image":{"@id":"https:\/\/dmcsrb.com\/en\/region\/izgorjela-crkva-svetog-ilije-u-albaniji-eksplodirale-bombe-iz-drugog-svjetskog-rata\/#primaryimage"},"thumbnailUrl":"https:\/\/dmcsrb.com\/wp-content\/uploads\/2026\/01\/albanija.webp","datePublished":"2025-08-13T05:03:00+00:00","author":{"@id":"https:\/\/dmcsrb.com\/#\/schema\/person\/5c39170f12db1b8b457732d0b5c854e2"},"breadcrumb":{"@id":"https:\/\/dmcsrb.com\/en\/region\/izgorjela-crkva-svetog-ilije-u-albaniji-eksplodirale-bombe-iz-drugog-svjetskog-rata\/#breadcrumb"},"inLanguage":"en-GB","potentialAction":[{"@type":"ReadAction","target":["https:\/\/dmcsrb.com\/en\/region\/izgorjela-crkva-svetog-ilije-u-albaniji-eksplodirale-bombe-iz-drugog-svjetskog-rata\/"]}]},{"@type":"ImageObject","inLanguage":"en-GB","@id":"https:\/\/dmcsrb.com\/en\/region\/izgorjela-crkva-svetog-ilije-u-albaniji-eksplodirale-bombe-iz-drugog-svjetskog-rata\/#primaryimage","url":"https:\/\/dmcsrb.com\/wp-content\/uploads\/2026\/01\/albanija.webp","contentUrl":"https:\/\/dmcsrb.com\/wp-content\/uploads\/2026\/01\/albanija.webp","width":1280,"height":960},{"@type":"BreadcrumbList","@id":"https:\/\/dmcsrb.com\/en\/region\/izgorjela-crkva-svetog-ilije-u-albaniji-eksplodirale-bombe-iz-drugog-svjetskog-rata\/#breadcrumb","itemListElement":[{"@type":"ListItem","position":1,"name":"Home","item":"https:\/\/dmcsrb.com\/"},{"@type":"ListItem","position":2,"name":"Izgorjela crkva Svetog Ilije u Albaniji: Eksplodirale bombe iz Drugog svjetskog rata"}]},{"@type":"WebSite","@id":"https:\/\/dmcsrb.com\/#website","url":"https:\/\/dmcsrb.com\/","name":"dmcsrb.com","description":"","potentialAction":[{"@type":"SearchAction","target":{"@type":"EntryPoint","urlTemplate":"https:\/\/dmcsrb.com\/?s={search_term_string}"},"query-input":{"@type":"PropertyValueSpecification","valueRequired":true,"valueName":"search_term_string"}}],"inLanguage":"en-GB"},{"@type":"Person","@id":"https:\/\/dmcsrb.com\/#\/schema\/person\/5c39170f12db1b8b457732d0b5c854e2","name":"dmcsrbija.com@gmail.com","image":{"@type":"ImageObject","inLanguage":"en-GB","@id":"https:\/\/secure.gravatar.com\/avatar\/68592660ad6347fad0fb587f8d5d8f1a7b44961362f56e4f2cd524feb87e9069?s=96&d=mm&r=g","url":"https:\/\/secure.gravatar.com\/avatar\/68592660ad6347fad0fb587f8d5d8f1a7b44961362f56e4f2cd524feb87e9069?s=96&d=mm&r=g","contentUrl":"https:\/\/secure.gravatar.com\/avatar\/68592660ad6347fad0fb587f8d5d8f1a7b44961362f56e4f2cd524feb87e9069?s=96&d=mm&r=g","caption":"dmcsrbija.com@gmail.com"},"sameAs":["https:\/\/dmcsrb.com"],"url":"https:\/\/dmcsrb.com\/en\/author\/dmcsrbija-comgmail-com\/"}]}},"_links":{"self":[{"href":"https:\/\/dmcsrb.com\/en\/wp-json\/wp\/v2\/posts\/945903","targetHints":{"allow":["GET"]}}],"collection":[{"href":"https:\/\/dmcsrb.com\/en\/wp-json\/wp\/v2\/posts"}],"about":[{"href":"https:\/\/dmcsrb.com\/en\/wp-json\/wp\/v2\/types\/post"}],"author":[{"embeddable":true,"href":"https:\/\/dmcsrb.com\/en\/wp-json\/wp\/v2\/users\/1"}],"replies":[{"embeddable":true,"href":"https:\/\/dmcsrb.com\/en\/wp-json\/wp\/v2\/comments?post=945903"}],"version-history":[{"count":0,"href":"https:\/\/dmcsrb.com\/en\/wp-json\/wp\/v2\/posts\/945903\/revisions"}],"wp:featuredmedia":[{"embeddable":true,"href":"https:\/\/dmcsrb.com\/en\/wp-json\/wp\/v2\/media\/945904"}],"wp:attachment":[{"href":"https:\/\/dmcsrb.com\/en\/wp-json\/wp\/v2\/media?parent=945903"}],"wp:term":[{"taxonomy":"category","embeddable":true,"href":"https:\/\/dmcsrb.com\/en\/wp-json\/wp\/v2\/categories?post=945903"},{"taxonomy":"post_tag","embeddable":true,"href":"https:\/\/dmcsrb.com\/en\/wp-json\/wp\/v2\/tags?post=945903"},{"taxonomy":"naslovna","embeddable":true,"href":"https:\/\/dmcsrb.com\/en\/wp-json\/wp\/v2\/naslovna?post=945903"}],"curies":[{"name":"wp","href":"https:\/\/api.w.org\/{rel}","templated":true}]}}