{"id":945868,"date":"2025-08-13T06:07:00","date_gmt":"2025-08-13T04:07:00","guid":{"rendered":"https:\/\/dmcsrb.com\/uncategorized\/telegrami-saucesca-povodom-pogibije-vojnika-dejana-bozovica\/"},"modified":"2025-08-13T06:07:00","modified_gmt":"2025-08-13T04:07:00","slug":"telegrami-saucesca-povodom-pogibije-vojnika-dejana-bozovica","status":"publish","type":"post","link":"https:\/\/dmcsrb.com\/en\/drustvo\/telegrami-saucesca-povodom-pogibije-vojnika-dejana-bozovica\/","title":{"rendered":"Telegrami sau\u010de\u0161\u0107a povodom pogibije vojnika Dejana Bo\u017eovi\u0107a"},"content":{"rendered":"<p><\/p>\n\n\n\n<p><strong>\u0160aranovi\u0107: Pogibija na\u0161eg Dejana tragi\u010dna je cijena posla i \u010dasne vojni\u010dke uniforme koju je on sa ponosom nosio<\/strong><\/p>\n\n\n\n<p>\u201cVijest o tragi\u010dnoj pogibiji pripadnika Vojske Crne Gore, mla\u0111eg vodnika Dejana Bo\u017eovi\u0107a, koji je, obavljaju\u0107i \u010dasnu i plemenitu du\u017enost, polo\u017eio svoj \u017eivot u\u010destvuju\u0107i u ga\u0161enju po\u017eara kod Ku\u010da, duboko me potresla.<\/p>\n\n\n\n<p>U ime Ministarstva unutra\u0161njih poslova i svoje li\u010dno ime, upu\u0107ujem izraze najdubljeg sau\u010de\u0161\u0107a njegovoj porodici. Pogibija na\u0161eg Dejana tragi\u010dna je cijena posla i \u010dasne vojni\u010dke uniforme koju je on sa ponosom nosio. Njegova \u017ertva predstavlja trajni zavjet posve\u0107enosti, hrabrosti i ljubavi prema otad\u017ebini. Vje\u010dna mu hvala!<\/p>\n\n\n\n<p>Istovremeno, \u017eelim brz i potpun oporavak povrije\u0111enom vodniku Marku Ikovi\u0107u.<\/p>\n\n\n\n<p>Izra\u017eavam duboku zahvalnost svim vatrogascima, pripadnicima Vojske Crne Gore, ministarstva unutra\u0161njih poslova i policije, slu\u017ebama za\u0161tite i spa\u0161avanja, volonterima i gra\u0111anima, svim na\u0161im herojima koji sa nesebi\u010dnom predano\u0161\u0107u u\u010destvuju u borbi protiv vatrene stihije.<\/p>\n\n\n\n<p>Solidarnost su pokazali i na\u0161i partneri i na\u0161e kom\u0161ije, i stoga zahvalnost upu\u0107ujem svima onima koji su, u ovom te\u0161kom trenutku, pru\u017eili podr\u0161ku Crnoj Gori. Solidarnost i spremnost da budu uz nas potvr\u0111uju da zajedni\u0161tvo prevazilazi granice i da su prijateljstva me\u0111u narodima najsna\u017enija u trenucima isku\u0161enja.<\/p>\n\n\n\n<p>Uvjeren sam da \u0107emo, uz apsolutnu mobilizaciju svih na\u0161ih kapaciteta i podr\u0161ku partnera istrajati u zajedni\u010dkom cilju \u2013 potpunom ga\u0161enju po\u017eara i za\u0161titi \u017eivota, imovine i prirodnih bogatstava Crne Gore\u201d, saop\u0161tio je minister unutra\u0161njih poslova&nbsp;<strong>Danilo \u0160aranovi\u0107<\/strong>.<\/p>\n\n\n\n<p><strong>Borovini\u0107 Bojovi\u0107: \u017drtva Bo\u017eovi\u0107a ne\u0107e biti zaboravljena, ve\u0107 \u0107e ostati uzor svim gra\u0111anima i pripadnicima Vojske<\/strong><\/p>\n\n\n\n<p>Sa dubokim osje\u0107ajem tuge upu\u0107ujem izraze najiskrenijeg sau\u010de\u0161\u0107a porodici pripadnika Vojske Crne Gore, Dejana Bo\u017eovi\u0107a, koji je tragi\u010dno izgubio \u017eivot vr\u0161e\u0107i svoju du\u017enost tokom ga\u0161enja po\u017eara u Ku\u010dima, kazala je predsjednica Skup\u0161tine Glavnog grada, Jelena Borovini\u0107 Bojovi\u0107.<\/p>\n\n\n\n<p>\u201eNjegova izuzetna hrabrost, nesebi\u010dna predanost i spremnost da slu\u017ei zajednici predstavljaju trajno svjedo\u010danstvo po\u017ertvovanosti i odanosti Crnoj Gori. Njegova \u017ertva ne\u0107e biti zaboravljena, ve\u0107 \u0107e ostati uzor svim gra\u0111anima i pripadnicima Vojske\u201c, istakla je Borovini\u0107 Bojovi\u0107.<\/p>\n\n\n\n<p><strong>\u017divkovi\u0107: Dr\u017eava mora trajno pamtiti Bo\u017eovi\u0107a<\/strong><\/p>\n\n\n\n<p>Iskreno sau\u010de\u0161\u0107e porodici tragi\u010dno preminulog pripadnika Vojske Crne Gore Dejana Bo\u017eovi\u0107a koji je danas, brane\u0107i gra\u0111ane od vatrene stihije obavljaju\u0107i svoju vojni\u010dku du\u017enost, izgubio \u017eivot, kazao je predsjednik DPS-a Danijel \u017divkovi\u0107.<\/p>\n\n\n\n<p>&#8220;Dr\u017eava Crna Gora i dru\u0161tvo u cjelini, mora trajno pamtiti njegovu dana\u0161nju \u017ertvu kao primjer \u010dasnog odnosa prema domovini i prona\u0107i na\u010din da brine o njegovoj porodici i \u010detvoro djece koji su danas ostali bez svog stamenog oslonca.<\/p>\n\n\n\n<p>Neka mu je vje\u010dna slava&#8221;, kazao je \u017divkovi\u0107.<\/p>\n\n\n\n<p><strong>Pejovi\u0107: Bo\u017eovi\u0107 oli\u010denje hrabrosti i spremnosti da rizikuje sopstveni \u017eivot radi za\u0161tite drugih<\/strong><\/p>\n\n\n\n<p>&#8220;Sa dubokom tugom primio sam vijest o tragi\u010dnoj pogibiji mla\u0111eg vodnika Vojske Crne Gore, Dejana Bo\u017eovi\u0107a, koji je \u017eivot izgubio u plemenitoj misiji ga\u0161enja po\u017eara u Ku\u010dima. Njegova hrabrost, predanost i spremnost da rizikuje sopstveni \u017eivot radi za\u0161tite drugih, trajni su podsjetnik na snagu i po\u017ertvovanost na\u0161ih vojnika&#8221;, saop\u0161tio je <strong>potpredsjednik Skup\u0161tine BorisaPejovi\u0107<\/strong>.<\/p>\n\n\n\n<p>Porodici, prijateljima i kolegama izra\u017eavam iskreno sau\u010de\u0161\u0107e, a njegovom povrije\u0111enom kolegi Marku Ikovi\u0107u \u017eelim uspje\u0161an oporavak.<\/p>\n\n\n\n<p>&#8220;Ova tragedija nas podsje\u0107a da se \u0161irom Crne Gore, rame uz rame, bore vatrogasci, pripadnici Vojske, Ministarstva unutra\u0161njih poslova i drugih slu\u017ebi. Njihova hrabrost, solidarnost i odanost domovini zaslu\u017euju na\u0161e najdublje po\u0161tovanje i zahvalnost&#8221;, kazao je Pejovi\u0107.<\/p>\n\n\n\n<p>Istovremeno, ova nesre\u0107a nas obavezuje da, u okviru nadle\u017enosti Skup\u0161tine, u\u010dinimo sve kako bi vatrogasci, pripadnici Vojske, MUP-a i drugih slu\u017ebi imali \u0161to bolju opremu i uslove za borbu sa vatrenom stihijom. Njihova misija za\u0161tite \u017eivota i imovine mora biti pra\u0107ena adekvatnom podr\u0161kom dr\u017eave.<\/p>\n\n\n\n<p>&#8220;Neka je vje\u010dna slava i hvala mla\u0111em vodniku Dejanu&nbsp;Bo\u017eovi\u0107u&#8221;, zaklju\u010dio je Pejovi\u0107.<\/p>\n\n\n\n<p><strong>Kordi\u0107: Bo\u017eovi\u0107 hrabro polo\u017eio svoj \u017eivot tokom ga\u0161enja po\u017eara<\/strong><\/p>\n\n\n\n<p>&#8220;Duboko pogo\u0111ena tragi\u010dnom vije\u0161\u0107u, u ime Ministarstva turizma i u svoje ime izra\u017eavam iskreno sau\u010de\u0161\u0107e porodici vojnika Dejana Bo\u017eovi\u0107a iz Danilovgrada, koji je hrabro polo\u017eio svoj \u017eivot tokom anga\u017eovanja na ga\u0161enju po\u017eara&#8221;, kazala je ministarka turizma Simonida Kordi\u0107.<\/p>\n\n\n\n<p>Dodala je da su njihove misli su i uz vodnika Marka Ikovi\u0107a, koji je zadobio te\u0161ke tjelesne povrede.<\/p>\n\n\n\n<p>&#8220;U ovim te\u0161kim trenucima, kada prirodna stihija prijeti na\u0161im domovima, \u0161umama i \u017eivotima, moramo biti ujedinjeni&#8221;, kazala je Kordi\u0107.<\/p>\n\n\n\n<p>Kazala je da pru\u017ea punu podr\u0161ku i zahvalnost svim vatrogascima, vojnicima i volonterima koji, &#8220;uprkos opasnosti, nesebi\u010dno \u0161tite ljude i prirodu Crne Gore&#8221;.<\/p>\n\n\n\n<p>&#8220;Njihova hrabrost i po\u017ertvovanost podsje\u0107aju nas da zajedni\u0161tvo i solidarnost nemaju cijenu&#8221;, zaklju\u010dila je Kordi\u0107.<\/p>\n\n\n\n<p><strong>\u0106ulafi\u0107: Bo\u017eovi\u0107eva hrabrost, posve\u0107enost i profesionalizam osta\u0107e trajno urezani u na\u0161em sje\u0107anju<\/strong><\/p>\n\n\n\n<p>Vijest o tragi\u010dnoj pogibiji vojnika Dejana Bo\u017eovi\u0107a, koji je izgubio \u017eivot vr\u0161e\u0107i svoju du\u017enost, duboko nas je potresla i ostavila bez rije\u010di. Njegova hrabrost, posve\u0107enost i profesionalizam osta\u0107e trajno urezani u na\u0161em sje\u0107anju, saop\u0161tio je ministar ekologije, odr\u017eivog razvoja i razvoja sjevera&nbsp;Damjan \u0106ulafi\u0107.<\/p>\n\n\n\n<p>\u201cPorodici Bo\u017eovi\u0107 izra\u017eavamo najdublje sau\u010de\u0161\u0107e i dijelimo bol zbog nenadoknadivog gubitka. Povrije\u0111enom pripadniku Vojske, Marku Ikovi\u0107u, \u017eelimo brz i potpun oporavak, uz zahvalnost za njegovu posve\u0107enost i slu\u017ebu\u201d, naveo je \u0106ulafi\u0107.<\/p>\n\n\n\n<p>Ujedno je uputio zahvalnost svima koji u\u010destvuju u ga\u0161enju po\u017eara.<\/p>\n\n\n\n<p>\u201cVa\u0161a nesebi\u010dna hrabrost i po\u017ertvovanost zaslu\u017euju duboko po\u0161tovanje. \u010cuvajte sebe dok \u010duvate druge\u201d, naveo je \u0106ulafi\u0107.<\/p>\n\n\n\n<p><strong>Be\u010di\u0107: Bo\u017eovi\u0107 poginuo brane\u0107i svoj narod, svoje kom\u0161ije i svoju zemlju<\/strong><\/p>\n\n\n\n<p>U ga\u0161enju po\u017eara u rejonu Ku\u010da, mla\u0111i vodnik Vojske Crne Gore, Dejan Bo\u017eovi\u0107 iz Danilovgrada, polo\u017eio je ono najvrjednije \u0161to je imao, svoj \u017eivot. Njegov saborac, vodnik Marko Ikovi\u0107, zadobio je te\u0161ke tjelesne povrede, bore\u0107i se rame uz rame sa njim, protiv vatrene stihije koja je prijetila na\u0161im ljudima, ku\u0107ama i prirodnim bogatstvima, saop\u0161tio je&nbsp;<strong>Aleksa Be\u010di\u0107<\/strong>, potpredsjednik Vlade Crne Gore za bezbjednost, odbranu, borbu protiv kriminala i unutra\u0161nju politiku.<\/p>\n\n\n\n<p>Dodao je da u ime Vlade Crne Gore, sektora na \u010dijem je \u010delu, i u li\u010dno ime, izra\u017eava najdublje sau\u010de\u0161\u0107e porodici, saborcima i prijateljima Dejana Bo\u017eovi\u0107a.<\/p>\n\n\n\n<p>\u201cNeka znaju da je njihova tuga, tuga cijele Crne Gore, a njihova bol je bol svih nas. Povrije\u0111enom Marku Ikovi\u0107u \u017eelim brz i potpun oporavak, uz svu podr\u0161ku koju mu dr\u017eava mo\u017ee pru\u017eiti\u201d, naveo je Be\u010di\u0107.<\/p>\n\n\n\n<p>Isti\u010de, dr\u017eava \u0107e u\u010diniti sve, i institucionalno i ljudski, da pomogne porodici poginulog vojnika i obezbijedi najbolju njegu i oporavak povrije\u0111enom vojniku.<\/p>\n\n\n\n<p>\u201cDejan Bo\u017eovi\u0107 je poginuo brane\u0107i svoj narod, svoje kom\u0161ije i svoju zemlju. Njegova hrabrost nas obavezuje. Njegova \u017ertva nas opominje. Njegovo ime \u0107e se pamtiti i po\u0161tovati dok je Crne Gore. Neka mu je vje\u010dna slava i hvala\u201c, dodao je Be\u010di\u0107.<\/p>\n\n\n\n<p>Kako navodi, dr\u017eava pru\u017ea nadljudske napore da se izbori sa vatrenom stihijom koja je pogodila ne samo na\u0161u zemlju, ve\u0107 i najve\u0107i dio Evrope.<\/p>\n\n\n\n<p>\u201cZahvaljujem se na podr\u0161ci i pomo\u0107i na\u0161oj bra\u0107i i prijateljima iz regiona, kao i na podr\u0161ci koja nam dolazi iz partnerskih zemalja. Ove ruke pru\u017eene u nevolji su znak da u najte\u017eim trenucima granice ne postoje. Hvala na\u0161im vatrogascima, pripadnicima Vojske Crne Gore, sistemu za\u0161tite i spa\u0161avanja i svim gra\u0111anima koji danono\u0107no rade, rizikuju\u0107i sopstvene \u017eivote, kako bi obuzdali po\u017eare i za\u0161titili \u017eivote drugih, domove i na\u0161a prirodna bogatstva. Vi ste lice hrabre Crne Gore\u201c, zaklju\u010dio je Be\u010di\u0107.<\/p>\n\n\n\n<p><strong>Ministarstvo sporta i mladih: Bo\u017eovi\u0107eva hrabrost i nesebi\u010dno slu\u017eenje domovini bi\u0107e trajno upam\u0107eni<\/strong><\/p>\n\n\n\n<p>Ministarstvo sporta i mladih izra\u017eava najdublje sau\u010de\u0161\u0107e porodici vojnika Dejana Bo\u017eovi\u0107a zbog tragi\u010dnog gubitka.<\/p>\n\n\n\n<p>\u201cNjegova hrabrost i nesebi\u010dno slu\u017eenje domovini bi\u0107e trajno upam\u0107eni\u201d, naveli su u saop\u0161tenju.<\/p>\n\n\n\n<p>Vojniku Marku Ikovi\u0107u po\u017eeljeli su brz i potpun oporavak.<\/p>\n\n\n\n<p>\u201cVatrogasci i vojnici su istinski heroji koji, nesebi\u010dno rizikuju\u0107i svoje \u017eivote, \u010duvaju na\u0161 narod i na\u0161u zemlju. Ministarstvo sporta i mladih izra\u017eava punu podr\u0161ku i solidarnost sa Vojskom Crne Gore\u201d, zaklju\u010duju u sop\u0161tenju.<\/p>\n\n\n\n<p><strong>Op\u0161tinski odbor SNP Podgorica: Po\u017ertvovanost koja se ne zaboravlja<\/strong><\/p>\n\n\n\n<p>Sa dubokom tugom primili smo vijest o tragi\u010dnoj smrti vojnika Dejana Bo\u017eovi\u0107a, koji je \u017eivot izgubio izvr\u0161avaju\u0107i svoju du\u017enost u borbi protiv vatrenih stihija u Ku\u010dima, saop\u0161tio je Op\u0161tinski odbor SNP Podgorica.<\/p>\n\n\n\n<p>Njegova hrabrost, po\u017ertvovanost i spremnost da stane u odbranu ljudi i njihovih domova, i po cijenu sopstvenog \u017eivota, ostaju trajno upisani u na\u0161e pam\u0107enje. Porodici, prijateljima i saborcima upu\u0107ujemo najiskrenije sau\u010de\u0161\u0107e u ovim te\u0161kim trenucima.<\/p>\n\n\n\n<p>Istovremeno, izra\u017eavamo duboku zahvalnost i po\u0161tovanje svim vatrogascima, pripadnicima Vojske, policije, slu\u017ebi za\u0161tite i spasa, dobrovoljcima i svima koji danono\u0107no, uz ogroman napor i rizik, vode bitku sa vatrom. Vi ste pravi heroji na\u0161eg vremena, a va\u0161a snaga i predanost ulivaju nadu i u najte\u017eim \u010dasovima.<\/p>\n\n\n\n<p>Ova tragedija nas podsje\u0107a koliko je dragocjen svaki ljudski \u017eivot, ali i koliko je va\u017eno da svi kao dru\u0161tvo budemo jedinstveni i solidarni kada su ugro\u017eeni \u017eivoti i domovi na\u0161ih sugra\u0111ana.<\/p>\n\n\n\n<p><strong>Kova\u010devi\u0107: Bo\u017eovi\u0107 bio je na braniku zemlje i naroda kao pravi vojnik<\/strong><\/p>\n\n\n\n<p>U svoje li\u010dno ime i u ime Op\u0161tine Nik\u0161i\u0107 upu\u0107ujem najiskrenije sau\u010de\u0161\u0107e porodici Dejana Bo\u017eovi\u0107a iz Danilovgrada, mla\u0111eg vodnika Vojske Crne Gore. On je svoj \u017eivot izgubio na radnom zadatku bore\u0107i se protiv vatrene stihije koja je zahvatila na\u0161u zemlju. Bio je na braniku zemlje i naroda kao pravi vojnik, saop\u0161tio je predsjednik Op\u0161tine Nik\u0161i\u0107 Marko Kova\u010devi\u0107.<\/p>\n\n\n\n<p>Kako je dodao, ko do sada nije shvatio sada shvata kolikoj se opasnosti izla\u017eu vatrogasci, vojska, snage bezbjednosti i svi koji u\u010destvuju u ga\u0161enju po\u017eara. Svako od njih je u sli\u010dnoj opasnosti dok god vatrene stihije traju.<\/p>\n\n\n\n<p>\u201eU Nik\u0161i\u0107u smo ulo\u017eili veliki trud u obuke, nabavku opreme za pripadnike Slu\u017ebe i spa\u0161avanja, gradimo i najsavremeniji Vatrogasni dom. Vrlo \u010desto sam se suo\u010davao sa primjedbama kako su mo\u017eda ulaganja prevelika. U ovoj oblasti nema prevelikih ulaganja. \u0160tavi\u0161e, svako ulaganje, koliko god ono bilo i na \u0161ta god se odnosilo, malo je za te ljude koji svaki put kada se ne\u0161to ovako desi prinose u slu\u017ebu za\u0161tite i spa\u0161avanja, ili odbrane kada su vojnici u pitanju, ono najvrednije, sopstvene \u017eivote. Ali ne samo njih, nego i sudbinu svojih porodica. Jer Dejana niko ne\u0107e vratiti njegovoj djeci. A ima ih \u010detvoro\u201c, naveo je Kova\u010devi\u0107.<\/p>\n\n\n\n<p>Vodniku Marku Ikovi\u0107u po\u017eelio je brz oporavak.<\/p>\n\n\n\n<p>\u201eOvo su situacije u kojima se dosta toga istinski osjeti, mimo propagandi, svakodnevnice koja sakriva su\u0161tinu.<br>Danas znamo da su heroji heroji, da su bra\u0107a bra\u0107a. Znamo i ko nas voli zaista. Slava herojima i hvala bra\u0107i! Pokoj du\u0161i Dejana Bo\u017eovi\u0107a\u201c, zaklju\u010dio je Kova\u010devi\u0107.<\/p>\n\n\n\n<p><strong>Raoni\u0107: Vojnik Bo\u017eovi\u0107 je oti\u0161ao kao heroj, \u0161tite\u0107i druge<\/strong><\/p>\n\n\n\n<p>Generalni direktor Radio televizije Crne Gore (RTCG) Boris Raoni\u0107 saop\u0161tio je da je duboko potresen vije\u0161\u0107u o pogibiji vojnika Dejana Bo\u017eovi\u0107a tokom ga\u0161enja po\u017eara u Ku\u010dima.<\/p>\n\n\n\n<p>&#8220;Oti\u0161ao je kao heroj, \u0161tite\u0107i druge&#8221;, istakao je Raoni\u0107.&nbsp;<\/p>\n\n\n\n<p>On je izrazio iskreno sau\u010de\u0161\u0107e&nbsp;porodici i kolegama.&nbsp;<\/p>\n\n\n\n<p><strong>Ibrahimovi\u0107: Bo\u017eovi\u0107eva \u017ertva i njegova porodica predstavljaju trajnu obavezu za Crnu Goru<\/strong><\/p>\n\n\n\n<p>Sa velikom tugom u srcu izra\u017eavam najiskrenije sau\u010de\u0161\u0107e porodici vojnika Dejana Bo\u017eovi\u0107a koji je, slu\u017ee\u0107i Crnoj Gori i svakom njenom gra\u0111aninu i gra\u0111anki, danas izgubio \u017eivot, objavio je potpredsjednik Vlade i ministar vanjskih poslova&nbsp;Ervin Ibrahimovi\u0107&nbsp;na svom X nalogu.<\/p>\n\n\n\n<p>\u201cNjegova \u017ertva i njegova porodica predstavljaju trajnu obavezu za Crnu Goru\u201d, naveo je on.<\/p>\n\n\n\n<p>Iskazao je i veliku zahvalnost povrije\u0111enom vojniku Marku Ikovi\u0107u, kojem je po\u017eelio brz oporavak.<\/p>\n\n\n\n<p>\u201cPo\u0161tovanje svima koji svojim nesebi\u010dnim anga\u017eovanjem i izlaganjem riziku poma\u017eu u obuzdavanju po\u017eara\u201d, zaklju\u010dio je Ibrahimovi\u0107.<\/p>","protected":false},"excerpt":{"rendered":"<p>Povodom pogibije mla\u0111eg vodnika Vojske Crne Gore Dejana Bo\u017eovi\u0107a, sau\u010de\u0161\u0107e su izjavili funkcioneri, politi\u010dke partije i ministarstva.<\/p>","protected":false},"author":1,"featured_media":945869,"comment_status":"open","ping_status":"open","sticky":false,"template":"","format":"standard","meta":{"_acf_changed":false,"footnotes":""},"categories":[2],"tags":[7063,17460],"naslovna":[],"class_list":["post-945868","post","type-post","status-publish","format-standard","has-post-thumbnail","hentry","category-drustvo","tag-dejan-bozovic","tag-saucesce"],"acf":[],"yoast_head":"<!-- This site is optimized with the Yoast SEO plugin v27.0 - https:\/\/yoast.com\/product\/yoast-seo-wordpress\/ -->\n<title>Telegrami sau\u010de\u0161\u0107a povodom pogibije vojnika Dejana Bo\u017eovi\u0107a - dmcsrb.com<\/title>\n<meta name=\"robots\" content=\"index, follow, max-snippet:-1, max-image-preview:large, max-video-preview:-1\" \/>\n<link rel=\"canonical\" href=\"https:\/\/dmcsrb.com\/en\/drustvo\/telegrami-saucesca-povodom-pogibije-vojnika-dejana-bozovica\/\" \/>\n<meta property=\"og:locale\" content=\"en_GB\" \/>\n<meta property=\"og:type\" content=\"article\" \/>\n<meta property=\"og:title\" content=\"Telegrami sau\u010de\u0161\u0107a povodom pogibije vojnika Dejana Bo\u017eovi\u0107a - dmcsrb.com\" \/>\n<meta property=\"og:description\" content=\"Povodom pogibije mla\u0111eg vodnika Vojske Crne Gore Dejana Bo\u017eovi\u0107a, sau\u010de\u0161\u0107e su izjavili funkcioneri, politi\u010dke partije i ministarstva.\" \/>\n<meta property=\"og:url\" content=\"https:\/\/dmcsrb.com\/en\/drustvo\/telegrami-saucesca-povodom-pogibije-vojnika-dejana-bozovica\/\" \/>\n<meta property=\"og:site_name\" content=\"dmcsrb.com\" \/>\n<meta property=\"article:published_time\" content=\"2025-08-13T04:07:00+00:00\" \/>\n<meta property=\"og:image\" content=\"https:\/\/dmcsrb.com\/wp-content\/uploads\/2026\/01\/Dejan-Bozovic.webp\" \/>\n\t<meta property=\"og:image:width\" content=\"830\" \/>\n\t<meta property=\"og:image:height\" content=\"553\" \/>\n\t<meta property=\"og:image:type\" content=\"image\/webp\" \/>\n<meta name=\"author\" content=\"dmcsrbija.com@gmail.com\" \/>\n<meta name=\"twitter:card\" content=\"summary_large_image\" \/>\n<meta name=\"twitter:label1\" content=\"Written by\" \/>\n\t<meta name=\"twitter:data1\" content=\"dmcsrbija.com@gmail.com\" \/>\n\t<meta name=\"twitter:label2\" content=\"Estimated reading time\" \/>\n\t<meta name=\"twitter:data2\" content=\"11 minutes\" \/>\n<script type=\"application\/ld+json\" class=\"yoast-schema-graph\">{\"@context\":\"https:\/\/schema.org\",\"@graph\":[{\"@type\":\"Article\",\"@id\":\"https:\/\/dmcsrb.com\/drustvo\/telegrami-saucesca-povodom-pogibije-vojnika-dejana-bozovica\/#article\",\"isPartOf\":{\"@id\":\"https:\/\/dmcsrb.com\/drustvo\/telegrami-saucesca-povodom-pogibije-vojnika-dejana-bozovica\/\"},\"author\":{\"name\":\"dmcsrbija.com@gmail.com\",\"@id\":\"https:\/\/dmcsrb.com\/#\/schema\/person\/5c39170f12db1b8b457732d0b5c854e2\"},\"headline\":\"Telegrami sau\u010de\u0161\u0107a povodom pogibije vojnika Dejana Bo\u017eovi\u0107a\",\"datePublished\":\"2025-08-13T04:07:00+00:00\",\"mainEntityOfPage\":{\"@id\":\"https:\/\/dmcsrb.com\/drustvo\/telegrami-saucesca-povodom-pogibije-vojnika-dejana-bozovica\/\"},\"wordCount\":2182,\"commentCount\":0,\"image\":{\"@id\":\"https:\/\/dmcsrb.com\/drustvo\/telegrami-saucesca-povodom-pogibije-vojnika-dejana-bozovica\/#primaryimage\"},\"thumbnailUrl\":\"https:\/\/dmcsrb.com\/wp-content\/uploads\/2026\/01\/Dejan-Bozovic.webp\",\"keywords\":[\"Dejan Bo\u017eovi\u0107\",\"Sau\u010de\u0161\u0107e\"],\"articleSection\":[\"Dru\u0161tvo\"],\"inLanguage\":\"en-GB\",\"potentialAction\":[{\"@type\":\"CommentAction\",\"name\":\"Comment\",\"target\":[\"https:\/\/dmcsrb.com\/drustvo\/telegrami-saucesca-povodom-pogibije-vojnika-dejana-bozovica\/#respond\"]}]},{\"@type\":\"WebPage\",\"@id\":\"https:\/\/dmcsrb.com\/drustvo\/telegrami-saucesca-povodom-pogibije-vojnika-dejana-bozovica\/\",\"url\":\"https:\/\/dmcsrb.com\/drustvo\/telegrami-saucesca-povodom-pogibije-vojnika-dejana-bozovica\/\",\"name\":\"Telegrami sau\u010de\u0161\u0107a povodom pogibije vojnika Dejana Bo\u017eovi\u0107a - dmcsrb.com\",\"isPartOf\":{\"@id\":\"https:\/\/dmcsrb.com\/#website\"},\"primaryImageOfPage\":{\"@id\":\"https:\/\/dmcsrb.com\/drustvo\/telegrami-saucesca-povodom-pogibije-vojnika-dejana-bozovica\/#primaryimage\"},\"image\":{\"@id\":\"https:\/\/dmcsrb.com\/drustvo\/telegrami-saucesca-povodom-pogibije-vojnika-dejana-bozovica\/#primaryimage\"},\"thumbnailUrl\":\"https:\/\/dmcsrb.com\/wp-content\/uploads\/2026\/01\/Dejan-Bozovic.webp\",\"datePublished\":\"2025-08-13T04:07:00+00:00\",\"author\":{\"@id\":\"https:\/\/dmcsrb.com\/#\/schema\/person\/5c39170f12db1b8b457732d0b5c854e2\"},\"breadcrumb\":{\"@id\":\"https:\/\/dmcsrb.com\/drustvo\/telegrami-saucesca-povodom-pogibije-vojnika-dejana-bozovica\/#breadcrumb\"},\"inLanguage\":\"en-GB\",\"potentialAction\":[{\"@type\":\"ReadAction\",\"target\":[\"https:\/\/dmcsrb.com\/drustvo\/telegrami-saucesca-povodom-pogibije-vojnika-dejana-bozovica\/\"]}]},{\"@type\":\"ImageObject\",\"inLanguage\":\"en-GB\",\"@id\":\"https:\/\/dmcsrb.com\/drustvo\/telegrami-saucesca-povodom-pogibije-vojnika-dejana-bozovica\/#primaryimage\",\"url\":\"https:\/\/dmcsrb.com\/wp-content\/uploads\/2026\/01\/Dejan-Bozovic.webp\",\"contentUrl\":\"https:\/\/dmcsrb.com\/wp-content\/uploads\/2026\/01\/Dejan-Bozovic.webp\",\"width\":830,\"height\":553},{\"@type\":\"BreadcrumbList\",\"@id\":\"https:\/\/dmcsrb.com\/drustvo\/telegrami-saucesca-povodom-pogibije-vojnika-dejana-bozovica\/#breadcrumb\",\"itemListElement\":[{\"@type\":\"ListItem\",\"position\":1,\"name\":\"Home\",\"item\":\"https:\/\/dmcsrb.com\/\"},{\"@type\":\"ListItem\",\"position\":2,\"name\":\"Telegrami sau\u010de\u0161\u0107a povodom pogibije vojnika Dejana Bo\u017eovi\u0107a\"}]},{\"@type\":\"WebSite\",\"@id\":\"https:\/\/dmcsrb.com\/#website\",\"url\":\"https:\/\/dmcsrb.com\/\",\"name\":\"dmcsrb.com\",\"description\":\"\",\"potentialAction\":[{\"@type\":\"SearchAction\",\"target\":{\"@type\":\"EntryPoint\",\"urlTemplate\":\"https:\/\/dmcsrb.com\/?s={search_term_string}\"},\"query-input\":{\"@type\":\"PropertyValueSpecification\",\"valueRequired\":true,\"valueName\":\"search_term_string\"}}],\"inLanguage\":\"en-GB\"},{\"@type\":\"Person\",\"@id\":\"https:\/\/dmcsrb.com\/#\/schema\/person\/5c39170f12db1b8b457732d0b5c854e2\",\"name\":\"dmcsrbija.com@gmail.com\",\"image\":{\"@type\":\"ImageObject\",\"inLanguage\":\"en-GB\",\"@id\":\"https:\/\/dmcsrb.com\/#\/schema\/person\/image\/\",\"url\":\"https:\/\/secure.gravatar.com\/avatar\/68592660ad6347fad0fb587f8d5d8f1a7b44961362f56e4f2cd524feb87e9069?s=96&d=mm&r=g\",\"contentUrl\":\"https:\/\/secure.gravatar.com\/avatar\/68592660ad6347fad0fb587f8d5d8f1a7b44961362f56e4f2cd524feb87e9069?s=96&d=mm&r=g\",\"caption\":\"dmcsrbija.com@gmail.com\"},\"sameAs\":[\"https:\/\/dmcsrb.com\"],\"url\":\"https:\/\/dmcsrb.com\/en\/author\/dmcsrbija-comgmail-com\/\"}]}<\/script>\n<!-- \/ Yoast SEO plugin. -->","yoast_head_json":{"title":"Telegrami sau\u010de\u0161\u0107a povodom pogibije vojnika Dejana Bo\u017eovi\u0107a - dmcsrb.com","robots":{"index":"index","follow":"follow","max-snippet":"max-snippet:-1","max-image-preview":"max-image-preview:large","max-video-preview":"max-video-preview:-1"},"canonical":"https:\/\/dmcsrb.com\/en\/drustvo\/telegrami-saucesca-povodom-pogibije-vojnika-dejana-bozovica\/","og_locale":"en_GB","og_type":"article","og_title":"Telegrami sau\u010de\u0161\u0107a povodom pogibije vojnika Dejana Bo\u017eovi\u0107a - dmcsrb.com","og_description":"Povodom pogibije mla\u0111eg vodnika Vojske Crne Gore Dejana Bo\u017eovi\u0107a, sau\u010de\u0161\u0107e su izjavili funkcioneri, politi\u010dke partije i ministarstva.","og_url":"https:\/\/dmcsrb.com\/en\/drustvo\/telegrami-saucesca-povodom-pogibije-vojnika-dejana-bozovica\/","og_site_name":"dmcsrb.com","article_published_time":"2025-08-13T04:07:00+00:00","og_image":[{"width":830,"height":553,"url":"https:\/\/dmcsrb.com\/wp-content\/uploads\/2026\/01\/Dejan-Bozovic.webp","type":"image\/webp"}],"author":"dmcsrbija.com@gmail.com","twitter_card":"summary_large_image","twitter_misc":{"Written by":"dmcsrbija.com@gmail.com","Estimated reading time":"11 minutes"},"schema":{"@context":"https:\/\/schema.org","@graph":[{"@type":"Article","@id":"https:\/\/dmcsrb.com\/drustvo\/telegrami-saucesca-povodom-pogibije-vojnika-dejana-bozovica\/#article","isPartOf":{"@id":"https:\/\/dmcsrb.com\/drustvo\/telegrami-saucesca-povodom-pogibije-vojnika-dejana-bozovica\/"},"author":{"name":"dmcsrbija.com@gmail.com","@id":"https:\/\/dmcsrb.com\/#\/schema\/person\/5c39170f12db1b8b457732d0b5c854e2"},"headline":"Telegrami sau\u010de\u0161\u0107a povodom pogibije vojnika Dejana Bo\u017eovi\u0107a","datePublished":"2025-08-13T04:07:00+00:00","mainEntityOfPage":{"@id":"https:\/\/dmcsrb.com\/drustvo\/telegrami-saucesca-povodom-pogibije-vojnika-dejana-bozovica\/"},"wordCount":2182,"commentCount":0,"image":{"@id":"https:\/\/dmcsrb.com\/drustvo\/telegrami-saucesca-povodom-pogibije-vojnika-dejana-bozovica\/#primaryimage"},"thumbnailUrl":"https:\/\/dmcsrb.com\/wp-content\/uploads\/2026\/01\/Dejan-Bozovic.webp","keywords":["Dejan Bo\u017eovi\u0107","Sau\u010de\u0161\u0107e"],"articleSection":["Dru\u0161tvo"],"inLanguage":"en-GB","potentialAction":[{"@type":"CommentAction","name":"Comment","target":["https:\/\/dmcsrb.com\/drustvo\/telegrami-saucesca-povodom-pogibije-vojnika-dejana-bozovica\/#respond"]}]},{"@type":"WebPage","@id":"https:\/\/dmcsrb.com\/drustvo\/telegrami-saucesca-povodom-pogibije-vojnika-dejana-bozovica\/","url":"https:\/\/dmcsrb.com\/drustvo\/telegrami-saucesca-povodom-pogibije-vojnika-dejana-bozovica\/","name":"Telegrami sau\u010de\u0161\u0107a povodom pogibije vojnika Dejana Bo\u017eovi\u0107a - dmcsrb.com","isPartOf":{"@id":"https:\/\/dmcsrb.com\/#website"},"primaryImageOfPage":{"@id":"https:\/\/dmcsrb.com\/drustvo\/telegrami-saucesca-povodom-pogibije-vojnika-dejana-bozovica\/#primaryimage"},"image":{"@id":"https:\/\/dmcsrb.com\/drustvo\/telegrami-saucesca-povodom-pogibije-vojnika-dejana-bozovica\/#primaryimage"},"thumbnailUrl":"https:\/\/dmcsrb.com\/wp-content\/uploads\/2026\/01\/Dejan-Bozovic.webp","datePublished":"2025-08-13T04:07:00+00:00","author":{"@id":"https:\/\/dmcsrb.com\/#\/schema\/person\/5c39170f12db1b8b457732d0b5c854e2"},"breadcrumb":{"@id":"https:\/\/dmcsrb.com\/drustvo\/telegrami-saucesca-povodom-pogibije-vojnika-dejana-bozovica\/#breadcrumb"},"inLanguage":"en-GB","potentialAction":[{"@type":"ReadAction","target":["https:\/\/dmcsrb.com\/drustvo\/telegrami-saucesca-povodom-pogibije-vojnika-dejana-bozovica\/"]}]},{"@type":"ImageObject","inLanguage":"en-GB","@id":"https:\/\/dmcsrb.com\/drustvo\/telegrami-saucesca-povodom-pogibije-vojnika-dejana-bozovica\/#primaryimage","url":"https:\/\/dmcsrb.com\/wp-content\/uploads\/2026\/01\/Dejan-Bozovic.webp","contentUrl":"https:\/\/dmcsrb.com\/wp-content\/uploads\/2026\/01\/Dejan-Bozovic.webp","width":830,"height":553},{"@type":"BreadcrumbList","@id":"https:\/\/dmcsrb.com\/drustvo\/telegrami-saucesca-povodom-pogibije-vojnika-dejana-bozovica\/#breadcrumb","itemListElement":[{"@type":"ListItem","position":1,"name":"Home","item":"https:\/\/dmcsrb.com\/"},{"@type":"ListItem","position":2,"name":"Telegrami sau\u010de\u0161\u0107a povodom pogibije vojnika Dejana Bo\u017eovi\u0107a"}]},{"@type":"WebSite","@id":"https:\/\/dmcsrb.com\/#website","url":"https:\/\/dmcsrb.com\/","name":"dmcsrb.com","description":"","potentialAction":[{"@type":"SearchAction","target":{"@type":"EntryPoint","urlTemplate":"https:\/\/dmcsrb.com\/?s={search_term_string}"},"query-input":{"@type":"PropertyValueSpecification","valueRequired":true,"valueName":"search_term_string"}}],"inLanguage":"en-GB"},{"@type":"Person","@id":"https:\/\/dmcsrb.com\/#\/schema\/person\/5c39170f12db1b8b457732d0b5c854e2","name":"dmcsrbija.com@gmail.com","image":{"@type":"ImageObject","inLanguage":"en-GB","@id":"https:\/\/dmcsrb.com\/#\/schema\/person\/image\/","url":"https:\/\/secure.gravatar.com\/avatar\/68592660ad6347fad0fb587f8d5d8f1a7b44961362f56e4f2cd524feb87e9069?s=96&d=mm&r=g","contentUrl":"https:\/\/secure.gravatar.com\/avatar\/68592660ad6347fad0fb587f8d5d8f1a7b44961362f56e4f2cd524feb87e9069?s=96&d=mm&r=g","caption":"dmcsrbija.com@gmail.com"},"sameAs":["https:\/\/dmcsrb.com"],"url":"https:\/\/dmcsrb.com\/en\/author\/dmcsrbija-comgmail-com\/"}]}},"_links":{"self":[{"href":"https:\/\/dmcsrb.com\/en\/wp-json\/wp\/v2\/posts\/945868","targetHints":{"allow":["GET"]}}],"collection":[{"href":"https:\/\/dmcsrb.com\/en\/wp-json\/wp\/v2\/posts"}],"about":[{"href":"https:\/\/dmcsrb.com\/en\/wp-json\/wp\/v2\/types\/post"}],"author":[{"embeddable":true,"href":"https:\/\/dmcsrb.com\/en\/wp-json\/wp\/v2\/users\/1"}],"replies":[{"embeddable":true,"href":"https:\/\/dmcsrb.com\/en\/wp-json\/wp\/v2\/comments?post=945868"}],"version-history":[{"count":0,"href":"https:\/\/dmcsrb.com\/en\/wp-json\/wp\/v2\/posts\/945868\/revisions"}],"wp:featuredmedia":[{"embeddable":true,"href":"https:\/\/dmcsrb.com\/en\/wp-json\/wp\/v2\/media\/945869"}],"wp:attachment":[{"href":"https:\/\/dmcsrb.com\/en\/wp-json\/wp\/v2\/media?parent=945868"}],"wp:term":[{"taxonomy":"category","embeddable":true,"href":"https:\/\/dmcsrb.com\/en\/wp-json\/wp\/v2\/categories?post=945868"},{"taxonomy":"post_tag","embeddable":true,"href":"https:\/\/dmcsrb.com\/en\/wp-json\/wp\/v2\/tags?post=945868"},{"taxonomy":"naslovna","embeddable":true,"href":"https:\/\/dmcsrb.com\/en\/wp-json\/wp\/v2\/naslovna?post=945868"}],"curies":[{"name":"wp","href":"https:\/\/api.w.org\/{rel}","templated":true}]}}