{"id":945859,"date":"2025-08-12T17:19:00","date_gmt":"2025-08-12T15:19:00","guid":{"rendered":"https:\/\/dmcsrb.com\/uncategorized\/becic-bozovic-poginuo-braneci-svoj-narod-svoje-komsije-i-svoju-zemlju\/"},"modified":"2025-08-12T17:19:00","modified_gmt":"2025-08-12T15:19:00","slug":"becic-bozovic-poginuo-braneci-svoj-narod-svoje-komsije-i-svoju-zemlju","status":"publish","type":"post","link":"https:\/\/dmcsrb.com\/en\/drustvo\/becic-bozovic-poginuo-braneci-svoj-narod-svoje-komsije-i-svoju-zemlju\/","title":{"rendered":"Be\u010di\u0107: Bo\u017eovi\u0107 poginuo brane\u0107i svoj narod, svoje kom\u0161ije i svoju zemlju"},"content":{"rendered":"<p><\/p>\n\n\n\n<p><\/p>\n\n\n\n<p>Dodao je da u ime Vlade Crne Gore, sektora na \u010dijem je \u010delu, i u li\u010dno ime, izra\u017eava najdublje sau\u010de\u0161\u0107e porodici, saborcima i prijateljima Dejana Bo\u017eovi\u0107a.<\/p>\n\n\n\n<p>\u201cNeka znaju da je njihova tuga, tuga cijele Crne Gore, a njihova bol je bol svih nas. Povrije\u0111enom Marku Ikovi\u0107u \u017eelim brz i potpun oporavak, uz svu podr\u0161ku koju mu dr\u017eava mo\u017ee pru\u017eiti\u201d, naveo je Be\u010di\u0107.<\/p>\n\n\n\n<p>Isti\u010de da \u0107e dr\u017eava u\u010diniti sve, i institucionalno i ljudski, da pomogne porodici poginulog vojnika i obezbijedi najbolju njegu i oporavak povrije\u0111enom vojniku.<\/p>\n\n\n\n<p>\u201cDejan Bo\u017eovi\u0107 je poginuo brane\u0107i svoj narod, svoje kom\u0161ije i svoju zemlju. Njegova hrabrost nas obavezuje. Njegova \u017ertva nas opominje. Njegovo ime \u0107e se pamtiti i po\u0161tovati dok je Crne Gore. Neka mu je vje\u010dna slava i hvala\u201c, dodao je Be\u010di\u0107.<\/p>\n\n\n\n<p>Kako navodi, dr\u017eava pru\u017ea nadljudske napore da se izbori sa vatrenom stihijom koja je pogodila ne samo na\u0161u zemlju, ve\u0107 i najve\u0107i dio Evrope.<\/p>\n\n\n\n<p>\u201cZahvaljujem se na podr\u0161ci i pomo\u0107i na\u0161oj bra\u0107i i prijateljima iz regiona, kao i na podr\u0161ci koja nam dolazi iz partnerskih zemalja. Ove ruke pru\u017eene u nevolji su znak da u najte\u017eim trenucima granice ne postoje. Hvala na\u0161im vatrogascima, pripadnicima Vojske Crne Gore, sistemu za\u0161tite i spa\u0161avanja i svim gra\u0111anima koji danono\u0107no rade, rizikuju\u0107i sopstvene \u017eivote, kako bi obuzdali po\u017eare i za\u0161titili \u017eivote drugih, domove i na\u0161a prirodna bogatstva. Vi ste lice hrabre Crne Gore\u201c, zaklju\u010dio je Be\u010di\u0107.<\/p>","protected":false},"excerpt":{"rendered":"<p>U ga\u0161enju po\u017eara u rejonu Ku\u010da, mla\u0111i vodnik Vojske Crne Gore, Dejan Bo\u017eovi\u0107 iz Danilovgrada, polo\u017eio je ono najvrjednije \u0161to je imao, svoj \u017eivot. Njegov saborac, vodnik Marko Ikovi\u0107, zadobio je te\u0161ke tjelesne povrede, bore\u0107i se rame uz rame sa njim, protiv vatrene stihije koja je prijetila na\u0161im ljudima, ku\u0107ama i prirodnim bogatstvima, saop\u0161tio je  potpredsjednik Vlade Crne Gore za bezbjednost, odbranu, borbu protiv kriminala i unutra\u0161nju politiku, Aleksa Be\u010di\u0107.<\/p>","protected":false},"author":1,"featured_media":945860,"comment_status":"open","ping_status":"open","sticky":false,"template":"","format":"standard","meta":{"_acf_changed":false,"footnotes":""},"categories":[2],"tags":[355,7063,17459],"naslovna":[],"class_list":["post-945859","post","type-post","status-publish","format-standard","has-post-thumbnail","hentry","category-drustvo","tag-aleksa-becic","tag-dejan-bozovic","tag-marko-ikovic"],"acf":[],"yoast_head":"<!-- This site is optimized with the Yoast SEO plugin v27.0 - https:\/\/yoast.com\/product\/yoast-seo-wordpress\/ -->\n<title>Be\u010di\u0107: Bo\u017eovi\u0107 poginuo brane\u0107i svoj narod, svoje kom\u0161ije i svoju zemlju - dmcsrb.com<\/title>\n<meta name=\"robots\" content=\"index, follow, max-snippet:-1, max-image-preview:large, max-video-preview:-1\" \/>\n<link rel=\"canonical\" href=\"https:\/\/dmcsrb.com\/en\/drustvo\/becic-bozovic-poginuo-braneci-svoj-narod-svoje-komsije-i-svoju-zemlju\/\" \/>\n<meta property=\"og:locale\" content=\"en_GB\" \/>\n<meta property=\"og:type\" content=\"article\" \/>\n<meta property=\"og:title\" content=\"Be\u010di\u0107: Bo\u017eovi\u0107 poginuo brane\u0107i svoj narod, svoje kom\u0161ije i svoju zemlju - dmcsrb.com\" \/>\n<meta property=\"og:description\" content=\"U ga\u0161enju po\u017eara u rejonu Ku\u010da, mla\u0111i vodnik Vojske Crne Gore, Dejan Bo\u017eovi\u0107 iz Danilovgrada, polo\u017eio je ono najvrjednije \u0161to je imao, svoj \u017eivot. Njegov saborac, vodnik Marko Ikovi\u0107, zadobio je te\u0161ke tjelesne povrede, bore\u0107i se rame uz rame sa njim, protiv vatrene stihije koja je prijetila na\u0161im ljudima, ku\u0107ama i prirodnim bogatstvima, saop\u0161tio je potpredsjednik Vlade Crne Gore za bezbjednost, odbranu, borbu protiv kriminala i unutra\u0161nju politiku, Aleksa Be\u010di\u0107.\" \/>\n<meta property=\"og:url\" content=\"https:\/\/dmcsrb.com\/en\/drustvo\/becic-bozovic-poginuo-braneci-svoj-narod-svoje-komsije-i-svoju-zemlju\/\" \/>\n<meta property=\"og:site_name\" content=\"dmcsrb.com\" \/>\n<meta property=\"article:published_time\" content=\"2025-08-12T15:19:00+00:00\" \/>\n<meta property=\"og:image\" content=\"https:\/\/dmcsrb.com\/wp-content\/uploads\/2026\/01\/becic-1.webp\" \/>\n\t<meta property=\"og:image:width\" content=\"886\" \/>\n\t<meta property=\"og:image:height\" content=\"564\" \/>\n\t<meta property=\"og:image:type\" content=\"image\/jpeg\" \/>\n<meta name=\"author\" content=\"dmcsrbija.com@gmail.com\" \/>\n<meta name=\"twitter:card\" content=\"summary_large_image\" \/>\n<meta name=\"twitter:label1\" content=\"Written by\" \/>\n\t<meta name=\"twitter:data1\" content=\"dmcsrbija.com@gmail.com\" \/>\n\t<meta name=\"twitter:label2\" content=\"Estimated reading time\" \/>\n\t<meta name=\"twitter:data2\" content=\"1 minute\" \/>\n<script type=\"application\/ld+json\" class=\"yoast-schema-graph\">{\"@context\":\"https:\/\/schema.org\",\"@graph\":[{\"@type\":\"Article\",\"@id\":\"https:\/\/dmcsrb.com\/drustvo\/becic-bozovic-poginuo-braneci-svoj-narod-svoje-komsije-i-svoju-zemlju\/#article\",\"isPartOf\":{\"@id\":\"https:\/\/dmcsrb.com\/drustvo\/becic-bozovic-poginuo-braneci-svoj-narod-svoje-komsije-i-svoju-zemlju\/\"},\"author\":{\"name\":\"dmcsrbija.com@gmail.com\",\"@id\":\"https:\/\/dmcsrb.com\/#\/schema\/person\/5c39170f12db1b8b457732d0b5c854e2\"},\"headline\":\"Be\u010di\u0107: Bo\u017eovi\u0107 poginuo brane\u0107i svoj narod, svoje kom\u0161ije i svoju zemlju\",\"datePublished\":\"2025-08-12T15:19:00+00:00\",\"mainEntityOfPage\":{\"@id\":\"https:\/\/dmcsrb.com\/drustvo\/becic-bozovic-poginuo-braneci-svoj-narod-svoje-komsije-i-svoju-zemlju\/\"},\"wordCount\":288,\"commentCount\":0,\"image\":{\"@id\":\"https:\/\/dmcsrb.com\/drustvo\/becic-bozovic-poginuo-braneci-svoj-narod-svoje-komsije-i-svoju-zemlju\/#primaryimage\"},\"thumbnailUrl\":\"https:\/\/dmcsrb.com\/wp-content\/uploads\/2026\/01\/becic-1.webp\",\"keywords\":[\"Aleksa Be\u010di\u0107\",\"Dejan Bo\u017eovi\u0107\",\"Marko Ikovi\u0107\"],\"articleSection\":[\"Dru\u0161tvo\"],\"inLanguage\":\"en-GB\",\"potentialAction\":[{\"@type\":\"CommentAction\",\"name\":\"Comment\",\"target\":[\"https:\/\/dmcsrb.com\/drustvo\/becic-bozovic-poginuo-braneci-svoj-narod-svoje-komsije-i-svoju-zemlju\/#respond\"]}]},{\"@type\":\"WebPage\",\"@id\":\"https:\/\/dmcsrb.com\/drustvo\/becic-bozovic-poginuo-braneci-svoj-narod-svoje-komsije-i-svoju-zemlju\/\",\"url\":\"https:\/\/dmcsrb.com\/drustvo\/becic-bozovic-poginuo-braneci-svoj-narod-svoje-komsije-i-svoju-zemlju\/\",\"name\":\"Be\u010di\u0107: Bo\u017eovi\u0107 poginuo brane\u0107i svoj narod, svoje kom\u0161ije i svoju zemlju - dmcsrb.com\",\"isPartOf\":{\"@id\":\"https:\/\/dmcsrb.com\/#website\"},\"primaryImageOfPage\":{\"@id\":\"https:\/\/dmcsrb.com\/drustvo\/becic-bozovic-poginuo-braneci-svoj-narod-svoje-komsije-i-svoju-zemlju\/#primaryimage\"},\"image\":{\"@id\":\"https:\/\/dmcsrb.com\/drustvo\/becic-bozovic-poginuo-braneci-svoj-narod-svoje-komsije-i-svoju-zemlju\/#primaryimage\"},\"thumbnailUrl\":\"https:\/\/dmcsrb.com\/wp-content\/uploads\/2026\/01\/becic-1.webp\",\"datePublished\":\"2025-08-12T15:19:00+00:00\",\"author\":{\"@id\":\"https:\/\/dmcsrb.com\/#\/schema\/person\/5c39170f12db1b8b457732d0b5c854e2\"},\"breadcrumb\":{\"@id\":\"https:\/\/dmcsrb.com\/drustvo\/becic-bozovic-poginuo-braneci-svoj-narod-svoje-komsije-i-svoju-zemlju\/#breadcrumb\"},\"inLanguage\":\"en-GB\",\"potentialAction\":[{\"@type\":\"ReadAction\",\"target\":[\"https:\/\/dmcsrb.com\/drustvo\/becic-bozovic-poginuo-braneci-svoj-narod-svoje-komsije-i-svoju-zemlju\/\"]}]},{\"@type\":\"ImageObject\",\"inLanguage\":\"en-GB\",\"@id\":\"https:\/\/dmcsrb.com\/drustvo\/becic-bozovic-poginuo-braneci-svoj-narod-svoje-komsije-i-svoju-zemlju\/#primaryimage\",\"url\":\"https:\/\/dmcsrb.com\/wp-content\/uploads\/2026\/01\/becic-1.webp\",\"contentUrl\":\"https:\/\/dmcsrb.com\/wp-content\/uploads\/2026\/01\/becic-1.webp\",\"width\":886,\"height\":564},{\"@type\":\"BreadcrumbList\",\"@id\":\"https:\/\/dmcsrb.com\/drustvo\/becic-bozovic-poginuo-braneci-svoj-narod-svoje-komsije-i-svoju-zemlju\/#breadcrumb\",\"itemListElement\":[{\"@type\":\"ListItem\",\"position\":1,\"name\":\"Home\",\"item\":\"https:\/\/dmcsrb.com\/\"},{\"@type\":\"ListItem\",\"position\":2,\"name\":\"Be\u010di\u0107: Bo\u017eovi\u0107 poginuo brane\u0107i svoj narod, svoje kom\u0161ije i svoju zemlju\"}]},{\"@type\":\"WebSite\",\"@id\":\"https:\/\/dmcsrb.com\/#website\",\"url\":\"https:\/\/dmcsrb.com\/\",\"name\":\"dmcsrb.com\",\"description\":\"\",\"potentialAction\":[{\"@type\":\"SearchAction\",\"target\":{\"@type\":\"EntryPoint\",\"urlTemplate\":\"https:\/\/dmcsrb.com\/?s={search_term_string}\"},\"query-input\":{\"@type\":\"PropertyValueSpecification\",\"valueRequired\":true,\"valueName\":\"search_term_string\"}}],\"inLanguage\":\"en-GB\"},{\"@type\":\"Person\",\"@id\":\"https:\/\/dmcsrb.com\/#\/schema\/person\/5c39170f12db1b8b457732d0b5c854e2\",\"name\":\"dmcsrbija.com@gmail.com\",\"image\":{\"@type\":\"ImageObject\",\"inLanguage\":\"en-GB\",\"@id\":\"https:\/\/dmcsrb.com\/#\/schema\/person\/image\/\",\"url\":\"https:\/\/secure.gravatar.com\/avatar\/68592660ad6347fad0fb587f8d5d8f1a7b44961362f56e4f2cd524feb87e9069?s=96&d=mm&r=g\",\"contentUrl\":\"https:\/\/secure.gravatar.com\/avatar\/68592660ad6347fad0fb587f8d5d8f1a7b44961362f56e4f2cd524feb87e9069?s=96&d=mm&r=g\",\"caption\":\"dmcsrbija.com@gmail.com\"},\"sameAs\":[\"https:\/\/dmcsrb.com\"],\"url\":\"https:\/\/dmcsrb.com\/en\/author\/dmcsrbija-comgmail-com\/\"}]}<\/script>\n<!-- \/ Yoast SEO plugin. -->","yoast_head_json":{"title":"Be\u010di\u0107: Bo\u017eovi\u0107 poginuo brane\u0107i svoj narod, svoje kom\u0161ije i svoju zemlju - dmcsrb.com","robots":{"index":"index","follow":"follow","max-snippet":"max-snippet:-1","max-image-preview":"max-image-preview:large","max-video-preview":"max-video-preview:-1"},"canonical":"https:\/\/dmcsrb.com\/en\/drustvo\/becic-bozovic-poginuo-braneci-svoj-narod-svoje-komsije-i-svoju-zemlju\/","og_locale":"en_GB","og_type":"article","og_title":"Be\u010di\u0107: Bo\u017eovi\u0107 poginuo brane\u0107i svoj narod, svoje kom\u0161ije i svoju zemlju - dmcsrb.com","og_description":"U ga\u0161enju po\u017eara u rejonu Ku\u010da, mla\u0111i vodnik Vojske Crne Gore, Dejan Bo\u017eovi\u0107 iz Danilovgrada, polo\u017eio je ono najvrjednije \u0161to je imao, svoj \u017eivot. Njegov saborac, vodnik Marko Ikovi\u0107, zadobio je te\u0161ke tjelesne povrede, bore\u0107i se rame uz rame sa njim, protiv vatrene stihije koja je prijetila na\u0161im ljudima, ku\u0107ama i prirodnim bogatstvima, saop\u0161tio je potpredsjednik Vlade Crne Gore za bezbjednost, odbranu, borbu protiv kriminala i unutra\u0161nju politiku, Aleksa Be\u010di\u0107.","og_url":"https:\/\/dmcsrb.com\/en\/drustvo\/becic-bozovic-poginuo-braneci-svoj-narod-svoje-komsije-i-svoju-zemlju\/","og_site_name":"dmcsrb.com","article_published_time":"2025-08-12T15:19:00+00:00","og_image":[{"width":886,"height":564,"url":"https:\/\/dmcsrb.com\/wp-content\/uploads\/2026\/01\/becic-1.webp","type":"image\/jpeg"}],"author":"dmcsrbija.com@gmail.com","twitter_card":"summary_large_image","twitter_misc":{"Written by":"dmcsrbija.com@gmail.com","Estimated reading time":"1 minute"},"schema":{"@context":"https:\/\/schema.org","@graph":[{"@type":"Article","@id":"https:\/\/dmcsrb.com\/drustvo\/becic-bozovic-poginuo-braneci-svoj-narod-svoje-komsije-i-svoju-zemlju\/#article","isPartOf":{"@id":"https:\/\/dmcsrb.com\/drustvo\/becic-bozovic-poginuo-braneci-svoj-narod-svoje-komsije-i-svoju-zemlju\/"},"author":{"name":"dmcsrbija.com@gmail.com","@id":"https:\/\/dmcsrb.com\/#\/schema\/person\/5c39170f12db1b8b457732d0b5c854e2"},"headline":"Be\u010di\u0107: Bo\u017eovi\u0107 poginuo brane\u0107i svoj narod, svoje kom\u0161ije i svoju zemlju","datePublished":"2025-08-12T15:19:00+00:00","mainEntityOfPage":{"@id":"https:\/\/dmcsrb.com\/drustvo\/becic-bozovic-poginuo-braneci-svoj-narod-svoje-komsije-i-svoju-zemlju\/"},"wordCount":288,"commentCount":0,"image":{"@id":"https:\/\/dmcsrb.com\/drustvo\/becic-bozovic-poginuo-braneci-svoj-narod-svoje-komsije-i-svoju-zemlju\/#primaryimage"},"thumbnailUrl":"https:\/\/dmcsrb.com\/wp-content\/uploads\/2026\/01\/becic-1.webp","keywords":["Aleksa Be\u010di\u0107","Dejan Bo\u017eovi\u0107","Marko Ikovi\u0107"],"articleSection":["Dru\u0161tvo"],"inLanguage":"en-GB","potentialAction":[{"@type":"CommentAction","name":"Comment","target":["https:\/\/dmcsrb.com\/drustvo\/becic-bozovic-poginuo-braneci-svoj-narod-svoje-komsije-i-svoju-zemlju\/#respond"]}]},{"@type":"WebPage","@id":"https:\/\/dmcsrb.com\/drustvo\/becic-bozovic-poginuo-braneci-svoj-narod-svoje-komsije-i-svoju-zemlju\/","url":"https:\/\/dmcsrb.com\/drustvo\/becic-bozovic-poginuo-braneci-svoj-narod-svoje-komsije-i-svoju-zemlju\/","name":"Be\u010di\u0107: Bo\u017eovi\u0107 poginuo brane\u0107i svoj narod, svoje kom\u0161ije i svoju zemlju - dmcsrb.com","isPartOf":{"@id":"https:\/\/dmcsrb.com\/#website"},"primaryImageOfPage":{"@id":"https:\/\/dmcsrb.com\/drustvo\/becic-bozovic-poginuo-braneci-svoj-narod-svoje-komsije-i-svoju-zemlju\/#primaryimage"},"image":{"@id":"https:\/\/dmcsrb.com\/drustvo\/becic-bozovic-poginuo-braneci-svoj-narod-svoje-komsije-i-svoju-zemlju\/#primaryimage"},"thumbnailUrl":"https:\/\/dmcsrb.com\/wp-content\/uploads\/2026\/01\/becic-1.webp","datePublished":"2025-08-12T15:19:00+00:00","author":{"@id":"https:\/\/dmcsrb.com\/#\/schema\/person\/5c39170f12db1b8b457732d0b5c854e2"},"breadcrumb":{"@id":"https:\/\/dmcsrb.com\/drustvo\/becic-bozovic-poginuo-braneci-svoj-narod-svoje-komsije-i-svoju-zemlju\/#breadcrumb"},"inLanguage":"en-GB","potentialAction":[{"@type":"ReadAction","target":["https:\/\/dmcsrb.com\/drustvo\/becic-bozovic-poginuo-braneci-svoj-narod-svoje-komsije-i-svoju-zemlju\/"]}]},{"@type":"ImageObject","inLanguage":"en-GB","@id":"https:\/\/dmcsrb.com\/drustvo\/becic-bozovic-poginuo-braneci-svoj-narod-svoje-komsije-i-svoju-zemlju\/#primaryimage","url":"https:\/\/dmcsrb.com\/wp-content\/uploads\/2026\/01\/becic-1.webp","contentUrl":"https:\/\/dmcsrb.com\/wp-content\/uploads\/2026\/01\/becic-1.webp","width":886,"height":564},{"@type":"BreadcrumbList","@id":"https:\/\/dmcsrb.com\/drustvo\/becic-bozovic-poginuo-braneci-svoj-narod-svoje-komsije-i-svoju-zemlju\/#breadcrumb","itemListElement":[{"@type":"ListItem","position":1,"name":"Home","item":"https:\/\/dmcsrb.com\/"},{"@type":"ListItem","position":2,"name":"Be\u010di\u0107: Bo\u017eovi\u0107 poginuo brane\u0107i svoj narod, svoje kom\u0161ije i svoju zemlju"}]},{"@type":"WebSite","@id":"https:\/\/dmcsrb.com\/#website","url":"https:\/\/dmcsrb.com\/","name":"dmcsrb.com","description":"","potentialAction":[{"@type":"SearchAction","target":{"@type":"EntryPoint","urlTemplate":"https:\/\/dmcsrb.com\/?s={search_term_string}"},"query-input":{"@type":"PropertyValueSpecification","valueRequired":true,"valueName":"search_term_string"}}],"inLanguage":"en-GB"},{"@type":"Person","@id":"https:\/\/dmcsrb.com\/#\/schema\/person\/5c39170f12db1b8b457732d0b5c854e2","name":"dmcsrbija.com@gmail.com","image":{"@type":"ImageObject","inLanguage":"en-GB","@id":"https:\/\/dmcsrb.com\/#\/schema\/person\/image\/","url":"https:\/\/secure.gravatar.com\/avatar\/68592660ad6347fad0fb587f8d5d8f1a7b44961362f56e4f2cd524feb87e9069?s=96&d=mm&r=g","contentUrl":"https:\/\/secure.gravatar.com\/avatar\/68592660ad6347fad0fb587f8d5d8f1a7b44961362f56e4f2cd524feb87e9069?s=96&d=mm&r=g","caption":"dmcsrbija.com@gmail.com"},"sameAs":["https:\/\/dmcsrb.com"],"url":"https:\/\/dmcsrb.com\/en\/author\/dmcsrbija-comgmail-com\/"}]}},"_links":{"self":[{"href":"https:\/\/dmcsrb.com\/en\/wp-json\/wp\/v2\/posts\/945859","targetHints":{"allow":["GET"]}}],"collection":[{"href":"https:\/\/dmcsrb.com\/en\/wp-json\/wp\/v2\/posts"}],"about":[{"href":"https:\/\/dmcsrb.com\/en\/wp-json\/wp\/v2\/types\/post"}],"author":[{"embeddable":true,"href":"https:\/\/dmcsrb.com\/en\/wp-json\/wp\/v2\/users\/1"}],"replies":[{"embeddable":true,"href":"https:\/\/dmcsrb.com\/en\/wp-json\/wp\/v2\/comments?post=945859"}],"version-history":[{"count":0,"href":"https:\/\/dmcsrb.com\/en\/wp-json\/wp\/v2\/posts\/945859\/revisions"}],"wp:featuredmedia":[{"embeddable":true,"href":"https:\/\/dmcsrb.com\/en\/wp-json\/wp\/v2\/media\/945860"}],"wp:attachment":[{"href":"https:\/\/dmcsrb.com\/en\/wp-json\/wp\/v2\/media?parent=945859"}],"wp:term":[{"taxonomy":"category","embeddable":true,"href":"https:\/\/dmcsrb.com\/en\/wp-json\/wp\/v2\/categories?post=945859"},{"taxonomy":"post_tag","embeddable":true,"href":"https:\/\/dmcsrb.com\/en\/wp-json\/wp\/v2\/tags?post=945859"},{"taxonomy":"naslovna","embeddable":true,"href":"https:\/\/dmcsrb.com\/en\/wp-json\/wp\/v2\/naslovna?post=945859"}],"curies":[{"name":"wp","href":"https:\/\/api.w.org\/{rel}","templated":true}]}}