{"id":945839,"date":"2025-08-12T16:13:00","date_gmt":"2025-08-12T14:13:00","guid":{"rendered":"https:\/\/dmcsrb.com\/uncategorized\/mandic-bozovic-polozio-zivot-cuvajuci-zemlju-i-narod\/"},"modified":"2025-08-12T16:13:00","modified_gmt":"2025-08-12T14:13:00","slug":"mandic-bozovic-polozio-zivot-cuvajuci-zemlju-i-narod","status":"publish","type":"post","link":"https:\/\/dmcsrb.com\/en\/drustvo\/mandic-bozovic-polozio-zivot-cuvajuci-zemlju-i-narod\/","title":{"rendered":"Mandi\u0107: Bo\u017eovi\u0107 polo\u017eio \u017eivot \u010duvaju\u0107i zemlju i narod"},"content":{"rendered":"<p><br><\/p>\n\n\n\n<p><\/p>\n\n\n\n<p>&#8220;Njegovo ime osta\u0107e upam\u0107eno kao simbol onoga o \u010demu je pisao veliki Vojvoda Marko Miljanov Popovi\u0107 u &#8220;Primjerima \u010dojstva i juna\u0161tva&#8221;. Njegovoj porodici, u ovom te\u0161kom trenutku, \u017eelim da izjavim najiskrenije sau\u010de\u0161\u0107e.<\/p>\n\n\n\n<p>Ovim putem izra\u017eavam zahvalnost i povrije\u0111enom vodniku Marku Ikovi\u0107u, uz \u017eelju da ostvari brz i potpun oporavak&#8221;, navodi Mandi\u0107.<\/p>","protected":false},"excerpt":{"rendered":"<p>Predsjednik Skup\u0161tine Crne Gore, Andrija Mandi\u0107, poru\u010dio je da Crna Gora danas sa dubokom tugom \u017eali zbog tragi\u010dne pogibije mla\u0111eg vodnika Vojske Crne Gore, Dejana Bo\u017eovi\u0107a, koji je, kako je naveo, polo\u017eio svoj \u017eivot vr\u0161e\u0107i svoju du\u017enost &#8211; \u010duvaju\u0107i zemlju i narod.<\/p>","protected":false},"author":1,"featured_media":944362,"comment_status":"open","ping_status":"open","sticky":false,"template":"","format":"standard","meta":{"_acf_changed":false,"footnotes":""},"categories":[2],"tags":[812,7063,7368,17460],"naslovna":[],"class_list":["post-945839","post","type-post","status-publish","format-standard","has-post-thumbnail","hentry","category-drustvo","tag-andrija-mandic","tag-dejan-bozovic","tag-predsjednik-skupstine","tag-saucesce"],"acf":[],"yoast_head":"<!-- This site is optimized with the Yoast SEO plugin v27.0 - https:\/\/yoast.com\/product\/yoast-seo-wordpress\/ -->\n<title>Mandi\u0107: Bo\u017eovi\u0107 polo\u017eio \u017eivot \u010duvaju\u0107i zemlju i narod - dmcsrb.com<\/title>\n<meta name=\"robots\" content=\"index, follow, max-snippet:-1, max-image-preview:large, max-video-preview:-1\" \/>\n<link rel=\"canonical\" href=\"https:\/\/dmcsrb.com\/en\/drustvo\/mandic-bozovic-polozio-zivot-cuvajuci-zemlju-i-narod\/\" \/>\n<meta property=\"og:locale\" content=\"en_GB\" \/>\n<meta property=\"og:type\" content=\"article\" \/>\n<meta property=\"og:title\" content=\"Mandi\u0107: Bo\u017eovi\u0107 polo\u017eio \u017eivot \u010duvaju\u0107i zemlju i narod - dmcsrb.com\" \/>\n<meta property=\"og:description\" content=\"Predsjednik Skup\u0161tine Crne Gore, Andrija Mandi\u0107, poru\u010dio je da Crna Gora danas sa dubokom tugom \u017eali zbog tragi\u010dne pogibije mla\u0111eg vodnika Vojske Crne Gore, Dejana Bo\u017eovi\u0107a, koji je, kako je naveo, polo\u017eio svoj \u017eivot vr\u0161e\u0107i svoju du\u017enost - \u010duvaju\u0107i zemlju i narod.\" \/>\n<meta property=\"og:url\" content=\"https:\/\/dmcsrb.com\/en\/drustvo\/mandic-bozovic-polozio-zivot-cuvajuci-zemlju-i-narod\/\" \/>\n<meta property=\"og:site_name\" content=\"dmcsrb.com\" \/>\n<meta property=\"article:published_time\" content=\"2025-08-12T14:13:00+00:00\" \/>\n<meta property=\"og:image\" content=\"https:\/\/dmcsrb.com\/wp-content\/uploads\/2026\/01\/Mandic-foto-skupstina-cg.webp\" \/>\n\t<meta property=\"og:image:width\" content=\"751\" \/>\n\t<meta property=\"og:image:height\" content=\"490\" \/>\n\t<meta property=\"og:image:type\" content=\"image\/jpeg\" \/>\n<meta name=\"author\" content=\"dmcsrbija.com@gmail.com\" \/>\n<meta name=\"twitter:card\" content=\"summary_large_image\" \/>\n<meta name=\"twitter:label1\" content=\"Written by\" \/>\n\t<meta name=\"twitter:data1\" content=\"dmcsrbija.com@gmail.com\" \/>\n<script type=\"application\/ld+json\" class=\"yoast-schema-graph\">{\"@context\":\"https:\/\/schema.org\",\"@graph\":[{\"@type\":\"Article\",\"@id\":\"https:\/\/dmcsrb.com\/drustvo\/mandic-bozovic-polozio-zivot-cuvajuci-zemlju-i-narod\/#article\",\"isPartOf\":{\"@id\":\"https:\/\/dmcsrb.com\/drustvo\/mandic-bozovic-polozio-zivot-cuvajuci-zemlju-i-narod\/\"},\"author\":{\"name\":\"dmcsrbija.com@gmail.com\",\"@id\":\"https:\/\/dmcsrb.com\/#\/schema\/person\/5c39170f12db1b8b457732d0b5c854e2\"},\"headline\":\"Mandi\u0107: Bo\u017eovi\u0107 polo\u017eio \u017eivot \u010duvaju\u0107i zemlju i narod\",\"datePublished\":\"2025-08-12T14:13:00+00:00\",\"mainEntityOfPage\":{\"@id\":\"https:\/\/dmcsrb.com\/drustvo\/mandic-bozovic-polozio-zivot-cuvajuci-zemlju-i-narod\/\"},\"wordCount\":71,\"commentCount\":0,\"image\":{\"@id\":\"https:\/\/dmcsrb.com\/drustvo\/mandic-bozovic-polozio-zivot-cuvajuci-zemlju-i-narod\/#primaryimage\"},\"thumbnailUrl\":\"https:\/\/dmcsrb.com\/wp-content\/uploads\/2026\/01\/Mandic-foto-skupstina-cg.webp\",\"keywords\":[\"andrija mandi\u0107\",\"Dejan Bo\u017eovi\u0107\",\"Predsjednik skup\u0161tine\",\"Sau\u010de\u0161\u0107e\"],\"articleSection\":[\"Dru\u0161tvo\"],\"inLanguage\":\"en-GB\",\"potentialAction\":[{\"@type\":\"CommentAction\",\"name\":\"Comment\",\"target\":[\"https:\/\/dmcsrb.com\/drustvo\/mandic-bozovic-polozio-zivot-cuvajuci-zemlju-i-narod\/#respond\"]}]},{\"@type\":\"WebPage\",\"@id\":\"https:\/\/dmcsrb.com\/drustvo\/mandic-bozovic-polozio-zivot-cuvajuci-zemlju-i-narod\/\",\"url\":\"https:\/\/dmcsrb.com\/drustvo\/mandic-bozovic-polozio-zivot-cuvajuci-zemlju-i-narod\/\",\"name\":\"Mandi\u0107: Bo\u017eovi\u0107 polo\u017eio \u017eivot \u010duvaju\u0107i zemlju i narod - dmcsrb.com\",\"isPartOf\":{\"@id\":\"https:\/\/dmcsrb.com\/#website\"},\"primaryImageOfPage\":{\"@id\":\"https:\/\/dmcsrb.com\/drustvo\/mandic-bozovic-polozio-zivot-cuvajuci-zemlju-i-narod\/#primaryimage\"},\"image\":{\"@id\":\"https:\/\/dmcsrb.com\/drustvo\/mandic-bozovic-polozio-zivot-cuvajuci-zemlju-i-narod\/#primaryimage\"},\"thumbnailUrl\":\"https:\/\/dmcsrb.com\/wp-content\/uploads\/2026\/01\/Mandic-foto-skupstina-cg.webp\",\"datePublished\":\"2025-08-12T14:13:00+00:00\",\"author\":{\"@id\":\"https:\/\/dmcsrb.com\/#\/schema\/person\/5c39170f12db1b8b457732d0b5c854e2\"},\"breadcrumb\":{\"@id\":\"https:\/\/dmcsrb.com\/drustvo\/mandic-bozovic-polozio-zivot-cuvajuci-zemlju-i-narod\/#breadcrumb\"},\"inLanguage\":\"en-GB\",\"potentialAction\":[{\"@type\":\"ReadAction\",\"target\":[\"https:\/\/dmcsrb.com\/drustvo\/mandic-bozovic-polozio-zivot-cuvajuci-zemlju-i-narod\/\"]}]},{\"@type\":\"ImageObject\",\"inLanguage\":\"en-GB\",\"@id\":\"https:\/\/dmcsrb.com\/drustvo\/mandic-bozovic-polozio-zivot-cuvajuci-zemlju-i-narod\/#primaryimage\",\"url\":\"https:\/\/dmcsrb.com\/wp-content\/uploads\/2026\/01\/Mandic-foto-skupstina-cg.webp\",\"contentUrl\":\"https:\/\/dmcsrb.com\/wp-content\/uploads\/2026\/01\/Mandic-foto-skupstina-cg.webp\",\"width\":751,\"height\":490},{\"@type\":\"BreadcrumbList\",\"@id\":\"https:\/\/dmcsrb.com\/drustvo\/mandic-bozovic-polozio-zivot-cuvajuci-zemlju-i-narod\/#breadcrumb\",\"itemListElement\":[{\"@type\":\"ListItem\",\"position\":1,\"name\":\"Home\",\"item\":\"https:\/\/dmcsrb.com\/\"},{\"@type\":\"ListItem\",\"position\":2,\"name\":\"Mandi\u0107: Bo\u017eovi\u0107 polo\u017eio \u017eivot \u010duvaju\u0107i zemlju i narod\"}]},{\"@type\":\"WebSite\",\"@id\":\"https:\/\/dmcsrb.com\/#website\",\"url\":\"https:\/\/dmcsrb.com\/\",\"name\":\"dmcsrb.com\",\"description\":\"\",\"potentialAction\":[{\"@type\":\"SearchAction\",\"target\":{\"@type\":\"EntryPoint\",\"urlTemplate\":\"https:\/\/dmcsrb.com\/?s={search_term_string}\"},\"query-input\":{\"@type\":\"PropertyValueSpecification\",\"valueRequired\":true,\"valueName\":\"search_term_string\"}}],\"inLanguage\":\"en-GB\"},{\"@type\":\"Person\",\"@id\":\"https:\/\/dmcsrb.com\/#\/schema\/person\/5c39170f12db1b8b457732d0b5c854e2\",\"name\":\"dmcsrbija.com@gmail.com\",\"image\":{\"@type\":\"ImageObject\",\"inLanguage\":\"en-GB\",\"@id\":\"https:\/\/dmcsrb.com\/#\/schema\/person\/image\/\",\"url\":\"https:\/\/secure.gravatar.com\/avatar\/68592660ad6347fad0fb587f8d5d8f1a7b44961362f56e4f2cd524feb87e9069?s=96&d=mm&r=g\",\"contentUrl\":\"https:\/\/secure.gravatar.com\/avatar\/68592660ad6347fad0fb587f8d5d8f1a7b44961362f56e4f2cd524feb87e9069?s=96&d=mm&r=g\",\"caption\":\"dmcsrbija.com@gmail.com\"},\"sameAs\":[\"https:\/\/dmcsrb.com\"],\"url\":\"https:\/\/dmcsrb.com\/en\/author\/dmcsrbija-comgmail-com\/\"}]}<\/script>\n<!-- \/ Yoast SEO plugin. -->","yoast_head_json":{"title":"Mandi\u0107: Bo\u017eovi\u0107 polo\u017eio \u017eivot \u010duvaju\u0107i zemlju i narod - dmcsrb.com","robots":{"index":"index","follow":"follow","max-snippet":"max-snippet:-1","max-image-preview":"max-image-preview:large","max-video-preview":"max-video-preview:-1"},"canonical":"https:\/\/dmcsrb.com\/en\/drustvo\/mandic-bozovic-polozio-zivot-cuvajuci-zemlju-i-narod\/","og_locale":"en_GB","og_type":"article","og_title":"Mandi\u0107: Bo\u017eovi\u0107 polo\u017eio \u017eivot \u010duvaju\u0107i zemlju i narod - dmcsrb.com","og_description":"Predsjednik Skup\u0161tine Crne Gore, Andrija Mandi\u0107, poru\u010dio je da Crna Gora danas sa dubokom tugom \u017eali zbog tragi\u010dne pogibije mla\u0111eg vodnika Vojske Crne Gore, Dejana Bo\u017eovi\u0107a, koji je, kako je naveo, polo\u017eio svoj \u017eivot vr\u0161e\u0107i svoju du\u017enost - \u010duvaju\u0107i zemlju i narod.","og_url":"https:\/\/dmcsrb.com\/en\/drustvo\/mandic-bozovic-polozio-zivot-cuvajuci-zemlju-i-narod\/","og_site_name":"dmcsrb.com","article_published_time":"2025-08-12T14:13:00+00:00","og_image":[{"width":751,"height":490,"url":"https:\/\/dmcsrb.com\/wp-content\/uploads\/2026\/01\/Mandic-foto-skupstina-cg.webp","type":"image\/jpeg"}],"author":"dmcsrbija.com@gmail.com","twitter_card":"summary_large_image","twitter_misc":{"Written by":"dmcsrbija.com@gmail.com"},"schema":{"@context":"https:\/\/schema.org","@graph":[{"@type":"Article","@id":"https:\/\/dmcsrb.com\/drustvo\/mandic-bozovic-polozio-zivot-cuvajuci-zemlju-i-narod\/#article","isPartOf":{"@id":"https:\/\/dmcsrb.com\/drustvo\/mandic-bozovic-polozio-zivot-cuvajuci-zemlju-i-narod\/"},"author":{"name":"dmcsrbija.com@gmail.com","@id":"https:\/\/dmcsrb.com\/#\/schema\/person\/5c39170f12db1b8b457732d0b5c854e2"},"headline":"Mandi\u0107: Bo\u017eovi\u0107 polo\u017eio \u017eivot \u010duvaju\u0107i zemlju i narod","datePublished":"2025-08-12T14:13:00+00:00","mainEntityOfPage":{"@id":"https:\/\/dmcsrb.com\/drustvo\/mandic-bozovic-polozio-zivot-cuvajuci-zemlju-i-narod\/"},"wordCount":71,"commentCount":0,"image":{"@id":"https:\/\/dmcsrb.com\/drustvo\/mandic-bozovic-polozio-zivot-cuvajuci-zemlju-i-narod\/#primaryimage"},"thumbnailUrl":"https:\/\/dmcsrb.com\/wp-content\/uploads\/2026\/01\/Mandic-foto-skupstina-cg.webp","keywords":["andrija mandi\u0107","Dejan Bo\u017eovi\u0107","Predsjednik skup\u0161tine","Sau\u010de\u0161\u0107e"],"articleSection":["Dru\u0161tvo"],"inLanguage":"en-GB","potentialAction":[{"@type":"CommentAction","name":"Comment","target":["https:\/\/dmcsrb.com\/drustvo\/mandic-bozovic-polozio-zivot-cuvajuci-zemlju-i-narod\/#respond"]}]},{"@type":"WebPage","@id":"https:\/\/dmcsrb.com\/drustvo\/mandic-bozovic-polozio-zivot-cuvajuci-zemlju-i-narod\/","url":"https:\/\/dmcsrb.com\/drustvo\/mandic-bozovic-polozio-zivot-cuvajuci-zemlju-i-narod\/","name":"Mandi\u0107: Bo\u017eovi\u0107 polo\u017eio \u017eivot \u010duvaju\u0107i zemlju i narod - dmcsrb.com","isPartOf":{"@id":"https:\/\/dmcsrb.com\/#website"},"primaryImageOfPage":{"@id":"https:\/\/dmcsrb.com\/drustvo\/mandic-bozovic-polozio-zivot-cuvajuci-zemlju-i-narod\/#primaryimage"},"image":{"@id":"https:\/\/dmcsrb.com\/drustvo\/mandic-bozovic-polozio-zivot-cuvajuci-zemlju-i-narod\/#primaryimage"},"thumbnailUrl":"https:\/\/dmcsrb.com\/wp-content\/uploads\/2026\/01\/Mandic-foto-skupstina-cg.webp","datePublished":"2025-08-12T14:13:00+00:00","author":{"@id":"https:\/\/dmcsrb.com\/#\/schema\/person\/5c39170f12db1b8b457732d0b5c854e2"},"breadcrumb":{"@id":"https:\/\/dmcsrb.com\/drustvo\/mandic-bozovic-polozio-zivot-cuvajuci-zemlju-i-narod\/#breadcrumb"},"inLanguage":"en-GB","potentialAction":[{"@type":"ReadAction","target":["https:\/\/dmcsrb.com\/drustvo\/mandic-bozovic-polozio-zivot-cuvajuci-zemlju-i-narod\/"]}]},{"@type":"ImageObject","inLanguage":"en-GB","@id":"https:\/\/dmcsrb.com\/drustvo\/mandic-bozovic-polozio-zivot-cuvajuci-zemlju-i-narod\/#primaryimage","url":"https:\/\/dmcsrb.com\/wp-content\/uploads\/2026\/01\/Mandic-foto-skupstina-cg.webp","contentUrl":"https:\/\/dmcsrb.com\/wp-content\/uploads\/2026\/01\/Mandic-foto-skupstina-cg.webp","width":751,"height":490},{"@type":"BreadcrumbList","@id":"https:\/\/dmcsrb.com\/drustvo\/mandic-bozovic-polozio-zivot-cuvajuci-zemlju-i-narod\/#breadcrumb","itemListElement":[{"@type":"ListItem","position":1,"name":"Home","item":"https:\/\/dmcsrb.com\/"},{"@type":"ListItem","position":2,"name":"Mandi\u0107: Bo\u017eovi\u0107 polo\u017eio \u017eivot \u010duvaju\u0107i zemlju i narod"}]},{"@type":"WebSite","@id":"https:\/\/dmcsrb.com\/#website","url":"https:\/\/dmcsrb.com\/","name":"dmcsrb.com","description":"","potentialAction":[{"@type":"SearchAction","target":{"@type":"EntryPoint","urlTemplate":"https:\/\/dmcsrb.com\/?s={search_term_string}"},"query-input":{"@type":"PropertyValueSpecification","valueRequired":true,"valueName":"search_term_string"}}],"inLanguage":"en-GB"},{"@type":"Person","@id":"https:\/\/dmcsrb.com\/#\/schema\/person\/5c39170f12db1b8b457732d0b5c854e2","name":"dmcsrbija.com@gmail.com","image":{"@type":"ImageObject","inLanguage":"en-GB","@id":"https:\/\/dmcsrb.com\/#\/schema\/person\/image\/","url":"https:\/\/secure.gravatar.com\/avatar\/68592660ad6347fad0fb587f8d5d8f1a7b44961362f56e4f2cd524feb87e9069?s=96&d=mm&r=g","contentUrl":"https:\/\/secure.gravatar.com\/avatar\/68592660ad6347fad0fb587f8d5d8f1a7b44961362f56e4f2cd524feb87e9069?s=96&d=mm&r=g","caption":"dmcsrbija.com@gmail.com"},"sameAs":["https:\/\/dmcsrb.com"],"url":"https:\/\/dmcsrb.com\/en\/author\/dmcsrbija-comgmail-com\/"}]}},"_links":{"self":[{"href":"https:\/\/dmcsrb.com\/en\/wp-json\/wp\/v2\/posts\/945839","targetHints":{"allow":["GET"]}}],"collection":[{"href":"https:\/\/dmcsrb.com\/en\/wp-json\/wp\/v2\/posts"}],"about":[{"href":"https:\/\/dmcsrb.com\/en\/wp-json\/wp\/v2\/types\/post"}],"author":[{"embeddable":true,"href":"https:\/\/dmcsrb.com\/en\/wp-json\/wp\/v2\/users\/1"}],"replies":[{"embeddable":true,"href":"https:\/\/dmcsrb.com\/en\/wp-json\/wp\/v2\/comments?post=945839"}],"version-history":[{"count":0,"href":"https:\/\/dmcsrb.com\/en\/wp-json\/wp\/v2\/posts\/945839\/revisions"}],"wp:featuredmedia":[{"embeddable":true,"href":"https:\/\/dmcsrb.com\/en\/wp-json\/wp\/v2\/media\/944362"}],"wp:attachment":[{"href":"https:\/\/dmcsrb.com\/en\/wp-json\/wp\/v2\/media?parent=945839"}],"wp:term":[{"taxonomy":"category","embeddable":true,"href":"https:\/\/dmcsrb.com\/en\/wp-json\/wp\/v2\/categories?post=945839"},{"taxonomy":"post_tag","embeddable":true,"href":"https:\/\/dmcsrb.com\/en\/wp-json\/wp\/v2\/tags?post=945839"},{"taxonomy":"naslovna","embeddable":true,"href":"https:\/\/dmcsrb.com\/en\/wp-json\/wp\/v2\/naslovna?post=945839"}],"curies":[{"name":"wp","href":"https:\/\/api.w.org\/{rel}","templated":true}]}}