{"id":945832,"date":"2025-08-12T18:47:00","date_gmt":"2025-08-12T16:47:00","guid":{"rendered":"https:\/\/dmcsrb.com\/uncategorized\/vecina-ukrajinaca-smatra-evropu-pouzdanim-saveznikom\/"},"modified":"2025-08-12T18:47:00","modified_gmt":"2025-08-12T16:47:00","slug":"vecina-ukrajinaca-smatra-evropu-pouzdanim-saveznikom","status":"publish","type":"post","link":"https:\/\/dmcsrb.com\/en\/svijet\/vecina-ukrajinaca-smatra-evropu-pouzdanim-saveznikom\/","title":{"rendered":"Ve\u0107ina Ukrajinaca smatra Evropu pouzdanim saveznikom"},"content":{"rendered":"<p>To dokazuju rezultati ankete Kijevskog me\u0111unarodnog instituta za sociologiju, prenosi Evropska istina.<\/p>\n\n\n\n<p>Od septembra 2022. godine, institut redovno postavlja pitanja o percepciji zapadne politike prema Ukrajini.<\/p>\n\n\n\n<p>Me\u0111utim, nakon \u0161to je Donald Tramp stupio na du\u017enost, situacija se zna\u010dajno promenila, a anketa u februaru je pokazala da sada postoji diferenciran stav prema Evropi i SAD, a &#8220;Zapad&#8221; se verovatnije povezuje sa Evropom. Zato, sociolozi sada postavljaju dva pitanja \u2013 odvojeno o Evropi i odvojeno o SAD.<\/p>\n\n\n\n<p>Ve\u0107ina Ukrajinaca, 63 odsto i dalje veruje da Evropa ostaje pouzdan saveznik koji \u017eeli prihvatljiv kraj rata za Ukrajinu. Tako ne misli 27 odsto. Istovremeno, situacija se nije promenila od po\u010detka godine i 63-64 odsto Ukrajinaca dosledno do\u017eivljava Evropu kao pouzdanog saveznika.<\/p>\n\n\n\n<p><\/p>","protected":false},"excerpt":{"rendered":"<p>Velika ve\u0107ina ukrajinskih gra\u0111ana i dalje smatra Evropu pouzdanim saveznikom Ukrajine, ali se njihov stav prema Sjedinjenim Dr\u017eavama promenio u zavisnosti od izjava predsednika Donalda Trampa.<\/p>","protected":false},"author":1,"featured_media":944703,"comment_status":"open","ping_status":"open","sticky":false,"template":"","format":"standard","meta":{"_acf_changed":false,"footnotes":""},"categories":[144],"tags":[3606,17457,195,234],"naslovna":[],"class_list":["post-945832","post","type-post","status-publish","format-standard","has-post-thumbnail","hentry","category-svijet","tag-anketa","tag-evrop","tag-sad","tag-ukrajina"],"acf":[],"yoast_head":"<!-- This site is optimized with the Yoast SEO plugin v27.4 - https:\/\/yoast.com\/product\/yoast-seo-wordpress\/ -->\n<title>Ve\u0107ina Ukrajinaca smatra Evropu pouzdanim saveznikom - dmcsrb.com<\/title>\n<meta name=\"robots\" content=\"index, follow, max-snippet:-1, max-image-preview:large, max-video-preview:-1\" \/>\n<link rel=\"canonical\" href=\"https:\/\/dmcsrb.com\/en\/svijet\/vecina-ukrajinaca-smatra-evropu-pouzdanim-saveznikom\/\" \/>\n<meta property=\"og:locale\" content=\"en_GB\" \/>\n<meta property=\"og:type\" content=\"article\" \/>\n<meta property=\"og:title\" content=\"Ve\u0107ina Ukrajinaca smatra Evropu pouzdanim saveznikom - dmcsrb.com\" \/>\n<meta property=\"og:description\" content=\"Velika ve\u0107ina ukrajinskih gra\u0111ana i dalje smatra Evropu pouzdanim saveznikom Ukrajine, ali se njihov stav prema Sjedinjenim Dr\u017eavama promenio u zavisnosti od izjava predsednika Donalda Trampa.\" \/>\n<meta property=\"og:url\" content=\"https:\/\/dmcsrb.com\/en\/svijet\/vecina-ukrajinaca-smatra-evropu-pouzdanim-saveznikom\/\" \/>\n<meta property=\"og:site_name\" content=\"dmcsrb.com\" \/>\n<meta property=\"article:published_time\" content=\"2025-08-12T16:47:00+00:00\" \/>\n<meta property=\"og:image\" content=\"https:\/\/dmcsrb.com\/wp-content\/uploads\/2026\/01\/ukrajina.webp\" \/>\n\t<meta property=\"og:image:width\" content=\"612\" \/>\n\t<meta property=\"og:image:height\" content=\"402\" \/>\n\t<meta property=\"og:image:type\" content=\"image\/webp\" \/>\n<meta name=\"author\" content=\"dmcsrbija.com@gmail.com\" \/>\n<meta name=\"twitter:card\" content=\"summary_large_image\" \/>\n<meta name=\"twitter:label1\" content=\"Written by\" \/>\n\t<meta name=\"twitter:data1\" content=\"dmcsrbija.com@gmail.com\" \/>\n\t<meta name=\"twitter:label2\" content=\"Estimated reading time\" \/>\n\t<meta name=\"twitter:data2\" content=\"1 minute\" \/>\n<script type=\"application\/ld+json\" class=\"yoast-schema-graph\">{\"@context\":\"https:\\\/\\\/schema.org\",\"@graph\":[{\"@type\":\"Article\",\"@id\":\"https:\\\/\\\/dmcsrb.com\\\/svijet\\\/vecina-ukrajinaca-smatra-evropu-pouzdanim-saveznikom\\\/#article\",\"isPartOf\":{\"@id\":\"https:\\\/\\\/dmcsrb.com\\\/svijet\\\/vecina-ukrajinaca-smatra-evropu-pouzdanim-saveznikom\\\/\"},\"author\":{\"name\":\"dmcsrbija.com@gmail.com\",\"@id\":\"https:\\\/\\\/dmcsrb.com\\\/#\\\/schema\\\/person\\\/5c39170f12db1b8b457732d0b5c854e2\"},\"headline\":\"Ve\u0107ina Ukrajinaca smatra Evropu pouzdanim saveznikom\",\"datePublished\":\"2025-08-12T16:47:00+00:00\",\"mainEntityOfPage\":{\"@id\":\"https:\\\/\\\/dmcsrb.com\\\/svijet\\\/vecina-ukrajinaca-smatra-evropu-pouzdanim-saveznikom\\\/\"},\"wordCount\":127,\"commentCount\":0,\"image\":{\"@id\":\"https:\\\/\\\/dmcsrb.com\\\/svijet\\\/vecina-ukrajinaca-smatra-evropu-pouzdanim-saveznikom\\\/#primaryimage\"},\"thumbnailUrl\":\"https:\\\/\\\/dmcsrb.com\\\/wp-content\\\/uploads\\\/2026\\\/01\\\/ukrajina.webp\",\"keywords\":[\"anketa\",\"Evrop\",\"SAD\",\"Ukrajina\"],\"articleSection\":[\"Svijet\"],\"inLanguage\":\"en-GB\",\"potentialAction\":[{\"@type\":\"CommentAction\",\"name\":\"Comment\",\"target\":[\"https:\\\/\\\/dmcsrb.com\\\/svijet\\\/vecina-ukrajinaca-smatra-evropu-pouzdanim-saveznikom\\\/#respond\"]}]},{\"@type\":\"WebPage\",\"@id\":\"https:\\\/\\\/dmcsrb.com\\\/svijet\\\/vecina-ukrajinaca-smatra-evropu-pouzdanim-saveznikom\\\/\",\"url\":\"https:\\\/\\\/dmcsrb.com\\\/svijet\\\/vecina-ukrajinaca-smatra-evropu-pouzdanim-saveznikom\\\/\",\"name\":\"Ve\u0107ina Ukrajinaca smatra Evropu pouzdanim saveznikom - dmcsrb.com\",\"isPartOf\":{\"@id\":\"https:\\\/\\\/dmcsrb.com\\\/#website\"},\"primaryImageOfPage\":{\"@id\":\"https:\\\/\\\/dmcsrb.com\\\/svijet\\\/vecina-ukrajinaca-smatra-evropu-pouzdanim-saveznikom\\\/#primaryimage\"},\"image\":{\"@id\":\"https:\\\/\\\/dmcsrb.com\\\/svijet\\\/vecina-ukrajinaca-smatra-evropu-pouzdanim-saveznikom\\\/#primaryimage\"},\"thumbnailUrl\":\"https:\\\/\\\/dmcsrb.com\\\/wp-content\\\/uploads\\\/2026\\\/01\\\/ukrajina.webp\",\"datePublished\":\"2025-08-12T16:47:00+00:00\",\"author\":{\"@id\":\"https:\\\/\\\/dmcsrb.com\\\/#\\\/schema\\\/person\\\/5c39170f12db1b8b457732d0b5c854e2\"},\"breadcrumb\":{\"@id\":\"https:\\\/\\\/dmcsrb.com\\\/svijet\\\/vecina-ukrajinaca-smatra-evropu-pouzdanim-saveznikom\\\/#breadcrumb\"},\"inLanguage\":\"en-GB\",\"potentialAction\":[{\"@type\":\"ReadAction\",\"target\":[\"https:\\\/\\\/dmcsrb.com\\\/svijet\\\/vecina-ukrajinaca-smatra-evropu-pouzdanim-saveznikom\\\/\"]}]},{\"@type\":\"ImageObject\",\"inLanguage\":\"en-GB\",\"@id\":\"https:\\\/\\\/dmcsrb.com\\\/svijet\\\/vecina-ukrajinaca-smatra-evropu-pouzdanim-saveznikom\\\/#primaryimage\",\"url\":\"https:\\\/\\\/dmcsrb.com\\\/wp-content\\\/uploads\\\/2026\\\/01\\\/ukrajina.webp\",\"contentUrl\":\"https:\\\/\\\/dmcsrb.com\\\/wp-content\\\/uploads\\\/2026\\\/01\\\/ukrajina.webp\",\"width\":612,\"height\":402},{\"@type\":\"BreadcrumbList\",\"@id\":\"https:\\\/\\\/dmcsrb.com\\\/svijet\\\/vecina-ukrajinaca-smatra-evropu-pouzdanim-saveznikom\\\/#breadcrumb\",\"itemListElement\":[{\"@type\":\"ListItem\",\"position\":1,\"name\":\"Home\",\"item\":\"https:\\\/\\\/dmcsrb.com\\\/\"},{\"@type\":\"ListItem\",\"position\":2,\"name\":\"Ve\u0107ina Ukrajinaca smatra Evropu pouzdanim saveznikom\"}]},{\"@type\":\"WebSite\",\"@id\":\"https:\\\/\\\/dmcsrb.com\\\/#website\",\"url\":\"https:\\\/\\\/dmcsrb.com\\\/\",\"name\":\"dmcsrb.com\",\"description\":\"\",\"potentialAction\":[{\"@type\":\"SearchAction\",\"target\":{\"@type\":\"EntryPoint\",\"urlTemplate\":\"https:\\\/\\\/dmcsrb.com\\\/?s={search_term_string}\"},\"query-input\":{\"@type\":\"PropertyValueSpecification\",\"valueRequired\":true,\"valueName\":\"search_term_string\"}}],\"inLanguage\":\"en-GB\"},{\"@type\":\"Person\",\"@id\":\"https:\\\/\\\/dmcsrb.com\\\/#\\\/schema\\\/person\\\/5c39170f12db1b8b457732d0b5c854e2\",\"name\":\"dmcsrbija.com@gmail.com\",\"image\":{\"@type\":\"ImageObject\",\"inLanguage\":\"en-GB\",\"@id\":\"https:\\\/\\\/secure.gravatar.com\\\/avatar\\\/68592660ad6347fad0fb587f8d5d8f1a7b44961362f56e4f2cd524feb87e9069?s=96&d=mm&r=g\",\"url\":\"https:\\\/\\\/secure.gravatar.com\\\/avatar\\\/68592660ad6347fad0fb587f8d5d8f1a7b44961362f56e4f2cd524feb87e9069?s=96&d=mm&r=g\",\"contentUrl\":\"https:\\\/\\\/secure.gravatar.com\\\/avatar\\\/68592660ad6347fad0fb587f8d5d8f1a7b44961362f56e4f2cd524feb87e9069?s=96&d=mm&r=g\",\"caption\":\"dmcsrbija.com@gmail.com\"},\"sameAs\":[\"https:\\\/\\\/dmcsrb.com\"],\"url\":\"https:\\\/\\\/dmcsrb.com\\\/en\\\/author\\\/dmcsrbija-comgmail-com\\\/\"}]}<\/script>\n<!-- \/ Yoast SEO plugin. -->","yoast_head_json":{"title":"Ve\u0107ina Ukrajinaca smatra Evropu pouzdanim saveznikom - dmcsrb.com","robots":{"index":"index","follow":"follow","max-snippet":"max-snippet:-1","max-image-preview":"max-image-preview:large","max-video-preview":"max-video-preview:-1"},"canonical":"https:\/\/dmcsrb.com\/en\/svijet\/vecina-ukrajinaca-smatra-evropu-pouzdanim-saveznikom\/","og_locale":"en_GB","og_type":"article","og_title":"Ve\u0107ina Ukrajinaca smatra Evropu pouzdanim saveznikom - dmcsrb.com","og_description":"Velika ve\u0107ina ukrajinskih gra\u0111ana i dalje smatra Evropu pouzdanim saveznikom Ukrajine, ali se njihov stav prema Sjedinjenim Dr\u017eavama promenio u zavisnosti od izjava predsednika Donalda Trampa.","og_url":"https:\/\/dmcsrb.com\/en\/svijet\/vecina-ukrajinaca-smatra-evropu-pouzdanim-saveznikom\/","og_site_name":"dmcsrb.com","article_published_time":"2025-08-12T16:47:00+00:00","og_image":[{"width":612,"height":402,"url":"https:\/\/dmcsrb.com\/wp-content\/uploads\/2026\/01\/ukrajina.webp","type":"image\/webp"}],"author":"dmcsrbija.com@gmail.com","twitter_card":"summary_large_image","twitter_misc":{"Written by":"dmcsrbija.com@gmail.com","Estimated reading time":"1 minute"},"schema":{"@context":"https:\/\/schema.org","@graph":[{"@type":"Article","@id":"https:\/\/dmcsrb.com\/svijet\/vecina-ukrajinaca-smatra-evropu-pouzdanim-saveznikom\/#article","isPartOf":{"@id":"https:\/\/dmcsrb.com\/svijet\/vecina-ukrajinaca-smatra-evropu-pouzdanim-saveznikom\/"},"author":{"name":"dmcsrbija.com@gmail.com","@id":"https:\/\/dmcsrb.com\/#\/schema\/person\/5c39170f12db1b8b457732d0b5c854e2"},"headline":"Ve\u0107ina Ukrajinaca smatra Evropu pouzdanim saveznikom","datePublished":"2025-08-12T16:47:00+00:00","mainEntityOfPage":{"@id":"https:\/\/dmcsrb.com\/svijet\/vecina-ukrajinaca-smatra-evropu-pouzdanim-saveznikom\/"},"wordCount":127,"commentCount":0,"image":{"@id":"https:\/\/dmcsrb.com\/svijet\/vecina-ukrajinaca-smatra-evropu-pouzdanim-saveznikom\/#primaryimage"},"thumbnailUrl":"https:\/\/dmcsrb.com\/wp-content\/uploads\/2026\/01\/ukrajina.webp","keywords":["anketa","Evrop","SAD","Ukrajina"],"articleSection":["Svijet"],"inLanguage":"en-GB","potentialAction":[{"@type":"CommentAction","name":"Comment","target":["https:\/\/dmcsrb.com\/svijet\/vecina-ukrajinaca-smatra-evropu-pouzdanim-saveznikom\/#respond"]}]},{"@type":"WebPage","@id":"https:\/\/dmcsrb.com\/svijet\/vecina-ukrajinaca-smatra-evropu-pouzdanim-saveznikom\/","url":"https:\/\/dmcsrb.com\/svijet\/vecina-ukrajinaca-smatra-evropu-pouzdanim-saveznikom\/","name":"Ve\u0107ina Ukrajinaca smatra Evropu pouzdanim saveznikom - dmcsrb.com","isPartOf":{"@id":"https:\/\/dmcsrb.com\/#website"},"primaryImageOfPage":{"@id":"https:\/\/dmcsrb.com\/svijet\/vecina-ukrajinaca-smatra-evropu-pouzdanim-saveznikom\/#primaryimage"},"image":{"@id":"https:\/\/dmcsrb.com\/svijet\/vecina-ukrajinaca-smatra-evropu-pouzdanim-saveznikom\/#primaryimage"},"thumbnailUrl":"https:\/\/dmcsrb.com\/wp-content\/uploads\/2026\/01\/ukrajina.webp","datePublished":"2025-08-12T16:47:00+00:00","author":{"@id":"https:\/\/dmcsrb.com\/#\/schema\/person\/5c39170f12db1b8b457732d0b5c854e2"},"breadcrumb":{"@id":"https:\/\/dmcsrb.com\/svijet\/vecina-ukrajinaca-smatra-evropu-pouzdanim-saveznikom\/#breadcrumb"},"inLanguage":"en-GB","potentialAction":[{"@type":"ReadAction","target":["https:\/\/dmcsrb.com\/svijet\/vecina-ukrajinaca-smatra-evropu-pouzdanim-saveznikom\/"]}]},{"@type":"ImageObject","inLanguage":"en-GB","@id":"https:\/\/dmcsrb.com\/svijet\/vecina-ukrajinaca-smatra-evropu-pouzdanim-saveznikom\/#primaryimage","url":"https:\/\/dmcsrb.com\/wp-content\/uploads\/2026\/01\/ukrajina.webp","contentUrl":"https:\/\/dmcsrb.com\/wp-content\/uploads\/2026\/01\/ukrajina.webp","width":612,"height":402},{"@type":"BreadcrumbList","@id":"https:\/\/dmcsrb.com\/svijet\/vecina-ukrajinaca-smatra-evropu-pouzdanim-saveznikom\/#breadcrumb","itemListElement":[{"@type":"ListItem","position":1,"name":"Home","item":"https:\/\/dmcsrb.com\/"},{"@type":"ListItem","position":2,"name":"Ve\u0107ina Ukrajinaca smatra Evropu pouzdanim saveznikom"}]},{"@type":"WebSite","@id":"https:\/\/dmcsrb.com\/#website","url":"https:\/\/dmcsrb.com\/","name":"dmcsrb.com","description":"","potentialAction":[{"@type":"SearchAction","target":{"@type":"EntryPoint","urlTemplate":"https:\/\/dmcsrb.com\/?s={search_term_string}"},"query-input":{"@type":"PropertyValueSpecification","valueRequired":true,"valueName":"search_term_string"}}],"inLanguage":"en-GB"},{"@type":"Person","@id":"https:\/\/dmcsrb.com\/#\/schema\/person\/5c39170f12db1b8b457732d0b5c854e2","name":"dmcsrbija.com@gmail.com","image":{"@type":"ImageObject","inLanguage":"en-GB","@id":"https:\/\/secure.gravatar.com\/avatar\/68592660ad6347fad0fb587f8d5d8f1a7b44961362f56e4f2cd524feb87e9069?s=96&d=mm&r=g","url":"https:\/\/secure.gravatar.com\/avatar\/68592660ad6347fad0fb587f8d5d8f1a7b44961362f56e4f2cd524feb87e9069?s=96&d=mm&r=g","contentUrl":"https:\/\/secure.gravatar.com\/avatar\/68592660ad6347fad0fb587f8d5d8f1a7b44961362f56e4f2cd524feb87e9069?s=96&d=mm&r=g","caption":"dmcsrbija.com@gmail.com"},"sameAs":["https:\/\/dmcsrb.com"],"url":"https:\/\/dmcsrb.com\/en\/author\/dmcsrbija-comgmail-com\/"}]}},"_links":{"self":[{"href":"https:\/\/dmcsrb.com\/en\/wp-json\/wp\/v2\/posts\/945832","targetHints":{"allow":["GET"]}}],"collection":[{"href":"https:\/\/dmcsrb.com\/en\/wp-json\/wp\/v2\/posts"}],"about":[{"href":"https:\/\/dmcsrb.com\/en\/wp-json\/wp\/v2\/types\/post"}],"author":[{"embeddable":true,"href":"https:\/\/dmcsrb.com\/en\/wp-json\/wp\/v2\/users\/1"}],"replies":[{"embeddable":true,"href":"https:\/\/dmcsrb.com\/en\/wp-json\/wp\/v2\/comments?post=945832"}],"version-history":[{"count":0,"href":"https:\/\/dmcsrb.com\/en\/wp-json\/wp\/v2\/posts\/945832\/revisions"}],"wp:featuredmedia":[{"embeddable":true,"href":"https:\/\/dmcsrb.com\/en\/wp-json\/wp\/v2\/media\/944703"}],"wp:attachment":[{"href":"https:\/\/dmcsrb.com\/en\/wp-json\/wp\/v2\/media?parent=945832"}],"wp:term":[{"taxonomy":"category","embeddable":true,"href":"https:\/\/dmcsrb.com\/en\/wp-json\/wp\/v2\/categories?post=945832"},{"taxonomy":"post_tag","embeddable":true,"href":"https:\/\/dmcsrb.com\/en\/wp-json\/wp\/v2\/tags?post=945832"},{"taxonomy":"naslovna","embeddable":true,"href":"https:\/\/dmcsrb.com\/en\/wp-json\/wp\/v2\/naslovna?post=945832"}],"curies":[{"name":"wp","href":"https:\/\/api.w.org\/{rel}","templated":true}]}}