{"id":945821,"date":"2025-08-12T14:49:36","date_gmt":"2025-08-12T12:49:36","guid":{"rendered":"https:\/\/dmcsrb.com\/uncategorized\/gusti-dim-smanjio-vidljivost-terena-sto-je-dovelo-do-nesrece-u-kojoj-je-stradao-vojnik\/"},"modified":"2025-08-12T14:49:36","modified_gmt":"2025-08-12T12:49:36","slug":"gusti-dim-smanjio-vidljivost-terena-sto-je-dovelo-do-nesrece-u-kojoj-je-stradao-vojnik","status":"publish","type":"post","link":"https:\/\/dmcsrb.com\/en\/drustvo\/gusti-dim-smanjio-vidljivost-terena-sto-je-dovelo-do-nesrece-u-kojoj-je-stradao-vojnik\/","title":{"rendered":"Gusti dim smanjio vidljivost terena \u0161to je dovelo do nesre\u0107e u kojoj je stradao vojnik"},"content":{"rendered":"<p><\/p>\n\n\n\n<p><\/p>\n\n\n\n<p>Ministar je kazao da je povrije\u0111eni Ikovi\u0107 na operaciji karli\u010dne kosti i ima nagnje\u010denje plu\u0107a.<\/p>\n\n\n\n<p>&#8220;\u017delim da izrazim najdublje sau\u010de\u0161\u0107e porodici Bo\u017eovi\u0107 i uputim podr\u0161ku njihovim kolegama&#8221;, kazao je Krapovi\u0107.<\/p>\n\n\n\n<p>Gusti dim je smanjio vidljivost terena i to je dovelo do nesre\u0107e, kazao je Krapovi\u0107.<\/p>\n\n\n\n<p>&#8220;Moram da ka\u017eem da Ikovi\u0107 i Bo\u017eovi\u0107 nijesu sino\u0107 bili anga\u017eovani na ga\u0161enju po\u017eara. Njihov anga\u017eman je po\u010deo jutros&#8221;, kazao je ministar.<\/p>\n\n\n\n<p>Kako su kazali iz Ministarstva odbrane, mla\u0111i vodnik Dejan Bo\u017eovi\u0107 iz Danilovgrada smrtno je stradao, a vodnik Marko Ikovi\u0107 zadobio je te\u0161ke tjelesne povrede tokom anga\u017eovanja na ga\u0161enju po\u017eara u rejonu Ku\u010da.<\/p>\n\n\n\n<p>Nesre\u0107a se dogodila kada se cisterna za vodu, kojom su upravljali, prevrnula i skliznula niz strmu padinu pored puta ka mjestu Kupusci u Ku\u010dima.<\/p>\n\n\n\n<p>&#8220;Mla\u0111i vodnik Bo\u017eovi\u0107 bio je pripadnik 1. pje\u0161adijskog bataljona, o\u017eenjen i otac \u010detvoro djece. U slu\u017ebi u Vojsci je bio od 2006. godine, a vr\u0161io je du\u017enost ni\u0161and\u017eije na minobaca\u010du 120mm. Povrije\u0111eni vodnik Ikovi\u0107, tako\u0111e pripadnik 1. pje\u0161adijskog bataljona, zbrinut je i prevezen na medicinsko lije\u010denje. On ima te\u0161ke tjelesne povrede, ali je trenutno stabilno i nalazi se u svjesnom stanju&#8221;, istakli su iz MO.<\/p>\n\n\n\n<p>Vojska Crne Gore, u saradnji sa nadle\u017enim organima, sprovodi istragu radi utvr\u0111ivanja uzroka i okolnosti nesre\u0107e.<\/p>\n\n\n\n<p><\/p>","protected":false},"excerpt":{"rendered":"<p>Ministar odbrane Dragan Krapovi\u0107 kazao je da su se Ministarstvo i Vojska suo\u010dili sa ogromnim gubitkom. Krapovi\u0107 je rekao da se nesre\u0107a u kojoj je jedan vojnik poginuo, a drugi povrije\u0111en do\u0161lo usljed smanjene vidljivosti koju je prouzrokovao gust dim. On je rekao da je ova nesre\u0107a pokazala da iza uniformi stoje ljudi.<\/p>","protected":false},"author":1,"featured_media":945822,"comment_status":"open","ping_status":"open","sticky":false,"template":"","format":"standard","meta":{"_acf_changed":false,"footnotes":""},"categories":[2],"tags":[60,17454,1941,12668],"naslovna":[],"class_list":["post-945821","post","type-post","status-publish","format-standard","has-post-thumbnail","hentry","category-drustvo","tag-dragan-krapovic","tag-gusti-dim","tag-nesreca","tag-vojnik"],"acf":[],"yoast_head":"<!-- This site is optimized with the Yoast SEO plugin v27.0 - https:\/\/yoast.com\/product\/yoast-seo-wordpress\/ -->\n<title>Gusti dim smanjio vidljivost terena \u0161to je dovelo do nesre\u0107e u kojoj je stradao vojnik - dmcsrb.com<\/title>\n<meta name=\"robots\" content=\"index, follow, max-snippet:-1, max-image-preview:large, max-video-preview:-1\" \/>\n<link rel=\"canonical\" href=\"https:\/\/dmcsrb.com\/en\/drustvo\/gusti-dim-smanjio-vidljivost-terena-sto-je-dovelo-do-nesrece-u-kojoj-je-stradao-vojnik\/\" \/>\n<meta property=\"og:locale\" content=\"en_GB\" \/>\n<meta property=\"og:type\" content=\"article\" \/>\n<meta property=\"og:title\" content=\"Gusti dim smanjio vidljivost terena \u0161to je dovelo do nesre\u0107e u kojoj je stradao vojnik - dmcsrb.com\" \/>\n<meta property=\"og:description\" content=\"Ministar odbrane Dragan Krapovi\u0107 kazao je da su se Ministarstvo i Vojska suo\u010dili sa ogromnim gubitkom. Krapovi\u0107 je rekao da se nesre\u0107a u kojoj je jedan vojnik poginuo, a drugi povrije\u0111en do\u0161lo usljed smanjene vidljivosti koju je prouzrokovao gust dim. On je rekao da je ova nesre\u0107a pokazala da iza uniformi stoje ljudi.\" \/>\n<meta property=\"og:url\" content=\"https:\/\/dmcsrb.com\/en\/drustvo\/gusti-dim-smanjio-vidljivost-terena-sto-je-dovelo-do-nesrece-u-kojoj-je-stradao-vojnik\/\" \/>\n<meta property=\"og:site_name\" content=\"dmcsrb.com\" \/>\n<meta property=\"article:published_time\" content=\"2025-08-12T12:49:36+00:00\" \/>\n<meta property=\"og:image\" content=\"https:\/\/dmcsrb.com\/wp-content\/uploads\/2026\/01\/krapovic1.webp\" \/>\n\t<meta property=\"og:image:width\" content=\"909\" \/>\n\t<meta property=\"og:image:height\" content=\"474\" \/>\n\t<meta property=\"og:image:type\" content=\"image\/jpeg\" \/>\n<meta name=\"author\" content=\"dmcsrbija.com@gmail.com\" \/>\n<meta name=\"twitter:card\" content=\"summary_large_image\" \/>\n<meta name=\"twitter:label1\" content=\"Written by\" \/>\n\t<meta name=\"twitter:data1\" content=\"dmcsrbija.com@gmail.com\" \/>\n\t<meta name=\"twitter:label2\" content=\"Estimated reading time\" \/>\n\t<meta name=\"twitter:data2\" content=\"1 minute\" \/>\n<script type=\"application\/ld+json\" class=\"yoast-schema-graph\">{\"@context\":\"https:\/\/schema.org\",\"@graph\":[{\"@type\":\"Article\",\"@id\":\"https:\/\/dmcsrb.com\/drustvo\/gusti-dim-smanjio-vidljivost-terena-sto-je-dovelo-do-nesrece-u-kojoj-je-stradao-vojnik\/#article\",\"isPartOf\":{\"@id\":\"https:\/\/dmcsrb.com\/drustvo\/gusti-dim-smanjio-vidljivost-terena-sto-je-dovelo-do-nesrece-u-kojoj-je-stradao-vojnik\/\"},\"author\":{\"name\":\"dmcsrbija.com@gmail.com\",\"@id\":\"https:\/\/dmcsrb.com\/#\/schema\/person\/5c39170f12db1b8b457732d0b5c854e2\"},\"headline\":\"Gusti dim smanjio vidljivost terena \u0161to je dovelo do nesre\u0107e u kojoj je stradao vojnik\",\"datePublished\":\"2025-08-12T12:49:36+00:00\",\"mainEntityOfPage\":{\"@id\":\"https:\/\/dmcsrb.com\/drustvo\/gusti-dim-smanjio-vidljivost-terena-sto-je-dovelo-do-nesrece-u-kojoj-je-stradao-vojnik\/\"},\"wordCount\":260,\"commentCount\":0,\"image\":{\"@id\":\"https:\/\/dmcsrb.com\/drustvo\/gusti-dim-smanjio-vidljivost-terena-sto-je-dovelo-do-nesrece-u-kojoj-je-stradao-vojnik\/#primaryimage\"},\"thumbnailUrl\":\"https:\/\/dmcsrb.com\/wp-content\/uploads\/2026\/01\/krapovic1.webp\",\"keywords\":[\"Dragan Krapovi\u0107\",\"gusti dim\",\"nesreca\",\"vojnik\"],\"articleSection\":[\"Dru\u0161tvo\"],\"inLanguage\":\"en-GB\",\"potentialAction\":[{\"@type\":\"CommentAction\",\"name\":\"Comment\",\"target\":[\"https:\/\/dmcsrb.com\/drustvo\/gusti-dim-smanjio-vidljivost-terena-sto-je-dovelo-do-nesrece-u-kojoj-je-stradao-vojnik\/#respond\"]}]},{\"@type\":\"WebPage\",\"@id\":\"https:\/\/dmcsrb.com\/drustvo\/gusti-dim-smanjio-vidljivost-terena-sto-je-dovelo-do-nesrece-u-kojoj-je-stradao-vojnik\/\",\"url\":\"https:\/\/dmcsrb.com\/drustvo\/gusti-dim-smanjio-vidljivost-terena-sto-je-dovelo-do-nesrece-u-kojoj-je-stradao-vojnik\/\",\"name\":\"Gusti dim smanjio vidljivost terena \u0161to je dovelo do nesre\u0107e u kojoj je stradao vojnik - dmcsrb.com\",\"isPartOf\":{\"@id\":\"https:\/\/dmcsrb.com\/#website\"},\"primaryImageOfPage\":{\"@id\":\"https:\/\/dmcsrb.com\/drustvo\/gusti-dim-smanjio-vidljivost-terena-sto-je-dovelo-do-nesrece-u-kojoj-je-stradao-vojnik\/#primaryimage\"},\"image\":{\"@id\":\"https:\/\/dmcsrb.com\/drustvo\/gusti-dim-smanjio-vidljivost-terena-sto-je-dovelo-do-nesrece-u-kojoj-je-stradao-vojnik\/#primaryimage\"},\"thumbnailUrl\":\"https:\/\/dmcsrb.com\/wp-content\/uploads\/2026\/01\/krapovic1.webp\",\"datePublished\":\"2025-08-12T12:49:36+00:00\",\"author\":{\"@id\":\"https:\/\/dmcsrb.com\/#\/schema\/person\/5c39170f12db1b8b457732d0b5c854e2\"},\"breadcrumb\":{\"@id\":\"https:\/\/dmcsrb.com\/drustvo\/gusti-dim-smanjio-vidljivost-terena-sto-je-dovelo-do-nesrece-u-kojoj-je-stradao-vojnik\/#breadcrumb\"},\"inLanguage\":\"en-GB\",\"potentialAction\":[{\"@type\":\"ReadAction\",\"target\":[\"https:\/\/dmcsrb.com\/drustvo\/gusti-dim-smanjio-vidljivost-terena-sto-je-dovelo-do-nesrece-u-kojoj-je-stradao-vojnik\/\"]}]},{\"@type\":\"ImageObject\",\"inLanguage\":\"en-GB\",\"@id\":\"https:\/\/dmcsrb.com\/drustvo\/gusti-dim-smanjio-vidljivost-terena-sto-je-dovelo-do-nesrece-u-kojoj-je-stradao-vojnik\/#primaryimage\",\"url\":\"https:\/\/dmcsrb.com\/wp-content\/uploads\/2026\/01\/krapovic1.webp\",\"contentUrl\":\"https:\/\/dmcsrb.com\/wp-content\/uploads\/2026\/01\/krapovic1.webp\",\"width\":909,\"height\":474},{\"@type\":\"BreadcrumbList\",\"@id\":\"https:\/\/dmcsrb.com\/drustvo\/gusti-dim-smanjio-vidljivost-terena-sto-je-dovelo-do-nesrece-u-kojoj-je-stradao-vojnik\/#breadcrumb\",\"itemListElement\":[{\"@type\":\"ListItem\",\"position\":1,\"name\":\"Home\",\"item\":\"https:\/\/dmcsrb.com\/\"},{\"@type\":\"ListItem\",\"position\":2,\"name\":\"Gusti dim smanjio vidljivost terena \u0161to je dovelo do nesre\u0107e u kojoj je stradao vojnik\"}]},{\"@type\":\"WebSite\",\"@id\":\"https:\/\/dmcsrb.com\/#website\",\"url\":\"https:\/\/dmcsrb.com\/\",\"name\":\"dmcsrb.com\",\"description\":\"\",\"potentialAction\":[{\"@type\":\"SearchAction\",\"target\":{\"@type\":\"EntryPoint\",\"urlTemplate\":\"https:\/\/dmcsrb.com\/?s={search_term_string}\"},\"query-input\":{\"@type\":\"PropertyValueSpecification\",\"valueRequired\":true,\"valueName\":\"search_term_string\"}}],\"inLanguage\":\"en-GB\"},{\"@type\":\"Person\",\"@id\":\"https:\/\/dmcsrb.com\/#\/schema\/person\/5c39170f12db1b8b457732d0b5c854e2\",\"name\":\"dmcsrbija.com@gmail.com\",\"image\":{\"@type\":\"ImageObject\",\"inLanguage\":\"en-GB\",\"@id\":\"https:\/\/dmcsrb.com\/#\/schema\/person\/image\/\",\"url\":\"https:\/\/secure.gravatar.com\/avatar\/68592660ad6347fad0fb587f8d5d8f1a7b44961362f56e4f2cd524feb87e9069?s=96&d=mm&r=g\",\"contentUrl\":\"https:\/\/secure.gravatar.com\/avatar\/68592660ad6347fad0fb587f8d5d8f1a7b44961362f56e4f2cd524feb87e9069?s=96&d=mm&r=g\",\"caption\":\"dmcsrbija.com@gmail.com\"},\"sameAs\":[\"https:\/\/dmcsrb.com\"],\"url\":\"https:\/\/dmcsrb.com\/en\/author\/dmcsrbija-comgmail-com\/\"}]}<\/script>\n<!-- \/ Yoast SEO plugin. -->","yoast_head_json":{"title":"Gusti dim smanjio vidljivost terena \u0161to je dovelo do nesre\u0107e u kojoj je stradao vojnik - dmcsrb.com","robots":{"index":"index","follow":"follow","max-snippet":"max-snippet:-1","max-image-preview":"max-image-preview:large","max-video-preview":"max-video-preview:-1"},"canonical":"https:\/\/dmcsrb.com\/en\/drustvo\/gusti-dim-smanjio-vidljivost-terena-sto-je-dovelo-do-nesrece-u-kojoj-je-stradao-vojnik\/","og_locale":"en_GB","og_type":"article","og_title":"Gusti dim smanjio vidljivost terena \u0161to je dovelo do nesre\u0107e u kojoj je stradao vojnik - dmcsrb.com","og_description":"Ministar odbrane Dragan Krapovi\u0107 kazao je da su se Ministarstvo i Vojska suo\u010dili sa ogromnim gubitkom. Krapovi\u0107 je rekao da se nesre\u0107a u kojoj je jedan vojnik poginuo, a drugi povrije\u0111en do\u0161lo usljed smanjene vidljivosti koju je prouzrokovao gust dim. On je rekao da je ova nesre\u0107a pokazala da iza uniformi stoje ljudi.","og_url":"https:\/\/dmcsrb.com\/en\/drustvo\/gusti-dim-smanjio-vidljivost-terena-sto-je-dovelo-do-nesrece-u-kojoj-je-stradao-vojnik\/","og_site_name":"dmcsrb.com","article_published_time":"2025-08-12T12:49:36+00:00","og_image":[{"width":909,"height":474,"url":"https:\/\/dmcsrb.com\/wp-content\/uploads\/2026\/01\/krapovic1.webp","type":"image\/jpeg"}],"author":"dmcsrbija.com@gmail.com","twitter_card":"summary_large_image","twitter_misc":{"Written by":"dmcsrbija.com@gmail.com","Estimated reading time":"1 minute"},"schema":{"@context":"https:\/\/schema.org","@graph":[{"@type":"Article","@id":"https:\/\/dmcsrb.com\/drustvo\/gusti-dim-smanjio-vidljivost-terena-sto-je-dovelo-do-nesrece-u-kojoj-je-stradao-vojnik\/#article","isPartOf":{"@id":"https:\/\/dmcsrb.com\/drustvo\/gusti-dim-smanjio-vidljivost-terena-sto-je-dovelo-do-nesrece-u-kojoj-je-stradao-vojnik\/"},"author":{"name":"dmcsrbija.com@gmail.com","@id":"https:\/\/dmcsrb.com\/#\/schema\/person\/5c39170f12db1b8b457732d0b5c854e2"},"headline":"Gusti dim smanjio vidljivost terena \u0161to je dovelo do nesre\u0107e u kojoj je stradao vojnik","datePublished":"2025-08-12T12:49:36+00:00","mainEntityOfPage":{"@id":"https:\/\/dmcsrb.com\/drustvo\/gusti-dim-smanjio-vidljivost-terena-sto-je-dovelo-do-nesrece-u-kojoj-je-stradao-vojnik\/"},"wordCount":260,"commentCount":0,"image":{"@id":"https:\/\/dmcsrb.com\/drustvo\/gusti-dim-smanjio-vidljivost-terena-sto-je-dovelo-do-nesrece-u-kojoj-je-stradao-vojnik\/#primaryimage"},"thumbnailUrl":"https:\/\/dmcsrb.com\/wp-content\/uploads\/2026\/01\/krapovic1.webp","keywords":["Dragan Krapovi\u0107","gusti dim","nesreca","vojnik"],"articleSection":["Dru\u0161tvo"],"inLanguage":"en-GB","potentialAction":[{"@type":"CommentAction","name":"Comment","target":["https:\/\/dmcsrb.com\/drustvo\/gusti-dim-smanjio-vidljivost-terena-sto-je-dovelo-do-nesrece-u-kojoj-je-stradao-vojnik\/#respond"]}]},{"@type":"WebPage","@id":"https:\/\/dmcsrb.com\/drustvo\/gusti-dim-smanjio-vidljivost-terena-sto-je-dovelo-do-nesrece-u-kojoj-je-stradao-vojnik\/","url":"https:\/\/dmcsrb.com\/drustvo\/gusti-dim-smanjio-vidljivost-terena-sto-je-dovelo-do-nesrece-u-kojoj-je-stradao-vojnik\/","name":"Gusti dim smanjio vidljivost terena \u0161to je dovelo do nesre\u0107e u kojoj je stradao vojnik - dmcsrb.com","isPartOf":{"@id":"https:\/\/dmcsrb.com\/#website"},"primaryImageOfPage":{"@id":"https:\/\/dmcsrb.com\/drustvo\/gusti-dim-smanjio-vidljivost-terena-sto-je-dovelo-do-nesrece-u-kojoj-je-stradao-vojnik\/#primaryimage"},"image":{"@id":"https:\/\/dmcsrb.com\/drustvo\/gusti-dim-smanjio-vidljivost-terena-sto-je-dovelo-do-nesrece-u-kojoj-je-stradao-vojnik\/#primaryimage"},"thumbnailUrl":"https:\/\/dmcsrb.com\/wp-content\/uploads\/2026\/01\/krapovic1.webp","datePublished":"2025-08-12T12:49:36+00:00","author":{"@id":"https:\/\/dmcsrb.com\/#\/schema\/person\/5c39170f12db1b8b457732d0b5c854e2"},"breadcrumb":{"@id":"https:\/\/dmcsrb.com\/drustvo\/gusti-dim-smanjio-vidljivost-terena-sto-je-dovelo-do-nesrece-u-kojoj-je-stradao-vojnik\/#breadcrumb"},"inLanguage":"en-GB","potentialAction":[{"@type":"ReadAction","target":["https:\/\/dmcsrb.com\/drustvo\/gusti-dim-smanjio-vidljivost-terena-sto-je-dovelo-do-nesrece-u-kojoj-je-stradao-vojnik\/"]}]},{"@type":"ImageObject","inLanguage":"en-GB","@id":"https:\/\/dmcsrb.com\/drustvo\/gusti-dim-smanjio-vidljivost-terena-sto-je-dovelo-do-nesrece-u-kojoj-je-stradao-vojnik\/#primaryimage","url":"https:\/\/dmcsrb.com\/wp-content\/uploads\/2026\/01\/krapovic1.webp","contentUrl":"https:\/\/dmcsrb.com\/wp-content\/uploads\/2026\/01\/krapovic1.webp","width":909,"height":474},{"@type":"BreadcrumbList","@id":"https:\/\/dmcsrb.com\/drustvo\/gusti-dim-smanjio-vidljivost-terena-sto-je-dovelo-do-nesrece-u-kojoj-je-stradao-vojnik\/#breadcrumb","itemListElement":[{"@type":"ListItem","position":1,"name":"Home","item":"https:\/\/dmcsrb.com\/"},{"@type":"ListItem","position":2,"name":"Gusti dim smanjio vidljivost terena \u0161to je dovelo do nesre\u0107e u kojoj je stradao vojnik"}]},{"@type":"WebSite","@id":"https:\/\/dmcsrb.com\/#website","url":"https:\/\/dmcsrb.com\/","name":"dmcsrb.com","description":"","potentialAction":[{"@type":"SearchAction","target":{"@type":"EntryPoint","urlTemplate":"https:\/\/dmcsrb.com\/?s={search_term_string}"},"query-input":{"@type":"PropertyValueSpecification","valueRequired":true,"valueName":"search_term_string"}}],"inLanguage":"en-GB"},{"@type":"Person","@id":"https:\/\/dmcsrb.com\/#\/schema\/person\/5c39170f12db1b8b457732d0b5c854e2","name":"dmcsrbija.com@gmail.com","image":{"@type":"ImageObject","inLanguage":"en-GB","@id":"https:\/\/dmcsrb.com\/#\/schema\/person\/image\/","url":"https:\/\/secure.gravatar.com\/avatar\/68592660ad6347fad0fb587f8d5d8f1a7b44961362f56e4f2cd524feb87e9069?s=96&d=mm&r=g","contentUrl":"https:\/\/secure.gravatar.com\/avatar\/68592660ad6347fad0fb587f8d5d8f1a7b44961362f56e4f2cd524feb87e9069?s=96&d=mm&r=g","caption":"dmcsrbija.com@gmail.com"},"sameAs":["https:\/\/dmcsrb.com"],"url":"https:\/\/dmcsrb.com\/en\/author\/dmcsrbija-comgmail-com\/"}]}},"_links":{"self":[{"href":"https:\/\/dmcsrb.com\/en\/wp-json\/wp\/v2\/posts\/945821","targetHints":{"allow":["GET"]}}],"collection":[{"href":"https:\/\/dmcsrb.com\/en\/wp-json\/wp\/v2\/posts"}],"about":[{"href":"https:\/\/dmcsrb.com\/en\/wp-json\/wp\/v2\/types\/post"}],"author":[{"embeddable":true,"href":"https:\/\/dmcsrb.com\/en\/wp-json\/wp\/v2\/users\/1"}],"replies":[{"embeddable":true,"href":"https:\/\/dmcsrb.com\/en\/wp-json\/wp\/v2\/comments?post=945821"}],"version-history":[{"count":0,"href":"https:\/\/dmcsrb.com\/en\/wp-json\/wp\/v2\/posts\/945821\/revisions"}],"wp:featuredmedia":[{"embeddable":true,"href":"https:\/\/dmcsrb.com\/en\/wp-json\/wp\/v2\/media\/945822"}],"wp:attachment":[{"href":"https:\/\/dmcsrb.com\/en\/wp-json\/wp\/v2\/media?parent=945821"}],"wp:term":[{"taxonomy":"category","embeddable":true,"href":"https:\/\/dmcsrb.com\/en\/wp-json\/wp\/v2\/categories?post=945821"},{"taxonomy":"post_tag","embeddable":true,"href":"https:\/\/dmcsrb.com\/en\/wp-json\/wp\/v2\/tags?post=945821"},{"taxonomy":"naslovna","embeddable":true,"href":"https:\/\/dmcsrb.com\/en\/wp-json\/wp\/v2\/naslovna?post=945821"}],"curies":[{"name":"wp","href":"https:\/\/api.w.org\/{rel}","templated":true}]}}