{"id":945777,"date":"2025-08-12T11:59:00","date_gmt":"2025-08-12T09:59:00","guid":{"rendered":"https:\/\/dmcsrb.com\/uncategorized\/igor-nikic-nastavlja-karijeru-u-spaniji-crnogorski-golman-dvije-godine-u-mirandesu\/"},"modified":"2025-08-12T11:59:00","modified_gmt":"2025-08-12T09:59:00","slug":"igor-nikic-nastavlja-karijeru-u-spaniji-crnogorski-golman-dvije-godine-u-mirandesu","status":"publish","type":"post","link":"https:\/\/dmcsrb.com\/en\/sport\/igor-nikic-nastavlja-karijeru-u-spaniji-crnogorski-golman-dvije-godine-u-mirandesu\/","title":{"rendered":"Igor Niki\u0107 nastavlja karijeru u \u0160paniji: Crnogorski golman dvije godine u Mirandesu"},"content":{"rendered":"<p>Ovaj 24-godi\u0161nji Kotoranin ju\u010de je obavio ljekarske preglede, a danas je stavio paraf na dovogodi\u0161nji ugovor sa ekipom koja nastupa u Segundi (La Liga 2).<\/p>\n\n\n\n<figure class=\"wp-block-embed is-type-rich is-provider-twitter wp-block-embed-twitter\"><div class=\"wp-block-embed__wrapper\">\n<blockquote class=\"twitter-tweet\" data-width=\"500\" data-dnt=\"true\"><p lang=\"es\" dir=\"ltr\">OFICIAL | \ud835\udddc\ud835\uddf4\ud835\uddfc\ud835\uddff \ud835\udde1\ud835\uddf6\ud835\uddf8\ud835\uddf6\ud835\uddf0, nuevo portero del <a href=\"https:\/\/twitter.com\/hashtag\/CDMirand%C3%A9s?src=hash&amp;ref_src=twsrc%5Etfw\">#CDMirand\u00e9s<\/a> hasta junio de 2\u20e30\u20e32\u20e37\u20e3<a href=\"https:\/\/twitter.com\/hashtag\/BienvenidoNikic?src=hash&amp;ref_src=twsrc%5Etfw\">#BienvenidoNikic<\/a><\/p>&mdash; Club Deportivo Mirand\u00e9s (@CDMirandes) <a href=\"https:\/\/twitter.com\/CDMirandes\/status\/1955222756997345385?ref_src=twsrc%5Etfw\">August 12, 2025<\/a><\/blockquote><script async src=\"https:\/\/platform.twitter.com\/widgets.js\" charset=\"utf-8\"><\/script>\n<\/div><\/figure>\n\n\n\n<p>&#8220;Sa velikim zadovoljstvom obavje\u0161tavamo javnost da je na\u0161 reprezentativni golman Igor Niki\u0107 danas potpisao ugovor sa CD Mirand\u00e9s, klubom iz \u0160panije koji se takmi\u010di u La Ligi 2&#8221;, objavio je De\u010di\u0107.<\/p>\n\n\n\n<p>&#8220;Igoru se iskreno zahvaljujemo na svemu \u0161to je doprinio na\u0161em klubu i \u017eelimo mu puno sre\u0107e u novom klubu i nastavku svoje golmanske karijere&#8221;, dodaju iz redova aktuelnog osvaja\u010da Kupa. <\/p>\n\n\n\n<p>Dolazak Niki\u0107a ozvani\u010dio je i Mirandes koji je osnovan 1927. godine, a nikada nije igrao u La Ligi. Najbli\u017ei tome bio je upravo minule sezone kada je u finalu plej-ofa pora\u017een od Real Ovijeda na produ\u017eetke. <\/p>\n\n\n\n<p>Niki\u0107 je posljednje dvije sezone branio boje De\u010di\u0107a, a njegove sjajne partije nisu promakle selektoru Robertu Prosine\u010dkog koji ga je pozvao u reprezentaciju i brzo je postao &#8220;jedinica&#8221;. Do sada je upisao \u0161est nastupa.<\/p>\n\n\n\n<p>Prije De\u010di\u0107a, pouzdani \u010duvar me\u017ee nosio je dresove OFK Mladosti i Arsenala iz Tivta.<\/p>\n\n\n\n<p><\/p>","protected":false},"excerpt":{"rendered":"<p>Crnogorski reprezentativni golman i doju\u010dera\u0161nji golman De\u010di\u0107a, Igor Niki\u0107 novi je \u010dlan \u0161panskog Mirandesa.<\/p>","protected":false},"author":1,"featured_media":945778,"comment_status":"open","ping_status":"open","sticky":false,"template":"","format":"standard","meta":{"_acf_changed":false,"footnotes":""},"categories":[148],"tags":[1408,8330,17438],"naslovna":[],"class_list":["post-945777","post","type-post","status-publish","format-standard","has-post-thumbnail","hentry","category-sport","tag-fk-decic","tag-igor-nikic","tag-mirandes"],"acf":[],"yoast_head":"<!-- This site is optimized with the Yoast SEO plugin v27.4 - https:\/\/yoast.com\/product\/yoast-seo-wordpress\/ -->\n<title>Igor Niki\u0107 nastavlja karijeru u \u0160paniji: Crnogorski golman dvije godine u Mirandesu - dmcsrb.com<\/title>\n<meta name=\"robots\" content=\"index, follow, max-snippet:-1, max-image-preview:large, max-video-preview:-1\" \/>\n<link rel=\"canonical\" href=\"https:\/\/dmcsrb.com\/en\/sport\/igor-nikic-nastavlja-karijeru-u-spaniji-crnogorski-golman-dvije-godine-u-mirandesu\/\" \/>\n<meta property=\"og:locale\" content=\"en_GB\" \/>\n<meta property=\"og:type\" content=\"article\" \/>\n<meta property=\"og:title\" content=\"Igor Niki\u0107 nastavlja karijeru u \u0160paniji: Crnogorski golman dvije godine u Mirandesu - dmcsrb.com\" \/>\n<meta property=\"og:description\" content=\"Crnogorski reprezentativni golman i doju\u010dera\u0161nji golman De\u010di\u0107a, Igor Niki\u0107 novi je \u010dlan \u0161panskog Mirandesa.\" \/>\n<meta property=\"og:url\" content=\"https:\/\/dmcsrb.com\/en\/sport\/igor-nikic-nastavlja-karijeru-u-spaniji-crnogorski-golman-dvije-godine-u-mirandesu\/\" \/>\n<meta property=\"og:site_name\" content=\"dmcsrb.com\" \/>\n<meta property=\"article:published_time\" content=\"2025-08-12T09:59:00+00:00\" \/>\n<meta property=\"og:image\" content=\"https:\/\/dmcsrb.com\/wp-content\/uploads\/2026\/01\/Igor-Nikic-FSCG-.webp\" \/>\n\t<meta property=\"og:image:width\" content=\"1000\" \/>\n\t<meta property=\"og:image:height\" content=\"666\" \/>\n\t<meta property=\"og:image:type\" content=\"image\/jpeg\" \/>\n<meta name=\"author\" content=\"dmcsrbija.com@gmail.com\" \/>\n<meta name=\"twitter:card\" content=\"summary_large_image\" \/>\n<meta name=\"twitter:label1\" content=\"Written by\" \/>\n\t<meta name=\"twitter:data1\" content=\"dmcsrbija.com@gmail.com\" \/>\n\t<meta name=\"twitter:label2\" content=\"Estimated reading time\" \/>\n\t<meta name=\"twitter:data2\" content=\"1 minute\" \/>\n<script type=\"application\/ld+json\" class=\"yoast-schema-graph\">{\"@context\":\"https:\\\/\\\/schema.org\",\"@graph\":[{\"@type\":\"Article\",\"@id\":\"https:\\\/\\\/dmcsrb.com\\\/sport\\\/igor-nikic-nastavlja-karijeru-u-spaniji-crnogorski-golman-dvije-godine-u-mirandesu\\\/#article\",\"isPartOf\":{\"@id\":\"https:\\\/\\\/dmcsrb.com\\\/sport\\\/igor-nikic-nastavlja-karijeru-u-spaniji-crnogorski-golman-dvije-godine-u-mirandesu\\\/\"},\"author\":{\"name\":\"dmcsrbija.com@gmail.com\",\"@id\":\"https:\\\/\\\/dmcsrb.com\\\/#\\\/schema\\\/person\\\/5c39170f12db1b8b457732d0b5c854e2\"},\"headline\":\"Igor Niki\u0107 nastavlja karijeru u \u0160paniji: Crnogorski golman dvije godine u Mirandesu\",\"datePublished\":\"2025-08-12T09:59:00+00:00\",\"mainEntityOfPage\":{\"@id\":\"https:\\\/\\\/dmcsrb.com\\\/sport\\\/igor-nikic-nastavlja-karijeru-u-spaniji-crnogorski-golman-dvije-godine-u-mirandesu\\\/\"},\"wordCount\":205,\"commentCount\":0,\"image\":{\"@id\":\"https:\\\/\\\/dmcsrb.com\\\/sport\\\/igor-nikic-nastavlja-karijeru-u-spaniji-crnogorski-golman-dvije-godine-u-mirandesu\\\/#primaryimage\"},\"thumbnailUrl\":\"https:\\\/\\\/dmcsrb.com\\\/wp-content\\\/uploads\\\/2026\\\/01\\\/Igor-Nikic-FSCG-.webp\",\"keywords\":[\"FK De\u010di\u0107\",\"Igor Niki\u0107\",\"Mirandes\"],\"articleSection\":[\"Sport\"],\"inLanguage\":\"en-GB\",\"potentialAction\":[{\"@type\":\"CommentAction\",\"name\":\"Comment\",\"target\":[\"https:\\\/\\\/dmcsrb.com\\\/sport\\\/igor-nikic-nastavlja-karijeru-u-spaniji-crnogorski-golman-dvije-godine-u-mirandesu\\\/#respond\"]}]},{\"@type\":\"WebPage\",\"@id\":\"https:\\\/\\\/dmcsrb.com\\\/sport\\\/igor-nikic-nastavlja-karijeru-u-spaniji-crnogorski-golman-dvije-godine-u-mirandesu\\\/\",\"url\":\"https:\\\/\\\/dmcsrb.com\\\/sport\\\/igor-nikic-nastavlja-karijeru-u-spaniji-crnogorski-golman-dvije-godine-u-mirandesu\\\/\",\"name\":\"Igor Niki\u0107 nastavlja karijeru u \u0160paniji: Crnogorski golman dvije godine u Mirandesu - dmcsrb.com\",\"isPartOf\":{\"@id\":\"https:\\\/\\\/dmcsrb.com\\\/#website\"},\"primaryImageOfPage\":{\"@id\":\"https:\\\/\\\/dmcsrb.com\\\/sport\\\/igor-nikic-nastavlja-karijeru-u-spaniji-crnogorski-golman-dvije-godine-u-mirandesu\\\/#primaryimage\"},\"image\":{\"@id\":\"https:\\\/\\\/dmcsrb.com\\\/sport\\\/igor-nikic-nastavlja-karijeru-u-spaniji-crnogorski-golman-dvije-godine-u-mirandesu\\\/#primaryimage\"},\"thumbnailUrl\":\"https:\\\/\\\/dmcsrb.com\\\/wp-content\\\/uploads\\\/2026\\\/01\\\/Igor-Nikic-FSCG-.webp\",\"datePublished\":\"2025-08-12T09:59:00+00:00\",\"author\":{\"@id\":\"https:\\\/\\\/dmcsrb.com\\\/#\\\/schema\\\/person\\\/5c39170f12db1b8b457732d0b5c854e2\"},\"breadcrumb\":{\"@id\":\"https:\\\/\\\/dmcsrb.com\\\/sport\\\/igor-nikic-nastavlja-karijeru-u-spaniji-crnogorski-golman-dvije-godine-u-mirandesu\\\/#breadcrumb\"},\"inLanguage\":\"en-GB\",\"potentialAction\":[{\"@type\":\"ReadAction\",\"target\":[\"https:\\\/\\\/dmcsrb.com\\\/sport\\\/igor-nikic-nastavlja-karijeru-u-spaniji-crnogorski-golman-dvije-godine-u-mirandesu\\\/\"]}]},{\"@type\":\"ImageObject\",\"inLanguage\":\"en-GB\",\"@id\":\"https:\\\/\\\/dmcsrb.com\\\/sport\\\/igor-nikic-nastavlja-karijeru-u-spaniji-crnogorski-golman-dvije-godine-u-mirandesu\\\/#primaryimage\",\"url\":\"https:\\\/\\\/dmcsrb.com\\\/wp-content\\\/uploads\\\/2026\\\/01\\\/Igor-Nikic-FSCG-.webp\",\"contentUrl\":\"https:\\\/\\\/dmcsrb.com\\\/wp-content\\\/uploads\\\/2026\\\/01\\\/Igor-Nikic-FSCG-.webp\",\"width\":1000,\"height\":666},{\"@type\":\"BreadcrumbList\",\"@id\":\"https:\\\/\\\/dmcsrb.com\\\/sport\\\/igor-nikic-nastavlja-karijeru-u-spaniji-crnogorski-golman-dvije-godine-u-mirandesu\\\/#breadcrumb\",\"itemListElement\":[{\"@type\":\"ListItem\",\"position\":1,\"name\":\"Home\",\"item\":\"https:\\\/\\\/dmcsrb.com\\\/\"},{\"@type\":\"ListItem\",\"position\":2,\"name\":\"Igor Niki\u0107 nastavlja karijeru u \u0160paniji: Crnogorski golman dvije godine u Mirandesu\"}]},{\"@type\":\"WebSite\",\"@id\":\"https:\\\/\\\/dmcsrb.com\\\/#website\",\"url\":\"https:\\\/\\\/dmcsrb.com\\\/\",\"name\":\"dmcsrb.com\",\"description\":\"\",\"potentialAction\":[{\"@type\":\"SearchAction\",\"target\":{\"@type\":\"EntryPoint\",\"urlTemplate\":\"https:\\\/\\\/dmcsrb.com\\\/?s={search_term_string}\"},\"query-input\":{\"@type\":\"PropertyValueSpecification\",\"valueRequired\":true,\"valueName\":\"search_term_string\"}}],\"inLanguage\":\"en-GB\"},{\"@type\":\"Person\",\"@id\":\"https:\\\/\\\/dmcsrb.com\\\/#\\\/schema\\\/person\\\/5c39170f12db1b8b457732d0b5c854e2\",\"name\":\"dmcsrbija.com@gmail.com\",\"image\":{\"@type\":\"ImageObject\",\"inLanguage\":\"en-GB\",\"@id\":\"https:\\\/\\\/secure.gravatar.com\\\/avatar\\\/68592660ad6347fad0fb587f8d5d8f1a7b44961362f56e4f2cd524feb87e9069?s=96&d=mm&r=g\",\"url\":\"https:\\\/\\\/secure.gravatar.com\\\/avatar\\\/68592660ad6347fad0fb587f8d5d8f1a7b44961362f56e4f2cd524feb87e9069?s=96&d=mm&r=g\",\"contentUrl\":\"https:\\\/\\\/secure.gravatar.com\\\/avatar\\\/68592660ad6347fad0fb587f8d5d8f1a7b44961362f56e4f2cd524feb87e9069?s=96&d=mm&r=g\",\"caption\":\"dmcsrbija.com@gmail.com\"},\"sameAs\":[\"https:\\\/\\\/dmcsrb.com\"],\"url\":\"https:\\\/\\\/dmcsrb.com\\\/en\\\/author\\\/dmcsrbija-comgmail-com\\\/\"}]}<\/script>\n<!-- \/ Yoast SEO plugin. -->","yoast_head_json":{"title":"Igor Niki\u0107 nastavlja karijeru u \u0160paniji: Crnogorski golman dvije godine u Mirandesu - dmcsrb.com","robots":{"index":"index","follow":"follow","max-snippet":"max-snippet:-1","max-image-preview":"max-image-preview:large","max-video-preview":"max-video-preview:-1"},"canonical":"https:\/\/dmcsrb.com\/en\/sport\/igor-nikic-nastavlja-karijeru-u-spaniji-crnogorski-golman-dvije-godine-u-mirandesu\/","og_locale":"en_GB","og_type":"article","og_title":"Igor Niki\u0107 nastavlja karijeru u \u0160paniji: Crnogorski golman dvije godine u Mirandesu - dmcsrb.com","og_description":"Crnogorski reprezentativni golman i doju\u010dera\u0161nji golman De\u010di\u0107a, Igor Niki\u0107 novi je \u010dlan \u0161panskog Mirandesa.","og_url":"https:\/\/dmcsrb.com\/en\/sport\/igor-nikic-nastavlja-karijeru-u-spaniji-crnogorski-golman-dvije-godine-u-mirandesu\/","og_site_name":"dmcsrb.com","article_published_time":"2025-08-12T09:59:00+00:00","og_image":[{"width":1000,"height":666,"url":"https:\/\/dmcsrb.com\/wp-content\/uploads\/2026\/01\/Igor-Nikic-FSCG-.webp","type":"image\/jpeg"}],"author":"dmcsrbija.com@gmail.com","twitter_card":"summary_large_image","twitter_misc":{"Written by":"dmcsrbija.com@gmail.com","Estimated reading time":"1 minute"},"schema":{"@context":"https:\/\/schema.org","@graph":[{"@type":"Article","@id":"https:\/\/dmcsrb.com\/sport\/igor-nikic-nastavlja-karijeru-u-spaniji-crnogorski-golman-dvije-godine-u-mirandesu\/#article","isPartOf":{"@id":"https:\/\/dmcsrb.com\/sport\/igor-nikic-nastavlja-karijeru-u-spaniji-crnogorski-golman-dvije-godine-u-mirandesu\/"},"author":{"name":"dmcsrbija.com@gmail.com","@id":"https:\/\/dmcsrb.com\/#\/schema\/person\/5c39170f12db1b8b457732d0b5c854e2"},"headline":"Igor Niki\u0107 nastavlja karijeru u \u0160paniji: Crnogorski golman dvije godine u Mirandesu","datePublished":"2025-08-12T09:59:00+00:00","mainEntityOfPage":{"@id":"https:\/\/dmcsrb.com\/sport\/igor-nikic-nastavlja-karijeru-u-spaniji-crnogorski-golman-dvije-godine-u-mirandesu\/"},"wordCount":205,"commentCount":0,"image":{"@id":"https:\/\/dmcsrb.com\/sport\/igor-nikic-nastavlja-karijeru-u-spaniji-crnogorski-golman-dvije-godine-u-mirandesu\/#primaryimage"},"thumbnailUrl":"https:\/\/dmcsrb.com\/wp-content\/uploads\/2026\/01\/Igor-Nikic-FSCG-.webp","keywords":["FK De\u010di\u0107","Igor Niki\u0107","Mirandes"],"articleSection":["Sport"],"inLanguage":"en-GB","potentialAction":[{"@type":"CommentAction","name":"Comment","target":["https:\/\/dmcsrb.com\/sport\/igor-nikic-nastavlja-karijeru-u-spaniji-crnogorski-golman-dvije-godine-u-mirandesu\/#respond"]}]},{"@type":"WebPage","@id":"https:\/\/dmcsrb.com\/sport\/igor-nikic-nastavlja-karijeru-u-spaniji-crnogorski-golman-dvije-godine-u-mirandesu\/","url":"https:\/\/dmcsrb.com\/sport\/igor-nikic-nastavlja-karijeru-u-spaniji-crnogorski-golman-dvije-godine-u-mirandesu\/","name":"Igor Niki\u0107 nastavlja karijeru u \u0160paniji: Crnogorski golman dvije godine u Mirandesu - dmcsrb.com","isPartOf":{"@id":"https:\/\/dmcsrb.com\/#website"},"primaryImageOfPage":{"@id":"https:\/\/dmcsrb.com\/sport\/igor-nikic-nastavlja-karijeru-u-spaniji-crnogorski-golman-dvije-godine-u-mirandesu\/#primaryimage"},"image":{"@id":"https:\/\/dmcsrb.com\/sport\/igor-nikic-nastavlja-karijeru-u-spaniji-crnogorski-golman-dvije-godine-u-mirandesu\/#primaryimage"},"thumbnailUrl":"https:\/\/dmcsrb.com\/wp-content\/uploads\/2026\/01\/Igor-Nikic-FSCG-.webp","datePublished":"2025-08-12T09:59:00+00:00","author":{"@id":"https:\/\/dmcsrb.com\/#\/schema\/person\/5c39170f12db1b8b457732d0b5c854e2"},"breadcrumb":{"@id":"https:\/\/dmcsrb.com\/sport\/igor-nikic-nastavlja-karijeru-u-spaniji-crnogorski-golman-dvije-godine-u-mirandesu\/#breadcrumb"},"inLanguage":"en-GB","potentialAction":[{"@type":"ReadAction","target":["https:\/\/dmcsrb.com\/sport\/igor-nikic-nastavlja-karijeru-u-spaniji-crnogorski-golman-dvije-godine-u-mirandesu\/"]}]},{"@type":"ImageObject","inLanguage":"en-GB","@id":"https:\/\/dmcsrb.com\/sport\/igor-nikic-nastavlja-karijeru-u-spaniji-crnogorski-golman-dvije-godine-u-mirandesu\/#primaryimage","url":"https:\/\/dmcsrb.com\/wp-content\/uploads\/2026\/01\/Igor-Nikic-FSCG-.webp","contentUrl":"https:\/\/dmcsrb.com\/wp-content\/uploads\/2026\/01\/Igor-Nikic-FSCG-.webp","width":1000,"height":666},{"@type":"BreadcrumbList","@id":"https:\/\/dmcsrb.com\/sport\/igor-nikic-nastavlja-karijeru-u-spaniji-crnogorski-golman-dvije-godine-u-mirandesu\/#breadcrumb","itemListElement":[{"@type":"ListItem","position":1,"name":"Home","item":"https:\/\/dmcsrb.com\/"},{"@type":"ListItem","position":2,"name":"Igor Niki\u0107 nastavlja karijeru u \u0160paniji: Crnogorski golman dvije godine u Mirandesu"}]},{"@type":"WebSite","@id":"https:\/\/dmcsrb.com\/#website","url":"https:\/\/dmcsrb.com\/","name":"dmcsrb.com","description":"","potentialAction":[{"@type":"SearchAction","target":{"@type":"EntryPoint","urlTemplate":"https:\/\/dmcsrb.com\/?s={search_term_string}"},"query-input":{"@type":"PropertyValueSpecification","valueRequired":true,"valueName":"search_term_string"}}],"inLanguage":"en-GB"},{"@type":"Person","@id":"https:\/\/dmcsrb.com\/#\/schema\/person\/5c39170f12db1b8b457732d0b5c854e2","name":"dmcsrbija.com@gmail.com","image":{"@type":"ImageObject","inLanguage":"en-GB","@id":"https:\/\/secure.gravatar.com\/avatar\/68592660ad6347fad0fb587f8d5d8f1a7b44961362f56e4f2cd524feb87e9069?s=96&d=mm&r=g","url":"https:\/\/secure.gravatar.com\/avatar\/68592660ad6347fad0fb587f8d5d8f1a7b44961362f56e4f2cd524feb87e9069?s=96&d=mm&r=g","contentUrl":"https:\/\/secure.gravatar.com\/avatar\/68592660ad6347fad0fb587f8d5d8f1a7b44961362f56e4f2cd524feb87e9069?s=96&d=mm&r=g","caption":"dmcsrbija.com@gmail.com"},"sameAs":["https:\/\/dmcsrb.com"],"url":"https:\/\/dmcsrb.com\/en\/author\/dmcsrbija-comgmail-com\/"}]}},"_links":{"self":[{"href":"https:\/\/dmcsrb.com\/en\/wp-json\/wp\/v2\/posts\/945777","targetHints":{"allow":["GET"]}}],"collection":[{"href":"https:\/\/dmcsrb.com\/en\/wp-json\/wp\/v2\/posts"}],"about":[{"href":"https:\/\/dmcsrb.com\/en\/wp-json\/wp\/v2\/types\/post"}],"author":[{"embeddable":true,"href":"https:\/\/dmcsrb.com\/en\/wp-json\/wp\/v2\/users\/1"}],"replies":[{"embeddable":true,"href":"https:\/\/dmcsrb.com\/en\/wp-json\/wp\/v2\/comments?post=945777"}],"version-history":[{"count":0,"href":"https:\/\/dmcsrb.com\/en\/wp-json\/wp\/v2\/posts\/945777\/revisions"}],"wp:featuredmedia":[{"embeddable":true,"href":"https:\/\/dmcsrb.com\/en\/wp-json\/wp\/v2\/media\/945778"}],"wp:attachment":[{"href":"https:\/\/dmcsrb.com\/en\/wp-json\/wp\/v2\/media?parent=945777"}],"wp:term":[{"taxonomy":"category","embeddable":true,"href":"https:\/\/dmcsrb.com\/en\/wp-json\/wp\/v2\/categories?post=945777"},{"taxonomy":"post_tag","embeddable":true,"href":"https:\/\/dmcsrb.com\/en\/wp-json\/wp\/v2\/tags?post=945777"},{"taxonomy":"naslovna","embeddable":true,"href":"https:\/\/dmcsrb.com\/en\/wp-json\/wp\/v2\/naslovna?post=945777"}],"curies":[{"name":"wp","href":"https:\/\/api.w.org\/{rel}","templated":true}]}}