{"id":945772,"date":"2025-08-12T13:59:00","date_gmt":"2025-08-12T11:59:00","guid":{"rendered":"https:\/\/dmcsrb.com\/uncategorized\/vazduh-najzagadjeniji-u-baru-i-podgorici\/"},"modified":"2025-08-12T13:59:00","modified_gmt":"2025-08-12T11:59:00","slug":"vazduh-najzagadjeniji-u-baru-i-podgorici","status":"publish","type":"post","link":"https:\/\/dmcsrb.com\/en\/drustvo\/vazduh-najzagadjeniji-u-baru-i-podgorici\/","title":{"rendered":"Vazduh najzaga\u0111eniji u Baru i Podgorici"},"content":{"rendered":"<p><\/p>\n\n\n\n<p><\/p>\n\n\n\n<p><a href=\"https:\/\/www.facebook.com\/sharer\/sharer.php?u=https:\/\/www.portalanalitika.me\/clanak\/vazduh-najzagadeniji-u-baru-i-podgorici&amp;display=popup\" target=\"_blank\" rel=\"noreferrer noopener\"><\/a><a href=\"https:\/\/twitter.com\/intent\/tweet?tw_p=tweetbutton&amp;url=https:\/\/www.portalanalitika.me\/clanak\/vazduh-najzagadeniji-u-baru-i-podgorici&amp;via=PortalAnalitika\" target=\"_blank\" rel=\"noreferrer noopener\"><\/a><a href=\"https:\/\/www.linkedin.com\/shareArticle?mini=true&amp;url=https:\/\/www.portalanalitika.me\/clanak\/vazduh-najzagadeniji-u-baru-i-podgorici\" target=\"_blank\" rel=\"noreferrer noopener\"><\/a><a href=\"https:\/\/api.whatsapp.com\/send\/?text=https:\/\/www.portalanalitika.me\/clanak\/vazduh-najzagadeniji-u-baru-i-podgorici&amp;type=custom_url\" target=\"_blank\" rel=\"noreferrer noopener\"><\/a><a href=\"viber:\/\/forward?text=https%3A%2F%2Fwww.portalanalitika.me%2Fclanak%2Fvazduh-najzagadeniji-u-baru-i-podgorici\" target=\"_blank\" rel=\"noreferrer noopener\"><\/a><a href=\"mailto:?body=https:\/\/www.portalanalitika.me\/clanak\/vazduh-najzagadeniji-u-baru-i-podgorici&amp;subject=Vazduh najzaga\u0111eniji u Baru i Podgorici\" target=\"_blank\" rel=\"noreferrer noopener\"><\/a><a target=\"_blank\" rel=\"noreferrer noopener\"><\/a><\/p>\n\n\n\n<p>kako je saop\u0161teno iz Agencije za za\u0161titu \u017eivotne sredine, najve\u0107a koncentracija PM10 \u010destica (\u010destica suspendovanih u vazduhu) u proteklom periodu izmjerena je na mjernoj stanici u Baru, gdje je srednja satna koncentracija iznosila 160 \u00b5g\/m\u00b3, a zabilje\u017eena je jutros u 04:00 \u010dasa.<\/p>\n\n\n\n<p>&#8220;Tako\u0111e, koncentracija PM2,5 \u010destica je u istom periodu bila veoma visoka i iznosila je 155\u00b5g\/m\u00b3, \u0161to ukazuje na mogu\u0107nost zna\u010dajnog uticaja na zdravlje, posebno ranjivih kategorija, hroni\u010dnih bolesnika, starijih osoba i djece\u201d, navode iz Agencije.<\/p>\n\n\n\n<p>Pove\u0107ane koncentracije PM \u010destica registrovane su i na mjernoj stanici u Bloku V u Podgorici, \u0161to potvr\u0111uje da su posljedice po\u017eara uzrokovale pogor\u0161anje kvaliteta vazduha i u Glavnom gradu.<\/p>\n\n\n\n<p>\u201cIako su koncentracije PM \u010destica u prizemnom sloju atmosfere, gdje na\u0161i instrumenti uzorkuju vazduh na visini od oko 4 metra iznad tla, u ve\u0107ini mjernih intervala koji se odnose na srednje satne vrijednosti, ispod ekstremno visokih vrijednosti, va\u017eno je naglasiti da se ogromne koli\u010dine zaga\u0111uju\u0107ih materija nalaze u vi\u0161im slojevima atmosfere. Vjetar dodatno doprinosi njihovom razno\u0161enju, \u0161to trenutno spre\u010dava jo\u0161 ve\u0107e opasnosti po kvalitet vazduha u prizemnom sloju, ali ne umanjuje ukupnu \u0161tetu po \u017eivotnu sredinu i zdravlje ljudi, jer jak vjetar podspje\u0161uje dalje \u0161irenje vatrene stihije\u201d, isti\u010du.<\/p>\n\n\n\n<p>Kako isti\u010du, posljedice po\u017eara su ogromne \u2013 uni\u0161tena je imovina gra\u0111ana, ugro\u017eeno je zdravlje stanovni\u0161tva u opo\u017earenim podru\u010djima, a zna\u010dajan dio biodiverziteta na zahva\u0107enim lokacijama je nepovratno uni\u0161ten.<\/p>\n\n\n\n<p>&#8220;Agencija apeluje na gra\u0111ane da se odgovorno pona\u0161aju, posebno u pogledu rukovanja otvorenim plamenom i odlaganja zapaljivih materijala, te podsje\u0107a da je namjerno izazivanje po\u017eara krivi\u010dno djelo za koje je neophodno dodatno poja\u010dati kaznenu politiku. Preporu\u010dujemo gra\u0111anima da redovno prate savjete Instituta za javno zdravlje, kao i aplikaciju vazduh.me, gdje su dostupne preporuke za gra\u0111ane i indeks kvaliteta vazduha, koji se odnosi isklju\u010divo na koncentraciju PM \u010destica u vazduhu&#8221;, navodi se u saop\u0161tenju Agencije za za\u0161titu \u017eivotne sredine.<\/p>","protected":false},"excerpt":{"rendered":"<p>Usljed velikog broja aktivnih po\u017eara koji su posljednjih dana zahvatili vi\u0161e op\u0161tina u Crnoj Gori, do\u0161lo je do pogor\u0161anja kvaliteta vazduha.<\/p>","protected":false},"author":1,"featured_media":945773,"comment_status":"open","ping_status":"open","sticky":false,"template":"","format":"standard","meta":{"_acf_changed":false,"footnotes":""},"categories":[2,56],"tags":[3161,3171],"naslovna":[],"class_list":["post-945772","post","type-post","status-publish","format-standard","has-post-thumbnail","hentry","category-drustvo","category-podgorica","tag-vazduh","tag-zagadjenost"],"acf":[],"yoast_head":"<!-- This site is optimized with the Yoast SEO plugin v27.4 - https:\/\/yoast.com\/product\/yoast-seo-wordpress\/ -->\n<title>Vazduh najzaga\u0111eniji u Baru i Podgorici - dmcsrb.com<\/title>\n<meta name=\"robots\" content=\"index, follow, max-snippet:-1, max-image-preview:large, max-video-preview:-1\" \/>\n<link rel=\"canonical\" href=\"https:\/\/dmcsrb.com\/en\/drustvo\/vazduh-najzagadjeniji-u-baru-i-podgorici\/\" \/>\n<meta property=\"og:locale\" content=\"en_GB\" \/>\n<meta property=\"og:type\" content=\"article\" \/>\n<meta property=\"og:title\" content=\"Vazduh najzaga\u0111eniji u Baru i Podgorici - dmcsrb.com\" \/>\n<meta property=\"og:description\" content=\"Usljed velikog broja aktivnih po\u017eara koji su posljednjih dana zahvatili vi\u0161e op\u0161tina u Crnoj Gori, do\u0161lo je do pogor\u0161anja kvaliteta vazduha.\" \/>\n<meta property=\"og:url\" content=\"https:\/\/dmcsrb.com\/en\/drustvo\/vazduh-najzagadjeniji-u-baru-i-podgorici\/\" \/>\n<meta property=\"og:site_name\" content=\"dmcsrb.com\" \/>\n<meta property=\"article:published_time\" content=\"2025-08-12T11:59:00+00:00\" \/>\n<meta property=\"og:image\" content=\"https:\/\/dmcsrb.com\/wp-content\/uploads\/2026\/01\/vazduh1.webp\" \/>\n\t<meta property=\"og:image:width\" content=\"1067\" \/>\n\t<meta property=\"og:image:height\" content=\"768\" \/>\n\t<meta property=\"og:image:type\" content=\"image\/jpeg\" \/>\n<meta name=\"author\" content=\"dmcsrbija.com@gmail.com\" \/>\n<meta name=\"twitter:card\" content=\"summary_large_image\" \/>\n<meta name=\"twitter:label1\" content=\"Written by\" \/>\n\t<meta name=\"twitter:data1\" content=\"dmcsrbija.com@gmail.com\" \/>\n\t<meta name=\"twitter:label2\" content=\"Estimated reading time\" \/>\n\t<meta name=\"twitter:data2\" content=\"2 minutes\" \/>\n<script type=\"application\/ld+json\" class=\"yoast-schema-graph\">{\"@context\":\"https:\\\/\\\/schema.org\",\"@graph\":[{\"@type\":\"Article\",\"@id\":\"https:\\\/\\\/dmcsrb.com\\\/drustvo\\\/vazduh-najzagadjeniji-u-baru-i-podgorici\\\/#article\",\"isPartOf\":{\"@id\":\"https:\\\/\\\/dmcsrb.com\\\/drustvo\\\/vazduh-najzagadjeniji-u-baru-i-podgorici\\\/\"},\"author\":{\"name\":\"dmcsrbija.com@gmail.com\",\"@id\":\"https:\\\/\\\/dmcsrb.com\\\/#\\\/schema\\\/person\\\/5c39170f12db1b8b457732d0b5c854e2\"},\"headline\":\"Vazduh najzaga\u0111eniji u Baru i Podgorici\",\"datePublished\":\"2025-08-12T11:59:00+00:00\",\"mainEntityOfPage\":{\"@id\":\"https:\\\/\\\/dmcsrb.com\\\/drustvo\\\/vazduh-najzagadjeniji-u-baru-i-podgorici\\\/\"},\"wordCount\":353,\"commentCount\":0,\"image\":{\"@id\":\"https:\\\/\\\/dmcsrb.com\\\/drustvo\\\/vazduh-najzagadjeniji-u-baru-i-podgorici\\\/#primaryimage\"},\"thumbnailUrl\":\"https:\\\/\\\/dmcsrb.com\\\/wp-content\\\/uploads\\\/2026\\\/01\\\/vazduh1.webp\",\"keywords\":[\"vazduh\",\"zaga\u0111enost\"],\"articleSection\":[\"Dru\u0161tvo\",\"Podgorica\"],\"inLanguage\":\"en-GB\",\"potentialAction\":[{\"@type\":\"CommentAction\",\"name\":\"Comment\",\"target\":[\"https:\\\/\\\/dmcsrb.com\\\/drustvo\\\/vazduh-najzagadjeniji-u-baru-i-podgorici\\\/#respond\"]}]},{\"@type\":\"WebPage\",\"@id\":\"https:\\\/\\\/dmcsrb.com\\\/drustvo\\\/vazduh-najzagadjeniji-u-baru-i-podgorici\\\/\",\"url\":\"https:\\\/\\\/dmcsrb.com\\\/drustvo\\\/vazduh-najzagadjeniji-u-baru-i-podgorici\\\/\",\"name\":\"Vazduh najzaga\u0111eniji u Baru i Podgorici - dmcsrb.com\",\"isPartOf\":{\"@id\":\"https:\\\/\\\/dmcsrb.com\\\/#website\"},\"primaryImageOfPage\":{\"@id\":\"https:\\\/\\\/dmcsrb.com\\\/drustvo\\\/vazduh-najzagadjeniji-u-baru-i-podgorici\\\/#primaryimage\"},\"image\":{\"@id\":\"https:\\\/\\\/dmcsrb.com\\\/drustvo\\\/vazduh-najzagadjeniji-u-baru-i-podgorici\\\/#primaryimage\"},\"thumbnailUrl\":\"https:\\\/\\\/dmcsrb.com\\\/wp-content\\\/uploads\\\/2026\\\/01\\\/vazduh1.webp\",\"datePublished\":\"2025-08-12T11:59:00+00:00\",\"author\":{\"@id\":\"https:\\\/\\\/dmcsrb.com\\\/#\\\/schema\\\/person\\\/5c39170f12db1b8b457732d0b5c854e2\"},\"breadcrumb\":{\"@id\":\"https:\\\/\\\/dmcsrb.com\\\/drustvo\\\/vazduh-najzagadjeniji-u-baru-i-podgorici\\\/#breadcrumb\"},\"inLanguage\":\"en-GB\",\"potentialAction\":[{\"@type\":\"ReadAction\",\"target\":[\"https:\\\/\\\/dmcsrb.com\\\/drustvo\\\/vazduh-najzagadjeniji-u-baru-i-podgorici\\\/\"]}]},{\"@type\":\"ImageObject\",\"inLanguage\":\"en-GB\",\"@id\":\"https:\\\/\\\/dmcsrb.com\\\/drustvo\\\/vazduh-najzagadjeniji-u-baru-i-podgorici\\\/#primaryimage\",\"url\":\"https:\\\/\\\/dmcsrb.com\\\/wp-content\\\/uploads\\\/2026\\\/01\\\/vazduh1.webp\",\"contentUrl\":\"https:\\\/\\\/dmcsrb.com\\\/wp-content\\\/uploads\\\/2026\\\/01\\\/vazduh1.webp\",\"width\":1067,\"height\":768},{\"@type\":\"BreadcrumbList\",\"@id\":\"https:\\\/\\\/dmcsrb.com\\\/drustvo\\\/vazduh-najzagadjeniji-u-baru-i-podgorici\\\/#breadcrumb\",\"itemListElement\":[{\"@type\":\"ListItem\",\"position\":1,\"name\":\"Home\",\"item\":\"https:\\\/\\\/dmcsrb.com\\\/\"},{\"@type\":\"ListItem\",\"position\":2,\"name\":\"Vazduh najzaga\u0111eniji u Baru i Podgorici\"}]},{\"@type\":\"WebSite\",\"@id\":\"https:\\\/\\\/dmcsrb.com\\\/#website\",\"url\":\"https:\\\/\\\/dmcsrb.com\\\/\",\"name\":\"dmcsrb.com\",\"description\":\"\",\"potentialAction\":[{\"@type\":\"SearchAction\",\"target\":{\"@type\":\"EntryPoint\",\"urlTemplate\":\"https:\\\/\\\/dmcsrb.com\\\/?s={search_term_string}\"},\"query-input\":{\"@type\":\"PropertyValueSpecification\",\"valueRequired\":true,\"valueName\":\"search_term_string\"}}],\"inLanguage\":\"en-GB\"},{\"@type\":\"Person\",\"@id\":\"https:\\\/\\\/dmcsrb.com\\\/#\\\/schema\\\/person\\\/5c39170f12db1b8b457732d0b5c854e2\",\"name\":\"dmcsrbija.com@gmail.com\",\"image\":{\"@type\":\"ImageObject\",\"inLanguage\":\"en-GB\",\"@id\":\"https:\\\/\\\/secure.gravatar.com\\\/avatar\\\/68592660ad6347fad0fb587f8d5d8f1a7b44961362f56e4f2cd524feb87e9069?s=96&d=mm&r=g\",\"url\":\"https:\\\/\\\/secure.gravatar.com\\\/avatar\\\/68592660ad6347fad0fb587f8d5d8f1a7b44961362f56e4f2cd524feb87e9069?s=96&d=mm&r=g\",\"contentUrl\":\"https:\\\/\\\/secure.gravatar.com\\\/avatar\\\/68592660ad6347fad0fb587f8d5d8f1a7b44961362f56e4f2cd524feb87e9069?s=96&d=mm&r=g\",\"caption\":\"dmcsrbija.com@gmail.com\"},\"sameAs\":[\"https:\\\/\\\/dmcsrb.com\"],\"url\":\"https:\\\/\\\/dmcsrb.com\\\/en\\\/author\\\/dmcsrbija-comgmail-com\\\/\"}]}<\/script>\n<!-- \/ Yoast SEO plugin. -->","yoast_head_json":{"title":"Vazduh najzaga\u0111eniji u Baru i Podgorici - dmcsrb.com","robots":{"index":"index","follow":"follow","max-snippet":"max-snippet:-1","max-image-preview":"max-image-preview:large","max-video-preview":"max-video-preview:-1"},"canonical":"https:\/\/dmcsrb.com\/en\/drustvo\/vazduh-najzagadjeniji-u-baru-i-podgorici\/","og_locale":"en_GB","og_type":"article","og_title":"Vazduh najzaga\u0111eniji u Baru i Podgorici - dmcsrb.com","og_description":"Usljed velikog broja aktivnih po\u017eara koji su posljednjih dana zahvatili vi\u0161e op\u0161tina u Crnoj Gori, do\u0161lo je do pogor\u0161anja kvaliteta vazduha.","og_url":"https:\/\/dmcsrb.com\/en\/drustvo\/vazduh-najzagadjeniji-u-baru-i-podgorici\/","og_site_name":"dmcsrb.com","article_published_time":"2025-08-12T11:59:00+00:00","og_image":[{"width":1067,"height":768,"url":"https:\/\/dmcsrb.com\/wp-content\/uploads\/2026\/01\/vazduh1.webp","type":"image\/jpeg"}],"author":"dmcsrbija.com@gmail.com","twitter_card":"summary_large_image","twitter_misc":{"Written by":"dmcsrbija.com@gmail.com","Estimated reading time":"2 minutes"},"schema":{"@context":"https:\/\/schema.org","@graph":[{"@type":"Article","@id":"https:\/\/dmcsrb.com\/drustvo\/vazduh-najzagadjeniji-u-baru-i-podgorici\/#article","isPartOf":{"@id":"https:\/\/dmcsrb.com\/drustvo\/vazduh-najzagadjeniji-u-baru-i-podgorici\/"},"author":{"name":"dmcsrbija.com@gmail.com","@id":"https:\/\/dmcsrb.com\/#\/schema\/person\/5c39170f12db1b8b457732d0b5c854e2"},"headline":"Vazduh najzaga\u0111eniji u Baru i Podgorici","datePublished":"2025-08-12T11:59:00+00:00","mainEntityOfPage":{"@id":"https:\/\/dmcsrb.com\/drustvo\/vazduh-najzagadjeniji-u-baru-i-podgorici\/"},"wordCount":353,"commentCount":0,"image":{"@id":"https:\/\/dmcsrb.com\/drustvo\/vazduh-najzagadjeniji-u-baru-i-podgorici\/#primaryimage"},"thumbnailUrl":"https:\/\/dmcsrb.com\/wp-content\/uploads\/2026\/01\/vazduh1.webp","keywords":["vazduh","zaga\u0111enost"],"articleSection":["Dru\u0161tvo","Podgorica"],"inLanguage":"en-GB","potentialAction":[{"@type":"CommentAction","name":"Comment","target":["https:\/\/dmcsrb.com\/drustvo\/vazduh-najzagadjeniji-u-baru-i-podgorici\/#respond"]}]},{"@type":"WebPage","@id":"https:\/\/dmcsrb.com\/drustvo\/vazduh-najzagadjeniji-u-baru-i-podgorici\/","url":"https:\/\/dmcsrb.com\/drustvo\/vazduh-najzagadjeniji-u-baru-i-podgorici\/","name":"Vazduh najzaga\u0111eniji u Baru i Podgorici - dmcsrb.com","isPartOf":{"@id":"https:\/\/dmcsrb.com\/#website"},"primaryImageOfPage":{"@id":"https:\/\/dmcsrb.com\/drustvo\/vazduh-najzagadjeniji-u-baru-i-podgorici\/#primaryimage"},"image":{"@id":"https:\/\/dmcsrb.com\/drustvo\/vazduh-najzagadjeniji-u-baru-i-podgorici\/#primaryimage"},"thumbnailUrl":"https:\/\/dmcsrb.com\/wp-content\/uploads\/2026\/01\/vazduh1.webp","datePublished":"2025-08-12T11:59:00+00:00","author":{"@id":"https:\/\/dmcsrb.com\/#\/schema\/person\/5c39170f12db1b8b457732d0b5c854e2"},"breadcrumb":{"@id":"https:\/\/dmcsrb.com\/drustvo\/vazduh-najzagadjeniji-u-baru-i-podgorici\/#breadcrumb"},"inLanguage":"en-GB","potentialAction":[{"@type":"ReadAction","target":["https:\/\/dmcsrb.com\/drustvo\/vazduh-najzagadjeniji-u-baru-i-podgorici\/"]}]},{"@type":"ImageObject","inLanguage":"en-GB","@id":"https:\/\/dmcsrb.com\/drustvo\/vazduh-najzagadjeniji-u-baru-i-podgorici\/#primaryimage","url":"https:\/\/dmcsrb.com\/wp-content\/uploads\/2026\/01\/vazduh1.webp","contentUrl":"https:\/\/dmcsrb.com\/wp-content\/uploads\/2026\/01\/vazduh1.webp","width":1067,"height":768},{"@type":"BreadcrumbList","@id":"https:\/\/dmcsrb.com\/drustvo\/vazduh-najzagadjeniji-u-baru-i-podgorici\/#breadcrumb","itemListElement":[{"@type":"ListItem","position":1,"name":"Home","item":"https:\/\/dmcsrb.com\/"},{"@type":"ListItem","position":2,"name":"Vazduh najzaga\u0111eniji u Baru i Podgorici"}]},{"@type":"WebSite","@id":"https:\/\/dmcsrb.com\/#website","url":"https:\/\/dmcsrb.com\/","name":"dmcsrb.com","description":"","potentialAction":[{"@type":"SearchAction","target":{"@type":"EntryPoint","urlTemplate":"https:\/\/dmcsrb.com\/?s={search_term_string}"},"query-input":{"@type":"PropertyValueSpecification","valueRequired":true,"valueName":"search_term_string"}}],"inLanguage":"en-GB"},{"@type":"Person","@id":"https:\/\/dmcsrb.com\/#\/schema\/person\/5c39170f12db1b8b457732d0b5c854e2","name":"dmcsrbija.com@gmail.com","image":{"@type":"ImageObject","inLanguage":"en-GB","@id":"https:\/\/secure.gravatar.com\/avatar\/68592660ad6347fad0fb587f8d5d8f1a7b44961362f56e4f2cd524feb87e9069?s=96&d=mm&r=g","url":"https:\/\/secure.gravatar.com\/avatar\/68592660ad6347fad0fb587f8d5d8f1a7b44961362f56e4f2cd524feb87e9069?s=96&d=mm&r=g","contentUrl":"https:\/\/secure.gravatar.com\/avatar\/68592660ad6347fad0fb587f8d5d8f1a7b44961362f56e4f2cd524feb87e9069?s=96&d=mm&r=g","caption":"dmcsrbija.com@gmail.com"},"sameAs":["https:\/\/dmcsrb.com"],"url":"https:\/\/dmcsrb.com\/en\/author\/dmcsrbija-comgmail-com\/"}]}},"_links":{"self":[{"href":"https:\/\/dmcsrb.com\/en\/wp-json\/wp\/v2\/posts\/945772","targetHints":{"allow":["GET"]}}],"collection":[{"href":"https:\/\/dmcsrb.com\/en\/wp-json\/wp\/v2\/posts"}],"about":[{"href":"https:\/\/dmcsrb.com\/en\/wp-json\/wp\/v2\/types\/post"}],"author":[{"embeddable":true,"href":"https:\/\/dmcsrb.com\/en\/wp-json\/wp\/v2\/users\/1"}],"replies":[{"embeddable":true,"href":"https:\/\/dmcsrb.com\/en\/wp-json\/wp\/v2\/comments?post=945772"}],"version-history":[{"count":0,"href":"https:\/\/dmcsrb.com\/en\/wp-json\/wp\/v2\/posts\/945772\/revisions"}],"wp:featuredmedia":[{"embeddable":true,"href":"https:\/\/dmcsrb.com\/en\/wp-json\/wp\/v2\/media\/945773"}],"wp:attachment":[{"href":"https:\/\/dmcsrb.com\/en\/wp-json\/wp\/v2\/media?parent=945772"}],"wp:term":[{"taxonomy":"category","embeddable":true,"href":"https:\/\/dmcsrb.com\/en\/wp-json\/wp\/v2\/categories?post=945772"},{"taxonomy":"post_tag","embeddable":true,"href":"https:\/\/dmcsrb.com\/en\/wp-json\/wp\/v2\/tags?post=945772"},{"taxonomy":"naslovna","embeddable":true,"href":"https:\/\/dmcsrb.com\/en\/wp-json\/wp\/v2\/naslovna?post=945772"}],"curies":[{"name":"wp","href":"https:\/\/api.w.org\/{rel}","templated":true}]}}