{"id":945746,"date":"2025-08-12T10:18:17","date_gmt":"2025-08-12T08:18:17","guid":{"rendered":"https:\/\/dmcsrb.com\/uncategorized\/vojska-cg-angazovana-na-gasenju-pozara-u-piperima\/"},"modified":"2025-08-12T10:18:17","modified_gmt":"2025-08-12T08:18:17","slug":"vojska-cg-angazovana-na-gasenju-pozara-u-piperima","status":"publish","type":"post","link":"https:\/\/dmcsrb.com\/en\/drustvo\/vojska-cg-angazovana-na-gasenju-pozara-u-piperima\/","title":{"rendered":"Vojska CG anga\u017eovana na ga\u0161enju po\u017eara u Piperima"},"content":{"rendered":"<p><\/p>\n\n\n\n<p>&#8220;Zahvaljuju\u0107i koordinisanom djelovanju sa drugim nadle\u017enim slu\u017ebama, vojnici su uspjeli tokom no\u0107i da lokalizuju vi\u0161e vatrenih linija, gase\u0107i ne samo velike plamenove, ve\u0107 i manja \u017eari\u0161ta i \u017ear, kako bi se sprije\u010dilo njihovo ponovno rasplamsavanje&#8221;, naveli su saop\u0161tenju.<\/p>\n\n\n\n<p>Ove intervencije su, kako navode, dio \u0161ire akcije suzbijanja po\u017eara na vi\u0161e lokacija \u0161irom Crne Gore, uklju\u010duju\u0107i Donje Kokote i druge dijelove Podgorice, kao i Buljaricu na primorju.<\/p>\n\n\n\n<p>Nagla\u0161avaju da situaciju dodatno ote\u017eavaju visoke temperature i jak vjetar, zbog \u010dega je vojska, zajedno sa civilnim strukturama, neprekidno prisutna na terenu.<\/p>\n\n\n\n<figure class=\"wp-block-image size-full\"><img decoding=\"async\" src=\"https:\/\/gradski.me\/wp-content\/uploads\/2025\/08\/IMG_81091_600x900.jpg\" alt=\"\" class=\"wp-image-811586\"\/><figcaption class=\"wp-element-caption\">Foto: <strong>Ministarstvo odbrane<\/strong><\/figcaption><\/figure>\n\n\n\n<p>Dodaju da je na ga\u0161enjima tokom ju\u010dera\u0161njeg dana bilo anga\u017eovano oko 170 pripadnika VCG, pet specijalizovanih vozila i dva helikoptera Vojske Crne Gore, koji su u prethodnih mjesec dana izbacili preko pola miliona tona vode u protivpo\u017earnim letovima \u0161irom zemlje.<\/p>\n\n\n\n<p>&#8220;Tokom no\u0107nih ga\u0161enja u Piperima na terenu je bio i na\u010delnik General\u0161taba Vojske Crne Gore, brigadni general Miodrag Vuksanovi\u0107, sa saradnicima, pru\u017eaju\u0107i podr\u0161ku anga\u017eovanim jedinicama i koordiniraju\u0107i aktivnosti na licu mjesta&#8221;, pi\u0161e u saop\u0161tenju.<\/p>\n\n\n\n<p>Najavlju da \u0107e i danas vojnici nastaviti borbu sa po\u017earima, uz nadle\u017ene slu\u017ebe i gra\u0111ane, sve dok se situacija u potpunosti ne stavi pod kontrolu.<\/p>","protected":false},"excerpt":{"rendered":"<p>Preko 100 pripadnika Vojske Crne Gore, sa specijalizovanim vozilima i opremom, bilo je tokom \u010ditave prethodne no\u0107i anga\u017eovano na ga\u0161enju po\u017eara na podru\u010dju Pipera, gdje je vatra prijetila da zahvati \u0161ire podru\u010dje i dodatno ugrozi doma\u0107instva, saop\u0161teno je iz Ministarstva odbrane.<\/p>","protected":false},"author":1,"featured_media":945747,"comment_status":"open","ping_status":"open","sticky":false,"template":"","format":"standard","meta":{"_acf_changed":false,"footnotes":""},"categories":[2],"tags":[4392,3056,10471],"naslovna":[],"class_list":["post-945746","post","type-post","status-publish","format-standard","has-post-thumbnail","hentry","category-drustvo","tag-gasenje-pozara","tag-piperi","tag-vojska-cg"],"acf":[],"yoast_head":"<!-- This site is optimized with the Yoast SEO plugin v27.0 - https:\/\/yoast.com\/product\/yoast-seo-wordpress\/ -->\n<title>Vojska CG anga\u017eovana na ga\u0161enju po\u017eara u Piperima - dmcsrb.com<\/title>\n<meta name=\"robots\" content=\"index, follow, max-snippet:-1, max-image-preview:large, max-video-preview:-1\" \/>\n<link rel=\"canonical\" href=\"https:\/\/dmcsrb.com\/en\/drustvo\/vojska-cg-angazovana-na-gasenju-pozara-u-piperima\/\" \/>\n<meta property=\"og:locale\" content=\"en_GB\" \/>\n<meta property=\"og:type\" content=\"article\" \/>\n<meta property=\"og:title\" content=\"Vojska CG anga\u017eovana na ga\u0161enju po\u017eara u Piperima - dmcsrb.com\" \/>\n<meta property=\"og:description\" content=\"Preko 100 pripadnika Vojske Crne Gore, sa specijalizovanim vozilima i opremom, bilo je tokom \u010ditave prethodne no\u0107i anga\u017eovano na ga\u0161enju po\u017eara na podru\u010dju Pipera, gdje je vatra prijetila da zahvati \u0161ire podru\u010dje i dodatno ugrozi doma\u0107instva, saop\u0161teno je iz Ministarstva odbrane.\" \/>\n<meta property=\"og:url\" content=\"https:\/\/dmcsrb.com\/en\/drustvo\/vojska-cg-angazovana-na-gasenju-pozara-u-piperima\/\" \/>\n<meta property=\"og:site_name\" content=\"dmcsrb.com\" \/>\n<meta property=\"article:published_time\" content=\"2025-08-12T08:18:17+00:00\" \/>\n<meta property=\"og:image\" content=\"https:\/\/dmcsrb.com\/wp-content\/uploads\/2026\/01\/IMG_81131_693x900.webp\" \/>\n\t<meta property=\"og:image:width\" content=\"899\" \/>\n\t<meta property=\"og:image:height\" content=\"693\" \/>\n\t<meta property=\"og:image:type\" content=\"image\/jpeg\" \/>\n<meta name=\"author\" content=\"dmcsrbija.com@gmail.com\" \/>\n<meta name=\"twitter:card\" content=\"summary_large_image\" \/>\n<meta name=\"twitter:label1\" content=\"Written by\" \/>\n\t<meta name=\"twitter:data1\" content=\"dmcsrbija.com@gmail.com\" \/>\n\t<meta name=\"twitter:label2\" content=\"Estimated reading time\" \/>\n\t<meta name=\"twitter:data2\" content=\"1 minute\" \/>\n<script type=\"application\/ld+json\" class=\"yoast-schema-graph\">{\"@context\":\"https:\/\/schema.org\",\"@graph\":[{\"@type\":\"Article\",\"@id\":\"https:\/\/dmcsrb.com\/drustvo\/vojska-cg-angazovana-na-gasenju-pozara-u-piperima\/#article\",\"isPartOf\":{\"@id\":\"https:\/\/dmcsrb.com\/drustvo\/vojska-cg-angazovana-na-gasenju-pozara-u-piperima\/\"},\"author\":{\"name\":\"dmcsrbija.com@gmail.com\",\"@id\":\"https:\/\/dmcsrb.com\/#\/schema\/person\/5c39170f12db1b8b457732d0b5c854e2\"},\"headline\":\"Vojska CG anga\u017eovana na ga\u0161enju po\u017eara u Piperima\",\"datePublished\":\"2025-08-12T08:18:17+00:00\",\"mainEntityOfPage\":{\"@id\":\"https:\/\/dmcsrb.com\/drustvo\/vojska-cg-angazovana-na-gasenju-pozara-u-piperima\/\"},\"wordCount\":235,\"commentCount\":0,\"image\":{\"@id\":\"https:\/\/dmcsrb.com\/drustvo\/vojska-cg-angazovana-na-gasenju-pozara-u-piperima\/#primaryimage\"},\"thumbnailUrl\":\"https:\/\/dmcsrb.com\/wp-content\/uploads\/2026\/01\/IMG_81131_693x900.webp\",\"keywords\":[\"Ga\u0161enje po\u017eara\",\"Piperi\",\"Vojska CG\"],\"articleSection\":[\"Dru\u0161tvo\"],\"inLanguage\":\"en-GB\",\"potentialAction\":[{\"@type\":\"CommentAction\",\"name\":\"Comment\",\"target\":[\"https:\/\/dmcsrb.com\/drustvo\/vojska-cg-angazovana-na-gasenju-pozara-u-piperima\/#respond\"]}]},{\"@type\":\"WebPage\",\"@id\":\"https:\/\/dmcsrb.com\/drustvo\/vojska-cg-angazovana-na-gasenju-pozara-u-piperima\/\",\"url\":\"https:\/\/dmcsrb.com\/drustvo\/vojska-cg-angazovana-na-gasenju-pozara-u-piperima\/\",\"name\":\"Vojska CG anga\u017eovana na ga\u0161enju po\u017eara u Piperima - dmcsrb.com\",\"isPartOf\":{\"@id\":\"https:\/\/dmcsrb.com\/#website\"},\"primaryImageOfPage\":{\"@id\":\"https:\/\/dmcsrb.com\/drustvo\/vojska-cg-angazovana-na-gasenju-pozara-u-piperima\/#primaryimage\"},\"image\":{\"@id\":\"https:\/\/dmcsrb.com\/drustvo\/vojska-cg-angazovana-na-gasenju-pozara-u-piperima\/#primaryimage\"},\"thumbnailUrl\":\"https:\/\/dmcsrb.com\/wp-content\/uploads\/2026\/01\/IMG_81131_693x900.webp\",\"datePublished\":\"2025-08-12T08:18:17+00:00\",\"author\":{\"@id\":\"https:\/\/dmcsrb.com\/#\/schema\/person\/5c39170f12db1b8b457732d0b5c854e2\"},\"breadcrumb\":{\"@id\":\"https:\/\/dmcsrb.com\/drustvo\/vojska-cg-angazovana-na-gasenju-pozara-u-piperima\/#breadcrumb\"},\"inLanguage\":\"en-GB\",\"potentialAction\":[{\"@type\":\"ReadAction\",\"target\":[\"https:\/\/dmcsrb.com\/drustvo\/vojska-cg-angazovana-na-gasenju-pozara-u-piperima\/\"]}]},{\"@type\":\"ImageObject\",\"inLanguage\":\"en-GB\",\"@id\":\"https:\/\/dmcsrb.com\/drustvo\/vojska-cg-angazovana-na-gasenju-pozara-u-piperima\/#primaryimage\",\"url\":\"https:\/\/dmcsrb.com\/wp-content\/uploads\/2026\/01\/IMG_81131_693x900.webp\",\"contentUrl\":\"https:\/\/dmcsrb.com\/wp-content\/uploads\/2026\/01\/IMG_81131_693x900.webp\",\"width\":899,\"height\":693},{\"@type\":\"BreadcrumbList\",\"@id\":\"https:\/\/dmcsrb.com\/drustvo\/vojska-cg-angazovana-na-gasenju-pozara-u-piperima\/#breadcrumb\",\"itemListElement\":[{\"@type\":\"ListItem\",\"position\":1,\"name\":\"Home\",\"item\":\"https:\/\/dmcsrb.com\/\"},{\"@type\":\"ListItem\",\"position\":2,\"name\":\"Vojska CG anga\u017eovana na ga\u0161enju po\u017eara u Piperima\"}]},{\"@type\":\"WebSite\",\"@id\":\"https:\/\/dmcsrb.com\/#website\",\"url\":\"https:\/\/dmcsrb.com\/\",\"name\":\"dmcsrb.com\",\"description\":\"\",\"potentialAction\":[{\"@type\":\"SearchAction\",\"target\":{\"@type\":\"EntryPoint\",\"urlTemplate\":\"https:\/\/dmcsrb.com\/?s={search_term_string}\"},\"query-input\":{\"@type\":\"PropertyValueSpecification\",\"valueRequired\":true,\"valueName\":\"search_term_string\"}}],\"inLanguage\":\"en-GB\"},{\"@type\":\"Person\",\"@id\":\"https:\/\/dmcsrb.com\/#\/schema\/person\/5c39170f12db1b8b457732d0b5c854e2\",\"name\":\"dmcsrbija.com@gmail.com\",\"image\":{\"@type\":\"ImageObject\",\"inLanguage\":\"en-GB\",\"@id\":\"https:\/\/dmcsrb.com\/#\/schema\/person\/image\/\",\"url\":\"https:\/\/secure.gravatar.com\/avatar\/68592660ad6347fad0fb587f8d5d8f1a7b44961362f56e4f2cd524feb87e9069?s=96&d=mm&r=g\",\"contentUrl\":\"https:\/\/secure.gravatar.com\/avatar\/68592660ad6347fad0fb587f8d5d8f1a7b44961362f56e4f2cd524feb87e9069?s=96&d=mm&r=g\",\"caption\":\"dmcsrbija.com@gmail.com\"},\"sameAs\":[\"https:\/\/dmcsrb.com\"],\"url\":\"https:\/\/dmcsrb.com\/en\/author\/dmcsrbija-comgmail-com\/\"}]}<\/script>\n<!-- \/ Yoast SEO plugin. -->","yoast_head_json":{"title":"Vojska CG anga\u017eovana na ga\u0161enju po\u017eara u Piperima - dmcsrb.com","robots":{"index":"index","follow":"follow","max-snippet":"max-snippet:-1","max-image-preview":"max-image-preview:large","max-video-preview":"max-video-preview:-1"},"canonical":"https:\/\/dmcsrb.com\/en\/drustvo\/vojska-cg-angazovana-na-gasenju-pozara-u-piperima\/","og_locale":"en_GB","og_type":"article","og_title":"Vojska CG anga\u017eovana na ga\u0161enju po\u017eara u Piperima - dmcsrb.com","og_description":"Preko 100 pripadnika Vojske Crne Gore, sa specijalizovanim vozilima i opremom, bilo je tokom \u010ditave prethodne no\u0107i anga\u017eovano na ga\u0161enju po\u017eara na podru\u010dju Pipera, gdje je vatra prijetila da zahvati \u0161ire podru\u010dje i dodatno ugrozi doma\u0107instva, saop\u0161teno je iz Ministarstva odbrane.","og_url":"https:\/\/dmcsrb.com\/en\/drustvo\/vojska-cg-angazovana-na-gasenju-pozara-u-piperima\/","og_site_name":"dmcsrb.com","article_published_time":"2025-08-12T08:18:17+00:00","og_image":[{"width":899,"height":693,"url":"https:\/\/dmcsrb.com\/wp-content\/uploads\/2026\/01\/IMG_81131_693x900.webp","type":"image\/jpeg"}],"author":"dmcsrbija.com@gmail.com","twitter_card":"summary_large_image","twitter_misc":{"Written by":"dmcsrbija.com@gmail.com","Estimated reading time":"1 minute"},"schema":{"@context":"https:\/\/schema.org","@graph":[{"@type":"Article","@id":"https:\/\/dmcsrb.com\/drustvo\/vojska-cg-angazovana-na-gasenju-pozara-u-piperima\/#article","isPartOf":{"@id":"https:\/\/dmcsrb.com\/drustvo\/vojska-cg-angazovana-na-gasenju-pozara-u-piperima\/"},"author":{"name":"dmcsrbija.com@gmail.com","@id":"https:\/\/dmcsrb.com\/#\/schema\/person\/5c39170f12db1b8b457732d0b5c854e2"},"headline":"Vojska CG anga\u017eovana na ga\u0161enju po\u017eara u Piperima","datePublished":"2025-08-12T08:18:17+00:00","mainEntityOfPage":{"@id":"https:\/\/dmcsrb.com\/drustvo\/vojska-cg-angazovana-na-gasenju-pozara-u-piperima\/"},"wordCount":235,"commentCount":0,"image":{"@id":"https:\/\/dmcsrb.com\/drustvo\/vojska-cg-angazovana-na-gasenju-pozara-u-piperima\/#primaryimage"},"thumbnailUrl":"https:\/\/dmcsrb.com\/wp-content\/uploads\/2026\/01\/IMG_81131_693x900.webp","keywords":["Ga\u0161enje po\u017eara","Piperi","Vojska CG"],"articleSection":["Dru\u0161tvo"],"inLanguage":"en-GB","potentialAction":[{"@type":"CommentAction","name":"Comment","target":["https:\/\/dmcsrb.com\/drustvo\/vojska-cg-angazovana-na-gasenju-pozara-u-piperima\/#respond"]}]},{"@type":"WebPage","@id":"https:\/\/dmcsrb.com\/drustvo\/vojska-cg-angazovana-na-gasenju-pozara-u-piperima\/","url":"https:\/\/dmcsrb.com\/drustvo\/vojska-cg-angazovana-na-gasenju-pozara-u-piperima\/","name":"Vojska CG anga\u017eovana na ga\u0161enju po\u017eara u Piperima - dmcsrb.com","isPartOf":{"@id":"https:\/\/dmcsrb.com\/#website"},"primaryImageOfPage":{"@id":"https:\/\/dmcsrb.com\/drustvo\/vojska-cg-angazovana-na-gasenju-pozara-u-piperima\/#primaryimage"},"image":{"@id":"https:\/\/dmcsrb.com\/drustvo\/vojska-cg-angazovana-na-gasenju-pozara-u-piperima\/#primaryimage"},"thumbnailUrl":"https:\/\/dmcsrb.com\/wp-content\/uploads\/2026\/01\/IMG_81131_693x900.webp","datePublished":"2025-08-12T08:18:17+00:00","author":{"@id":"https:\/\/dmcsrb.com\/#\/schema\/person\/5c39170f12db1b8b457732d0b5c854e2"},"breadcrumb":{"@id":"https:\/\/dmcsrb.com\/drustvo\/vojska-cg-angazovana-na-gasenju-pozara-u-piperima\/#breadcrumb"},"inLanguage":"en-GB","potentialAction":[{"@type":"ReadAction","target":["https:\/\/dmcsrb.com\/drustvo\/vojska-cg-angazovana-na-gasenju-pozara-u-piperima\/"]}]},{"@type":"ImageObject","inLanguage":"en-GB","@id":"https:\/\/dmcsrb.com\/drustvo\/vojska-cg-angazovana-na-gasenju-pozara-u-piperima\/#primaryimage","url":"https:\/\/dmcsrb.com\/wp-content\/uploads\/2026\/01\/IMG_81131_693x900.webp","contentUrl":"https:\/\/dmcsrb.com\/wp-content\/uploads\/2026\/01\/IMG_81131_693x900.webp","width":899,"height":693},{"@type":"BreadcrumbList","@id":"https:\/\/dmcsrb.com\/drustvo\/vojska-cg-angazovana-na-gasenju-pozara-u-piperima\/#breadcrumb","itemListElement":[{"@type":"ListItem","position":1,"name":"Home","item":"https:\/\/dmcsrb.com\/"},{"@type":"ListItem","position":2,"name":"Vojska CG anga\u017eovana na ga\u0161enju po\u017eara u Piperima"}]},{"@type":"WebSite","@id":"https:\/\/dmcsrb.com\/#website","url":"https:\/\/dmcsrb.com\/","name":"dmcsrb.com","description":"","potentialAction":[{"@type":"SearchAction","target":{"@type":"EntryPoint","urlTemplate":"https:\/\/dmcsrb.com\/?s={search_term_string}"},"query-input":{"@type":"PropertyValueSpecification","valueRequired":true,"valueName":"search_term_string"}}],"inLanguage":"en-GB"},{"@type":"Person","@id":"https:\/\/dmcsrb.com\/#\/schema\/person\/5c39170f12db1b8b457732d0b5c854e2","name":"dmcsrbija.com@gmail.com","image":{"@type":"ImageObject","inLanguage":"en-GB","@id":"https:\/\/dmcsrb.com\/#\/schema\/person\/image\/","url":"https:\/\/secure.gravatar.com\/avatar\/68592660ad6347fad0fb587f8d5d8f1a7b44961362f56e4f2cd524feb87e9069?s=96&d=mm&r=g","contentUrl":"https:\/\/secure.gravatar.com\/avatar\/68592660ad6347fad0fb587f8d5d8f1a7b44961362f56e4f2cd524feb87e9069?s=96&d=mm&r=g","caption":"dmcsrbija.com@gmail.com"},"sameAs":["https:\/\/dmcsrb.com"],"url":"https:\/\/dmcsrb.com\/en\/author\/dmcsrbija-comgmail-com\/"}]}},"_links":{"self":[{"href":"https:\/\/dmcsrb.com\/en\/wp-json\/wp\/v2\/posts\/945746","targetHints":{"allow":["GET"]}}],"collection":[{"href":"https:\/\/dmcsrb.com\/en\/wp-json\/wp\/v2\/posts"}],"about":[{"href":"https:\/\/dmcsrb.com\/en\/wp-json\/wp\/v2\/types\/post"}],"author":[{"embeddable":true,"href":"https:\/\/dmcsrb.com\/en\/wp-json\/wp\/v2\/users\/1"}],"replies":[{"embeddable":true,"href":"https:\/\/dmcsrb.com\/en\/wp-json\/wp\/v2\/comments?post=945746"}],"version-history":[{"count":0,"href":"https:\/\/dmcsrb.com\/en\/wp-json\/wp\/v2\/posts\/945746\/revisions"}],"wp:featuredmedia":[{"embeddable":true,"href":"https:\/\/dmcsrb.com\/en\/wp-json\/wp\/v2\/media\/945747"}],"wp:attachment":[{"href":"https:\/\/dmcsrb.com\/en\/wp-json\/wp\/v2\/media?parent=945746"}],"wp:term":[{"taxonomy":"category","embeddable":true,"href":"https:\/\/dmcsrb.com\/en\/wp-json\/wp\/v2\/categories?post=945746"},{"taxonomy":"post_tag","embeddable":true,"href":"https:\/\/dmcsrb.com\/en\/wp-json\/wp\/v2\/tags?post=945746"},{"taxonomy":"naslovna","embeddable":true,"href":"https:\/\/dmcsrb.com\/en\/wp-json\/wp\/v2\/naslovna?post=945746"}],"curies":[{"name":"wp","href":"https:\/\/api.w.org\/{rel}","templated":true}]}}