{"id":945730,"date":"2025-08-12T08:02:00","date_gmt":"2025-08-12T06:02:00","guid":{"rendered":"https:\/\/dmcsrb.com\/uncategorized\/ura-vlada-mora-da-shvati-ozbiljnost-situacije-u-kojoj-se-nalazimo-i-jasno-odgovori-na-izazov-koji-je-pred-zemljom\/"},"modified":"2025-08-12T08:02:00","modified_gmt":"2025-08-12T06:02:00","slug":"ura-vlada-mora-da-shvati-ozbiljnost-situacije-u-kojoj-se-nalazimo-i-jasno-odgovori-na-izazov-koji-je-pred-zemljom","status":"publish","type":"post","link":"https:\/\/dmcsrb.com\/en\/politika\/ura-vlada-mora-da-shvati-ozbiljnost-situacije-u-kojoj-se-nalazimo-i-jasno-odgovori-na-izazov-koji-je-pred-zemljom\/","title":{"rendered":"URA: Vlada mora da shvati ozbiljnost situacije u kojoj se nalazimo i jasno odgovori na izazov koji je pred zemljom"},"content":{"rendered":"<p><\/p>\n\n\n\n<p>Iz URE zaklju\u010duju da se, sa druge strane, vatrogasci \u0161irom dr\u017eave, svim silama bore sa vatrenom stihijom i da im svi gra\u0111ani duguju punu zahvalnost za po\u017ertvovanost koju pokazuju.<\/p>\n\n\n\n<p><\/p>","protected":false},"excerpt":{"rendered":"<p>,,Umjesto \u0161to je na nezaslu\u017eenom odmoru, Vlada Crne Gore mora da shvati ozbiljnost situacije u kojoj se nalazimo i jasno odgovori na izazov koji je pred zemljom. Dok ministri ljetuju i preko whatsapp-a vode \u201cpaf-paf\u201d politike, ugro\u017eeni su ljudski \u017eivoti, imovina, prirodna bogatstva i turisti\u010dka sezona. Crna Gora se ne brani la\u017enim obe\u0107anjima, populizmom i neozbiljno\u0161\u0107u jer kad tad takav odnos prema javnom dobru do\u0111e na naplatu, saop\u0161tili su iz Gra\u0111anskog pokreta URA, napominju\u0107i da je pro\u0161la godina dana od obe\u0107anja premijera Milojka Spaji\u0107a da \u0107e Vlada prona\u0107i sredstva da kupi kanader.<\/p>","protected":false},"author":1,"featured_media":915070,"comment_status":"open","ping_status":"open","sticky":false,"template":"","format":"standard","meta":{"_acf_changed":false,"footnotes":""},"categories":[12],"tags":[8845,3277,1319,7400],"naslovna":[],"class_list":["post-945730","post","type-post","status-publish","format-standard","has-post-thumbnail","hentry","category-politika","tag-gradjanski-pokret-ura","tag-izazov","tag-vlada-crne-gore","tag-zemlja"],"acf":[],"yoast_head":"<!-- This site is optimized with the Yoast SEO plugin v27.4 - https:\/\/yoast.com\/product\/yoast-seo-wordpress\/ -->\n<title>URA: Vlada mora da shvati ozbiljnost situacije u kojoj se nalazimo i jasno odgovori na izazov koji je pred zemljom - dmcsrb.com<\/title>\n<meta name=\"robots\" content=\"index, follow, max-snippet:-1, max-image-preview:large, max-video-preview:-1\" \/>\n<link rel=\"canonical\" href=\"https:\/\/dmcsrb.com\/en\/politika\/ura-vlada-mora-da-shvati-ozbiljnost-situacije-u-kojoj-se-nalazimo-i-jasno-odgovori-na-izazov-koji-je-pred-zemljom\/\" \/>\n<meta property=\"og:locale\" content=\"en_GB\" \/>\n<meta property=\"og:type\" content=\"article\" \/>\n<meta property=\"og:title\" content=\"URA: Vlada mora da shvati ozbiljnost situacije u kojoj se nalazimo i jasno odgovori na izazov koji je pred zemljom - dmcsrb.com\" \/>\n<meta property=\"og:description\" content=\",,Umjesto \u0161to je na nezaslu\u017eenom odmoru, Vlada Crne Gore mora da shvati ozbiljnost situacije u kojoj se nalazimo i jasno odgovori na izazov koji je pred zemljom. Dok ministri ljetuju i preko whatsapp-a vode \u201cpaf-paf\u201d politike, ugro\u017eeni su ljudski \u017eivoti, imovina, prirodna bogatstva i turisti\u010dka sezona. Crna Gora se ne brani la\u017enim obe\u0107anjima, populizmom i neozbiljno\u0161\u0107u jer kad tad takav odnos prema javnom dobru do\u0111e na naplatu, saop\u0161tili su iz Gra\u0111anskog pokreta URA, napominju\u0107i da je pro\u0161la godina dana od obe\u0107anja premijera Milojka Spaji\u0107a da \u0107e Vlada prona\u0107i sredstva da kupi kanader.\" \/>\n<meta property=\"og:url\" content=\"https:\/\/dmcsrb.com\/en\/politika\/ura-vlada-mora-da-shvati-ozbiljnost-situacije-u-kojoj-se-nalazimo-i-jasno-odgovori-na-izazov-koji-je-pred-zemljom\/\" \/>\n<meta property=\"og:site_name\" content=\"dmcsrb.com\" \/>\n<meta property=\"article:published_time\" content=\"2025-08-12T06:02:00+00:00\" \/>\n<meta property=\"og:image\" content=\"https:\/\/dmcsrb.com\/wp-content\/uploads\/2026\/01\/Ilustracija_486x900.jpg\" \/>\n\t<meta property=\"og:image:width\" content=\"898\" \/>\n\t<meta property=\"og:image:height\" content=\"486\" \/>\n\t<meta property=\"og:image:type\" content=\"image\/jpeg\" \/>\n<meta name=\"author\" content=\"dmcsrbija.com@gmail.com\" \/>\n<meta name=\"twitter:card\" content=\"summary_large_image\" \/>\n<meta name=\"twitter:label1\" content=\"Written by\" \/>\n\t<meta name=\"twitter:data1\" content=\"dmcsrbija.com@gmail.com\" \/>\n<script type=\"application\/ld+json\" class=\"yoast-schema-graph\">{\"@context\":\"https:\\\/\\\/schema.org\",\"@graph\":[{\"@type\":\"Article\",\"@id\":\"https:\\\/\\\/dmcsrb.com\\\/en\\\/politika\\\/ura-vlada-mora-da-shvati-ozbiljnost-situacije-u-kojoj-se-nalazimo-i-jasno-odgovori-na-izazov-koji-je-pred-zemljom\\\/#article\",\"isPartOf\":{\"@id\":\"https:\\\/\\\/dmcsrb.com\\\/en\\\/politika\\\/ura-vlada-mora-da-shvati-ozbiljnost-situacije-u-kojoj-se-nalazimo-i-jasno-odgovori-na-izazov-koji-je-pred-zemljom\\\/\"},\"author\":{\"name\":\"dmcsrbija.com@gmail.com\",\"@id\":\"https:\\\/\\\/dmcsrb.com\\\/#\\\/schema\\\/person\\\/5c39170f12db1b8b457732d0b5c854e2\"},\"headline\":\"URA: Vlada mora da shvati ozbiljnost situacije u kojoj se nalazimo i jasno odgovori na izazov koji je pred zemljom\",\"datePublished\":\"2025-08-12T06:02:00+00:00\",\"mainEntityOfPage\":{\"@id\":\"https:\\\/\\\/dmcsrb.com\\\/en\\\/politika\\\/ura-vlada-mora-da-shvati-ozbiljnost-situacije-u-kojoj-se-nalazimo-i-jasno-odgovori-na-izazov-koji-je-pred-zemljom\\\/\"},\"wordCount\":53,\"commentCount\":0,\"image\":{\"@id\":\"https:\\\/\\\/dmcsrb.com\\\/en\\\/politika\\\/ura-vlada-mora-da-shvati-ozbiljnost-situacije-u-kojoj-se-nalazimo-i-jasno-odgovori-na-izazov-koji-je-pred-zemljom\\\/#primaryimage\"},\"thumbnailUrl\":\"https:\\\/\\\/dmcsrb.com\\\/wp-content\\\/uploads\\\/2026\\\/01\\\/Ilustracija_486x900.jpg\",\"keywords\":[\"Gra\u0111anski pokret URA\",\"Izazov\",\"Vlada Crne Gore\",\"zemlja\"],\"articleSection\":[\"Politika\"],\"inLanguage\":\"en-GB\",\"potentialAction\":[{\"@type\":\"CommentAction\",\"name\":\"Comment\",\"target\":[\"https:\\\/\\\/dmcsrb.com\\\/en\\\/politika\\\/ura-vlada-mora-da-shvati-ozbiljnost-situacije-u-kojoj-se-nalazimo-i-jasno-odgovori-na-izazov-koji-je-pred-zemljom\\\/#respond\"]}]},{\"@type\":\"WebPage\",\"@id\":\"https:\\\/\\\/dmcsrb.com\\\/en\\\/politika\\\/ura-vlada-mora-da-shvati-ozbiljnost-situacije-u-kojoj-se-nalazimo-i-jasno-odgovori-na-izazov-koji-je-pred-zemljom\\\/\",\"url\":\"https:\\\/\\\/dmcsrb.com\\\/en\\\/politika\\\/ura-vlada-mora-da-shvati-ozbiljnost-situacije-u-kojoj-se-nalazimo-i-jasno-odgovori-na-izazov-koji-je-pred-zemljom\\\/\",\"name\":\"URA: Vlada mora da shvati ozbiljnost situacije u kojoj se nalazimo i jasno odgovori na izazov koji je pred zemljom - dmcsrb.com\",\"isPartOf\":{\"@id\":\"https:\\\/\\\/dmcsrb.com\\\/#website\"},\"primaryImageOfPage\":{\"@id\":\"https:\\\/\\\/dmcsrb.com\\\/en\\\/politika\\\/ura-vlada-mora-da-shvati-ozbiljnost-situacije-u-kojoj-se-nalazimo-i-jasno-odgovori-na-izazov-koji-je-pred-zemljom\\\/#primaryimage\"},\"image\":{\"@id\":\"https:\\\/\\\/dmcsrb.com\\\/en\\\/politika\\\/ura-vlada-mora-da-shvati-ozbiljnost-situacije-u-kojoj-se-nalazimo-i-jasno-odgovori-na-izazov-koji-je-pred-zemljom\\\/#primaryimage\"},\"thumbnailUrl\":\"https:\\\/\\\/dmcsrb.com\\\/wp-content\\\/uploads\\\/2026\\\/01\\\/Ilustracija_486x900.jpg\",\"datePublished\":\"2025-08-12T06:02:00+00:00\",\"author\":{\"@id\":\"https:\\\/\\\/dmcsrb.com\\\/#\\\/schema\\\/person\\\/5c39170f12db1b8b457732d0b5c854e2\"},\"breadcrumb\":{\"@id\":\"https:\\\/\\\/dmcsrb.com\\\/en\\\/politika\\\/ura-vlada-mora-da-shvati-ozbiljnost-situacije-u-kojoj-se-nalazimo-i-jasno-odgovori-na-izazov-koji-je-pred-zemljom\\\/#breadcrumb\"},\"inLanguage\":\"en-GB\",\"potentialAction\":[{\"@type\":\"ReadAction\",\"target\":[\"https:\\\/\\\/dmcsrb.com\\\/en\\\/politika\\\/ura-vlada-mora-da-shvati-ozbiljnost-situacije-u-kojoj-se-nalazimo-i-jasno-odgovori-na-izazov-koji-je-pred-zemljom\\\/\"]}]},{\"@type\":\"ImageObject\",\"inLanguage\":\"en-GB\",\"@id\":\"https:\\\/\\\/dmcsrb.com\\\/en\\\/politika\\\/ura-vlada-mora-da-shvati-ozbiljnost-situacije-u-kojoj-se-nalazimo-i-jasno-odgovori-na-izazov-koji-je-pred-zemljom\\\/#primaryimage\",\"url\":\"https:\\\/\\\/dmcsrb.com\\\/wp-content\\\/uploads\\\/2026\\\/01\\\/Ilustracija_486x900.jpg\",\"contentUrl\":\"https:\\\/\\\/dmcsrb.com\\\/wp-content\\\/uploads\\\/2026\\\/01\\\/Ilustracija_486x900.jpg\",\"width\":898,\"height\":486},{\"@type\":\"BreadcrumbList\",\"@id\":\"https:\\\/\\\/dmcsrb.com\\\/en\\\/politika\\\/ura-vlada-mora-da-shvati-ozbiljnost-situacije-u-kojoj-se-nalazimo-i-jasno-odgovori-na-izazov-koji-je-pred-zemljom\\\/#breadcrumb\",\"itemListElement\":[{\"@type\":\"ListItem\",\"position\":1,\"name\":\"Home\",\"item\":\"https:\\\/\\\/dmcsrb.com\\\/\"},{\"@type\":\"ListItem\",\"position\":2,\"name\":\"URA: Vlada mora da shvati ozbiljnost situacije u kojoj se nalazimo i jasno odgovori na izazov koji je pred zemljom\"}]},{\"@type\":\"WebSite\",\"@id\":\"https:\\\/\\\/dmcsrb.com\\\/#website\",\"url\":\"https:\\\/\\\/dmcsrb.com\\\/\",\"name\":\"dmcsrb.com\",\"description\":\"\",\"potentialAction\":[{\"@type\":\"SearchAction\",\"target\":{\"@type\":\"EntryPoint\",\"urlTemplate\":\"https:\\\/\\\/dmcsrb.com\\\/?s={search_term_string}\"},\"query-input\":{\"@type\":\"PropertyValueSpecification\",\"valueRequired\":true,\"valueName\":\"search_term_string\"}}],\"inLanguage\":\"en-GB\"},{\"@type\":\"Person\",\"@id\":\"https:\\\/\\\/dmcsrb.com\\\/#\\\/schema\\\/person\\\/5c39170f12db1b8b457732d0b5c854e2\",\"name\":\"dmcsrbija.com@gmail.com\",\"image\":{\"@type\":\"ImageObject\",\"inLanguage\":\"en-GB\",\"@id\":\"https:\\\/\\\/secure.gravatar.com\\\/avatar\\\/68592660ad6347fad0fb587f8d5d8f1a7b44961362f56e4f2cd524feb87e9069?s=96&d=mm&r=g\",\"url\":\"https:\\\/\\\/secure.gravatar.com\\\/avatar\\\/68592660ad6347fad0fb587f8d5d8f1a7b44961362f56e4f2cd524feb87e9069?s=96&d=mm&r=g\",\"contentUrl\":\"https:\\\/\\\/secure.gravatar.com\\\/avatar\\\/68592660ad6347fad0fb587f8d5d8f1a7b44961362f56e4f2cd524feb87e9069?s=96&d=mm&r=g\",\"caption\":\"dmcsrbija.com@gmail.com\"},\"sameAs\":[\"https:\\\/\\\/dmcsrb.com\"],\"url\":\"https:\\\/\\\/dmcsrb.com\\\/en\\\/author\\\/dmcsrbija-comgmail-com\\\/\"}]}<\/script>\n<!-- \/ Yoast SEO plugin. -->","yoast_head_json":{"title":"URA: Vlada mora da shvati ozbiljnost situacije u kojoj se nalazimo i jasno odgovori na izazov koji je pred zemljom - dmcsrb.com","robots":{"index":"index","follow":"follow","max-snippet":"max-snippet:-1","max-image-preview":"max-image-preview:large","max-video-preview":"max-video-preview:-1"},"canonical":"https:\/\/dmcsrb.com\/en\/politika\/ura-vlada-mora-da-shvati-ozbiljnost-situacije-u-kojoj-se-nalazimo-i-jasno-odgovori-na-izazov-koji-je-pred-zemljom\/","og_locale":"en_GB","og_type":"article","og_title":"URA: Vlada mora da shvati ozbiljnost situacije u kojoj se nalazimo i jasno odgovori na izazov koji je pred zemljom - dmcsrb.com","og_description":",,Umjesto \u0161to je na nezaslu\u017eenom odmoru, Vlada Crne Gore mora da shvati ozbiljnost situacije u kojoj se nalazimo i jasno odgovori na izazov koji je pred zemljom. Dok ministri ljetuju i preko whatsapp-a vode \u201cpaf-paf\u201d politike, ugro\u017eeni su ljudski \u017eivoti, imovina, prirodna bogatstva i turisti\u010dka sezona. Crna Gora se ne brani la\u017enim obe\u0107anjima, populizmom i neozbiljno\u0161\u0107u jer kad tad takav odnos prema javnom dobru do\u0111e na naplatu, saop\u0161tili su iz Gra\u0111anskog pokreta URA, napominju\u0107i da je pro\u0161la godina dana od obe\u0107anja premijera Milojka Spaji\u0107a da \u0107e Vlada prona\u0107i sredstva da kupi kanader.","og_url":"https:\/\/dmcsrb.com\/en\/politika\/ura-vlada-mora-da-shvati-ozbiljnost-situacije-u-kojoj-se-nalazimo-i-jasno-odgovori-na-izazov-koji-je-pred-zemljom\/","og_site_name":"dmcsrb.com","article_published_time":"2025-08-12T06:02:00+00:00","og_image":[{"width":898,"height":486,"url":"https:\/\/dmcsrb.com\/wp-content\/uploads\/2026\/01\/Ilustracija_486x900.jpg","type":"image\/jpeg"}],"author":"dmcsrbija.com@gmail.com","twitter_card":"summary_large_image","twitter_misc":{"Written by":"dmcsrbija.com@gmail.com"},"schema":{"@context":"https:\/\/schema.org","@graph":[{"@type":"Article","@id":"https:\/\/dmcsrb.com\/en\/politika\/ura-vlada-mora-da-shvati-ozbiljnost-situacije-u-kojoj-se-nalazimo-i-jasno-odgovori-na-izazov-koji-je-pred-zemljom\/#article","isPartOf":{"@id":"https:\/\/dmcsrb.com\/en\/politika\/ura-vlada-mora-da-shvati-ozbiljnost-situacije-u-kojoj-se-nalazimo-i-jasno-odgovori-na-izazov-koji-je-pred-zemljom\/"},"author":{"name":"dmcsrbija.com@gmail.com","@id":"https:\/\/dmcsrb.com\/#\/schema\/person\/5c39170f12db1b8b457732d0b5c854e2"},"headline":"URA: Vlada mora da shvati ozbiljnost situacije u kojoj se nalazimo i jasno odgovori na izazov koji je pred zemljom","datePublished":"2025-08-12T06:02:00+00:00","mainEntityOfPage":{"@id":"https:\/\/dmcsrb.com\/en\/politika\/ura-vlada-mora-da-shvati-ozbiljnost-situacije-u-kojoj-se-nalazimo-i-jasno-odgovori-na-izazov-koji-je-pred-zemljom\/"},"wordCount":53,"commentCount":0,"image":{"@id":"https:\/\/dmcsrb.com\/en\/politika\/ura-vlada-mora-da-shvati-ozbiljnost-situacije-u-kojoj-se-nalazimo-i-jasno-odgovori-na-izazov-koji-je-pred-zemljom\/#primaryimage"},"thumbnailUrl":"https:\/\/dmcsrb.com\/wp-content\/uploads\/2026\/01\/Ilustracija_486x900.jpg","keywords":["Gra\u0111anski pokret URA","Izazov","Vlada Crne Gore","zemlja"],"articleSection":["Politika"],"inLanguage":"en-GB","potentialAction":[{"@type":"CommentAction","name":"Comment","target":["https:\/\/dmcsrb.com\/en\/politika\/ura-vlada-mora-da-shvati-ozbiljnost-situacije-u-kojoj-se-nalazimo-i-jasno-odgovori-na-izazov-koji-je-pred-zemljom\/#respond"]}]},{"@type":"WebPage","@id":"https:\/\/dmcsrb.com\/en\/politika\/ura-vlada-mora-da-shvati-ozbiljnost-situacije-u-kojoj-se-nalazimo-i-jasno-odgovori-na-izazov-koji-je-pred-zemljom\/","url":"https:\/\/dmcsrb.com\/en\/politika\/ura-vlada-mora-da-shvati-ozbiljnost-situacije-u-kojoj-se-nalazimo-i-jasno-odgovori-na-izazov-koji-je-pred-zemljom\/","name":"URA: Vlada mora da shvati ozbiljnost situacije u kojoj se nalazimo i jasno odgovori na izazov koji je pred zemljom - dmcsrb.com","isPartOf":{"@id":"https:\/\/dmcsrb.com\/#website"},"primaryImageOfPage":{"@id":"https:\/\/dmcsrb.com\/en\/politika\/ura-vlada-mora-da-shvati-ozbiljnost-situacije-u-kojoj-se-nalazimo-i-jasno-odgovori-na-izazov-koji-je-pred-zemljom\/#primaryimage"},"image":{"@id":"https:\/\/dmcsrb.com\/en\/politika\/ura-vlada-mora-da-shvati-ozbiljnost-situacije-u-kojoj-se-nalazimo-i-jasno-odgovori-na-izazov-koji-je-pred-zemljom\/#primaryimage"},"thumbnailUrl":"https:\/\/dmcsrb.com\/wp-content\/uploads\/2026\/01\/Ilustracija_486x900.jpg","datePublished":"2025-08-12T06:02:00+00:00","author":{"@id":"https:\/\/dmcsrb.com\/#\/schema\/person\/5c39170f12db1b8b457732d0b5c854e2"},"breadcrumb":{"@id":"https:\/\/dmcsrb.com\/en\/politika\/ura-vlada-mora-da-shvati-ozbiljnost-situacije-u-kojoj-se-nalazimo-i-jasno-odgovori-na-izazov-koji-je-pred-zemljom\/#breadcrumb"},"inLanguage":"en-GB","potentialAction":[{"@type":"ReadAction","target":["https:\/\/dmcsrb.com\/en\/politika\/ura-vlada-mora-da-shvati-ozbiljnost-situacije-u-kojoj-se-nalazimo-i-jasno-odgovori-na-izazov-koji-je-pred-zemljom\/"]}]},{"@type":"ImageObject","inLanguage":"en-GB","@id":"https:\/\/dmcsrb.com\/en\/politika\/ura-vlada-mora-da-shvati-ozbiljnost-situacije-u-kojoj-se-nalazimo-i-jasno-odgovori-na-izazov-koji-je-pred-zemljom\/#primaryimage","url":"https:\/\/dmcsrb.com\/wp-content\/uploads\/2026\/01\/Ilustracija_486x900.jpg","contentUrl":"https:\/\/dmcsrb.com\/wp-content\/uploads\/2026\/01\/Ilustracija_486x900.jpg","width":898,"height":486},{"@type":"BreadcrumbList","@id":"https:\/\/dmcsrb.com\/en\/politika\/ura-vlada-mora-da-shvati-ozbiljnost-situacije-u-kojoj-se-nalazimo-i-jasno-odgovori-na-izazov-koji-je-pred-zemljom\/#breadcrumb","itemListElement":[{"@type":"ListItem","position":1,"name":"Home","item":"https:\/\/dmcsrb.com\/"},{"@type":"ListItem","position":2,"name":"URA: Vlada mora da shvati ozbiljnost situacije u kojoj se nalazimo i jasno odgovori na izazov koji je pred zemljom"}]},{"@type":"WebSite","@id":"https:\/\/dmcsrb.com\/#website","url":"https:\/\/dmcsrb.com\/","name":"dmcsrb.com","description":"","potentialAction":[{"@type":"SearchAction","target":{"@type":"EntryPoint","urlTemplate":"https:\/\/dmcsrb.com\/?s={search_term_string}"},"query-input":{"@type":"PropertyValueSpecification","valueRequired":true,"valueName":"search_term_string"}}],"inLanguage":"en-GB"},{"@type":"Person","@id":"https:\/\/dmcsrb.com\/#\/schema\/person\/5c39170f12db1b8b457732d0b5c854e2","name":"dmcsrbija.com@gmail.com","image":{"@type":"ImageObject","inLanguage":"en-GB","@id":"https:\/\/secure.gravatar.com\/avatar\/68592660ad6347fad0fb587f8d5d8f1a7b44961362f56e4f2cd524feb87e9069?s=96&d=mm&r=g","url":"https:\/\/secure.gravatar.com\/avatar\/68592660ad6347fad0fb587f8d5d8f1a7b44961362f56e4f2cd524feb87e9069?s=96&d=mm&r=g","contentUrl":"https:\/\/secure.gravatar.com\/avatar\/68592660ad6347fad0fb587f8d5d8f1a7b44961362f56e4f2cd524feb87e9069?s=96&d=mm&r=g","caption":"dmcsrbija.com@gmail.com"},"sameAs":["https:\/\/dmcsrb.com"],"url":"https:\/\/dmcsrb.com\/en\/author\/dmcsrbija-comgmail-com\/"}]}},"_links":{"self":[{"href":"https:\/\/dmcsrb.com\/en\/wp-json\/wp\/v2\/posts\/945730","targetHints":{"allow":["GET"]}}],"collection":[{"href":"https:\/\/dmcsrb.com\/en\/wp-json\/wp\/v2\/posts"}],"about":[{"href":"https:\/\/dmcsrb.com\/en\/wp-json\/wp\/v2\/types\/post"}],"author":[{"embeddable":true,"href":"https:\/\/dmcsrb.com\/en\/wp-json\/wp\/v2\/users\/1"}],"replies":[{"embeddable":true,"href":"https:\/\/dmcsrb.com\/en\/wp-json\/wp\/v2\/comments?post=945730"}],"version-history":[{"count":0,"href":"https:\/\/dmcsrb.com\/en\/wp-json\/wp\/v2\/posts\/945730\/revisions"}],"wp:featuredmedia":[{"embeddable":true,"href":"https:\/\/dmcsrb.com\/en\/wp-json\/wp\/v2\/media\/915070"}],"wp:attachment":[{"href":"https:\/\/dmcsrb.com\/en\/wp-json\/wp\/v2\/media?parent=945730"}],"wp:term":[{"taxonomy":"category","embeddable":true,"href":"https:\/\/dmcsrb.com\/en\/wp-json\/wp\/v2\/categories?post=945730"},{"taxonomy":"post_tag","embeddable":true,"href":"https:\/\/dmcsrb.com\/en\/wp-json\/wp\/v2\/tags?post=945730"},{"taxonomy":"naslovna","embeddable":true,"href":"https:\/\/dmcsrb.com\/en\/wp-json\/wp\/v2\/naslovna?post=945730"}],"curies":[{"name":"wp","href":"https:\/\/api.w.org\/{rel}","templated":true}]}}