{"id":945716,"date":"2025-08-12T06:26:44","date_gmt":"2025-08-12T04:26:44","guid":{"rendered":"https:\/\/dmcsrb.com\/uncategorized\/milatovic-ko-misli-da-je-cetnistvo-vrijednost-ne-postuje-ovu-zemlju\/"},"modified":"2025-08-12T06:26:44","modified_gmt":"2025-08-12T04:26:44","slug":"milatovic-ko-misli-da-je-cetnistvo-vrijednost-ne-postuje-ovu-zemlju","status":"publish","type":"post","link":"https:\/\/dmcsrb.com\/en\/politika\/milatovic-ko-misli-da-je-cetnistvo-vrijednost-ne-postuje-ovu-zemlju\/","title":{"rendered":"Milatovi\u0107: Ko misli da je \u010detni\u0161tvo vrijednost, ne po\u0161tuje ovu zemlju"},"content":{"rendered":"<p><\/p>\n\n\n\n<p><strong>Zna\u010dka je bila nepotreban korak<\/strong><\/p>\n\n\n\n<p><strong>Antena M:<\/strong>&nbsp;Da li ste zna\u010dku sa motivom broda &#8220;Jadran&#8221; do\u017eivjeli kao iskaz patriotizma ministra odbrane&nbsp;<strong>Dragana Krapovi\u0107a<\/strong>, njegove posve\u0107enosti interesima Crne Gore i prkosnog nepristajanja da bude &#8220;podstanar u svojoj ku\u0107i&#8221; ili kao ciljano provociranje Hrvatske, osmi\u0161ljeno u centru \u010diji je Krapovi\u0107 samo pion, i sra\u010dunato da na\u0107era Zagreb da blokira zatvaranje poglavlja 31, mogu\u0107e i jo\u0161 nekih? Zapravo, da, u kona\u010dnom, sprije\u010di ulazak CG u EU?<\/p>\n\n\n\n<p><strong>Milatovi\u0107:<\/strong>&nbsp;Zna\u010dku sa motivom broda do\u017eivio sam kao nepotreban korak u ovom trenutku kada je u toku aktivan dijalog na\u0161e i hrvatske strane o pitanjima o kojima imamo razli\u010dite stavove. Smatram da interese na\u0161e dr\u017eave najbolje mo\u017eemo da za\u0161titimo odmjerenim, mudrim i pravovremenim politi\u010dkim odlukama koje ne\u0107e otvarati nove frontove. To ne zna\u010di da \u0107emo odustati od stavova koje jasno zastupamo u odnosu na sva pitanja, pa i na pitanje broda Jadran.<\/p>\n\n\n\n<p>Crna Gora svoj evropski put ne\u0107e graditi ni na provokacijama, ni na popu\u0161tanju, ve\u0107 na jasnim argumentima, po\u0161tovanju me\u0111unarodnog prava i partnerskih odnosa.<\/p>\n\n\n\n<p>Sve drugo je politi\u010dki teatar koji mo\u017eda puni naslovnice, ali lo\u0161e uti\u010de na na\u0161e pregovara\u010dke pozicije. &nbsp;<\/p>\n\n\n\n<p><strong>Antena M:<\/strong>Va\u0161a polemika sa potpredsjednikom Vlade&nbsp;<strong>Nikom \u0110eljo\u0161ajem<\/strong>&nbsp;javna je I procesuirana pa Vas, stoga, ne\u0107u pitati o tom incidentu. No, taj slu\u010daj dobar<br>je \u0161lagvort za nikad do kraja razja\u0161njenu situaciju uo\u010di formiranja vlasti u Podgorici, s kraja pro\u0161le godine. Do danas su \u017eive spekulacije da ste tu odluku donijeli Vi, kao lider \u010detvoro odbornika sa liste \u201eZa bolju Podgoricu\u201c, pod pritiskom centara mo\u0107i iz susjedne dr\u017eave!?<\/p>\n\n\n\n<p><strong>Milatovi\u0107:<\/strong>&nbsp;Zakon o porezu na nepokretnosti koji je parlamentarna ve\u0107ina usvojila je neustavan I duboko nepravedan. Kao predsjednik dr\u017eave, bio sam du\u017ean da ga vratim Skup\u0161tini.<\/p>\n\n\n\n<p>Uslijedile su prijetnje potpredsjednika Vlade Nika \u0110eljo\u0161aja koje su se, na\u017ealost, po\u010dele ostvarivati. Da, reagovao sam, kao neko ko brani ustavni poredak I instituciju predsjednika, jer u trenutku kada se predsjedniku dr\u017eave prijeti dok radi svoju Ustavom propisanu du\u017enost, to vi\u0161e nije politi\u010dka polemika, kako Vi to nazivate, to je ozbiljna opasnost po dr\u017eavu. Ako se predsjedniku dr\u017eave prijeti zato \u0161to brani Ustav I pravni poredak, a uz to i vi\u0161e od 20 hiljada poljoprivrednih proizvo\u0111a\u010da, \u0161ta treba da o\u010dekuju sudije, tu\u017eioci, gra\u0111ani dok obavljaju svoj posao?<\/p>\n\n\n\n<p>Ne\u0107u odustati. Ovo je izbor izme\u0111u pravne dr\u017eave i dr\u017eave prijetnji. Ja uvijek biram pravnu dr\u017eavu.<\/p>\n\n\n\n<p>\u0160to se ti\u010de Podgorice, apsolutna je neistina da sam donio bilo kakvu odluku pod bilo \u010dijim pritiskom. Nikada nijesam, niti bih ikada donosio politi\u010dke odluke pod bilo \u010dijim pritiskom, a najmanje pod uticajem bilo koje strane dr\u017eave. Moja politika i moj mandat ne po\u010diva na poslu\u0161nosti, ve\u0107 na odgovornosti. Upravo zato, ako neko misli da je ovakvo stanje dobro, ili da je prije bilo bolje, mora\u0107e to da ka\u017ee i da za takvu politiku preuzme odgovornost.<\/p>\n\n\n\n<p>Kao \u0161to znate, ja nijesam partijski lider i ne komandujem odbornicima. Od po\u010detka sam govorio da gra\u0111ani treba da znaju za koga glasaju, a da izabrani predstavnici odgovaraju isklju\u010divo njima, a ne meni, ne partijama, ne bilo kom politi\u010dkom autoritetu. Jedan dio odbornika sa liste koja je nosila moje ime je postao dio vlasti, drugi je ostao u opoziciji.<\/p>\n\n\n\n<p>Da li \u0107e gra\u0111ani vidjeti promjenu u Podgorici, to \u0107e biti jedino relevantno mjerilo njihovih odluka.<\/p>\n\n\n\n<p><strong>Antena M:<\/strong>&nbsp;Te\u0161ko je prihvatiti da su odbornici tu odluku donijeli bez Va\u0161eg uticaja. Ako pritisaka nije bilo, za\u0161to ste odlu\u010dili da \u010detvoro odbornika sa liste koja je nosila Va\u0161e ime u\u0111u u koaliciju sa partijama vlasti koju ste Vi, samo koji dan ranije, okarakterisali kao \u201eanticrnogorsku i antievropsku\u201c!?<\/p>\n\n\n\n<p><strong>Milatovi\u0107:<\/strong>&nbsp;Ja nijesam partijski lider i ne komandujem, niti \u017eelim da komandujem odbornicima. Od po\u010detka sam govorio da gra\u0111ani treba da znaju za koga glasaju, a da izabrani predstavnici odgovaraju isklju\u010divo bira\u010dima, a ne meni, ne partijama, ne bilo kom politi\u010dkom \u0161efu. Zato se i zala\u017eem za izbornu reformu, da se politi\u010dka odgovornost vi\u0161e ne krije iza politi\u010dkih stranaka i zatvorenih lista. Borim se da uvedemo otvorene liste, da vratimo ustavno pravo da budemo birani, bez strana\u010dke knji\u017eice i da imamo punu rodnu ravnopravnost. Da svaki poslanik i odbornik ima ime i prezime, lice I biografiju.<\/p>\n\n\n\n<p>Politika je vje\u0161tina gdje, da biste ne\u0161to mijenjali, morate imati ve\u0107inu. I ako \u017eelite da preuzmete odgovornost za grad, morate biti spremni da pravite kompromise, ali ne po svaku cijenu, ve\u0107 zbog vi\u0161eg cilja. Jedan dio odbornika sa liste donio je odluku da u\u0111u u vlast, i to je njihova politi\u010dka odgovornost. Drugi dio odbornika sa liste donio je odluku da ne u\u0111u u vlast, i to je tako\u0111e njihova politi\u010dka odgovornost.<\/p>\n\n\n\n<p>Moja je odgovornost pred gra\u0111anima da uvijek govorim ono \u0161to mislim i da budem jasan kada ka\u017eem da se protivim svakom anticrnogorskom I antievropskom djelovanju. Na\u017ealost, ima ga previ\u0161e i na jednoj i na drugoj strani. Ali tako\u0111e vjerujem da se patriotizam i evropski put dokazuju rezultatima, a ne etiketama. Gra\u0111ani Podgorice i cijele Crne Gore \u0107e sami dati ocjenu na osnovu toga kako se vodi grad i da li se vidi promjena.<\/p>\n\n\n\n<p><strong>Svako ima pravo na slobodu govora, pa i Kova\u010devi\u0107 i Vrane\u0161<\/strong><\/p>\n\n\n\n<p><strong>Antena M<\/strong>: Taj, podgori\u010dki slu\u010daj, samo je jedan iz obilja koji u zna\u010dajnom dijelu crnogorske javnosti izazivaju konfuziju o vrijednostima koje, kao predsjednik dr\u017eave, zaklet na po\u0161tovanje Ustava, ba\u0161tinite. U Pljevljima, Nik\u0161i\u0107u, Beranama&#8230; Crna Gora postoji samo u naznakama. \u010covjek stranac za\u010dudi\u0107e se da, jo\u0161 uvijek, nije u Srbiji. Za\u0161to nikad nijeste reagovali na govor mr\u017enje i na antiustavno, antidr\u017eavno i anticivilizacijsko djelovanje&nbsp;<strong>Marka Kova\u010devi\u0107a<\/strong>&nbsp;i&nbsp;<strong>Darija Vrane\u0161a<\/strong>&nbsp;i stranaka koje ih dr\u017ee na vlasti?<\/p>\n\n\n\n<p><strong>Milatovi\u0107:<\/strong>&nbsp;Pitanje je legitimno, ali hajde da budemo iskreni: \u0161ta ta\u010dno o\u010dekujete da uradi predsjednik dr\u017eave? Da komentari\u0161em svaku izjavu svakog lokalnog funkcionera? I to isklju\u010divo kada dolazi sa jedne strane politi\u010dkog spektra? Ako \u017eelimo evropsku Crnu Goru, a ja to \u017eelim &#8211; onda mora da va\u017ei jedno pravilo: svi moraju da po\u0161tuju Ustav i zakone. I to mora da va\u017ei jednako u Pljevljima, i u Podgorici, i na Cetinju, Nik\u0161i\u0107u i u Beranama.<\/p>\n\n\n\n<p>Svako ima pravo na svoje mi\u0161ljenje &#8211; to je sloboda govora. I to pravo ne mo\u017ee biti privilegija samo za neke. Ako \u017eelimo da budemo demokratska dr\u017eava, onda moramo da branimo pravo na slobodu izra\u017eavanja i onima s kojima nijesmo saglasni. Sa druge strane, to zna\u010di da jednako moramo osuditi kada se u pojedinim op\u0161tinama, negiraju ustav i dr\u017eavni simboli, kada se vrije\u0111aju gra\u0111ani po vjerskoj ili nacionalnoj osnovi, isto kao \u0161to moramo osuditi i one iz biv\u0161e vlasti koji i danas siju nepovjerenje i mr\u017enju me\u0111u gra\u0111anima.<\/p>\n\n\n\n<p>To su dvije strane istog problema, jedni ru\u0161e povjerenje u dr\u017eavu otvorenim napadima na njene temelje, a drugi ga uru\u0161avaju zloupotrebom nacionalnih tema za politi\u010dku korist.<\/p>\n\n\n\n<p>Drugo je pitanje kada neko djeluje protiv dr\u017eave, kada kr\u0161i Ustav, zakone, ili zloupotrebljava funkciju. Tada o\u010dekujem da reaguju institucije, i ja \u0107u ih, kao predsjednik, u tome uvijek i potpuno podr\u017eati. Ne\u0107e nas podijeliti parole i izjave. Prava prijetnja Crnoj Gori je korupcija, neodgovornost i bahato ga\u017eenje institucija, koje karakteri\u0161e i novu I staru vlast, i protiv toga se uvijek borim, bez obzira iz koje partije, koalicije ili grada neko dolazi. I kad to svi budemo po\u0161tovali, ima\u0107emo dr\u017eavu u kojoj ljudi ne tra\u017ee gdje je Crna Gora nestala ve\u0107 je osje\u0107aju u svakom pravnom aktu, svakom po\u0161tenom potezu i svakom javnom odgovoru vlasti.<\/p>\n\n\n\n<p><strong>Momir i Pavle su bili Milovi saborci<\/strong><\/p>\n\n\n\n<p><strong>Antena M:<\/strong>&nbsp;Kao izuzetno indikativna o Va\u0161im politi\u010dkim i vrijednosnim stavovima uzima se Va\u0161a izjava da Vam je politi\u010dki uzor&nbsp;<strong>Momir Bulatovi\u0107<\/strong>. \u0160ta predsjednika suverene Crne Gore, \u010dlanice NATO i kandidatkinje za EU impresionira u biografiji politi\u010dara koji se svim srcem zalagao da ova dr\u017eava nikad ne postane nezavisna, koji je do kraja ostao vjeran&nbsp;<strong>Slobodanu Milo\u0161evi\u0107u<\/strong>&nbsp;I politici koja je u krvi sahranila SFRJ i koji je, u identitetskoj ravni, ostao zarobljenik propagandno-asimilatorskog koncepta o \u201ecrnogorskom imenu i srpskom prezimenu\u201c?<\/p>\n\n\n\n<p><strong>Milatovi\u0107:<\/strong>&nbsp;Da li primje\u0107ujete da su sva Va\u0161a dosada\u0161nja pitanja druga strana iste medalje? Ne pristajem na to da je za ovakvo stanje u na\u0161oj zemlji jedna strana uvijek kriva, a druga uvijek nevina. Ako Crnu Goru \u017eelimo da gradimo kao demokratsku i evropsku dr\u017eavu, onda moramo prestati da etiketiramo ljude po njihovom politi\u010dkom opredjeljenju. Momir Bulatovi\u0107 je bio prvi predsjednik Crne Gore u izuzetno te\u0161kom vremenu. Imao je mnogo gre\u0161aka, isto kao i njegov najbli\u017ei saborac&nbsp;<strong>Milo \u0110ukanovi\u0107<\/strong>. Samo da Vas podsjetim da su njih dvojica bili zajedno dok se, kako ka\u017eete u \u201ekrvi sahranila\u201c SFRJ.<\/p>\n\n\n\n<p>Ali iza onog \u0161to sam javno rekao, stojim i danas: bio je prvi izabrani predsjednik Crne Gore od uvo\u0111enja vi\u0161estrana\u010dja, i za razliku od drugih nije svoju funkciju koristio za li\u010dno boga\u0107enje. Mislim da je to bilo pozitivno i to sam i rekao. S druge strane, sigurno da je pravio gre\u0161ke, uklju\u010duju\u0107i i to \u0161to Vi nazivate vjernost prema Slobodanu Milo\u0161evi\u0107u. Dodatno, dugo njegov najve\u0107i saborac u toj vjernosti bio je Milo \u0110ukanovi\u0107, koji je, uz taj utisak, dodatno ostavio i utisak da je iskoristio svoju funkciju za li\u010dno boga\u0107enje svoje porodice. Me\u0111utim, narod ih je obojicu izabrao, isto kao i mene.<\/p>\n\n\n\n<p>Ne slavim mitove, niti tra\u017eim vo\u0111e iz pro\u0161losti. Moj put je evropski i gra\u0111anski i tu nema kompromisa, isto kao \u0161to nema kompromisa sa korupcijom I kriminalom. Crna Gora je nezavisna, suverena dr\u017eava, \u010dlanica NATO-a I kandidatkinja za EU i ja sam predsjednik te i takve Crne Gore. Ne mo\u017ee nas ujediniti budu\u0107nost, ako stalno poku\u0161avamo jedni druge da pobijedimo oko pro\u0161losti. I zato insistiram na istini, po\u0161tovanju zakona I rezultatu, a ne na ideolo\u0161kim etiketama koje su ovu zemlju dr\u017eale zarobljenu i neuspje\u0161nu<br>decenijama.<\/p>\n\n\n\n<p><strong>Antena M:<\/strong>&nbsp;Da \u017eivimo povratak u 90-te pokazuje i prijedlog da jedna ulica u Podgorici dobije naziv po&nbsp;<strong>Pavlu Bulatovi\u0107u<\/strong>. Kakav je Va\u0161 stav o tom prijedlogu, imaju\u0107i u vidu ne samo njegovu politi\u010dku biografiju, nego i reakcije Islamske zajednice, Bo\u0161nja\u010dke stranke ali i brojnih subjekata koji ba\u0161tine istinske gra\u0111anske i demokratske vrijednosti?<\/p>\n\n\n\n<p><strong>Milatovi\u0107:<\/strong>&nbsp;Ne mo\u017ee se zanemariti \u010dinjenica da su, u vrijeme kada je Pavle Bulatovi\u0107 bio ministar unutra\u0161njih poslova u Vladi Mila \u0110ukanovi\u0107a, ljudi koji su tra\u017eili spas u na\u0161oj zemlji vra\u0107ani u ratom zahva\u0107ena podru\u010dja, tada jo\u0161 uvijek zajedni\u010dke dr\u017eave. Podsje\u0107am Vas da sam bio prvi Predsjednik dr\u017eave koji se u ime Crne Gore izvinio porodicama stradalih u zlo\u010dinu deportacije bosanskohercegova\u010dkih izbjeglica 1992. godine.<\/p>\n\n\n\n<p>Jo\u0161 2023. godine sam se tim povodom sreo sa&nbsp;<strong>Alenom Bajrovi\u0107em<\/strong>, \u010diji je otac&nbsp;<strong>Osman Bajrovi\u0107<\/strong>&nbsp;stradao 1992. godine. Zato razumijem osje\u0107aj nelagode koji je taj prijedlog izazvao, ovaj put kod bo\u0161nja\u010dke zajednice, Islamske zajednice i gra\u0111ana.<\/p>\n\n\n\n<p>Kultura sje\u0107anja mora da bude osjetljiva, inkluzivna i utemeljena na istini, ne selektivnoj, ve\u0107 cjelovitoj. Ako \u017eelimo da budemo istinski gra\u0111anska i evropska dr\u017eava, onda moramo izgraditi odnos prema pro\u0161losti koji ne relativizuje bol \u017ertava i ne dijeli patriotizam po etni\u010dkoj ili partijskoj osnovi.<\/p>\n\n\n\n<p>Ne vjerujem u brisanje pro\u0161losti, ali vjerujem u odgovornost prema budu\u0107nosti. I zato sam za to da spomenici i nazivi ulica budu simboli onoga \u0161to nas povezuje, a ne nove rane koje otvaramo.<\/p>\n\n\n\n<p><strong>Mjesto Karad\u017ei\u0107a i Mladi\u0107a je u presudama, ne na muralima<\/strong><\/p>\n\n\n\n<p><strong>Antena M:<\/strong>&nbsp;Bili ste 11. jula u Srebrenici. \u0160ta biste odgovorili da Vas je neko od doma\u0107ina pitao: za\u0161to ste se zalagali da u Vladu CG u\u0111u stranke koje negiraju genocid nad Bo\u0161njacima a&nbsp;<strong>Ratka Mladi\u0107a<\/strong>&nbsp;i&nbsp;<strong>Radovana Karad\u017ei\u0107a<\/strong>&nbsp;slave kao heroje?<\/p>\n\n\n\n<p><strong>Milatovi\u0107:<\/strong>&nbsp;Da me je neko u Srebrenici to pitao, odgovorio bih: negiranje genocida je neprihvatljivo. To nije politi\u010dki stav, to je sramota. Genocid u Srebrenici je pravno dokazan i utvr\u0111en. Svako ko danas u Crnoj Gori relativizuje taj zlo\u010din, ili tra\u017ei opravdanje u onom na\u0161em \u010duvenom pitanju \u201ca \u0161ta je sa njihovim zlo\u010dinima\u201d, vrije\u0111a crnogorsko dostojanstvo, ali I temeljne vrijednosti ove dr\u017eave, istinu, pravdu i po\u0161tovanje ljudskih prava.<\/p>\n\n\n\n<p>Bio sam u Srebrenici jer Crna Gora ne \u0107uti pred zlo\u010dinom. Kao \u010dovjek, ne\u0107u prestati da govorim: zlo\u010dini su se desili, nijedan narod ih ne smije nositi na le\u0111ima, a odgovorni pojedinci moraju biti imenovani i pravno, i moralno, i politi\u010dki.<\/p>\n\n\n\n<p>U isto vrijeme, hajde da budemo po\u0161teni prema sebi: zemlja koju su decenijama vodili ljudi iz DPS-a koji su u\u010destvovali i u ratnim de\u0161avanjima 90-ih, a zatim izgradili sistem zloupotreba, korupcije i kontrole institucija, nije mogla ostati zamrznuta u pro\u0161losti. Taj re\u017eim je sistemski gu\u0161io istinu, kompromitovao pomirenje i trgovao simbolima, dok su se gra\u0111ani iseljavali, a dr\u017eava propadala.<\/p>\n\n\n\n<p>Zato sam podr\u017eao promjene. Ne da bih zamijenio jedne politi\u010dke ekstremiste drugima, nego da bih otvorio prostor za obnovu institucija, pravosu\u0111a, odgovornosti.<\/p>\n\n\n\n<p>Znam da me\u0111u onima koji danas \u010dine ve\u0107inu ima ljudi sa kojima se politi\u010dki duboko ne sla\u017eem, niti sa njihovim razumijevanjem pro\u0161losti. Ali upravo zato sam i rekao da Crna Gora ne\u0107e pobijediti ako ostane ista, ako se ne promijeni. Moramo se mijenjati kao ljudi, moramo sprovoditi promjene i unutar institucija, svuda gdje postoji zakonska odgovornost. Dosta je bilo parola i pravdanja tu\u0111im zlo\u010dinima.<\/p>\n\n\n\n<p>Mjesto Mladi\u0107a, Karad\u017ei\u0107a, ili bilo kog drugog ko je komandovao zlo\u010dinima je u presudama, a ne na muralima. I ako neko misli da \u0107e bukom ili \u0107utanjem, kalkulisanjem ili relativizacijom mo\u0107i da izgradi evropsku Crnu Goru, taj se vara. Istina je preduslov pravde, a pravda je temelj pomirenja. I to je Crna Gora za koju radim svakog dana.<\/p>\n\n\n\n<p><strong>Mo\u017eda sam prvi predsjednik koji ne bira stranu<\/strong><\/p>\n\n\n\n<p><strong>Antena M:<\/strong>&nbsp;Dvije godine ste predsjednik dr\u017eave. Da li ste u svakom trenutku imali na umu da nijeste samo predstavnik ovovremenog stanovni\u0161tva Crne Gore, nego da, \u201eu zemlji i inostranstvu\u201c, predstavljate dr\u017eavu hiljadugodi\u0161njeg trajanja i \u201eslobode i\u0161tu\u0107i\u201c narod koji je vjekovima bio inspiracija za mnogo ve\u0107e i, realno, mnogo uspje\u0161nije nacione od Crnogoraca?<\/p>\n\n\n\n<p><strong>Milatovi\u0107:<\/strong>&nbsp;Naravno da to imam na umu i da to osje\u0107am svakog dana. Ne predstavljam samo gra\u0111ane koji danas \u017eive u Crnoj Gori, ve\u0107 i na\u0161u istoriju, na\u0161e pretke i na\u0161u odgovornost prema budu\u0107im generacijama. Ali, isto tako: predstavljam i dr\u017eavu koja \u017eeli da ide naprijed, a ne da se stalno vra\u0107a u rovove iz pro\u0161losti koji nas dr\u017ee zarobljenima.<\/p>\n\n\n\n<p>Problem na\u0161e politike godinama je bio upravo u tome \u0161to se od predsjednika o\u010dekivalo da \u201ebira stranu\u201c: da bude ili za jedne ili za druge. A ja mislim da Crna Gora ima pravo na tre\u0107i put &#8211; evropski, gra\u0111anski, po\u0161ten i odgovoran. Mo\u017eda sam ja upravo prvi predsjednik Crne Gore koji ne bira stranu, ve\u0107 bira Crnu Goru. Suverenu Crnu Goru, \u010dlanicu NATO- a i kandidata za EU, ali i Crnu Goru u kojoj svako ima pravo na ime, porijeklo, mi\u0161ljenje, vjeru i osje\u0107aj pripadnosti, bez straha da \u0107e zbog toga biti prozvan kao manje vrijedan.<\/p>\n\n\n\n<p>Zato ne pristajem na to da neko monopolizuje patriotizam, ni sa jedne strane. Moj patriotizam je u tome da \u0161titim Ustav Crne Gore, zakone, da se borim za pravdu, da ne budem u funkciji nijedne partije, i da gra\u0111anima vratimo vjeru u institucije. To je borba dostojna na\u0161ih predaka koji su kroz vjekove znali da budu inspiracija mnogo ve\u0107im I brojnijim narodima. Zato vjerujem da \u0107emo uspjeti samo ako prestanemo da jedni drugima mjerimo krvna zrnca, i po\u010dnemo da mjerimo rezultate, ideje i po\u0161tovanje Ustava. To je Crna Gora kojoj slu\u017eim.<\/p>\n\n\n\n<p><strong>Antena M:<\/strong>&nbsp;Da li ste spremni da sav svoj politi\u010dki autoritet pridru\u017eite otporu nenau\u010dnoj reviziji pro\u0161losti i odbrani antifa\u0161izma? Ka\u017eem pridru\u017eite, a po funkciji na kojoj ste, trebalo bi da taj otpor Vi vodite?<\/p>\n\n\n\n<p><strong>Milatovi\u0107:<\/strong>&nbsp;Moram priznati da je ton ovog pitanja vi\u0161e politi\u010dki pamflet nego ozbiljan. Ako za dvije godine nijeste \u010duli nijednu moju izjavu u kojoj govorim da je Crna Gora savremena, gra\u0111anska i evropska dr\u017eava utemeljena na antifa\u0161izmu, ili u kojoj se suprostavljam istorijskom revizionizmu, onda vjerovatno nijeste htjeli da \u010dujete. To je jedan od glavnih razloga za\u0161to promjene nijesu dovoljno brze, predrasude nas sputavaju da \u010dujemo i one koji imaju druga\u010dije stavove.<\/p>\n\n\n\n<p>Na Dan dr\u017eavnosti, pred cijelom Crnom Gorom, poru\u010dio sam da su upravo antifa\u0161isti\u010dke vrijednosti ono \u0161to nas obavezuje da danas gradimo slobodno i pravedno dru\u0161tvo, u kojem su svi gra\u0111ani jednaki, bez obzira na ime, vjeru ili politi\u010dko opredjeljenje. Antifa\u0161izam se ne brani tako \u0161to ga pretvaramo u politi\u010dku parolu kojom napadamo \u201edrugu\u201c stranu i sve neistomi\u0161ljenike. Antifa\u0161izam nije partijska lojalnost, a jo\u0161 manje ideolo\u0161ko jednoumlje. Antifa\u0161izam je borba protiv svakog oblika diskriminacije, govora mr\u017enje, institucionalnog nasilja i autoritarizma.<\/p>\n\n\n\n<p>Ako neko danas koristi antifa\u0161izam kao parolu da bi se \u0107utalo na korupciju, zloupotrebe, kriminal ili politi\u010dku trgovinu, taj ne brani antifa\u0161izam, taj ga izdaje. Svoj predsjedni\u010dki autoritet koristim za ja\u010danje institucija, da \u0161titim Ustav, da se borim za nezavisno pravosu\u0111e, slobodne medije i jednake \u0161anse za sve.<\/p>\n\n\n\n<p>Svoj predsjedni\u010dki autoritet sam koristio i kada je trebalo stati na branik Ustavnog suda i suprotstaviti se neustavnom penzionisanju sutkinje tog suda, iako je nekada pripadala partiji \u010diji je lider bio moj predsjedni\u010dki protivkandidat, ili kada je trebalo braniti na\u0161u teritoriju od netransparentnog ugovora koji je potpisao predsjednik Vlade Crne Gore sa Ujedinjenim Arapskim Emiratima, ili svaki put kada sam vratio Skup\u0161tini neustavan I nepavedan zakon, uklju\u010duju\u0107i i ovaj koji se ticao poreza na nepokretnost. To je su\u0161tina antifa\u0161izma u 21. vijeku.<\/p>\n\n\n\n<p>I da Vam jo\u0161 jednom ka\u017eem: u Crnoj Gori u kojoj sam predsjednik nema mjesta za rehabilitaciju fa\u0161isti\u010dkih ideologija, ni kroz simbole, ni kroz istorijski revizionizam, ali ni za one koji misle da su istorijske zasluge dozvola za politi\u010dku represiju bez odgovornosti. Moj antifa\u0161izam je u zakonu, pravdi i dostojanstvu svakog \u010dovjeka. I to nije ideologija, to je ustavna du\u017enost i moj li\u010dni izbor.<\/p>\n\n\n\n<p><strong>U CG nema mjesta za ideologije koje su pora\u017eene u antifa\u0161isti\u010dkoj borbi, iza kojih je ostala sramota u istoriji<\/strong><\/p>\n\n\n\n<p><strong>Antena M:<\/strong>&nbsp;Za\u0161to se dosad nijeste nijednom otvoreno i direktno suprotstavili agresivnom poku\u0161aju rehabilitovanja \u010detnika i pretvaranja Pavla \u0110uri\u0161i\u0107a u patriotu i heroja? Zato \u0161to tu operaciju na otvorenom mozgu gra\u0111ana Crne Gore, bez anestezije obavlja Crkva Srbije\/SPC?<\/p>\n\n\n\n<p><strong>Milatovi\u0107:<\/strong>&nbsp;Pavle \u0110uri\u0161i\u0107 nije heroj i nikad to ne\u0107e biti i svako ko poku\u0161ava da ga predstavi druga\u010dije, udara direktno na istinu i dostojanstvo \u017ertava. Ta\u010dka. To nije stvar bilo \u010dijeg mi\u0161ljenja, to je istorijska \u010dinjenica. Za mene, svako ko misli da je \u010detni\u0161tvo vrijednost koja treba da se promovi\u0161e u Crnoj Gori, ne po\u0161tuje ni ovu zemlju, ni njen Ustav.<\/p>\n\n\n\n<p>Isto tako ne\u0107u da ulazim u politi\u010dke igre u kojima se svaka tema koristi za podizanje tenzija. Ako neko iz bilo koje vjerske zajednice plasira politi\u010dke ili istorijski neistinite poruke, onda o tome treba da govore gra\u0111ani, mediji i nadle\u017ene institucije.<\/p>\n\n\n\n<p>Sa druge strane, ne\u0107u dozvoliti da zbog pojedinaca stigmatizujemo sve vjernike ili Crkvu kao vjersku zajednicu. To nije sekularizam, to je nova nepravda. Izgleda da Vi mislite da predsjednik Crne Gore treba da svakoga dana tr\u010di za svakim transparentom i svakom izjavom, da bi bio po Va\u0161oj volji.<\/p>\n\n\n\n<p>Biti predsjednik zna\u010di da se u \u0161kolama ne u\u010di da su zlo\u010dinci bili oslobodioci, da se iz ud\u017ebenika istorije ne bri\u0161u partizani, ili dodaju \u010detnici, da ne dozvoljavam da se dr\u017eavna politika temelji na mr\u017enji, nego na zakonu i zdravom razumu.<\/p>\n\n\n\n<p>Ne\u0107u praviti medijski performans oko svake gluposti koja se izgovori, ali kada je potrebno da se stane na branik temeljnih vrijednosti na\u0161e dr\u017eavnosti, to sam uvijek radio i uvijek \u0107u to i uraditi.<\/p>\n\n\n\n<p>U ovoj dr\u017eavi nema mjesta za ideologije koje su pora\u017eene u antifa\u0161isti\u010dkoj borbi, iza kojih je ostala sramota u istoriji. Dokle god imam odgovornost da je predstavljam, to \u0107e biti Crna Gora koja zna ko su bili zlo\u010dinci, a ko heroji.<\/p>","protected":false},"excerpt":{"rendered":"<p>Predsjednik Crne Gore\u00a0Jakov Milatovi\u0107\u00a0dao je, prvi put, intervju Anteni M. Nakon dvije i po godine na funkciji predsjednika, \u00a0to je ujedno i njegov prvi intervju jednoj medijskoj ku\u0107i koja o\u0161tro kritikuje njegov rad.<\/p>","protected":false},"author":1,"featured_media":943585,"comment_status":"open","ping_status":"open","sticky":false,"template":"","format":"standard","meta":{"_acf_changed":false,"footnotes":""},"categories":[12],"tags":[17399,90,7400],"naslovna":[],"class_list":["post-945716","post","type-post","status-publish","format-standard","has-post-thumbnail","hentry","category-politika","tag-cetnistvo","tag-jakov-milatovic","tag-zemlja"],"acf":[],"yoast_head":"<!-- This site is optimized with the Yoast SEO plugin v27.4 - https:\/\/yoast.com\/product\/yoast-seo-wordpress\/ -->\n<title>Milatovi\u0107: Ko misli da je \u010detni\u0161tvo vrijednost, ne po\u0161tuje ovu zemlju - dmcsrb.com<\/title>\n<meta name=\"robots\" content=\"index, follow, max-snippet:-1, max-image-preview:large, max-video-preview:-1\" \/>\n<link rel=\"canonical\" href=\"https:\/\/dmcsrb.com\/en\/politika\/milatovic-ko-misli-da-je-cetnistvo-vrijednost-ne-postuje-ovu-zemlju\/\" \/>\n<meta property=\"og:locale\" content=\"en_GB\" \/>\n<meta property=\"og:type\" content=\"article\" \/>\n<meta property=\"og:title\" content=\"Milatovi\u0107: Ko misli da je \u010detni\u0161tvo vrijednost, ne po\u0161tuje ovu zemlju - dmcsrb.com\" \/>\n<meta property=\"og:description\" content=\"Predsjednik Crne Gore\u00a0Jakov Milatovi\u0107\u00a0dao je, prvi put, intervju Anteni M. Nakon dvije i po godine na funkciji predsjednika, \u00a0to je ujedno i njegov prvi intervju jednoj medijskoj ku\u0107i koja o\u0161tro kritikuje njegov rad.\" \/>\n<meta property=\"og:url\" content=\"https:\/\/dmcsrb.com\/en\/politika\/milatovic-ko-misli-da-je-cetnistvo-vrijednost-ne-postuje-ovu-zemlju\/\" \/>\n<meta property=\"og:site_name\" content=\"dmcsrb.com\" \/>\n<meta property=\"article:published_time\" content=\"2025-08-12T04:26:44+00:00\" \/>\n<meta property=\"og:image\" content=\"https:\/\/dmcsrb.com\/wp-content\/uploads\/2026\/01\/press-1-1684936951859-1-1-2-1000x555-1.webp\" \/>\n\t<meta property=\"og:image:width\" content=\"1000\" \/>\n\t<meta property=\"og:image:height\" content=\"555\" \/>\n\t<meta property=\"og:image:type\" content=\"image\/jpeg\" \/>\n<meta name=\"author\" content=\"dmcsrbija.com@gmail.com\" \/>\n<meta name=\"twitter:card\" content=\"summary_large_image\" \/>\n<meta name=\"twitter:label1\" content=\"Written by\" \/>\n\t<meta name=\"twitter:data1\" content=\"dmcsrbija.com@gmail.com\" \/>\n\t<meta name=\"twitter:label2\" content=\"Estimated reading time\" \/>\n\t<meta name=\"twitter:data2\" content=\"18 minutes\" \/>\n<script type=\"application\/ld+json\" class=\"yoast-schema-graph\">{\"@context\":\"https:\\\/\\\/schema.org\",\"@graph\":[{\"@type\":\"Article\",\"@id\":\"https:\\\/\\\/dmcsrb.com\\\/en\\\/politika\\\/milatovic-ko-misli-da-je-cetnistvo-vrijednost-ne-postuje-ovu-zemlju\\\/#article\",\"isPartOf\":{\"@id\":\"https:\\\/\\\/dmcsrb.com\\\/en\\\/politika\\\/milatovic-ko-misli-da-je-cetnistvo-vrijednost-ne-postuje-ovu-zemlju\\\/\"},\"author\":{\"name\":\"dmcsrbija.com@gmail.com\",\"@id\":\"https:\\\/\\\/dmcsrb.com\\\/#\\\/schema\\\/person\\\/5c39170f12db1b8b457732d0b5c854e2\"},\"headline\":\"Milatovi\u0107: Ko misli da je \u010detni\u0161tvo vrijednost, ne po\u0161tuje ovu zemlju\",\"datePublished\":\"2025-08-12T04:26:44+00:00\",\"mainEntityOfPage\":{\"@id\":\"https:\\\/\\\/dmcsrb.com\\\/en\\\/politika\\\/milatovic-ko-misli-da-je-cetnistvo-vrijednost-ne-postuje-ovu-zemlju\\\/\"},\"wordCount\":3638,\"commentCount\":0,\"image\":{\"@id\":\"https:\\\/\\\/dmcsrb.com\\\/en\\\/politika\\\/milatovic-ko-misli-da-je-cetnistvo-vrijednost-ne-postuje-ovu-zemlju\\\/#primaryimage\"},\"thumbnailUrl\":\"https:\\\/\\\/dmcsrb.com\\\/wp-content\\\/uploads\\\/2026\\\/01\\\/press-1-1684936951859-1-1-2-1000x555-1.webp\",\"keywords\":[\"\u010cetni\u0161tvo\",\"Jakov Milatovi\u0107\",\"zemlja\"],\"articleSection\":[\"Politika\"],\"inLanguage\":\"en-GB\",\"potentialAction\":[{\"@type\":\"CommentAction\",\"name\":\"Comment\",\"target\":[\"https:\\\/\\\/dmcsrb.com\\\/en\\\/politika\\\/milatovic-ko-misli-da-je-cetnistvo-vrijednost-ne-postuje-ovu-zemlju\\\/#respond\"]}]},{\"@type\":\"WebPage\",\"@id\":\"https:\\\/\\\/dmcsrb.com\\\/en\\\/politika\\\/milatovic-ko-misli-da-je-cetnistvo-vrijednost-ne-postuje-ovu-zemlju\\\/\",\"url\":\"https:\\\/\\\/dmcsrb.com\\\/en\\\/politika\\\/milatovic-ko-misli-da-je-cetnistvo-vrijednost-ne-postuje-ovu-zemlju\\\/\",\"name\":\"Milatovi\u0107: Ko misli da je \u010detni\u0161tvo vrijednost, ne po\u0161tuje ovu zemlju - dmcsrb.com\",\"isPartOf\":{\"@id\":\"https:\\\/\\\/dmcsrb.com\\\/#website\"},\"primaryImageOfPage\":{\"@id\":\"https:\\\/\\\/dmcsrb.com\\\/en\\\/politika\\\/milatovic-ko-misli-da-je-cetnistvo-vrijednost-ne-postuje-ovu-zemlju\\\/#primaryimage\"},\"image\":{\"@id\":\"https:\\\/\\\/dmcsrb.com\\\/en\\\/politika\\\/milatovic-ko-misli-da-je-cetnistvo-vrijednost-ne-postuje-ovu-zemlju\\\/#primaryimage\"},\"thumbnailUrl\":\"https:\\\/\\\/dmcsrb.com\\\/wp-content\\\/uploads\\\/2026\\\/01\\\/press-1-1684936951859-1-1-2-1000x555-1.webp\",\"datePublished\":\"2025-08-12T04:26:44+00:00\",\"author\":{\"@id\":\"https:\\\/\\\/dmcsrb.com\\\/#\\\/schema\\\/person\\\/5c39170f12db1b8b457732d0b5c854e2\"},\"breadcrumb\":{\"@id\":\"https:\\\/\\\/dmcsrb.com\\\/en\\\/politika\\\/milatovic-ko-misli-da-je-cetnistvo-vrijednost-ne-postuje-ovu-zemlju\\\/#breadcrumb\"},\"inLanguage\":\"en-GB\",\"potentialAction\":[{\"@type\":\"ReadAction\",\"target\":[\"https:\\\/\\\/dmcsrb.com\\\/en\\\/politika\\\/milatovic-ko-misli-da-je-cetnistvo-vrijednost-ne-postuje-ovu-zemlju\\\/\"]}]},{\"@type\":\"ImageObject\",\"inLanguage\":\"en-GB\",\"@id\":\"https:\\\/\\\/dmcsrb.com\\\/en\\\/politika\\\/milatovic-ko-misli-da-je-cetnistvo-vrijednost-ne-postuje-ovu-zemlju\\\/#primaryimage\",\"url\":\"https:\\\/\\\/dmcsrb.com\\\/wp-content\\\/uploads\\\/2026\\\/01\\\/press-1-1684936951859-1-1-2-1000x555-1.webp\",\"contentUrl\":\"https:\\\/\\\/dmcsrb.com\\\/wp-content\\\/uploads\\\/2026\\\/01\\\/press-1-1684936951859-1-1-2-1000x555-1.webp\",\"width\":1000,\"height\":555},{\"@type\":\"BreadcrumbList\",\"@id\":\"https:\\\/\\\/dmcsrb.com\\\/en\\\/politika\\\/milatovic-ko-misli-da-je-cetnistvo-vrijednost-ne-postuje-ovu-zemlju\\\/#breadcrumb\",\"itemListElement\":[{\"@type\":\"ListItem\",\"position\":1,\"name\":\"Home\",\"item\":\"https:\\\/\\\/dmcsrb.com\\\/\"},{\"@type\":\"ListItem\",\"position\":2,\"name\":\"Milatovi\u0107: Ko misli da je \u010detni\u0161tvo vrijednost, ne po\u0161tuje ovu zemlju\"}]},{\"@type\":\"WebSite\",\"@id\":\"https:\\\/\\\/dmcsrb.com\\\/#website\",\"url\":\"https:\\\/\\\/dmcsrb.com\\\/\",\"name\":\"dmcsrb.com\",\"description\":\"\",\"potentialAction\":[{\"@type\":\"SearchAction\",\"target\":{\"@type\":\"EntryPoint\",\"urlTemplate\":\"https:\\\/\\\/dmcsrb.com\\\/?s={search_term_string}\"},\"query-input\":{\"@type\":\"PropertyValueSpecification\",\"valueRequired\":true,\"valueName\":\"search_term_string\"}}],\"inLanguage\":\"en-GB\"},{\"@type\":\"Person\",\"@id\":\"https:\\\/\\\/dmcsrb.com\\\/#\\\/schema\\\/person\\\/5c39170f12db1b8b457732d0b5c854e2\",\"name\":\"dmcsrbija.com@gmail.com\",\"image\":{\"@type\":\"ImageObject\",\"inLanguage\":\"en-GB\",\"@id\":\"https:\\\/\\\/secure.gravatar.com\\\/avatar\\\/68592660ad6347fad0fb587f8d5d8f1a7b44961362f56e4f2cd524feb87e9069?s=96&d=mm&r=g\",\"url\":\"https:\\\/\\\/secure.gravatar.com\\\/avatar\\\/68592660ad6347fad0fb587f8d5d8f1a7b44961362f56e4f2cd524feb87e9069?s=96&d=mm&r=g\",\"contentUrl\":\"https:\\\/\\\/secure.gravatar.com\\\/avatar\\\/68592660ad6347fad0fb587f8d5d8f1a7b44961362f56e4f2cd524feb87e9069?s=96&d=mm&r=g\",\"caption\":\"dmcsrbija.com@gmail.com\"},\"sameAs\":[\"https:\\\/\\\/dmcsrb.com\"],\"url\":\"https:\\\/\\\/dmcsrb.com\\\/en\\\/author\\\/dmcsrbija-comgmail-com\\\/\"}]}<\/script>\n<!-- \/ Yoast SEO plugin. -->","yoast_head_json":{"title":"Milatovi\u0107: Ko misli da je \u010detni\u0161tvo vrijednost, ne po\u0161tuje ovu zemlju - dmcsrb.com","robots":{"index":"index","follow":"follow","max-snippet":"max-snippet:-1","max-image-preview":"max-image-preview:large","max-video-preview":"max-video-preview:-1"},"canonical":"https:\/\/dmcsrb.com\/en\/politika\/milatovic-ko-misli-da-je-cetnistvo-vrijednost-ne-postuje-ovu-zemlju\/","og_locale":"en_GB","og_type":"article","og_title":"Milatovi\u0107: Ko misli da je \u010detni\u0161tvo vrijednost, ne po\u0161tuje ovu zemlju - dmcsrb.com","og_description":"Predsjednik Crne Gore\u00a0Jakov Milatovi\u0107\u00a0dao je, prvi put, intervju Anteni M. Nakon dvije i po godine na funkciji predsjednika, \u00a0to je ujedno i njegov prvi intervju jednoj medijskoj ku\u0107i koja o\u0161tro kritikuje njegov rad.","og_url":"https:\/\/dmcsrb.com\/en\/politika\/milatovic-ko-misli-da-je-cetnistvo-vrijednost-ne-postuje-ovu-zemlju\/","og_site_name":"dmcsrb.com","article_published_time":"2025-08-12T04:26:44+00:00","og_image":[{"width":1000,"height":555,"url":"https:\/\/dmcsrb.com\/wp-content\/uploads\/2026\/01\/press-1-1684936951859-1-1-2-1000x555-1.webp","type":"image\/jpeg"}],"author":"dmcsrbija.com@gmail.com","twitter_card":"summary_large_image","twitter_misc":{"Written by":"dmcsrbija.com@gmail.com","Estimated reading time":"18 minutes"},"schema":{"@context":"https:\/\/schema.org","@graph":[{"@type":"Article","@id":"https:\/\/dmcsrb.com\/en\/politika\/milatovic-ko-misli-da-je-cetnistvo-vrijednost-ne-postuje-ovu-zemlju\/#article","isPartOf":{"@id":"https:\/\/dmcsrb.com\/en\/politika\/milatovic-ko-misli-da-je-cetnistvo-vrijednost-ne-postuje-ovu-zemlju\/"},"author":{"name":"dmcsrbija.com@gmail.com","@id":"https:\/\/dmcsrb.com\/#\/schema\/person\/5c39170f12db1b8b457732d0b5c854e2"},"headline":"Milatovi\u0107: Ko misli da je \u010detni\u0161tvo vrijednost, ne po\u0161tuje ovu zemlju","datePublished":"2025-08-12T04:26:44+00:00","mainEntityOfPage":{"@id":"https:\/\/dmcsrb.com\/en\/politika\/milatovic-ko-misli-da-je-cetnistvo-vrijednost-ne-postuje-ovu-zemlju\/"},"wordCount":3638,"commentCount":0,"image":{"@id":"https:\/\/dmcsrb.com\/en\/politika\/milatovic-ko-misli-da-je-cetnistvo-vrijednost-ne-postuje-ovu-zemlju\/#primaryimage"},"thumbnailUrl":"https:\/\/dmcsrb.com\/wp-content\/uploads\/2026\/01\/press-1-1684936951859-1-1-2-1000x555-1.webp","keywords":["\u010cetni\u0161tvo","Jakov Milatovi\u0107","zemlja"],"articleSection":["Politika"],"inLanguage":"en-GB","potentialAction":[{"@type":"CommentAction","name":"Comment","target":["https:\/\/dmcsrb.com\/en\/politika\/milatovic-ko-misli-da-je-cetnistvo-vrijednost-ne-postuje-ovu-zemlju\/#respond"]}]},{"@type":"WebPage","@id":"https:\/\/dmcsrb.com\/en\/politika\/milatovic-ko-misli-da-je-cetnistvo-vrijednost-ne-postuje-ovu-zemlju\/","url":"https:\/\/dmcsrb.com\/en\/politika\/milatovic-ko-misli-da-je-cetnistvo-vrijednost-ne-postuje-ovu-zemlju\/","name":"Milatovi\u0107: Ko misli da je \u010detni\u0161tvo vrijednost, ne po\u0161tuje ovu zemlju - dmcsrb.com","isPartOf":{"@id":"https:\/\/dmcsrb.com\/#website"},"primaryImageOfPage":{"@id":"https:\/\/dmcsrb.com\/en\/politika\/milatovic-ko-misli-da-je-cetnistvo-vrijednost-ne-postuje-ovu-zemlju\/#primaryimage"},"image":{"@id":"https:\/\/dmcsrb.com\/en\/politika\/milatovic-ko-misli-da-je-cetnistvo-vrijednost-ne-postuje-ovu-zemlju\/#primaryimage"},"thumbnailUrl":"https:\/\/dmcsrb.com\/wp-content\/uploads\/2026\/01\/press-1-1684936951859-1-1-2-1000x555-1.webp","datePublished":"2025-08-12T04:26:44+00:00","author":{"@id":"https:\/\/dmcsrb.com\/#\/schema\/person\/5c39170f12db1b8b457732d0b5c854e2"},"breadcrumb":{"@id":"https:\/\/dmcsrb.com\/en\/politika\/milatovic-ko-misli-da-je-cetnistvo-vrijednost-ne-postuje-ovu-zemlju\/#breadcrumb"},"inLanguage":"en-GB","potentialAction":[{"@type":"ReadAction","target":["https:\/\/dmcsrb.com\/en\/politika\/milatovic-ko-misli-da-je-cetnistvo-vrijednost-ne-postuje-ovu-zemlju\/"]}]},{"@type":"ImageObject","inLanguage":"en-GB","@id":"https:\/\/dmcsrb.com\/en\/politika\/milatovic-ko-misli-da-je-cetnistvo-vrijednost-ne-postuje-ovu-zemlju\/#primaryimage","url":"https:\/\/dmcsrb.com\/wp-content\/uploads\/2026\/01\/press-1-1684936951859-1-1-2-1000x555-1.webp","contentUrl":"https:\/\/dmcsrb.com\/wp-content\/uploads\/2026\/01\/press-1-1684936951859-1-1-2-1000x555-1.webp","width":1000,"height":555},{"@type":"BreadcrumbList","@id":"https:\/\/dmcsrb.com\/en\/politika\/milatovic-ko-misli-da-je-cetnistvo-vrijednost-ne-postuje-ovu-zemlju\/#breadcrumb","itemListElement":[{"@type":"ListItem","position":1,"name":"Home","item":"https:\/\/dmcsrb.com\/"},{"@type":"ListItem","position":2,"name":"Milatovi\u0107: Ko misli da je \u010detni\u0161tvo vrijednost, ne po\u0161tuje ovu zemlju"}]},{"@type":"WebSite","@id":"https:\/\/dmcsrb.com\/#website","url":"https:\/\/dmcsrb.com\/","name":"dmcsrb.com","description":"","potentialAction":[{"@type":"SearchAction","target":{"@type":"EntryPoint","urlTemplate":"https:\/\/dmcsrb.com\/?s={search_term_string}"},"query-input":{"@type":"PropertyValueSpecification","valueRequired":true,"valueName":"search_term_string"}}],"inLanguage":"en-GB"},{"@type":"Person","@id":"https:\/\/dmcsrb.com\/#\/schema\/person\/5c39170f12db1b8b457732d0b5c854e2","name":"dmcsrbija.com@gmail.com","image":{"@type":"ImageObject","inLanguage":"en-GB","@id":"https:\/\/secure.gravatar.com\/avatar\/68592660ad6347fad0fb587f8d5d8f1a7b44961362f56e4f2cd524feb87e9069?s=96&d=mm&r=g","url":"https:\/\/secure.gravatar.com\/avatar\/68592660ad6347fad0fb587f8d5d8f1a7b44961362f56e4f2cd524feb87e9069?s=96&d=mm&r=g","contentUrl":"https:\/\/secure.gravatar.com\/avatar\/68592660ad6347fad0fb587f8d5d8f1a7b44961362f56e4f2cd524feb87e9069?s=96&d=mm&r=g","caption":"dmcsrbija.com@gmail.com"},"sameAs":["https:\/\/dmcsrb.com"],"url":"https:\/\/dmcsrb.com\/en\/author\/dmcsrbija-comgmail-com\/"}]}},"_links":{"self":[{"href":"https:\/\/dmcsrb.com\/en\/wp-json\/wp\/v2\/posts\/945716","targetHints":{"allow":["GET"]}}],"collection":[{"href":"https:\/\/dmcsrb.com\/en\/wp-json\/wp\/v2\/posts"}],"about":[{"href":"https:\/\/dmcsrb.com\/en\/wp-json\/wp\/v2\/types\/post"}],"author":[{"embeddable":true,"href":"https:\/\/dmcsrb.com\/en\/wp-json\/wp\/v2\/users\/1"}],"replies":[{"embeddable":true,"href":"https:\/\/dmcsrb.com\/en\/wp-json\/wp\/v2\/comments?post=945716"}],"version-history":[{"count":0,"href":"https:\/\/dmcsrb.com\/en\/wp-json\/wp\/v2\/posts\/945716\/revisions"}],"wp:featuredmedia":[{"embeddable":true,"href":"https:\/\/dmcsrb.com\/en\/wp-json\/wp\/v2\/media\/943585"}],"wp:attachment":[{"href":"https:\/\/dmcsrb.com\/en\/wp-json\/wp\/v2\/media?parent=945716"}],"wp:term":[{"taxonomy":"category","embeddable":true,"href":"https:\/\/dmcsrb.com\/en\/wp-json\/wp\/v2\/categories?post=945716"},{"taxonomy":"post_tag","embeddable":true,"href":"https:\/\/dmcsrb.com\/en\/wp-json\/wp\/v2\/tags?post=945716"},{"taxonomy":"naslovna","embeddable":true,"href":"https:\/\/dmcsrb.com\/en\/wp-json\/wp\/v2\/naslovna?post=945716"}],"curies":[{"name":"wp","href":"https:\/\/api.w.org\/{rel}","templated":true}]}}