{"id":945669,"date":"2025-08-12T06:44:00","date_gmt":"2025-08-12T04:44:00","guid":{"rendered":"https:\/\/dmcsrb.com\/uncategorized\/tramp-kao-nekada-bajden-americki-predsjednik-pomijesao-mjesto-gdje-ce-se-sastati-s-putinom\/"},"modified":"2025-08-12T06:44:00","modified_gmt":"2025-08-12T04:44:00","slug":"tramp-kao-nekada-bajden-americki-predsjednik-pomijesao-mjesto-gdje-ce-se-sastati-s-putinom","status":"publish","type":"post","link":"https:\/\/dmcsrb.com\/en\/svijet\/tramp-kao-nekada-bajden-americki-predsjednik-pomijesao-mjesto-gdje-ce-se-sastati-s-putinom\/","title":{"rendered":"Tramp kao nekada Bajden: Ameri\u010dki predsjednik pomije\u0161ao mjesto gdje \u0107e se sastati s Putinom"},"content":{"rendered":"<p><\/p>\n\n\n\n<p>Trump je na konferenciji osudio nivo kriminala u Va\u0161ingtonu.<\/p>\n\n\n\n<p>&#8220;Ovo je tragi\u010dna vanredna situacija i neugodno mi je \u0161to sam ovdje gore. Znate, idem vidjeti Putina. U petak idem u Rusiju. Ne volim biti ovdje i pri\u010dati o tome koliko je nesigurna i prljava i odvratna ova nekada prekrasna prestonica&#8221;, rekao je.<\/p>\n\n\n\n<figure class=\"wp-block-embed is-type-rich is-provider-twitter wp-block-embed-twitter\"><div class=\"wp-block-embed__wrapper\">\n<blockquote class=\"twitter-tweet\" data-width=\"500\" data-dnt=\"true\"><p lang=\"en\" dir=\"ltr\">Trump: I\u2019m going to Russia on Friday<br><br>Trump: The president of Russia is coming to our country as opposed to us going to his country <br><br>Trump: We\u2019re going to Russia <a href=\"https:\/\/t.co\/xYpqo8hMmz\">pic.twitter.com\/xYpqo8hMmz<\/a><\/p>&mdash; Acyn (@Acyn) <a href=\"https:\/\/twitter.com\/Acyn\/status\/1954940324339651029?ref_src=twsrc%5Etfw\">August 11, 2025<\/a><\/blockquote><script async src=\"https:\/\/platform.twitter.com\/widgets.js\" charset=\"utf-8\"><\/script>\n<\/div><\/figure>\n\n\n\n<p>Trump ne ide u Rusiju, ve\u0107 na Aljasku da se sastane s Putinom. Planirano je da se sastane s ruskim predsjednikom kako bi razgovarali o okon\u010danju rata u Ukrajini koji je Rusija zapo\u010dela kada je izvr\u0161ila invaziju na tu suverenu dr\u017eavu u februaru 2022. godine.<\/p>\n\n\n\n<p>&#8220;Dugo o\u010dekivani sastanak izme\u0111u mene, kao predsjednika Sjedinjenih Ameri\u010dkih Dr\u017eava, i predsjednika Rusije Vladimira Putina odr\u017ea\u0107e se sljede\u0107eg petka, 15. avgusta 2025. godine, u Velikoj dr\u017eavi Aljasci&#8221;, rekao je Trump pro\u0161le sedmice na Truth Social.<\/p>\n\n\n\n<p>Ovo \u0107e biti prvi sastanak izme\u0111u ameri\u010dkog predsjednika i Putina od 2021. godine, kada se D\u017eo Bajden sastao s Putinom u \u0160vajcarskoj. To je ujedno i prvi put da je Putin u SAD-u u posljednjih deset godina. Ovo se de\u0161ava uprkos \u010dinjenici da se Putin suo\u010dava s nalogom za hap\u0161enje Me\u0111unarodnog krivi\u010dnog suda.<\/p>\n\n\n\n<p>Pro\u0161le sedmice, visokorangirana republikanska senatorica Aljaske Lisa Murkovski izrazila je zabrinutost, ali i oprezni optimizam u vezi sastanka koji \u0107e se odr\u017eati na Aljasci.<\/p>\n\n\n\n<p>&#8220;Predsjednik Tramp je najavio da \u0107e se sastati s predsjednikom Putinom na Aljasci sljede\u0107eg petka kako bi nastavili pregovore o okon\u010danju katastrofalnog rata Rusije u Ukrajini&#8221;, rekla je Murkovska, pristalica Ukrajine, u saop\u0161tenju.<\/p>\n\n\n\n<p>&#8220;Ovo je jo\u0161 jedna prilika da Arktik poslu\u017ei kao mjesto koje okuplja svjetske lidere kako bi postigli zna\u010dajne sporazume. Iako sam i dalje duboko oprezan prema Putinu i njegovom re\u017eimu, nadam se da \u0107e ovi razgovori dovesti do istinskog napretka i pomo\u0107i u okon\u010danju rata pod pravednim uslovima&#8221;, dodala je.<\/p>","protected":false},"excerpt":{"rendered":"<p>Predsjednik Sjedinjenih Ameri\u010dkih Dr\u017eava Donald Tramp je pomije\u0161ao Rusiju s Aljaskom uo\u010di sastanka s ruskim liderom Vladimirom Putinom na konferenciji za novinare u Bijeloj ku\u0107i.<\/p>","protected":false},"author":1,"featured_media":916341,"comment_status":"open","ping_status":"open","sticky":false,"template":"","format":"standard","meta":{"_acf_changed":false,"footnotes":""},"categories":[144],"tags":[17363,2614,2045,333],"naslovna":[],"class_list":["post-945669","post","type-post","status-publish","format-standard","has-post-thumbnail","hentry","category-svijet","tag-americki-predsjednik","tag-bajden","tag-tramp","tag-vladimir-putin"],"acf":[],"yoast_head":"<!-- This site is optimized with the Yoast SEO plugin v27.4 - https:\/\/yoast.com\/product\/yoast-seo-wordpress\/ -->\n<title>Tramp kao nekada Bajden: Ameri\u010dki predsjednik pomije\u0161ao mjesto gdje \u0107e se sastati s Putinom - dmcsrb.com<\/title>\n<meta name=\"robots\" content=\"index, follow, max-snippet:-1, max-image-preview:large, max-video-preview:-1\" \/>\n<link rel=\"canonical\" href=\"https:\/\/dmcsrb.com\/en\/svijet\/tramp-kao-nekada-bajden-americki-predsjednik-pomijesao-mjesto-gdje-ce-se-sastati-s-putinom\/\" \/>\n<meta property=\"og:locale\" content=\"en_GB\" \/>\n<meta property=\"og:type\" content=\"article\" \/>\n<meta property=\"og:title\" content=\"Tramp kao nekada Bajden: Ameri\u010dki predsjednik pomije\u0161ao mjesto gdje \u0107e se sastati s Putinom - dmcsrb.com\" \/>\n<meta property=\"og:description\" content=\"Predsjednik Sjedinjenih Ameri\u010dkih Dr\u017eava Donald Tramp je pomije\u0161ao Rusiju s Aljaskom uo\u010di sastanka s ruskim liderom Vladimirom Putinom na konferenciji za novinare u Bijeloj ku\u0107i.\" \/>\n<meta property=\"og:url\" content=\"https:\/\/dmcsrb.com\/en\/svijet\/tramp-kao-nekada-bajden-americki-predsjednik-pomijesao-mjesto-gdje-ce-se-sastati-s-putinom\/\" \/>\n<meta property=\"og:site_name\" content=\"dmcsrb.com\" \/>\n<meta property=\"article:published_time\" content=\"2025-08-12T04:44:00+00:00\" \/>\n<meta property=\"og:image\" content=\"https:\/\/dmcsrb.com\/wp-content\/uploads\/2026\/01\/tramp-putin1.jpg\" \/>\n\t<meta property=\"og:image:width\" content=\"750\" \/>\n\t<meta property=\"og:image:height\" content=\"562\" \/>\n\t<meta property=\"og:image:type\" content=\"image\/jpeg\" \/>\n<meta name=\"author\" content=\"dmcsrbija.com@gmail.com\" \/>\n<meta name=\"twitter:card\" content=\"summary_large_image\" \/>\n<meta name=\"twitter:label1\" content=\"Written by\" \/>\n\t<meta name=\"twitter:data1\" content=\"dmcsrbija.com@gmail.com\" \/>\n\t<meta name=\"twitter:label2\" content=\"Estimated reading time\" \/>\n\t<meta name=\"twitter:data2\" content=\"2 minutes\" \/>\n<script type=\"application\/ld+json\" class=\"yoast-schema-graph\">{\"@context\":\"https:\\\/\\\/schema.org\",\"@graph\":[{\"@type\":\"Article\",\"@id\":\"https:\\\/\\\/dmcsrb.com\\\/svijet\\\/tramp-kao-nekada-bajden-americki-predsjednik-pomijesao-mjesto-gdje-ce-se-sastati-s-putinom\\\/#article\",\"isPartOf\":{\"@id\":\"https:\\\/\\\/dmcsrb.com\\\/svijet\\\/tramp-kao-nekada-bajden-americki-predsjednik-pomijesao-mjesto-gdje-ce-se-sastati-s-putinom\\\/\"},\"author\":{\"name\":\"dmcsrbija.com@gmail.com\",\"@id\":\"https:\\\/\\\/dmcsrb.com\\\/#\\\/schema\\\/person\\\/5c39170f12db1b8b457732d0b5c854e2\"},\"headline\":\"Tramp kao nekada Bajden: Ameri\u010dki predsjednik pomije\u0161ao mjesto gdje \u0107e se sastati s Putinom\",\"datePublished\":\"2025-08-12T04:44:00+00:00\",\"mainEntityOfPage\":{\"@id\":\"https:\\\/\\\/dmcsrb.com\\\/svijet\\\/tramp-kao-nekada-bajden-americki-predsjednik-pomijesao-mjesto-gdje-ce-se-sastati-s-putinom\\\/\"},\"wordCount\":343,\"commentCount\":0,\"image\":{\"@id\":\"https:\\\/\\\/dmcsrb.com\\\/svijet\\\/tramp-kao-nekada-bajden-americki-predsjednik-pomijesao-mjesto-gdje-ce-se-sastati-s-putinom\\\/#primaryimage\"},\"thumbnailUrl\":\"https:\\\/\\\/dmcsrb.com\\\/wp-content\\\/uploads\\\/2026\\\/01\\\/tramp-putin1.jpg\",\"keywords\":[\"Ameri\u010dki predsjednik\",\"Bajden\",\"Tramp\",\"Vladimir Putin\"],\"articleSection\":[\"Svijet\"],\"inLanguage\":\"en-GB\",\"potentialAction\":[{\"@type\":\"CommentAction\",\"name\":\"Comment\",\"target\":[\"https:\\\/\\\/dmcsrb.com\\\/svijet\\\/tramp-kao-nekada-bajden-americki-predsjednik-pomijesao-mjesto-gdje-ce-se-sastati-s-putinom\\\/#respond\"]}]},{\"@type\":\"WebPage\",\"@id\":\"https:\\\/\\\/dmcsrb.com\\\/svijet\\\/tramp-kao-nekada-bajden-americki-predsjednik-pomijesao-mjesto-gdje-ce-se-sastati-s-putinom\\\/\",\"url\":\"https:\\\/\\\/dmcsrb.com\\\/svijet\\\/tramp-kao-nekada-bajden-americki-predsjednik-pomijesao-mjesto-gdje-ce-se-sastati-s-putinom\\\/\",\"name\":\"Tramp kao nekada Bajden: Ameri\u010dki predsjednik pomije\u0161ao mjesto gdje \u0107e se sastati s Putinom - dmcsrb.com\",\"isPartOf\":{\"@id\":\"https:\\\/\\\/dmcsrb.com\\\/#website\"},\"primaryImageOfPage\":{\"@id\":\"https:\\\/\\\/dmcsrb.com\\\/svijet\\\/tramp-kao-nekada-bajden-americki-predsjednik-pomijesao-mjesto-gdje-ce-se-sastati-s-putinom\\\/#primaryimage\"},\"image\":{\"@id\":\"https:\\\/\\\/dmcsrb.com\\\/svijet\\\/tramp-kao-nekada-bajden-americki-predsjednik-pomijesao-mjesto-gdje-ce-se-sastati-s-putinom\\\/#primaryimage\"},\"thumbnailUrl\":\"https:\\\/\\\/dmcsrb.com\\\/wp-content\\\/uploads\\\/2026\\\/01\\\/tramp-putin1.jpg\",\"datePublished\":\"2025-08-12T04:44:00+00:00\",\"author\":{\"@id\":\"https:\\\/\\\/dmcsrb.com\\\/#\\\/schema\\\/person\\\/5c39170f12db1b8b457732d0b5c854e2\"},\"breadcrumb\":{\"@id\":\"https:\\\/\\\/dmcsrb.com\\\/svijet\\\/tramp-kao-nekada-bajden-americki-predsjednik-pomijesao-mjesto-gdje-ce-se-sastati-s-putinom\\\/#breadcrumb\"},\"inLanguage\":\"en-GB\",\"potentialAction\":[{\"@type\":\"ReadAction\",\"target\":[\"https:\\\/\\\/dmcsrb.com\\\/svijet\\\/tramp-kao-nekada-bajden-americki-predsjednik-pomijesao-mjesto-gdje-ce-se-sastati-s-putinom\\\/\"]}]},{\"@type\":\"ImageObject\",\"inLanguage\":\"en-GB\",\"@id\":\"https:\\\/\\\/dmcsrb.com\\\/svijet\\\/tramp-kao-nekada-bajden-americki-predsjednik-pomijesao-mjesto-gdje-ce-se-sastati-s-putinom\\\/#primaryimage\",\"url\":\"https:\\\/\\\/dmcsrb.com\\\/wp-content\\\/uploads\\\/2026\\\/01\\\/tramp-putin1.jpg\",\"contentUrl\":\"https:\\\/\\\/dmcsrb.com\\\/wp-content\\\/uploads\\\/2026\\\/01\\\/tramp-putin1.jpg\",\"width\":750,\"height\":562},{\"@type\":\"BreadcrumbList\",\"@id\":\"https:\\\/\\\/dmcsrb.com\\\/svijet\\\/tramp-kao-nekada-bajden-americki-predsjednik-pomijesao-mjesto-gdje-ce-se-sastati-s-putinom\\\/#breadcrumb\",\"itemListElement\":[{\"@type\":\"ListItem\",\"position\":1,\"name\":\"Home\",\"item\":\"https:\\\/\\\/dmcsrb.com\\\/\"},{\"@type\":\"ListItem\",\"position\":2,\"name\":\"Tramp kao nekada Bajden: Ameri\u010dki predsjednik pomije\u0161ao mjesto gdje \u0107e se sastati s Putinom\"}]},{\"@type\":\"WebSite\",\"@id\":\"https:\\\/\\\/dmcsrb.com\\\/#website\",\"url\":\"https:\\\/\\\/dmcsrb.com\\\/\",\"name\":\"dmcsrb.com\",\"description\":\"\",\"potentialAction\":[{\"@type\":\"SearchAction\",\"target\":{\"@type\":\"EntryPoint\",\"urlTemplate\":\"https:\\\/\\\/dmcsrb.com\\\/?s={search_term_string}\"},\"query-input\":{\"@type\":\"PropertyValueSpecification\",\"valueRequired\":true,\"valueName\":\"search_term_string\"}}],\"inLanguage\":\"en-GB\"},{\"@type\":\"Person\",\"@id\":\"https:\\\/\\\/dmcsrb.com\\\/#\\\/schema\\\/person\\\/5c39170f12db1b8b457732d0b5c854e2\",\"name\":\"dmcsrbija.com@gmail.com\",\"image\":{\"@type\":\"ImageObject\",\"inLanguage\":\"en-GB\",\"@id\":\"https:\\\/\\\/secure.gravatar.com\\\/avatar\\\/68592660ad6347fad0fb587f8d5d8f1a7b44961362f56e4f2cd524feb87e9069?s=96&d=mm&r=g\",\"url\":\"https:\\\/\\\/secure.gravatar.com\\\/avatar\\\/68592660ad6347fad0fb587f8d5d8f1a7b44961362f56e4f2cd524feb87e9069?s=96&d=mm&r=g\",\"contentUrl\":\"https:\\\/\\\/secure.gravatar.com\\\/avatar\\\/68592660ad6347fad0fb587f8d5d8f1a7b44961362f56e4f2cd524feb87e9069?s=96&d=mm&r=g\",\"caption\":\"dmcsrbija.com@gmail.com\"},\"sameAs\":[\"https:\\\/\\\/dmcsrb.com\"],\"url\":\"https:\\\/\\\/dmcsrb.com\\\/en\\\/author\\\/dmcsrbija-comgmail-com\\\/\"}]}<\/script>\n<!-- \/ Yoast SEO plugin. -->","yoast_head_json":{"title":"Tramp kao nekada Bajden: Ameri\u010dki predsjednik pomije\u0161ao mjesto gdje \u0107e se sastati s Putinom - dmcsrb.com","robots":{"index":"index","follow":"follow","max-snippet":"max-snippet:-1","max-image-preview":"max-image-preview:large","max-video-preview":"max-video-preview:-1"},"canonical":"https:\/\/dmcsrb.com\/en\/svijet\/tramp-kao-nekada-bajden-americki-predsjednik-pomijesao-mjesto-gdje-ce-se-sastati-s-putinom\/","og_locale":"en_GB","og_type":"article","og_title":"Tramp kao nekada Bajden: Ameri\u010dki predsjednik pomije\u0161ao mjesto gdje \u0107e se sastati s Putinom - dmcsrb.com","og_description":"Predsjednik Sjedinjenih Ameri\u010dkih Dr\u017eava Donald Tramp je pomije\u0161ao Rusiju s Aljaskom uo\u010di sastanka s ruskim liderom Vladimirom Putinom na konferenciji za novinare u Bijeloj ku\u0107i.","og_url":"https:\/\/dmcsrb.com\/en\/svijet\/tramp-kao-nekada-bajden-americki-predsjednik-pomijesao-mjesto-gdje-ce-se-sastati-s-putinom\/","og_site_name":"dmcsrb.com","article_published_time":"2025-08-12T04:44:00+00:00","og_image":[{"width":750,"height":562,"url":"https:\/\/dmcsrb.com\/wp-content\/uploads\/2026\/01\/tramp-putin1.jpg","type":"image\/jpeg"}],"author":"dmcsrbija.com@gmail.com","twitter_card":"summary_large_image","twitter_misc":{"Written by":"dmcsrbija.com@gmail.com","Estimated reading time":"2 minutes"},"schema":{"@context":"https:\/\/schema.org","@graph":[{"@type":"Article","@id":"https:\/\/dmcsrb.com\/svijet\/tramp-kao-nekada-bajden-americki-predsjednik-pomijesao-mjesto-gdje-ce-se-sastati-s-putinom\/#article","isPartOf":{"@id":"https:\/\/dmcsrb.com\/svijet\/tramp-kao-nekada-bajden-americki-predsjednik-pomijesao-mjesto-gdje-ce-se-sastati-s-putinom\/"},"author":{"name":"dmcsrbija.com@gmail.com","@id":"https:\/\/dmcsrb.com\/#\/schema\/person\/5c39170f12db1b8b457732d0b5c854e2"},"headline":"Tramp kao nekada Bajden: Ameri\u010dki predsjednik pomije\u0161ao mjesto gdje \u0107e se sastati s Putinom","datePublished":"2025-08-12T04:44:00+00:00","mainEntityOfPage":{"@id":"https:\/\/dmcsrb.com\/svijet\/tramp-kao-nekada-bajden-americki-predsjednik-pomijesao-mjesto-gdje-ce-se-sastati-s-putinom\/"},"wordCount":343,"commentCount":0,"image":{"@id":"https:\/\/dmcsrb.com\/svijet\/tramp-kao-nekada-bajden-americki-predsjednik-pomijesao-mjesto-gdje-ce-se-sastati-s-putinom\/#primaryimage"},"thumbnailUrl":"https:\/\/dmcsrb.com\/wp-content\/uploads\/2026\/01\/tramp-putin1.jpg","keywords":["Ameri\u010dki predsjednik","Bajden","Tramp","Vladimir Putin"],"articleSection":["Svijet"],"inLanguage":"en-GB","potentialAction":[{"@type":"CommentAction","name":"Comment","target":["https:\/\/dmcsrb.com\/svijet\/tramp-kao-nekada-bajden-americki-predsjednik-pomijesao-mjesto-gdje-ce-se-sastati-s-putinom\/#respond"]}]},{"@type":"WebPage","@id":"https:\/\/dmcsrb.com\/svijet\/tramp-kao-nekada-bajden-americki-predsjednik-pomijesao-mjesto-gdje-ce-se-sastati-s-putinom\/","url":"https:\/\/dmcsrb.com\/svijet\/tramp-kao-nekada-bajden-americki-predsjednik-pomijesao-mjesto-gdje-ce-se-sastati-s-putinom\/","name":"Tramp kao nekada Bajden: Ameri\u010dki predsjednik pomije\u0161ao mjesto gdje \u0107e se sastati s Putinom - dmcsrb.com","isPartOf":{"@id":"https:\/\/dmcsrb.com\/#website"},"primaryImageOfPage":{"@id":"https:\/\/dmcsrb.com\/svijet\/tramp-kao-nekada-bajden-americki-predsjednik-pomijesao-mjesto-gdje-ce-se-sastati-s-putinom\/#primaryimage"},"image":{"@id":"https:\/\/dmcsrb.com\/svijet\/tramp-kao-nekada-bajden-americki-predsjednik-pomijesao-mjesto-gdje-ce-se-sastati-s-putinom\/#primaryimage"},"thumbnailUrl":"https:\/\/dmcsrb.com\/wp-content\/uploads\/2026\/01\/tramp-putin1.jpg","datePublished":"2025-08-12T04:44:00+00:00","author":{"@id":"https:\/\/dmcsrb.com\/#\/schema\/person\/5c39170f12db1b8b457732d0b5c854e2"},"breadcrumb":{"@id":"https:\/\/dmcsrb.com\/svijet\/tramp-kao-nekada-bajden-americki-predsjednik-pomijesao-mjesto-gdje-ce-se-sastati-s-putinom\/#breadcrumb"},"inLanguage":"en-GB","potentialAction":[{"@type":"ReadAction","target":["https:\/\/dmcsrb.com\/svijet\/tramp-kao-nekada-bajden-americki-predsjednik-pomijesao-mjesto-gdje-ce-se-sastati-s-putinom\/"]}]},{"@type":"ImageObject","inLanguage":"en-GB","@id":"https:\/\/dmcsrb.com\/svijet\/tramp-kao-nekada-bajden-americki-predsjednik-pomijesao-mjesto-gdje-ce-se-sastati-s-putinom\/#primaryimage","url":"https:\/\/dmcsrb.com\/wp-content\/uploads\/2026\/01\/tramp-putin1.jpg","contentUrl":"https:\/\/dmcsrb.com\/wp-content\/uploads\/2026\/01\/tramp-putin1.jpg","width":750,"height":562},{"@type":"BreadcrumbList","@id":"https:\/\/dmcsrb.com\/svijet\/tramp-kao-nekada-bajden-americki-predsjednik-pomijesao-mjesto-gdje-ce-se-sastati-s-putinom\/#breadcrumb","itemListElement":[{"@type":"ListItem","position":1,"name":"Home","item":"https:\/\/dmcsrb.com\/"},{"@type":"ListItem","position":2,"name":"Tramp kao nekada Bajden: Ameri\u010dki predsjednik pomije\u0161ao mjesto gdje \u0107e se sastati s Putinom"}]},{"@type":"WebSite","@id":"https:\/\/dmcsrb.com\/#website","url":"https:\/\/dmcsrb.com\/","name":"dmcsrb.com","description":"","potentialAction":[{"@type":"SearchAction","target":{"@type":"EntryPoint","urlTemplate":"https:\/\/dmcsrb.com\/?s={search_term_string}"},"query-input":{"@type":"PropertyValueSpecification","valueRequired":true,"valueName":"search_term_string"}}],"inLanguage":"en-GB"},{"@type":"Person","@id":"https:\/\/dmcsrb.com\/#\/schema\/person\/5c39170f12db1b8b457732d0b5c854e2","name":"dmcsrbija.com@gmail.com","image":{"@type":"ImageObject","inLanguage":"en-GB","@id":"https:\/\/secure.gravatar.com\/avatar\/68592660ad6347fad0fb587f8d5d8f1a7b44961362f56e4f2cd524feb87e9069?s=96&d=mm&r=g","url":"https:\/\/secure.gravatar.com\/avatar\/68592660ad6347fad0fb587f8d5d8f1a7b44961362f56e4f2cd524feb87e9069?s=96&d=mm&r=g","contentUrl":"https:\/\/secure.gravatar.com\/avatar\/68592660ad6347fad0fb587f8d5d8f1a7b44961362f56e4f2cd524feb87e9069?s=96&d=mm&r=g","caption":"dmcsrbija.com@gmail.com"},"sameAs":["https:\/\/dmcsrb.com"],"url":"https:\/\/dmcsrb.com\/en\/author\/dmcsrbija-comgmail-com\/"}]}},"_links":{"self":[{"href":"https:\/\/dmcsrb.com\/en\/wp-json\/wp\/v2\/posts\/945669","targetHints":{"allow":["GET"]}}],"collection":[{"href":"https:\/\/dmcsrb.com\/en\/wp-json\/wp\/v2\/posts"}],"about":[{"href":"https:\/\/dmcsrb.com\/en\/wp-json\/wp\/v2\/types\/post"}],"author":[{"embeddable":true,"href":"https:\/\/dmcsrb.com\/en\/wp-json\/wp\/v2\/users\/1"}],"replies":[{"embeddable":true,"href":"https:\/\/dmcsrb.com\/en\/wp-json\/wp\/v2\/comments?post=945669"}],"version-history":[{"count":0,"href":"https:\/\/dmcsrb.com\/en\/wp-json\/wp\/v2\/posts\/945669\/revisions"}],"wp:featuredmedia":[{"embeddable":true,"href":"https:\/\/dmcsrb.com\/en\/wp-json\/wp\/v2\/media\/916341"}],"wp:attachment":[{"href":"https:\/\/dmcsrb.com\/en\/wp-json\/wp\/v2\/media?parent=945669"}],"wp:term":[{"taxonomy":"category","embeddable":true,"href":"https:\/\/dmcsrb.com\/en\/wp-json\/wp\/v2\/categories?post=945669"},{"taxonomy":"post_tag","embeddable":true,"href":"https:\/\/dmcsrb.com\/en\/wp-json\/wp\/v2\/tags?post=945669"},{"taxonomy":"naslovna","embeddable":true,"href":"https:\/\/dmcsrb.com\/en\/wp-json\/wp\/v2\/naslovna?post=945669"}],"curies":[{"name":"wp","href":"https:\/\/api.w.org\/{rel}","templated":true}]}}