{"id":945660,"date":"2025-08-11T19:45:00","date_gmt":"2025-08-11T17:45:00","guid":{"rendered":"https:\/\/dmcsrb.com\/uncategorized\/grupa-gradjana-bu2-nadlezni-da-istraze-uzrok-pozara-na-magistrali-u-buljarici\/"},"modified":"2025-08-11T19:45:00","modified_gmt":"2025-08-11T17:45:00","slug":"grupa-gradjana-bu2-nadlezni-da-istraze-uzrok-pozara-na-magistrali-u-buljarici","status":"publish","type":"post","link":"https:\/\/dmcsrb.com\/en\/drustvo\/grupa-gradjana-bu2-nadlezni-da-istraze-uzrok-pozara-na-magistrali-u-buljarici\/","title":{"rendered":"Grupa gra\u0111ana BU2: Nadle\u017eni da istra\u017ee uzrok po\u017eara na magistrali u Buljarici"},"content":{"rendered":"<p><\/p>\n\n\n\n<p>&#8220;Pozivamo nadle\u017ene organe \u2014 vatrogasne i policijske slu\u017ebe, Slu\u017ebu za\u0161tite i spa\u0161avanja, kao i tu\u017eila\u0161tvo \u2014 da \u0161to prije sprovedu detaljan uvi\u0111aj i utvrde sve okolnosti koje su dovele do eskalacije po\u017eara. Posebno molimo da se ispita da li je automobil uga\u0161en odmah po zapaljenju, ili je do \u0161irenja po\u017eara do\u0161lo usled eventualnog propusta ili neadekvatne reakcije&#8221;, navode iz Grupe gra\u0111ana BU2.<\/p>\n\n\n\n<p>Kako dalje navode, svjesni su da je po\u017ear \u010desto prirodna nepogoda na koju je te\u0161ko uticati, ali da tako\u0111e znaju da nekada postoje i ljudski faktori \u2014 nemar, nepa\u017enja ili neodgovorno postupanje \u2014 koji dovode do tragedija i uni\u0161tavanja prirode.<\/p>\n\n\n\n<p>&#8220;Na takve situacije mora se odlu\u010dno reagovati i stati im na put, kako se sli\u010dni incidenti ne bi ponavljali. Upu\u0107ujemo sna\u017ean apel svim gra\u0111anima da se u ovom periodu poja\u010danog rizika od po\u017eara pona\u0161aju krajnje odgovorno: ne bacati opu\u0161ke, staklo ili zapaljive materijale u prirodu, ne paliti vatru na otvorenom, prijaviti svaku uo\u010denu sumnjivu aktivnost ili dim nadle\u017enim slu\u017ebama. Za\u0161tita prirode i sigurnost na\u0161ih zajednica zajedni\u010dka je odgovornost svih nas. Samo zajedni\u010dkim i odgovornim djelovanjem mo\u017eemo sprije\u010diti katastrofe i sa\u010duvati ono \u0161to nam je povjereno&#8221;, zaklju\u010duje se u saop\u0161tenju NVO &#8220;Grupa gra\u0111ana BU2&#8221;<\/p>","protected":false},"excerpt":{"rendered":"<p>Na Jadranskoj magistrali kod Kisikane u Buljarici, u subotu ve\u010de, do\u0161lo je do zapaljenja motornog vozila. Plamen se ubrzo pro\u0161irio na rastinje i travu iznad puta, prouzrokuju\u0107i \u0161irenje po\u017eara na nepristupa\u010dan teren brda iznad Buljarice i predjelu \u010canja.<\/p>","protected":false},"author":1,"featured_media":945661,"comment_status":"open","ping_status":"open","sticky":false,"template":"","format":"standard","meta":{"_acf_changed":false,"footnotes":""},"categories":[2],"tags":[16935],"naslovna":[],"class_list":["post-945660","post","type-post","status-publish","format-standard","has-post-thumbnail","hentry","category-drustvo","tag-nvo-grupa-gradjana-bu2"],"acf":[],"yoast_head":"<!-- This site is optimized with the Yoast SEO plugin v27.4 - https:\/\/yoast.com\/product\/yoast-seo-wordpress\/ -->\n<title>Grupa gra\u0111ana BU2: Nadle\u017eni da istra\u017ee uzrok po\u017eara na magistrali u Buljarici - dmcsrb.com<\/title>\n<meta name=\"robots\" content=\"index, follow, max-snippet:-1, max-image-preview:large, max-video-preview:-1\" \/>\n<link rel=\"canonical\" href=\"https:\/\/dmcsrb.com\/en\/drustvo\/grupa-gradjana-bu2-nadlezni-da-istraze-uzrok-pozara-na-magistrali-u-buljarici\/\" \/>\n<meta property=\"og:locale\" content=\"en_GB\" \/>\n<meta property=\"og:type\" content=\"article\" \/>\n<meta property=\"og:title\" content=\"Grupa gra\u0111ana BU2: Nadle\u017eni da istra\u017ee uzrok po\u017eara na magistrali u Buljarici - dmcsrb.com\" \/>\n<meta property=\"og:description\" content=\"Na Jadranskoj magistrali kod Kisikane u Buljarici, u subotu ve\u010de, do\u0161lo je do zapaljenja motornog vozila. Plamen se ubrzo pro\u0161irio na rastinje i travu iznad puta, prouzrokuju\u0107i \u0161irenje po\u017eara na nepristupa\u010dan teren brda iznad Buljarice i predjelu \u010canja.\" \/>\n<meta property=\"og:url\" content=\"https:\/\/dmcsrb.com\/en\/drustvo\/grupa-gradjana-bu2-nadlezni-da-istraze-uzrok-pozara-na-magistrali-u-buljarici\/\" \/>\n<meta property=\"og:site_name\" content=\"dmcsrb.com\" \/>\n<meta property=\"article:published_time\" content=\"2025-08-11T17:45:00+00:00\" \/>\n<meta property=\"og:image\" content=\"https:\/\/dmcsrb.com\/wp-content\/uploads\/2026\/01\/Pozar-Buljarica-foto-GGBU2.webp\" \/>\n\t<meta property=\"og:image:width\" content=\"837\" \/>\n\t<meta property=\"og:image:height\" content=\"522\" \/>\n\t<meta property=\"og:image:type\" content=\"image\/jpeg\" \/>\n<meta name=\"author\" content=\"dmcsrbija.com@gmail.com\" \/>\n<meta name=\"twitter:card\" content=\"summary_large_image\" \/>\n<meta name=\"twitter:label1\" content=\"Written by\" \/>\n\t<meta name=\"twitter:data1\" content=\"dmcsrbija.com@gmail.com\" \/>\n\t<meta name=\"twitter:label2\" content=\"Estimated reading time\" \/>\n\t<meta name=\"twitter:data2\" content=\"1 minute\" \/>\n<script type=\"application\/ld+json\" class=\"yoast-schema-graph\">{\"@context\":\"https:\\\/\\\/schema.org\",\"@graph\":[{\"@type\":\"Article\",\"@id\":\"https:\\\/\\\/dmcsrb.com\\\/drustvo\\\/grupa-gradjana-bu2-nadlezni-da-istraze-uzrok-pozara-na-magistrali-u-buljarici\\\/#article\",\"isPartOf\":{\"@id\":\"https:\\\/\\\/dmcsrb.com\\\/drustvo\\\/grupa-gradjana-bu2-nadlezni-da-istraze-uzrok-pozara-na-magistrali-u-buljarici\\\/\"},\"author\":{\"name\":\"dmcsrbija.com@gmail.com\",\"@id\":\"https:\\\/\\\/dmcsrb.com\\\/#\\\/schema\\\/person\\\/5c39170f12db1b8b457732d0b5c854e2\"},\"headline\":\"Grupa gra\u0111ana BU2: Nadle\u017eni da istra\u017ee uzrok po\u017eara na magistrali u Buljarici\",\"datePublished\":\"2025-08-11T17:45:00+00:00\",\"mainEntityOfPage\":{\"@id\":\"https:\\\/\\\/dmcsrb.com\\\/drustvo\\\/grupa-gradjana-bu2-nadlezni-da-istraze-uzrok-pozara-na-magistrali-u-buljarici\\\/\"},\"wordCount\":247,\"commentCount\":0,\"image\":{\"@id\":\"https:\\\/\\\/dmcsrb.com\\\/drustvo\\\/grupa-gradjana-bu2-nadlezni-da-istraze-uzrok-pozara-na-magistrali-u-buljarici\\\/#primaryimage\"},\"thumbnailUrl\":\"https:\\\/\\\/dmcsrb.com\\\/wp-content\\\/uploads\\\/2026\\\/01\\\/Pozar-Buljarica-foto-GGBU2.webp\",\"keywords\":[\"NVO Grupa gra\u0111ana BU2\"],\"articleSection\":[\"Dru\u0161tvo\"],\"inLanguage\":\"en-GB\",\"potentialAction\":[{\"@type\":\"CommentAction\",\"name\":\"Comment\",\"target\":[\"https:\\\/\\\/dmcsrb.com\\\/drustvo\\\/grupa-gradjana-bu2-nadlezni-da-istraze-uzrok-pozara-na-magistrali-u-buljarici\\\/#respond\"]}]},{\"@type\":\"WebPage\",\"@id\":\"https:\\\/\\\/dmcsrb.com\\\/drustvo\\\/grupa-gradjana-bu2-nadlezni-da-istraze-uzrok-pozara-na-magistrali-u-buljarici\\\/\",\"url\":\"https:\\\/\\\/dmcsrb.com\\\/drustvo\\\/grupa-gradjana-bu2-nadlezni-da-istraze-uzrok-pozara-na-magistrali-u-buljarici\\\/\",\"name\":\"Grupa gra\u0111ana BU2: Nadle\u017eni da istra\u017ee uzrok po\u017eara na magistrali u Buljarici - dmcsrb.com\",\"isPartOf\":{\"@id\":\"https:\\\/\\\/dmcsrb.com\\\/#website\"},\"primaryImageOfPage\":{\"@id\":\"https:\\\/\\\/dmcsrb.com\\\/drustvo\\\/grupa-gradjana-bu2-nadlezni-da-istraze-uzrok-pozara-na-magistrali-u-buljarici\\\/#primaryimage\"},\"image\":{\"@id\":\"https:\\\/\\\/dmcsrb.com\\\/drustvo\\\/grupa-gradjana-bu2-nadlezni-da-istraze-uzrok-pozara-na-magistrali-u-buljarici\\\/#primaryimage\"},\"thumbnailUrl\":\"https:\\\/\\\/dmcsrb.com\\\/wp-content\\\/uploads\\\/2026\\\/01\\\/Pozar-Buljarica-foto-GGBU2.webp\",\"datePublished\":\"2025-08-11T17:45:00+00:00\",\"author\":{\"@id\":\"https:\\\/\\\/dmcsrb.com\\\/#\\\/schema\\\/person\\\/5c39170f12db1b8b457732d0b5c854e2\"},\"breadcrumb\":{\"@id\":\"https:\\\/\\\/dmcsrb.com\\\/drustvo\\\/grupa-gradjana-bu2-nadlezni-da-istraze-uzrok-pozara-na-magistrali-u-buljarici\\\/#breadcrumb\"},\"inLanguage\":\"en-GB\",\"potentialAction\":[{\"@type\":\"ReadAction\",\"target\":[\"https:\\\/\\\/dmcsrb.com\\\/drustvo\\\/grupa-gradjana-bu2-nadlezni-da-istraze-uzrok-pozara-na-magistrali-u-buljarici\\\/\"]}]},{\"@type\":\"ImageObject\",\"inLanguage\":\"en-GB\",\"@id\":\"https:\\\/\\\/dmcsrb.com\\\/drustvo\\\/grupa-gradjana-bu2-nadlezni-da-istraze-uzrok-pozara-na-magistrali-u-buljarici\\\/#primaryimage\",\"url\":\"https:\\\/\\\/dmcsrb.com\\\/wp-content\\\/uploads\\\/2026\\\/01\\\/Pozar-Buljarica-foto-GGBU2.webp\",\"contentUrl\":\"https:\\\/\\\/dmcsrb.com\\\/wp-content\\\/uploads\\\/2026\\\/01\\\/Pozar-Buljarica-foto-GGBU2.webp\",\"width\":837,\"height\":522},{\"@type\":\"BreadcrumbList\",\"@id\":\"https:\\\/\\\/dmcsrb.com\\\/drustvo\\\/grupa-gradjana-bu2-nadlezni-da-istraze-uzrok-pozara-na-magistrali-u-buljarici\\\/#breadcrumb\",\"itemListElement\":[{\"@type\":\"ListItem\",\"position\":1,\"name\":\"Home\",\"item\":\"https:\\\/\\\/dmcsrb.com\\\/\"},{\"@type\":\"ListItem\",\"position\":2,\"name\":\"Grupa gra\u0111ana BU2: Nadle\u017eni da istra\u017ee uzrok po\u017eara na magistrali u Buljarici\"}]},{\"@type\":\"WebSite\",\"@id\":\"https:\\\/\\\/dmcsrb.com\\\/#website\",\"url\":\"https:\\\/\\\/dmcsrb.com\\\/\",\"name\":\"dmcsrb.com\",\"description\":\"\",\"potentialAction\":[{\"@type\":\"SearchAction\",\"target\":{\"@type\":\"EntryPoint\",\"urlTemplate\":\"https:\\\/\\\/dmcsrb.com\\\/?s={search_term_string}\"},\"query-input\":{\"@type\":\"PropertyValueSpecification\",\"valueRequired\":true,\"valueName\":\"search_term_string\"}}],\"inLanguage\":\"en-GB\"},{\"@type\":\"Person\",\"@id\":\"https:\\\/\\\/dmcsrb.com\\\/#\\\/schema\\\/person\\\/5c39170f12db1b8b457732d0b5c854e2\",\"name\":\"dmcsrbija.com@gmail.com\",\"image\":{\"@type\":\"ImageObject\",\"inLanguage\":\"en-GB\",\"@id\":\"https:\\\/\\\/secure.gravatar.com\\\/avatar\\\/68592660ad6347fad0fb587f8d5d8f1a7b44961362f56e4f2cd524feb87e9069?s=96&d=mm&r=g\",\"url\":\"https:\\\/\\\/secure.gravatar.com\\\/avatar\\\/68592660ad6347fad0fb587f8d5d8f1a7b44961362f56e4f2cd524feb87e9069?s=96&d=mm&r=g\",\"contentUrl\":\"https:\\\/\\\/secure.gravatar.com\\\/avatar\\\/68592660ad6347fad0fb587f8d5d8f1a7b44961362f56e4f2cd524feb87e9069?s=96&d=mm&r=g\",\"caption\":\"dmcsrbija.com@gmail.com\"},\"sameAs\":[\"https:\\\/\\\/dmcsrb.com\"],\"url\":\"https:\\\/\\\/dmcsrb.com\\\/en\\\/author\\\/dmcsrbija-comgmail-com\\\/\"}]}<\/script>\n<!-- \/ Yoast SEO plugin. -->","yoast_head_json":{"title":"Grupa gra\u0111ana BU2: Nadle\u017eni da istra\u017ee uzrok po\u017eara na magistrali u Buljarici - dmcsrb.com","robots":{"index":"index","follow":"follow","max-snippet":"max-snippet:-1","max-image-preview":"max-image-preview:large","max-video-preview":"max-video-preview:-1"},"canonical":"https:\/\/dmcsrb.com\/en\/drustvo\/grupa-gradjana-bu2-nadlezni-da-istraze-uzrok-pozara-na-magistrali-u-buljarici\/","og_locale":"en_GB","og_type":"article","og_title":"Grupa gra\u0111ana BU2: Nadle\u017eni da istra\u017ee uzrok po\u017eara na magistrali u Buljarici - dmcsrb.com","og_description":"Na Jadranskoj magistrali kod Kisikane u Buljarici, u subotu ve\u010de, do\u0161lo je do zapaljenja motornog vozila. Plamen se ubrzo pro\u0161irio na rastinje i travu iznad puta, prouzrokuju\u0107i \u0161irenje po\u017eara na nepristupa\u010dan teren brda iznad Buljarice i predjelu \u010canja.","og_url":"https:\/\/dmcsrb.com\/en\/drustvo\/grupa-gradjana-bu2-nadlezni-da-istraze-uzrok-pozara-na-magistrali-u-buljarici\/","og_site_name":"dmcsrb.com","article_published_time":"2025-08-11T17:45:00+00:00","og_image":[{"width":837,"height":522,"url":"https:\/\/dmcsrb.com\/wp-content\/uploads\/2026\/01\/Pozar-Buljarica-foto-GGBU2.webp","type":"image\/jpeg"}],"author":"dmcsrbija.com@gmail.com","twitter_card":"summary_large_image","twitter_misc":{"Written by":"dmcsrbija.com@gmail.com","Estimated reading time":"1 minute"},"schema":{"@context":"https:\/\/schema.org","@graph":[{"@type":"Article","@id":"https:\/\/dmcsrb.com\/drustvo\/grupa-gradjana-bu2-nadlezni-da-istraze-uzrok-pozara-na-magistrali-u-buljarici\/#article","isPartOf":{"@id":"https:\/\/dmcsrb.com\/drustvo\/grupa-gradjana-bu2-nadlezni-da-istraze-uzrok-pozara-na-magistrali-u-buljarici\/"},"author":{"name":"dmcsrbija.com@gmail.com","@id":"https:\/\/dmcsrb.com\/#\/schema\/person\/5c39170f12db1b8b457732d0b5c854e2"},"headline":"Grupa gra\u0111ana BU2: Nadle\u017eni da istra\u017ee uzrok po\u017eara na magistrali u Buljarici","datePublished":"2025-08-11T17:45:00+00:00","mainEntityOfPage":{"@id":"https:\/\/dmcsrb.com\/drustvo\/grupa-gradjana-bu2-nadlezni-da-istraze-uzrok-pozara-na-magistrali-u-buljarici\/"},"wordCount":247,"commentCount":0,"image":{"@id":"https:\/\/dmcsrb.com\/drustvo\/grupa-gradjana-bu2-nadlezni-da-istraze-uzrok-pozara-na-magistrali-u-buljarici\/#primaryimage"},"thumbnailUrl":"https:\/\/dmcsrb.com\/wp-content\/uploads\/2026\/01\/Pozar-Buljarica-foto-GGBU2.webp","keywords":["NVO Grupa gra\u0111ana BU2"],"articleSection":["Dru\u0161tvo"],"inLanguage":"en-GB","potentialAction":[{"@type":"CommentAction","name":"Comment","target":["https:\/\/dmcsrb.com\/drustvo\/grupa-gradjana-bu2-nadlezni-da-istraze-uzrok-pozara-na-magistrali-u-buljarici\/#respond"]}]},{"@type":"WebPage","@id":"https:\/\/dmcsrb.com\/drustvo\/grupa-gradjana-bu2-nadlezni-da-istraze-uzrok-pozara-na-magistrali-u-buljarici\/","url":"https:\/\/dmcsrb.com\/drustvo\/grupa-gradjana-bu2-nadlezni-da-istraze-uzrok-pozara-na-magistrali-u-buljarici\/","name":"Grupa gra\u0111ana BU2: Nadle\u017eni da istra\u017ee uzrok po\u017eara na magistrali u Buljarici - dmcsrb.com","isPartOf":{"@id":"https:\/\/dmcsrb.com\/#website"},"primaryImageOfPage":{"@id":"https:\/\/dmcsrb.com\/drustvo\/grupa-gradjana-bu2-nadlezni-da-istraze-uzrok-pozara-na-magistrali-u-buljarici\/#primaryimage"},"image":{"@id":"https:\/\/dmcsrb.com\/drustvo\/grupa-gradjana-bu2-nadlezni-da-istraze-uzrok-pozara-na-magistrali-u-buljarici\/#primaryimage"},"thumbnailUrl":"https:\/\/dmcsrb.com\/wp-content\/uploads\/2026\/01\/Pozar-Buljarica-foto-GGBU2.webp","datePublished":"2025-08-11T17:45:00+00:00","author":{"@id":"https:\/\/dmcsrb.com\/#\/schema\/person\/5c39170f12db1b8b457732d0b5c854e2"},"breadcrumb":{"@id":"https:\/\/dmcsrb.com\/drustvo\/grupa-gradjana-bu2-nadlezni-da-istraze-uzrok-pozara-na-magistrali-u-buljarici\/#breadcrumb"},"inLanguage":"en-GB","potentialAction":[{"@type":"ReadAction","target":["https:\/\/dmcsrb.com\/drustvo\/grupa-gradjana-bu2-nadlezni-da-istraze-uzrok-pozara-na-magistrali-u-buljarici\/"]}]},{"@type":"ImageObject","inLanguage":"en-GB","@id":"https:\/\/dmcsrb.com\/drustvo\/grupa-gradjana-bu2-nadlezni-da-istraze-uzrok-pozara-na-magistrali-u-buljarici\/#primaryimage","url":"https:\/\/dmcsrb.com\/wp-content\/uploads\/2026\/01\/Pozar-Buljarica-foto-GGBU2.webp","contentUrl":"https:\/\/dmcsrb.com\/wp-content\/uploads\/2026\/01\/Pozar-Buljarica-foto-GGBU2.webp","width":837,"height":522},{"@type":"BreadcrumbList","@id":"https:\/\/dmcsrb.com\/drustvo\/grupa-gradjana-bu2-nadlezni-da-istraze-uzrok-pozara-na-magistrali-u-buljarici\/#breadcrumb","itemListElement":[{"@type":"ListItem","position":1,"name":"Home","item":"https:\/\/dmcsrb.com\/"},{"@type":"ListItem","position":2,"name":"Grupa gra\u0111ana BU2: Nadle\u017eni da istra\u017ee uzrok po\u017eara na magistrali u Buljarici"}]},{"@type":"WebSite","@id":"https:\/\/dmcsrb.com\/#website","url":"https:\/\/dmcsrb.com\/","name":"dmcsrb.com","description":"","potentialAction":[{"@type":"SearchAction","target":{"@type":"EntryPoint","urlTemplate":"https:\/\/dmcsrb.com\/?s={search_term_string}"},"query-input":{"@type":"PropertyValueSpecification","valueRequired":true,"valueName":"search_term_string"}}],"inLanguage":"en-GB"},{"@type":"Person","@id":"https:\/\/dmcsrb.com\/#\/schema\/person\/5c39170f12db1b8b457732d0b5c854e2","name":"dmcsrbija.com@gmail.com","image":{"@type":"ImageObject","inLanguage":"en-GB","@id":"https:\/\/secure.gravatar.com\/avatar\/68592660ad6347fad0fb587f8d5d8f1a7b44961362f56e4f2cd524feb87e9069?s=96&d=mm&r=g","url":"https:\/\/secure.gravatar.com\/avatar\/68592660ad6347fad0fb587f8d5d8f1a7b44961362f56e4f2cd524feb87e9069?s=96&d=mm&r=g","contentUrl":"https:\/\/secure.gravatar.com\/avatar\/68592660ad6347fad0fb587f8d5d8f1a7b44961362f56e4f2cd524feb87e9069?s=96&d=mm&r=g","caption":"dmcsrbija.com@gmail.com"},"sameAs":["https:\/\/dmcsrb.com"],"url":"https:\/\/dmcsrb.com\/en\/author\/dmcsrbija-comgmail-com\/"}]}},"_links":{"self":[{"href":"https:\/\/dmcsrb.com\/en\/wp-json\/wp\/v2\/posts\/945660","targetHints":{"allow":["GET"]}}],"collection":[{"href":"https:\/\/dmcsrb.com\/en\/wp-json\/wp\/v2\/posts"}],"about":[{"href":"https:\/\/dmcsrb.com\/en\/wp-json\/wp\/v2\/types\/post"}],"author":[{"embeddable":true,"href":"https:\/\/dmcsrb.com\/en\/wp-json\/wp\/v2\/users\/1"}],"replies":[{"embeddable":true,"href":"https:\/\/dmcsrb.com\/en\/wp-json\/wp\/v2\/comments?post=945660"}],"version-history":[{"count":0,"href":"https:\/\/dmcsrb.com\/en\/wp-json\/wp\/v2\/posts\/945660\/revisions"}],"wp:featuredmedia":[{"embeddable":true,"href":"https:\/\/dmcsrb.com\/en\/wp-json\/wp\/v2\/media\/945661"}],"wp:attachment":[{"href":"https:\/\/dmcsrb.com\/en\/wp-json\/wp\/v2\/media?parent=945660"}],"wp:term":[{"taxonomy":"category","embeddable":true,"href":"https:\/\/dmcsrb.com\/en\/wp-json\/wp\/v2\/categories?post=945660"},{"taxonomy":"post_tag","embeddable":true,"href":"https:\/\/dmcsrb.com\/en\/wp-json\/wp\/v2\/tags?post=945660"},{"taxonomy":"naslovna","embeddable":true,"href":"https:\/\/dmcsrb.com\/en\/wp-json\/wp\/v2\/naslovna?post=945660"}],"curies":[{"name":"wp","href":"https:\/\/api.w.org\/{rel}","templated":true}]}}