{"id":945572,"date":"2025-08-11T11:06:30","date_gmt":"2025-08-11T09:06:30","guid":{"rendered":"https:\/\/dmcsrb.com\/uncategorized\/ministarstvo-odbrane-pokrenuo-postupak-provjere-koriscenja-bolovanja\/"},"modified":"2025-08-11T11:06:30","modified_gmt":"2025-08-11T09:06:30","slug":"ministarstvo-odbrane-pokrenuo-postupak-provjere-koriscenja-bolovanja","status":"publish","type":"post","link":"https:\/\/dmcsrb.com\/en\/drustvo\/ministarstvo-odbrane-pokrenuo-postupak-provjere-koriscenja-bolovanja\/","title":{"rendered":"Ministarstvo odbrane pokrenuo postupak provjere kori\u0161\u0107enja bolovanja"},"content":{"rendered":"<p>Iz tog resora je saop\u0161teno da se predmet provjere odnosi na vi\u0161e uzastopnih bolovanja izdatih u periodu od 1. jula 2021. godine do 28. jula 2021. godine.<\/p>\n\n\n\n<p>&#8220;Te od 29. jula 2021. do 31. jula 2021. godine, a zatim od 1. avgusta 2021. do 31. avgusta 2021. godine, i sva su izdata retroaktivno i to \u0161est mjeseci nakon privremene sprije\u010denosti za rad, \u0161to je dodatno zahtijevalo provjeru postupanja nadle\u017enih organa u skladu sa zakonom.&nbsp;Sve navedene retroaktivne doznake izdala je izabrana doktorica Jelena Stankovi\u0107&#8221;, pi\u0161e u saop\u0161tenju ministarstva.<\/p>\n\n\n\n<p>Kako su naveli, u skladu sa \u010dlanovima 36 i 37 Zakona o obaveznom zdravstvenom osiguranju, privremenu sprije\u010denost za rad do 30 dana utvr\u0111uje izabrani doktor, dok se po isteku tog perioda odluka donosi na osnovu nalaza nadle\u017ene ljekarske komisije, te dodaju da je predmetni slu\u010daj zahtijeva utvr\u0111ivanje da li je ova procedura u potpunosti ispo\u0161tovana.<\/p>\n\n\n\n<p>Podsje\u0107aju da je Ministarstvo odbrane tokom 2023. i 2025. godine uputilo vi\u0161e obra\u0107anja i urgencija nadle\u017enim institucijama, sa ciljem dobijanja kompletne dokumentacije i sprovo\u0111enja zakonom propisanih provjera.&nbsp;<\/p>\n\n\n\n<p>&#8220;O\u010dekujemo da \u0107e nadle\u017eni organi, u okviru svojih ovla\u0161\u0107enja, izvr\u0161iti preispitivanje i dostaviti rezultate, kako bi se obezbijedila potpuna zakonitost i za\u0161tita prava svih u\u010desnika u postupku&#8221;, dodaju u saop\u0161tenju.<\/p>","protected":false},"excerpt":{"rendered":"<p>Ministarstvo odbrane Crne Gore saop\u0161tava da je, u cilju potpunog i zakonitog utvr\u0111ivanja radno-pravnog statusa pripadnika Vojske Crne Gore Luke Ivanovi\u0107a, pokrenut postupak provjere kori\u0161\u0107enja bolovanja i uskla\u0111enosti sa va\u017ee\u0107im propisima o privremenoj sprije\u010denosti za rad.<\/p>","protected":false},"author":1,"featured_media":945573,"comment_status":"open","ping_status":"open","sticky":false,"template":"","format":"standard","meta":{"_acf_changed":false,"footnotes":""},"categories":[2],"tags":[7656,61,843],"naslovna":[],"class_list":["post-945572","post","type-post","status-publish","format-standard","has-post-thumbnail","hentry","category-drustvo","tag-bolovanje","tag-mod","tag-vcg"],"acf":[],"yoast_head":"<!-- This site is optimized with the Yoast SEO plugin v27.4 - https:\/\/yoast.com\/product\/yoast-seo-wordpress\/ -->\n<title>Ministarstvo odbrane pokrenuo postupak provjere kori\u0161\u0107enja bolovanja - dmcsrb.com<\/title>\n<meta name=\"robots\" content=\"index, follow, max-snippet:-1, max-image-preview:large, max-video-preview:-1\" \/>\n<link rel=\"canonical\" href=\"https:\/\/dmcsrb.com\/en\/drustvo\/ministarstvo-odbrane-pokrenuo-postupak-provjere-koriscenja-bolovanja\/\" \/>\n<meta property=\"og:locale\" content=\"en_GB\" \/>\n<meta property=\"og:type\" content=\"article\" \/>\n<meta property=\"og:title\" content=\"Ministarstvo odbrane pokrenuo postupak provjere kori\u0161\u0107enja bolovanja - dmcsrb.com\" \/>\n<meta property=\"og:description\" content=\"Ministarstvo odbrane Crne Gore saop\u0161tava da je, u cilju potpunog i zakonitog utvr\u0111ivanja radno-pravnog statusa pripadnika Vojske Crne Gore Luke Ivanovi\u0107a, pokrenut postupak provjere kori\u0161\u0107enja bolovanja i uskla\u0111enosti sa va\u017ee\u0107im propisima o privremenoj sprije\u010denosti za rad.\" \/>\n<meta property=\"og:url\" content=\"https:\/\/dmcsrb.com\/en\/drustvo\/ministarstvo-odbrane-pokrenuo-postupak-provjere-koriscenja-bolovanja\/\" \/>\n<meta property=\"og:site_name\" content=\"dmcsrb.com\" \/>\n<meta property=\"article:published_time\" content=\"2025-08-11T09:06:30+00:00\" \/>\n<meta property=\"og:image\" content=\"https:\/\/dmcsrb.com\/wp-content\/uploads\/2026\/01\/ministarstvo-odbrane-1.webp\" \/>\n\t<meta property=\"og:image:width\" content=\"747\" \/>\n\t<meta property=\"og:image:height\" content=\"498\" \/>\n\t<meta property=\"og:image:type\" content=\"image\/jpeg\" \/>\n<meta name=\"author\" content=\"dmcsrbija.com@gmail.com\" \/>\n<meta name=\"twitter:card\" content=\"summary_large_image\" \/>\n<meta name=\"twitter:label1\" content=\"Written by\" \/>\n\t<meta name=\"twitter:data1\" content=\"dmcsrbija.com@gmail.com\" \/>\n\t<meta name=\"twitter:label2\" content=\"Estimated reading time\" \/>\n\t<meta name=\"twitter:data2\" content=\"1 minute\" \/>\n<script type=\"application\/ld+json\" class=\"yoast-schema-graph\">{\"@context\":\"https:\\\/\\\/schema.org\",\"@graph\":[{\"@type\":\"Article\",\"@id\":\"https:\\\/\\\/dmcsrb.com\\\/drustvo\\\/ministarstvo-odbrane-pokrenuo-postupak-provjere-koriscenja-bolovanja\\\/#article\",\"isPartOf\":{\"@id\":\"https:\\\/\\\/dmcsrb.com\\\/drustvo\\\/ministarstvo-odbrane-pokrenuo-postupak-provjere-koriscenja-bolovanja\\\/\"},\"author\":{\"name\":\"dmcsrbija.com@gmail.com\",\"@id\":\"https:\\\/\\\/dmcsrb.com\\\/#\\\/schema\\\/person\\\/5c39170f12db1b8b457732d0b5c854e2\"},\"headline\":\"Ministarstvo odbrane pokrenuo postupak provjere kori\u0161\u0107enja bolovanja\",\"datePublished\":\"2025-08-11T09:06:30+00:00\",\"mainEntityOfPage\":{\"@id\":\"https:\\\/\\\/dmcsrb.com\\\/drustvo\\\/ministarstvo-odbrane-pokrenuo-postupak-provjere-koriscenja-bolovanja\\\/\"},\"wordCount\":217,\"commentCount\":0,\"image\":{\"@id\":\"https:\\\/\\\/dmcsrb.com\\\/drustvo\\\/ministarstvo-odbrane-pokrenuo-postupak-provjere-koriscenja-bolovanja\\\/#primaryimage\"},\"thumbnailUrl\":\"https:\\\/\\\/dmcsrb.com\\\/wp-content\\\/uploads\\\/2026\\\/01\\\/ministarstvo-odbrane-1.webp\",\"keywords\":[\"bolovanje\",\"mod\",\"VCG\"],\"articleSection\":[\"Dru\u0161tvo\"],\"inLanguage\":\"en-GB\",\"potentialAction\":[{\"@type\":\"CommentAction\",\"name\":\"Comment\",\"target\":[\"https:\\\/\\\/dmcsrb.com\\\/drustvo\\\/ministarstvo-odbrane-pokrenuo-postupak-provjere-koriscenja-bolovanja\\\/#respond\"]}]},{\"@type\":\"WebPage\",\"@id\":\"https:\\\/\\\/dmcsrb.com\\\/drustvo\\\/ministarstvo-odbrane-pokrenuo-postupak-provjere-koriscenja-bolovanja\\\/\",\"url\":\"https:\\\/\\\/dmcsrb.com\\\/drustvo\\\/ministarstvo-odbrane-pokrenuo-postupak-provjere-koriscenja-bolovanja\\\/\",\"name\":\"Ministarstvo odbrane pokrenuo postupak provjere kori\u0161\u0107enja bolovanja - dmcsrb.com\",\"isPartOf\":{\"@id\":\"https:\\\/\\\/dmcsrb.com\\\/#website\"},\"primaryImageOfPage\":{\"@id\":\"https:\\\/\\\/dmcsrb.com\\\/drustvo\\\/ministarstvo-odbrane-pokrenuo-postupak-provjere-koriscenja-bolovanja\\\/#primaryimage\"},\"image\":{\"@id\":\"https:\\\/\\\/dmcsrb.com\\\/drustvo\\\/ministarstvo-odbrane-pokrenuo-postupak-provjere-koriscenja-bolovanja\\\/#primaryimage\"},\"thumbnailUrl\":\"https:\\\/\\\/dmcsrb.com\\\/wp-content\\\/uploads\\\/2026\\\/01\\\/ministarstvo-odbrane-1.webp\",\"datePublished\":\"2025-08-11T09:06:30+00:00\",\"author\":{\"@id\":\"https:\\\/\\\/dmcsrb.com\\\/#\\\/schema\\\/person\\\/5c39170f12db1b8b457732d0b5c854e2\"},\"breadcrumb\":{\"@id\":\"https:\\\/\\\/dmcsrb.com\\\/drustvo\\\/ministarstvo-odbrane-pokrenuo-postupak-provjere-koriscenja-bolovanja\\\/#breadcrumb\"},\"inLanguage\":\"en-GB\",\"potentialAction\":[{\"@type\":\"ReadAction\",\"target\":[\"https:\\\/\\\/dmcsrb.com\\\/drustvo\\\/ministarstvo-odbrane-pokrenuo-postupak-provjere-koriscenja-bolovanja\\\/\"]}]},{\"@type\":\"ImageObject\",\"inLanguage\":\"en-GB\",\"@id\":\"https:\\\/\\\/dmcsrb.com\\\/drustvo\\\/ministarstvo-odbrane-pokrenuo-postupak-provjere-koriscenja-bolovanja\\\/#primaryimage\",\"url\":\"https:\\\/\\\/dmcsrb.com\\\/wp-content\\\/uploads\\\/2026\\\/01\\\/ministarstvo-odbrane-1.webp\",\"contentUrl\":\"https:\\\/\\\/dmcsrb.com\\\/wp-content\\\/uploads\\\/2026\\\/01\\\/ministarstvo-odbrane-1.webp\",\"width\":747,\"height\":498},{\"@type\":\"BreadcrumbList\",\"@id\":\"https:\\\/\\\/dmcsrb.com\\\/drustvo\\\/ministarstvo-odbrane-pokrenuo-postupak-provjere-koriscenja-bolovanja\\\/#breadcrumb\",\"itemListElement\":[{\"@type\":\"ListItem\",\"position\":1,\"name\":\"Home\",\"item\":\"https:\\\/\\\/dmcsrb.com\\\/\"},{\"@type\":\"ListItem\",\"position\":2,\"name\":\"Ministarstvo odbrane pokrenuo postupak provjere kori\u0161\u0107enja bolovanja\"}]},{\"@type\":\"WebSite\",\"@id\":\"https:\\\/\\\/dmcsrb.com\\\/#website\",\"url\":\"https:\\\/\\\/dmcsrb.com\\\/\",\"name\":\"dmcsrb.com\",\"description\":\"\",\"potentialAction\":[{\"@type\":\"SearchAction\",\"target\":{\"@type\":\"EntryPoint\",\"urlTemplate\":\"https:\\\/\\\/dmcsrb.com\\\/?s={search_term_string}\"},\"query-input\":{\"@type\":\"PropertyValueSpecification\",\"valueRequired\":true,\"valueName\":\"search_term_string\"}}],\"inLanguage\":\"en-GB\"},{\"@type\":\"Person\",\"@id\":\"https:\\\/\\\/dmcsrb.com\\\/#\\\/schema\\\/person\\\/5c39170f12db1b8b457732d0b5c854e2\",\"name\":\"dmcsrbija.com@gmail.com\",\"image\":{\"@type\":\"ImageObject\",\"inLanguage\":\"en-GB\",\"@id\":\"https:\\\/\\\/secure.gravatar.com\\\/avatar\\\/68592660ad6347fad0fb587f8d5d8f1a7b44961362f56e4f2cd524feb87e9069?s=96&d=mm&r=g\",\"url\":\"https:\\\/\\\/secure.gravatar.com\\\/avatar\\\/68592660ad6347fad0fb587f8d5d8f1a7b44961362f56e4f2cd524feb87e9069?s=96&d=mm&r=g\",\"contentUrl\":\"https:\\\/\\\/secure.gravatar.com\\\/avatar\\\/68592660ad6347fad0fb587f8d5d8f1a7b44961362f56e4f2cd524feb87e9069?s=96&d=mm&r=g\",\"caption\":\"dmcsrbija.com@gmail.com\"},\"sameAs\":[\"https:\\\/\\\/dmcsrb.com\"],\"url\":\"https:\\\/\\\/dmcsrb.com\\\/en\\\/author\\\/dmcsrbija-comgmail-com\\\/\"}]}<\/script>\n<!-- \/ Yoast SEO plugin. -->","yoast_head_json":{"title":"Ministarstvo odbrane pokrenuo postupak provjere kori\u0161\u0107enja bolovanja - dmcsrb.com","robots":{"index":"index","follow":"follow","max-snippet":"max-snippet:-1","max-image-preview":"max-image-preview:large","max-video-preview":"max-video-preview:-1"},"canonical":"https:\/\/dmcsrb.com\/en\/drustvo\/ministarstvo-odbrane-pokrenuo-postupak-provjere-koriscenja-bolovanja\/","og_locale":"en_GB","og_type":"article","og_title":"Ministarstvo odbrane pokrenuo postupak provjere kori\u0161\u0107enja bolovanja - dmcsrb.com","og_description":"Ministarstvo odbrane Crne Gore saop\u0161tava da je, u cilju potpunog i zakonitog utvr\u0111ivanja radno-pravnog statusa pripadnika Vojske Crne Gore Luke Ivanovi\u0107a, pokrenut postupak provjere kori\u0161\u0107enja bolovanja i uskla\u0111enosti sa va\u017ee\u0107im propisima o privremenoj sprije\u010denosti za rad.","og_url":"https:\/\/dmcsrb.com\/en\/drustvo\/ministarstvo-odbrane-pokrenuo-postupak-provjere-koriscenja-bolovanja\/","og_site_name":"dmcsrb.com","article_published_time":"2025-08-11T09:06:30+00:00","og_image":[{"width":747,"height":498,"url":"https:\/\/dmcsrb.com\/wp-content\/uploads\/2026\/01\/ministarstvo-odbrane-1.webp","type":"image\/jpeg"}],"author":"dmcsrbija.com@gmail.com","twitter_card":"summary_large_image","twitter_misc":{"Written by":"dmcsrbija.com@gmail.com","Estimated reading time":"1 minute"},"schema":{"@context":"https:\/\/schema.org","@graph":[{"@type":"Article","@id":"https:\/\/dmcsrb.com\/drustvo\/ministarstvo-odbrane-pokrenuo-postupak-provjere-koriscenja-bolovanja\/#article","isPartOf":{"@id":"https:\/\/dmcsrb.com\/drustvo\/ministarstvo-odbrane-pokrenuo-postupak-provjere-koriscenja-bolovanja\/"},"author":{"name":"dmcsrbija.com@gmail.com","@id":"https:\/\/dmcsrb.com\/#\/schema\/person\/5c39170f12db1b8b457732d0b5c854e2"},"headline":"Ministarstvo odbrane pokrenuo postupak provjere kori\u0161\u0107enja bolovanja","datePublished":"2025-08-11T09:06:30+00:00","mainEntityOfPage":{"@id":"https:\/\/dmcsrb.com\/drustvo\/ministarstvo-odbrane-pokrenuo-postupak-provjere-koriscenja-bolovanja\/"},"wordCount":217,"commentCount":0,"image":{"@id":"https:\/\/dmcsrb.com\/drustvo\/ministarstvo-odbrane-pokrenuo-postupak-provjere-koriscenja-bolovanja\/#primaryimage"},"thumbnailUrl":"https:\/\/dmcsrb.com\/wp-content\/uploads\/2026\/01\/ministarstvo-odbrane-1.webp","keywords":["bolovanje","mod","VCG"],"articleSection":["Dru\u0161tvo"],"inLanguage":"en-GB","potentialAction":[{"@type":"CommentAction","name":"Comment","target":["https:\/\/dmcsrb.com\/drustvo\/ministarstvo-odbrane-pokrenuo-postupak-provjere-koriscenja-bolovanja\/#respond"]}]},{"@type":"WebPage","@id":"https:\/\/dmcsrb.com\/drustvo\/ministarstvo-odbrane-pokrenuo-postupak-provjere-koriscenja-bolovanja\/","url":"https:\/\/dmcsrb.com\/drustvo\/ministarstvo-odbrane-pokrenuo-postupak-provjere-koriscenja-bolovanja\/","name":"Ministarstvo odbrane pokrenuo postupak provjere kori\u0161\u0107enja bolovanja - dmcsrb.com","isPartOf":{"@id":"https:\/\/dmcsrb.com\/#website"},"primaryImageOfPage":{"@id":"https:\/\/dmcsrb.com\/drustvo\/ministarstvo-odbrane-pokrenuo-postupak-provjere-koriscenja-bolovanja\/#primaryimage"},"image":{"@id":"https:\/\/dmcsrb.com\/drustvo\/ministarstvo-odbrane-pokrenuo-postupak-provjere-koriscenja-bolovanja\/#primaryimage"},"thumbnailUrl":"https:\/\/dmcsrb.com\/wp-content\/uploads\/2026\/01\/ministarstvo-odbrane-1.webp","datePublished":"2025-08-11T09:06:30+00:00","author":{"@id":"https:\/\/dmcsrb.com\/#\/schema\/person\/5c39170f12db1b8b457732d0b5c854e2"},"breadcrumb":{"@id":"https:\/\/dmcsrb.com\/drustvo\/ministarstvo-odbrane-pokrenuo-postupak-provjere-koriscenja-bolovanja\/#breadcrumb"},"inLanguage":"en-GB","potentialAction":[{"@type":"ReadAction","target":["https:\/\/dmcsrb.com\/drustvo\/ministarstvo-odbrane-pokrenuo-postupak-provjere-koriscenja-bolovanja\/"]}]},{"@type":"ImageObject","inLanguage":"en-GB","@id":"https:\/\/dmcsrb.com\/drustvo\/ministarstvo-odbrane-pokrenuo-postupak-provjere-koriscenja-bolovanja\/#primaryimage","url":"https:\/\/dmcsrb.com\/wp-content\/uploads\/2026\/01\/ministarstvo-odbrane-1.webp","contentUrl":"https:\/\/dmcsrb.com\/wp-content\/uploads\/2026\/01\/ministarstvo-odbrane-1.webp","width":747,"height":498},{"@type":"BreadcrumbList","@id":"https:\/\/dmcsrb.com\/drustvo\/ministarstvo-odbrane-pokrenuo-postupak-provjere-koriscenja-bolovanja\/#breadcrumb","itemListElement":[{"@type":"ListItem","position":1,"name":"Home","item":"https:\/\/dmcsrb.com\/"},{"@type":"ListItem","position":2,"name":"Ministarstvo odbrane pokrenuo postupak provjere kori\u0161\u0107enja bolovanja"}]},{"@type":"WebSite","@id":"https:\/\/dmcsrb.com\/#website","url":"https:\/\/dmcsrb.com\/","name":"dmcsrb.com","description":"","potentialAction":[{"@type":"SearchAction","target":{"@type":"EntryPoint","urlTemplate":"https:\/\/dmcsrb.com\/?s={search_term_string}"},"query-input":{"@type":"PropertyValueSpecification","valueRequired":true,"valueName":"search_term_string"}}],"inLanguage":"en-GB"},{"@type":"Person","@id":"https:\/\/dmcsrb.com\/#\/schema\/person\/5c39170f12db1b8b457732d0b5c854e2","name":"dmcsrbija.com@gmail.com","image":{"@type":"ImageObject","inLanguage":"en-GB","@id":"https:\/\/secure.gravatar.com\/avatar\/68592660ad6347fad0fb587f8d5d8f1a7b44961362f56e4f2cd524feb87e9069?s=96&d=mm&r=g","url":"https:\/\/secure.gravatar.com\/avatar\/68592660ad6347fad0fb587f8d5d8f1a7b44961362f56e4f2cd524feb87e9069?s=96&d=mm&r=g","contentUrl":"https:\/\/secure.gravatar.com\/avatar\/68592660ad6347fad0fb587f8d5d8f1a7b44961362f56e4f2cd524feb87e9069?s=96&d=mm&r=g","caption":"dmcsrbija.com@gmail.com"},"sameAs":["https:\/\/dmcsrb.com"],"url":"https:\/\/dmcsrb.com\/en\/author\/dmcsrbija-comgmail-com\/"}]}},"_links":{"self":[{"href":"https:\/\/dmcsrb.com\/en\/wp-json\/wp\/v2\/posts\/945572","targetHints":{"allow":["GET"]}}],"collection":[{"href":"https:\/\/dmcsrb.com\/en\/wp-json\/wp\/v2\/posts"}],"about":[{"href":"https:\/\/dmcsrb.com\/en\/wp-json\/wp\/v2\/types\/post"}],"author":[{"embeddable":true,"href":"https:\/\/dmcsrb.com\/en\/wp-json\/wp\/v2\/users\/1"}],"replies":[{"embeddable":true,"href":"https:\/\/dmcsrb.com\/en\/wp-json\/wp\/v2\/comments?post=945572"}],"version-history":[{"count":0,"href":"https:\/\/dmcsrb.com\/en\/wp-json\/wp\/v2\/posts\/945572\/revisions"}],"wp:featuredmedia":[{"embeddable":true,"href":"https:\/\/dmcsrb.com\/en\/wp-json\/wp\/v2\/media\/945573"}],"wp:attachment":[{"href":"https:\/\/dmcsrb.com\/en\/wp-json\/wp\/v2\/media?parent=945572"}],"wp:term":[{"taxonomy":"category","embeddable":true,"href":"https:\/\/dmcsrb.com\/en\/wp-json\/wp\/v2\/categories?post=945572"},{"taxonomy":"post_tag","embeddable":true,"href":"https:\/\/dmcsrb.com\/en\/wp-json\/wp\/v2\/tags?post=945572"},{"taxonomy":"naslovna","embeddable":true,"href":"https:\/\/dmcsrb.com\/en\/wp-json\/wp\/v2\/naslovna?post=945572"}],"curies":[{"name":"wp","href":"https:\/\/api.w.org\/{rel}","templated":true}]}}