{"id":945559,"date":"2025-08-11T10:35:00","date_gmt":"2025-08-11T08:35:00","guid":{"rendered":"https:\/\/dmcsrb.com\/uncategorized\/drakic-zbog-sumnji-u-zloupotrebe-poslali-u-tuzilastvo-25-funkcionera\/"},"modified":"2025-08-11T10:35:00","modified_gmt":"2025-08-11T08:35:00","slug":"drakic-zbog-sumnji-u-zloupotrebe-poslali-u-tuzilastvo-25-funkcionera","status":"publish","type":"post","link":"https:\/\/dmcsrb.com\/en\/drustvo\/drakic-zbog-sumnji-u-zloupotrebe-poslali-u-tuzilastvo-25-funkcionera\/","title":{"rendered":"Draki\u0107: Zbog sumnji u zloupotrebe, poslali u tu\u017eila\u0161tvo 25 funkcionera"},"content":{"rendered":"<p><\/p>\n\n\n\n<p>On ka\u017ee da je percepcija korupcije najve\u0107a u sektorima zdravstva, pravosu\u0111a, politi\u010dkih partija, zapo\u0161ljavanja i izvr\u0161ne vlasti.<\/p>\n\n\n\n<p><strong>Koliko predmeta ste dostavili tu\u017eila\u0161tvu i zbog \u010dega?<\/strong><\/p>\n\n\n\n<p>\u2013 Sa nadle\u017enim organima radimo na vi\u0161e od 25 predmeta i 20 prijava zvi\u017eda\u010da.<\/p>\n\n\n\n<p>Promjena prakse i prelazak sa formalnog na su\u0161tinski rad organa za sprovo\u0111enje zakona klju\u010dni su u ovoj oblasti. Zahvaljuju\u0107i promjeni pristupa i konkretnim rezultatima rada, ASK je prepoznata kao neselektivna i proaktivna institucija, a u cilju rje\u0161avanja odre\u0111enih predmeta ili situacija koje podrazumijevaju rad drugih institucija, redovno se odr\u017eavaju koordinacioni i operativni sastanci.<\/p>\n\n\n\n<p>Dodatno, 20 prijava zvi\u017eda\u010da proslije\u0111eno je tu\u017eila\u0161tvima na dalje postupanje.<\/p>\n\n\n\n<p><strong>Koje oblasti su najizlo\u017eenije korupciji i \u0161ta Agencija preduzima da suzbije tu negativnu pojavu?<\/strong><\/p>\n\n\n\n<p>Prema istra\u017eivanjima javnog mnjenja koja sprovode Agencija i drugi partneri, percepcija korupcije je najve\u0107a u sektorima zdravstva, pravosu\u0111a, politi\u010dkih partija, zapo\u0161ljavanja i izvr\u0161ne vlasti. U svim ovim oblastima planiramo intenziviranje aktivnosti u saradnji sa nadle\u017enim organima, a radi ja\u010danja integriteta i uklanjanja identifikovanih rizi\u010dnih ta\u010daka.<\/p>\n\n\n\n<p>Va\u017ean korak u tom pravcu je i nedavno potpisani Memorandum o saradnji sa Nacionalnim savjetom za borbu protiv korupcije, kojim se prati sprovo\u0111enje nacionalne strategije i defini\u0161u strate\u0161ki ciljevi: ja\u010danje nezavisnosti, nepristrasnosti i odgovornosti institucija, unapre\u0111enje transparentnosti, podizanje integriteta i pove\u0107anje svijesti o \u0161tetnosti korupcije.<\/p>\n\n\n\n<p><strong>Koliko funkcionera dostavlja podatke o imovini i da li je to realan broj?<\/strong><\/p>\n\n\n\n<p>\u2013 Broj funkcionera u Crnoj Gori najrealnije pokazuje oko 5.000 redovnih godi\u0161njih izvje\u0161taja o imovini \u2013 sada radimo dublje i kvalitetnije provjere.<\/p>\n\n\n\n<p>Agencija je u 2025. unaprijedila pristup provjerama izvje\u0161taja o prihodima i imovini. Fokus je stavljen na sistemati\u010dnost, kvalitet kontrole i racionalno kori\u0161\u0107enje resursa. Broj izvje\u0161taja izabranih za detaljnu provjeru smanjen je u odnosu na prethodnu godinu, kako bi se obezbijedila dublja i kvalitetnija analiza.<\/p>\n\n\n\n<p>Van snage je stavljeno 21 ranije mi\u0161ljenje ili odluka u kojima su pogre\u0161no tuma\u010dene odredbe zakona, \u010dime je preciziran broj funkcija obuhva\u0107enih obavezom izvje\u0161tavanja. U 2025. godini, do sada su dostavljena ukupno 7.242 izvje\u0161taja javnih funkcionera (bez dr\u017eavnih slu\u017ebenika), dok je u 2024. taj broj iznosio oko 10.500. Svi izvje\u0161taji su administrativno provjereni.<\/p>\n\n\n\n<p>Do ovog trenutka, u 2025. godini dostavljeno je ne\u0161to manje od 5.000 redovnih godi\u0161njih izvje\u0161taja javnih funkcionera, \u0161to je najrealniji pokazatelj njihovog ukupnog broja u Crnoj Gori.<\/p>\n\n\n\n<p><strong>I u Agenciji imamo otpor reformama<\/strong><\/p>\n\n\n\n<p>Sa kakvim se sve izazovima suo\u010davate?<\/p>\n\n\n\n<p>Otpor reformama ne\u0107e nas zaustaviti \u2013 naprotiv, samo nas \u010dini odlu\u010dnijima. Me\u0111u klju\u010dnim izazovima izdvajamo ograni\u010dene kadrovske kapacitete, koji su upola manji od sistematizovanog broja zaposlenih, kao i pojedine zakonske prepreke koje usporavaju dono\u0161enje odluka i sprovo\u0111enje nadle\u017enosti Agencije u punom obimu.<\/p>\n\n\n\n<p>Poseban izazov predstavlja kontinuirani otpor dijela Savjeta i manjeg broja zaposlenih, usmjeren na zaustavljanje procesa institucionalnog oporavka i povratka povjerenja javnosti.<\/p>\n\n\n\n<p>Tako\u0111e, uskla\u0111ivanje bud\u017eeta ASK sa zakonskim okvirom i izbor direktora u punom mandatu va\u017ene su pretpostavke za rad.<\/p>\n\n\n\n<p>Uprkos svemu tome, odlu\u010dni smo da nastavimo reformske procese bez kompromisa, jer jedino doslednim radom, saradnjom sa drugim institucijama i jasnom primjenom zakona mo\u017eemo u\u010dvrstiti ulogu ASK kao nezavisnog i proaktivnog \u010duvara integriteta javnog sektora.<\/p>\n\n\n\n<p><strong>Koje klju\u010dne aktivnosti planirate u narednom periodu?<\/strong><\/p>\n\n\n\n<p>\u2013 ASK ostaje potpuno neselektivna, nezavisna i stru\u010dna \u2013 bez kompromisa. U mjesecu kada se obilje\u017eava godina dana od promjene menad\u017ementa ASK, mo\u017eemo konstatovati da smo, uprkos brojnim izazovima i pote\u0161ko\u0107ama, uz predan rad i trud zaposlenih, uspjeli da vratimoAgenciju na kolosijek neselektivnog, nezavisnog i stru\u010dnog rada. Posebno je va\u017eno \u0161to smo povratili povjerenje javnosti i me\u0111unarodnih partnera, o \u010demu svjedo\u010de brojne realizovane zajedni\u010dke aktivnosti, kao i one koje planiramo u narednom periodu. Posve\u0107eno i odgovorno rje\u0161avamo i najstarije predmete, od kojih neki \u010dekaju od 2018. godine. Veliki zastoj koji smo zatekli \u2013 564 nerije\u0161ena predmeta, od kojih su neki datirali iz 2018. godine \u2013 intenzivno se rje\u0161ava. Donijete su odluke u brojnim va\u017enim predmetima, a u drugima su pokrenuti postupci u skladu sa zakonom. Promijenjena je ranija praksa u vezi sa tzv. prvom i drugom funkcijom javnih funkcionera, tuma\u010denjem ograni\u010denja i zabrane poklona, sukoba interesa, zloupotreba javnih resursa, a zna\u010dajno je poja\u010dan rad na provjeri imovine i prihoda, dubinskim kontrolama i nadzoru finansiranja izbornih kampanja. U narednim mjesecima javnost mo\u017ee o\u010dekivati rje\u0161avanje velikog broja predmeta \u2013 kako onih u kojima se epilog \u010deka godinama, tako i aktuelnih slu\u010dajeva, uz intenzivniju analizu propisa, procjenu rizika i dubinske kontrole izvje\u0161taja javnih funkcionera. Posebna pa\u017enja bi\u0107e posve\u0107ena ja\u010danju saradnje sa drugim institucijama, elektronskoj razmjeni podataka i realizaciji kampanja podizanja svijesti o \u0161tetnosti korupcije, uz edukativne aktivnosti \u0161irom zemlje. Cilj nam je da stvorimo primjere dobre prakse, jasno odredimo prioritete i optimalno iskoristimo raspolo\u017eive kapacitete.<\/p>","protected":false},"excerpt":{"rendered":"<p>Sa nadle\u017enim organima predmet zajedni\u010dkog rada je vi\u0161e od 25 predmeta koje smo im dostavili, a koji se odnose na zloupotrebu slu\u017ebenog polo\u017eaja, provjeru imovine i prihoda, te zloupotrebu javnih resursa, saop\u0161tio je u intervjuu za &#8220;Dan&#8221; Du\u0161an Draki\u0107, vr\u0161ilac du\u017enosti (v.d.) direktora Agencije za spre\u010davanje korupcije (ASK).<\/p>","protected":false},"author":1,"featured_media":945560,"comment_status":"open","ping_status":"open","sticky":false,"template":"","format":"standard","meta":{"_acf_changed":false,"footnotes":""},"categories":[2],"tags":[1826,6201,17327,1278],"naslovna":[],"class_list":["post-945559","post","type-post","status-publish","format-standard","has-post-thumbnail","hentry","category-drustvo","tag-dusan-drakic","tag-funkcioneri","tag-sumnje-u-zloupotrebe","tag-tuzilastvo-2"],"acf":[],"yoast_head":"<!-- This site is optimized with the Yoast SEO plugin v27.4 - https:\/\/yoast.com\/product\/yoast-seo-wordpress\/ -->\n<title>Draki\u0107: Zbog sumnji u zloupotrebe, poslali u tu\u017eila\u0161tvo 25 funkcionera - dmcsrb.com<\/title>\n<meta name=\"robots\" content=\"index, follow, max-snippet:-1, max-image-preview:large, max-video-preview:-1\" \/>\n<link rel=\"canonical\" href=\"https:\/\/dmcsrb.com\/en\/drustvo\/drakic-zbog-sumnji-u-zloupotrebe-poslali-u-tuzilastvo-25-funkcionera\/\" \/>\n<meta property=\"og:locale\" content=\"en_GB\" \/>\n<meta property=\"og:type\" content=\"article\" \/>\n<meta property=\"og:title\" content=\"Draki\u0107: Zbog sumnji u zloupotrebe, poslali u tu\u017eila\u0161tvo 25 funkcionera - dmcsrb.com\" \/>\n<meta property=\"og:description\" content=\"Sa nadle\u017enim organima predmet zajedni\u010dkog rada je vi\u0161e od 25 predmeta koje smo im dostavili, a koji se odnose na zloupotrebu slu\u017ebenog polo\u017eaja, provjeru imovine i prihoda, te zloupotrebu javnih resursa, saop\u0161tio je u intervjuu za &quot;Dan&quot; Du\u0161an Draki\u0107, vr\u0161ilac du\u017enosti (v.d.) direktora Agencije za spre\u010davanje korupcije (ASK).\" \/>\n<meta property=\"og:url\" content=\"https:\/\/dmcsrb.com\/en\/drustvo\/drakic-zbog-sumnji-u-zloupotrebe-poslali-u-tuzilastvo-25-funkcionera\/\" \/>\n<meta property=\"og:site_name\" content=\"dmcsrb.com\" \/>\n<meta property=\"article:published_time\" content=\"2025-08-11T08:35:00+00:00\" \/>\n<meta property=\"og:image\" content=\"https:\/\/dmcsrb.com\/wp-content\/uploads\/2026\/01\/Dusan-Drakic-ASK-foto-gradski-me.webp\" \/>\n\t<meta property=\"og:image:width\" content=\"1778\" \/>\n\t<meta property=\"og:image:height\" content=\"882\" \/>\n\t<meta property=\"og:image:type\" content=\"image\/jpeg\" \/>\n<meta name=\"author\" content=\"dmcsrbija.com@gmail.com\" \/>\n<meta name=\"twitter:card\" content=\"summary_large_image\" \/>\n<meta name=\"twitter:label1\" content=\"Written by\" \/>\n\t<meta name=\"twitter:data1\" content=\"dmcsrbija.com@gmail.com\" \/>\n\t<meta name=\"twitter:label2\" content=\"Estimated reading time\" \/>\n\t<meta name=\"twitter:data2\" content=\"4 minutes\" \/>\n<script type=\"application\/ld+json\" class=\"yoast-schema-graph\">{\"@context\":\"https:\\\/\\\/schema.org\",\"@graph\":[{\"@type\":\"Article\",\"@id\":\"https:\\\/\\\/dmcsrb.com\\\/drustvo\\\/drakic-zbog-sumnji-u-zloupotrebe-poslali-u-tuzilastvo-25-funkcionera\\\/#article\",\"isPartOf\":{\"@id\":\"https:\\\/\\\/dmcsrb.com\\\/drustvo\\\/drakic-zbog-sumnji-u-zloupotrebe-poslali-u-tuzilastvo-25-funkcionera\\\/\"},\"author\":{\"name\":\"dmcsrbija.com@gmail.com\",\"@id\":\"https:\\\/\\\/dmcsrb.com\\\/#\\\/schema\\\/person\\\/5c39170f12db1b8b457732d0b5c854e2\"},\"headline\":\"Draki\u0107: Zbog sumnji u zloupotrebe, poslali u tu\u017eila\u0161tvo 25 funkcionera\",\"datePublished\":\"2025-08-11T08:35:00+00:00\",\"mainEntityOfPage\":{\"@id\":\"https:\\\/\\\/dmcsrb.com\\\/drustvo\\\/drakic-zbog-sumnji-u-zloupotrebe-poslali-u-tuzilastvo-25-funkcionera\\\/\"},\"wordCount\":836,\"commentCount\":0,\"image\":{\"@id\":\"https:\\\/\\\/dmcsrb.com\\\/drustvo\\\/drakic-zbog-sumnji-u-zloupotrebe-poslali-u-tuzilastvo-25-funkcionera\\\/#primaryimage\"},\"thumbnailUrl\":\"https:\\\/\\\/dmcsrb.com\\\/wp-content\\\/uploads\\\/2026\\\/01\\\/Dusan-Drakic-ASK-foto-gradski-me.webp\",\"keywords\":[\"Du\u0161an Draki\u0107\",\"Funkcioneri\",\"Sumnje u zloupotrebe\",\"tuzilastvo\"],\"articleSection\":[\"Dru\u0161tvo\"],\"inLanguage\":\"en-GB\",\"potentialAction\":[{\"@type\":\"CommentAction\",\"name\":\"Comment\",\"target\":[\"https:\\\/\\\/dmcsrb.com\\\/drustvo\\\/drakic-zbog-sumnji-u-zloupotrebe-poslali-u-tuzilastvo-25-funkcionera\\\/#respond\"]}]},{\"@type\":\"WebPage\",\"@id\":\"https:\\\/\\\/dmcsrb.com\\\/drustvo\\\/drakic-zbog-sumnji-u-zloupotrebe-poslali-u-tuzilastvo-25-funkcionera\\\/\",\"url\":\"https:\\\/\\\/dmcsrb.com\\\/drustvo\\\/drakic-zbog-sumnji-u-zloupotrebe-poslali-u-tuzilastvo-25-funkcionera\\\/\",\"name\":\"Draki\u0107: Zbog sumnji u zloupotrebe, poslali u tu\u017eila\u0161tvo 25 funkcionera - dmcsrb.com\",\"isPartOf\":{\"@id\":\"https:\\\/\\\/dmcsrb.com\\\/#website\"},\"primaryImageOfPage\":{\"@id\":\"https:\\\/\\\/dmcsrb.com\\\/drustvo\\\/drakic-zbog-sumnji-u-zloupotrebe-poslali-u-tuzilastvo-25-funkcionera\\\/#primaryimage\"},\"image\":{\"@id\":\"https:\\\/\\\/dmcsrb.com\\\/drustvo\\\/drakic-zbog-sumnji-u-zloupotrebe-poslali-u-tuzilastvo-25-funkcionera\\\/#primaryimage\"},\"thumbnailUrl\":\"https:\\\/\\\/dmcsrb.com\\\/wp-content\\\/uploads\\\/2026\\\/01\\\/Dusan-Drakic-ASK-foto-gradski-me.webp\",\"datePublished\":\"2025-08-11T08:35:00+00:00\",\"author\":{\"@id\":\"https:\\\/\\\/dmcsrb.com\\\/#\\\/schema\\\/person\\\/5c39170f12db1b8b457732d0b5c854e2\"},\"breadcrumb\":{\"@id\":\"https:\\\/\\\/dmcsrb.com\\\/drustvo\\\/drakic-zbog-sumnji-u-zloupotrebe-poslali-u-tuzilastvo-25-funkcionera\\\/#breadcrumb\"},\"inLanguage\":\"en-GB\",\"potentialAction\":[{\"@type\":\"ReadAction\",\"target\":[\"https:\\\/\\\/dmcsrb.com\\\/drustvo\\\/drakic-zbog-sumnji-u-zloupotrebe-poslali-u-tuzilastvo-25-funkcionera\\\/\"]}]},{\"@type\":\"ImageObject\",\"inLanguage\":\"en-GB\",\"@id\":\"https:\\\/\\\/dmcsrb.com\\\/drustvo\\\/drakic-zbog-sumnji-u-zloupotrebe-poslali-u-tuzilastvo-25-funkcionera\\\/#primaryimage\",\"url\":\"https:\\\/\\\/dmcsrb.com\\\/wp-content\\\/uploads\\\/2026\\\/01\\\/Dusan-Drakic-ASK-foto-gradski-me.webp\",\"contentUrl\":\"https:\\\/\\\/dmcsrb.com\\\/wp-content\\\/uploads\\\/2026\\\/01\\\/Dusan-Drakic-ASK-foto-gradski-me.webp\",\"width\":1778,\"height\":882},{\"@type\":\"BreadcrumbList\",\"@id\":\"https:\\\/\\\/dmcsrb.com\\\/drustvo\\\/drakic-zbog-sumnji-u-zloupotrebe-poslali-u-tuzilastvo-25-funkcionera\\\/#breadcrumb\",\"itemListElement\":[{\"@type\":\"ListItem\",\"position\":1,\"name\":\"Home\",\"item\":\"https:\\\/\\\/dmcsrb.com\\\/\"},{\"@type\":\"ListItem\",\"position\":2,\"name\":\"Draki\u0107: Zbog sumnji u zloupotrebe, poslali u tu\u017eila\u0161tvo 25 funkcionera\"}]},{\"@type\":\"WebSite\",\"@id\":\"https:\\\/\\\/dmcsrb.com\\\/#website\",\"url\":\"https:\\\/\\\/dmcsrb.com\\\/\",\"name\":\"dmcsrb.com\",\"description\":\"\",\"potentialAction\":[{\"@type\":\"SearchAction\",\"target\":{\"@type\":\"EntryPoint\",\"urlTemplate\":\"https:\\\/\\\/dmcsrb.com\\\/?s={search_term_string}\"},\"query-input\":{\"@type\":\"PropertyValueSpecification\",\"valueRequired\":true,\"valueName\":\"search_term_string\"}}],\"inLanguage\":\"en-GB\"},{\"@type\":\"Person\",\"@id\":\"https:\\\/\\\/dmcsrb.com\\\/#\\\/schema\\\/person\\\/5c39170f12db1b8b457732d0b5c854e2\",\"name\":\"dmcsrbija.com@gmail.com\",\"image\":{\"@type\":\"ImageObject\",\"inLanguage\":\"en-GB\",\"@id\":\"https:\\\/\\\/secure.gravatar.com\\\/avatar\\\/68592660ad6347fad0fb587f8d5d8f1a7b44961362f56e4f2cd524feb87e9069?s=96&d=mm&r=g\",\"url\":\"https:\\\/\\\/secure.gravatar.com\\\/avatar\\\/68592660ad6347fad0fb587f8d5d8f1a7b44961362f56e4f2cd524feb87e9069?s=96&d=mm&r=g\",\"contentUrl\":\"https:\\\/\\\/secure.gravatar.com\\\/avatar\\\/68592660ad6347fad0fb587f8d5d8f1a7b44961362f56e4f2cd524feb87e9069?s=96&d=mm&r=g\",\"caption\":\"dmcsrbija.com@gmail.com\"},\"sameAs\":[\"https:\\\/\\\/dmcsrb.com\"],\"url\":\"https:\\\/\\\/dmcsrb.com\\\/en\\\/author\\\/dmcsrbija-comgmail-com\\\/\"}]}<\/script>\n<!-- \/ Yoast SEO plugin. -->","yoast_head_json":{"title":"Draki\u0107: Zbog sumnji u zloupotrebe, poslali u tu\u017eila\u0161tvo 25 funkcionera - dmcsrb.com","robots":{"index":"index","follow":"follow","max-snippet":"max-snippet:-1","max-image-preview":"max-image-preview:large","max-video-preview":"max-video-preview:-1"},"canonical":"https:\/\/dmcsrb.com\/en\/drustvo\/drakic-zbog-sumnji-u-zloupotrebe-poslali-u-tuzilastvo-25-funkcionera\/","og_locale":"en_GB","og_type":"article","og_title":"Draki\u0107: Zbog sumnji u zloupotrebe, poslali u tu\u017eila\u0161tvo 25 funkcionera - dmcsrb.com","og_description":"Sa nadle\u017enim organima predmet zajedni\u010dkog rada je vi\u0161e od 25 predmeta koje smo im dostavili, a koji se odnose na zloupotrebu slu\u017ebenog polo\u017eaja, provjeru imovine i prihoda, te zloupotrebu javnih resursa, saop\u0161tio je u intervjuu za \"Dan\" Du\u0161an Draki\u0107, vr\u0161ilac du\u017enosti (v.d.) direktora Agencije za spre\u010davanje korupcije (ASK).","og_url":"https:\/\/dmcsrb.com\/en\/drustvo\/drakic-zbog-sumnji-u-zloupotrebe-poslali-u-tuzilastvo-25-funkcionera\/","og_site_name":"dmcsrb.com","article_published_time":"2025-08-11T08:35:00+00:00","og_image":[{"width":1778,"height":882,"url":"https:\/\/dmcsrb.com\/wp-content\/uploads\/2026\/01\/Dusan-Drakic-ASK-foto-gradski-me.webp","type":"image\/jpeg"}],"author":"dmcsrbija.com@gmail.com","twitter_card":"summary_large_image","twitter_misc":{"Written by":"dmcsrbija.com@gmail.com","Estimated reading time":"4 minutes"},"schema":{"@context":"https:\/\/schema.org","@graph":[{"@type":"Article","@id":"https:\/\/dmcsrb.com\/drustvo\/drakic-zbog-sumnji-u-zloupotrebe-poslali-u-tuzilastvo-25-funkcionera\/#article","isPartOf":{"@id":"https:\/\/dmcsrb.com\/drustvo\/drakic-zbog-sumnji-u-zloupotrebe-poslali-u-tuzilastvo-25-funkcionera\/"},"author":{"name":"dmcsrbija.com@gmail.com","@id":"https:\/\/dmcsrb.com\/#\/schema\/person\/5c39170f12db1b8b457732d0b5c854e2"},"headline":"Draki\u0107: Zbog sumnji u zloupotrebe, poslali u tu\u017eila\u0161tvo 25 funkcionera","datePublished":"2025-08-11T08:35:00+00:00","mainEntityOfPage":{"@id":"https:\/\/dmcsrb.com\/drustvo\/drakic-zbog-sumnji-u-zloupotrebe-poslali-u-tuzilastvo-25-funkcionera\/"},"wordCount":836,"commentCount":0,"image":{"@id":"https:\/\/dmcsrb.com\/drustvo\/drakic-zbog-sumnji-u-zloupotrebe-poslali-u-tuzilastvo-25-funkcionera\/#primaryimage"},"thumbnailUrl":"https:\/\/dmcsrb.com\/wp-content\/uploads\/2026\/01\/Dusan-Drakic-ASK-foto-gradski-me.webp","keywords":["Du\u0161an Draki\u0107","Funkcioneri","Sumnje u zloupotrebe","tuzilastvo"],"articleSection":["Dru\u0161tvo"],"inLanguage":"en-GB","potentialAction":[{"@type":"CommentAction","name":"Comment","target":["https:\/\/dmcsrb.com\/drustvo\/drakic-zbog-sumnji-u-zloupotrebe-poslali-u-tuzilastvo-25-funkcionera\/#respond"]}]},{"@type":"WebPage","@id":"https:\/\/dmcsrb.com\/drustvo\/drakic-zbog-sumnji-u-zloupotrebe-poslali-u-tuzilastvo-25-funkcionera\/","url":"https:\/\/dmcsrb.com\/drustvo\/drakic-zbog-sumnji-u-zloupotrebe-poslali-u-tuzilastvo-25-funkcionera\/","name":"Draki\u0107: Zbog sumnji u zloupotrebe, poslali u tu\u017eila\u0161tvo 25 funkcionera - dmcsrb.com","isPartOf":{"@id":"https:\/\/dmcsrb.com\/#website"},"primaryImageOfPage":{"@id":"https:\/\/dmcsrb.com\/drustvo\/drakic-zbog-sumnji-u-zloupotrebe-poslali-u-tuzilastvo-25-funkcionera\/#primaryimage"},"image":{"@id":"https:\/\/dmcsrb.com\/drustvo\/drakic-zbog-sumnji-u-zloupotrebe-poslali-u-tuzilastvo-25-funkcionera\/#primaryimage"},"thumbnailUrl":"https:\/\/dmcsrb.com\/wp-content\/uploads\/2026\/01\/Dusan-Drakic-ASK-foto-gradski-me.webp","datePublished":"2025-08-11T08:35:00+00:00","author":{"@id":"https:\/\/dmcsrb.com\/#\/schema\/person\/5c39170f12db1b8b457732d0b5c854e2"},"breadcrumb":{"@id":"https:\/\/dmcsrb.com\/drustvo\/drakic-zbog-sumnji-u-zloupotrebe-poslali-u-tuzilastvo-25-funkcionera\/#breadcrumb"},"inLanguage":"en-GB","potentialAction":[{"@type":"ReadAction","target":["https:\/\/dmcsrb.com\/drustvo\/drakic-zbog-sumnji-u-zloupotrebe-poslali-u-tuzilastvo-25-funkcionera\/"]}]},{"@type":"ImageObject","inLanguage":"en-GB","@id":"https:\/\/dmcsrb.com\/drustvo\/drakic-zbog-sumnji-u-zloupotrebe-poslali-u-tuzilastvo-25-funkcionera\/#primaryimage","url":"https:\/\/dmcsrb.com\/wp-content\/uploads\/2026\/01\/Dusan-Drakic-ASK-foto-gradski-me.webp","contentUrl":"https:\/\/dmcsrb.com\/wp-content\/uploads\/2026\/01\/Dusan-Drakic-ASK-foto-gradski-me.webp","width":1778,"height":882},{"@type":"BreadcrumbList","@id":"https:\/\/dmcsrb.com\/drustvo\/drakic-zbog-sumnji-u-zloupotrebe-poslali-u-tuzilastvo-25-funkcionera\/#breadcrumb","itemListElement":[{"@type":"ListItem","position":1,"name":"Home","item":"https:\/\/dmcsrb.com\/"},{"@type":"ListItem","position":2,"name":"Draki\u0107: Zbog sumnji u zloupotrebe, poslali u tu\u017eila\u0161tvo 25 funkcionera"}]},{"@type":"WebSite","@id":"https:\/\/dmcsrb.com\/#website","url":"https:\/\/dmcsrb.com\/","name":"dmcsrb.com","description":"","potentialAction":[{"@type":"SearchAction","target":{"@type":"EntryPoint","urlTemplate":"https:\/\/dmcsrb.com\/?s={search_term_string}"},"query-input":{"@type":"PropertyValueSpecification","valueRequired":true,"valueName":"search_term_string"}}],"inLanguage":"en-GB"},{"@type":"Person","@id":"https:\/\/dmcsrb.com\/#\/schema\/person\/5c39170f12db1b8b457732d0b5c854e2","name":"dmcsrbija.com@gmail.com","image":{"@type":"ImageObject","inLanguage":"en-GB","@id":"https:\/\/secure.gravatar.com\/avatar\/68592660ad6347fad0fb587f8d5d8f1a7b44961362f56e4f2cd524feb87e9069?s=96&d=mm&r=g","url":"https:\/\/secure.gravatar.com\/avatar\/68592660ad6347fad0fb587f8d5d8f1a7b44961362f56e4f2cd524feb87e9069?s=96&d=mm&r=g","contentUrl":"https:\/\/secure.gravatar.com\/avatar\/68592660ad6347fad0fb587f8d5d8f1a7b44961362f56e4f2cd524feb87e9069?s=96&d=mm&r=g","caption":"dmcsrbija.com@gmail.com"},"sameAs":["https:\/\/dmcsrb.com"],"url":"https:\/\/dmcsrb.com\/en\/author\/dmcsrbija-comgmail-com\/"}]}},"_links":{"self":[{"href":"https:\/\/dmcsrb.com\/en\/wp-json\/wp\/v2\/posts\/945559","targetHints":{"allow":["GET"]}}],"collection":[{"href":"https:\/\/dmcsrb.com\/en\/wp-json\/wp\/v2\/posts"}],"about":[{"href":"https:\/\/dmcsrb.com\/en\/wp-json\/wp\/v2\/types\/post"}],"author":[{"embeddable":true,"href":"https:\/\/dmcsrb.com\/en\/wp-json\/wp\/v2\/users\/1"}],"replies":[{"embeddable":true,"href":"https:\/\/dmcsrb.com\/en\/wp-json\/wp\/v2\/comments?post=945559"}],"version-history":[{"count":0,"href":"https:\/\/dmcsrb.com\/en\/wp-json\/wp\/v2\/posts\/945559\/revisions"}],"wp:featuredmedia":[{"embeddable":true,"href":"https:\/\/dmcsrb.com\/en\/wp-json\/wp\/v2\/media\/945560"}],"wp:attachment":[{"href":"https:\/\/dmcsrb.com\/en\/wp-json\/wp\/v2\/media?parent=945559"}],"wp:term":[{"taxonomy":"category","embeddable":true,"href":"https:\/\/dmcsrb.com\/en\/wp-json\/wp\/v2\/categories?post=945559"},{"taxonomy":"post_tag","embeddable":true,"href":"https:\/\/dmcsrb.com\/en\/wp-json\/wp\/v2\/tags?post=945559"},{"taxonomy":"naslovna","embeddable":true,"href":"https:\/\/dmcsrb.com\/en\/wp-json\/wp\/v2\/naslovna?post=945559"}],"curies":[{"name":"wp","href":"https:\/\/api.w.org\/{rel}","templated":true}]}}