{"id":945552,"date":"2025-08-11T11:24:00","date_gmt":"2025-08-11T09:24:00","guid":{"rendered":"https:\/\/dmcsrb.com\/uncategorized\/svilanovic-na-celu-snp-herceg-novi-jednoglasna-podrska-dragoslavu-scekicu\/"},"modified":"2025-08-11T11:24:00","modified_gmt":"2025-08-11T09:24:00","slug":"svilanovic-na-celu-snp-herceg-novi-jednoglasna-podrska-dragoslavu-scekicu","status":"publish","type":"post","link":"https:\/\/dmcsrb.com\/en\/politika\/svilanovic-na-celu-snp-herceg-novi-jednoglasna-podrska-dragoslavu-scekicu\/","title":{"rendered":"Svilanovi\u0107 na \u010delu SNP Herceg Novi, jednoglasna podr\u0161ka Dragoslavu \u0160\u0107eki\u0107u"},"content":{"rendered":"<p>OO SNP Herceg Novi je, kako navode u saop\u0161tenju, uputio poziv predsjedniku partije Vladimiru Jokovi\u0107u i potpredsjednicima da prisustvuju doga\u0111aju.<\/p>\n\n\n\n<p>\u201cPozivu se odazvao potpredsjednik SNP-a Dragoslav \u0160\u0107eki\u0107, koji je svojim prisustvom dao podr\u0161ku radu hercegnovskog odbora\u201d, navode u saop\u0161tenju.<\/p>\n\n\n\n<p>Pored radnog dijela sastanka i izbora predsjednika, novoizabrani odbor je jednoglasno dao punu podr\u0161ku Dragoslavu \u0160\u0107eki\u0107u na predstoje\u0107em kongresu za izbor predsjednika partije.<\/p>\n\n\n\n<p>\u201cOO SNP Herceg Novi nastavi\u0107e da se zala\u017ee za podmla\u0111ivanje partije, ja\u010danje demokratskih kapaciteta i savremene politi\u010dke iskorake, sa ciljem unapre\u0111enja rada i ve\u0107e participacije \u010dlanstva i gra\u0111ana\u201d, poru\u010duju.<\/p>\n\n\n\n<p>\u010clanovi:<\/p>\n\n\n\n<p>1. Svilanovi\u0107 Igor \u2013 predsjednik<br>2. Milan Jan\u010di\u0107<br>3. Neboj\u0161a Vasovi\u0107<br>4. Anela Pe\u0161\u010di\u0107<br>5. Borana Dabi\u017einovi\u0107<br>6. Branislav Vukovi\u0107<br>7. Damir Divovi\u0107<br>8. Danijel Borevi\u0107<br>9. Dejan Vukovi\u0107<br>10. Dragan \u0160tibohar<br>11. Ivana Pavlovi\u0107<br>12. Ivona Jevti\u0107<br>13. Jelena Bejlica<br>14. Krsto Perovi\u0107<br>15. Ku\u010dinar Dragan<br>16. Mirjana Mali\u0161i\u0107<br>17. Milica Ze\u010devi\u0107<br>18. Neboj\u0161a Pi\u0161tinjat<br>19. Nikola Peri\u0161i\u0107<br>20. Sa\u0161a \u0110uratovi\u0107<br>21. Slavica Vuka\u0161inovi\u0107<br>22. Teodora Kraljevi\u0107<br>23. Violeta Radovi\u0107<br>24. Zeki\u0107 Budimir<br>25. Jelena Pi\u0161tinjat<br>26. Du\u0161ka Mari\u0107<br>27. Zoran Radan<br>28. Kovan \u0110urovi\u0107<br>29. Vladan Dado Dumi\u0107<br>30. Sa\u0161a Vasovi\u0107<br>31. Milan Cero<br>32. Pavle \u0106ukovi\u0107<br>33. Dragana Vasiljevi\u0107<\/p>","protected":false},"excerpt":{"rendered":"<p>Op\u0161tinski odbor Socijalisti\u010dke narodne partije Herceg Novi je, u skladu sa statutarom i demokratskim procedurama, odr\u017eao izbornu konferenciju na kojoj je za predsjednika odbora izabran Igor Svilanovi\u0107. Na istoj sjednici izabrano je 33 \u010dlana Op\u0161tinskog odbora, kao i potpredsjednici odbora: Milica Ze\u010devi\u0107, Bojana Dabid\u017einovi\u0107 i Branislav Vukovi\u0107.<\/p>","protected":false},"author":1,"featured_media":945553,"comment_status":"open","ping_status":"open","sticky":false,"template":"","format":"standard","meta":{"_acf_changed":false,"footnotes":""},"categories":[12],"tags":[48,3515,760],"naslovna":[],"class_list":["post-945552","post","type-post","status-publish","format-standard","has-post-thumbnail","hentry","category-politika","tag-herceg-novi","tag-opstinski-odbor","tag-snp"],"acf":[],"yoast_head":"<!-- This site is optimized with the Yoast SEO plugin v27.4 - https:\/\/yoast.com\/product\/yoast-seo-wordpress\/ -->\n<title>Svilanovi\u0107 na \u010delu SNP Herceg Novi, jednoglasna podr\u0161ka Dragoslavu \u0160\u0107eki\u0107u - dmcsrb.com<\/title>\n<meta name=\"robots\" content=\"index, follow, max-snippet:-1, max-image-preview:large, max-video-preview:-1\" \/>\n<link rel=\"canonical\" href=\"https:\/\/dmcsrb.com\/en\/politika\/svilanovic-na-celu-snp-herceg-novi-jednoglasna-podrska-dragoslavu-scekicu\/\" \/>\n<meta property=\"og:locale\" content=\"en_GB\" \/>\n<meta property=\"og:type\" content=\"article\" \/>\n<meta property=\"og:title\" content=\"Svilanovi\u0107 na \u010delu SNP Herceg Novi, jednoglasna podr\u0161ka Dragoslavu \u0160\u0107eki\u0107u - dmcsrb.com\" \/>\n<meta property=\"og:description\" content=\"Op\u0161tinski odbor Socijalisti\u010dke narodne partije Herceg Novi je, u skladu sa statutarom i demokratskim procedurama, odr\u017eao izbornu konferenciju na kojoj je za predsjednika odbora izabran Igor Svilanovi\u0107. Na istoj sjednici izabrano je 33 \u010dlana Op\u0161tinskog odbora, kao i potpredsjednici odbora: Milica Ze\u010devi\u0107, Bojana Dabid\u017einovi\u0107 i Branislav Vukovi\u0107.\" \/>\n<meta property=\"og:url\" content=\"https:\/\/dmcsrb.com\/en\/politika\/svilanovic-na-celu-snp-herceg-novi-jednoglasna-podrska-dragoslavu-scekicu\/\" \/>\n<meta property=\"og:site_name\" content=\"dmcsrb.com\" \/>\n<meta property=\"article:published_time\" content=\"2025-08-11T09:24:00+00:00\" \/>\n<meta property=\"og:image\" content=\"https:\/\/dmcsrb.com\/wp-content\/uploads\/2026\/01\/IMG_8113-1000x555_499x900.webp\" \/>\n\t<meta property=\"og:image:width\" content=\"899\" \/>\n\t<meta property=\"og:image:height\" content=\"499\" \/>\n\t<meta property=\"og:image:type\" content=\"image\/jpeg\" \/>\n<meta name=\"author\" content=\"dmcsrbija.com@gmail.com\" \/>\n<meta name=\"twitter:card\" content=\"summary_large_image\" \/>\n<meta name=\"twitter:label1\" content=\"Written by\" \/>\n\t<meta name=\"twitter:data1\" content=\"dmcsrbija.com@gmail.com\" \/>\n\t<meta name=\"twitter:label2\" content=\"Estimated reading time\" \/>\n\t<meta name=\"twitter:data2\" content=\"1 minute\" \/>\n<script type=\"application\/ld+json\" class=\"yoast-schema-graph\">{\"@context\":\"https:\\\/\\\/schema.org\",\"@graph\":[{\"@type\":\"Article\",\"@id\":\"https:\\\/\\\/dmcsrb.com\\\/politika\\\/svilanovic-na-celu-snp-herceg-novi-jednoglasna-podrska-dragoslavu-scekicu\\\/#article\",\"isPartOf\":{\"@id\":\"https:\\\/\\\/dmcsrb.com\\\/politika\\\/svilanovic-na-celu-snp-herceg-novi-jednoglasna-podrska-dragoslavu-scekicu\\\/\"},\"author\":{\"name\":\"dmcsrbija.com@gmail.com\",\"@id\":\"https:\\\/\\\/dmcsrb.com\\\/#\\\/schema\\\/person\\\/5c39170f12db1b8b457732d0b5c854e2\"},\"headline\":\"Svilanovi\u0107 na \u010delu SNP Herceg Novi, jednoglasna podr\u0161ka Dragoslavu \u0160\u0107eki\u0107u\",\"datePublished\":\"2025-08-11T09:24:00+00:00\",\"mainEntityOfPage\":{\"@id\":\"https:\\\/\\\/dmcsrb.com\\\/politika\\\/svilanovic-na-celu-snp-herceg-novi-jednoglasna-podrska-dragoslavu-scekicu\\\/\"},\"wordCount\":204,\"commentCount\":0,\"image\":{\"@id\":\"https:\\\/\\\/dmcsrb.com\\\/politika\\\/svilanovic-na-celu-snp-herceg-novi-jednoglasna-podrska-dragoslavu-scekicu\\\/#primaryimage\"},\"thumbnailUrl\":\"https:\\\/\\\/dmcsrb.com\\\/wp-content\\\/uploads\\\/2026\\\/01\\\/IMG_8113-1000x555_499x900.webp\",\"keywords\":[\"Herceg Novi\",\"Op\u0161tinski odbor\",\"SNP\"],\"articleSection\":[\"Politika\"],\"inLanguage\":\"en-GB\",\"potentialAction\":[{\"@type\":\"CommentAction\",\"name\":\"Comment\",\"target\":[\"https:\\\/\\\/dmcsrb.com\\\/politika\\\/svilanovic-na-celu-snp-herceg-novi-jednoglasna-podrska-dragoslavu-scekicu\\\/#respond\"]}]},{\"@type\":\"WebPage\",\"@id\":\"https:\\\/\\\/dmcsrb.com\\\/politika\\\/svilanovic-na-celu-snp-herceg-novi-jednoglasna-podrska-dragoslavu-scekicu\\\/\",\"url\":\"https:\\\/\\\/dmcsrb.com\\\/politika\\\/svilanovic-na-celu-snp-herceg-novi-jednoglasna-podrska-dragoslavu-scekicu\\\/\",\"name\":\"Svilanovi\u0107 na \u010delu SNP Herceg Novi, jednoglasna podr\u0161ka Dragoslavu \u0160\u0107eki\u0107u - dmcsrb.com\",\"isPartOf\":{\"@id\":\"https:\\\/\\\/dmcsrb.com\\\/#website\"},\"primaryImageOfPage\":{\"@id\":\"https:\\\/\\\/dmcsrb.com\\\/politika\\\/svilanovic-na-celu-snp-herceg-novi-jednoglasna-podrska-dragoslavu-scekicu\\\/#primaryimage\"},\"image\":{\"@id\":\"https:\\\/\\\/dmcsrb.com\\\/politika\\\/svilanovic-na-celu-snp-herceg-novi-jednoglasna-podrska-dragoslavu-scekicu\\\/#primaryimage\"},\"thumbnailUrl\":\"https:\\\/\\\/dmcsrb.com\\\/wp-content\\\/uploads\\\/2026\\\/01\\\/IMG_8113-1000x555_499x900.webp\",\"datePublished\":\"2025-08-11T09:24:00+00:00\",\"author\":{\"@id\":\"https:\\\/\\\/dmcsrb.com\\\/#\\\/schema\\\/person\\\/5c39170f12db1b8b457732d0b5c854e2\"},\"breadcrumb\":{\"@id\":\"https:\\\/\\\/dmcsrb.com\\\/politika\\\/svilanovic-na-celu-snp-herceg-novi-jednoglasna-podrska-dragoslavu-scekicu\\\/#breadcrumb\"},\"inLanguage\":\"en-GB\",\"potentialAction\":[{\"@type\":\"ReadAction\",\"target\":[\"https:\\\/\\\/dmcsrb.com\\\/politika\\\/svilanovic-na-celu-snp-herceg-novi-jednoglasna-podrska-dragoslavu-scekicu\\\/\"]}]},{\"@type\":\"ImageObject\",\"inLanguage\":\"en-GB\",\"@id\":\"https:\\\/\\\/dmcsrb.com\\\/politika\\\/svilanovic-na-celu-snp-herceg-novi-jednoglasna-podrska-dragoslavu-scekicu\\\/#primaryimage\",\"url\":\"https:\\\/\\\/dmcsrb.com\\\/wp-content\\\/uploads\\\/2026\\\/01\\\/IMG_8113-1000x555_499x900.webp\",\"contentUrl\":\"https:\\\/\\\/dmcsrb.com\\\/wp-content\\\/uploads\\\/2026\\\/01\\\/IMG_8113-1000x555_499x900.webp\",\"width\":899,\"height\":499},{\"@type\":\"BreadcrumbList\",\"@id\":\"https:\\\/\\\/dmcsrb.com\\\/politika\\\/svilanovic-na-celu-snp-herceg-novi-jednoglasna-podrska-dragoslavu-scekicu\\\/#breadcrumb\",\"itemListElement\":[{\"@type\":\"ListItem\",\"position\":1,\"name\":\"Home\",\"item\":\"https:\\\/\\\/dmcsrb.com\\\/\"},{\"@type\":\"ListItem\",\"position\":2,\"name\":\"Svilanovi\u0107 na \u010delu SNP Herceg Novi, jednoglasna podr\u0161ka Dragoslavu \u0160\u0107eki\u0107u\"}]},{\"@type\":\"WebSite\",\"@id\":\"https:\\\/\\\/dmcsrb.com\\\/#website\",\"url\":\"https:\\\/\\\/dmcsrb.com\\\/\",\"name\":\"dmcsrb.com\",\"description\":\"\",\"potentialAction\":[{\"@type\":\"SearchAction\",\"target\":{\"@type\":\"EntryPoint\",\"urlTemplate\":\"https:\\\/\\\/dmcsrb.com\\\/?s={search_term_string}\"},\"query-input\":{\"@type\":\"PropertyValueSpecification\",\"valueRequired\":true,\"valueName\":\"search_term_string\"}}],\"inLanguage\":\"en-GB\"},{\"@type\":\"Person\",\"@id\":\"https:\\\/\\\/dmcsrb.com\\\/#\\\/schema\\\/person\\\/5c39170f12db1b8b457732d0b5c854e2\",\"name\":\"dmcsrbija.com@gmail.com\",\"image\":{\"@type\":\"ImageObject\",\"inLanguage\":\"en-GB\",\"@id\":\"https:\\\/\\\/secure.gravatar.com\\\/avatar\\\/68592660ad6347fad0fb587f8d5d8f1a7b44961362f56e4f2cd524feb87e9069?s=96&d=mm&r=g\",\"url\":\"https:\\\/\\\/secure.gravatar.com\\\/avatar\\\/68592660ad6347fad0fb587f8d5d8f1a7b44961362f56e4f2cd524feb87e9069?s=96&d=mm&r=g\",\"contentUrl\":\"https:\\\/\\\/secure.gravatar.com\\\/avatar\\\/68592660ad6347fad0fb587f8d5d8f1a7b44961362f56e4f2cd524feb87e9069?s=96&d=mm&r=g\",\"caption\":\"dmcsrbija.com@gmail.com\"},\"sameAs\":[\"https:\\\/\\\/dmcsrb.com\"],\"url\":\"https:\\\/\\\/dmcsrb.com\\\/en\\\/author\\\/dmcsrbija-comgmail-com\\\/\"}]}<\/script>\n<!-- \/ Yoast SEO plugin. -->","yoast_head_json":{"title":"Svilanovi\u0107 na \u010delu SNP Herceg Novi, jednoglasna podr\u0161ka Dragoslavu \u0160\u0107eki\u0107u - dmcsrb.com","robots":{"index":"index","follow":"follow","max-snippet":"max-snippet:-1","max-image-preview":"max-image-preview:large","max-video-preview":"max-video-preview:-1"},"canonical":"https:\/\/dmcsrb.com\/en\/politika\/svilanovic-na-celu-snp-herceg-novi-jednoglasna-podrska-dragoslavu-scekicu\/","og_locale":"en_GB","og_type":"article","og_title":"Svilanovi\u0107 na \u010delu SNP Herceg Novi, jednoglasna podr\u0161ka Dragoslavu \u0160\u0107eki\u0107u - dmcsrb.com","og_description":"Op\u0161tinski odbor Socijalisti\u010dke narodne partije Herceg Novi je, u skladu sa statutarom i demokratskim procedurama, odr\u017eao izbornu konferenciju na kojoj je za predsjednika odbora izabran Igor Svilanovi\u0107. Na istoj sjednici izabrano je 33 \u010dlana Op\u0161tinskog odbora, kao i potpredsjednici odbora: Milica Ze\u010devi\u0107, Bojana Dabid\u017einovi\u0107 i Branislav Vukovi\u0107.","og_url":"https:\/\/dmcsrb.com\/en\/politika\/svilanovic-na-celu-snp-herceg-novi-jednoglasna-podrska-dragoslavu-scekicu\/","og_site_name":"dmcsrb.com","article_published_time":"2025-08-11T09:24:00+00:00","og_image":[{"width":899,"height":499,"url":"https:\/\/dmcsrb.com\/wp-content\/uploads\/2026\/01\/IMG_8113-1000x555_499x900.webp","type":"image\/jpeg"}],"author":"dmcsrbija.com@gmail.com","twitter_card":"summary_large_image","twitter_misc":{"Written by":"dmcsrbija.com@gmail.com","Estimated reading time":"1 minute"},"schema":{"@context":"https:\/\/schema.org","@graph":[{"@type":"Article","@id":"https:\/\/dmcsrb.com\/politika\/svilanovic-na-celu-snp-herceg-novi-jednoglasna-podrska-dragoslavu-scekicu\/#article","isPartOf":{"@id":"https:\/\/dmcsrb.com\/politika\/svilanovic-na-celu-snp-herceg-novi-jednoglasna-podrska-dragoslavu-scekicu\/"},"author":{"name":"dmcsrbija.com@gmail.com","@id":"https:\/\/dmcsrb.com\/#\/schema\/person\/5c39170f12db1b8b457732d0b5c854e2"},"headline":"Svilanovi\u0107 na \u010delu SNP Herceg Novi, jednoglasna podr\u0161ka Dragoslavu \u0160\u0107eki\u0107u","datePublished":"2025-08-11T09:24:00+00:00","mainEntityOfPage":{"@id":"https:\/\/dmcsrb.com\/politika\/svilanovic-na-celu-snp-herceg-novi-jednoglasna-podrska-dragoslavu-scekicu\/"},"wordCount":204,"commentCount":0,"image":{"@id":"https:\/\/dmcsrb.com\/politika\/svilanovic-na-celu-snp-herceg-novi-jednoglasna-podrska-dragoslavu-scekicu\/#primaryimage"},"thumbnailUrl":"https:\/\/dmcsrb.com\/wp-content\/uploads\/2026\/01\/IMG_8113-1000x555_499x900.webp","keywords":["Herceg Novi","Op\u0161tinski odbor","SNP"],"articleSection":["Politika"],"inLanguage":"en-GB","potentialAction":[{"@type":"CommentAction","name":"Comment","target":["https:\/\/dmcsrb.com\/politika\/svilanovic-na-celu-snp-herceg-novi-jednoglasna-podrska-dragoslavu-scekicu\/#respond"]}]},{"@type":"WebPage","@id":"https:\/\/dmcsrb.com\/politika\/svilanovic-na-celu-snp-herceg-novi-jednoglasna-podrska-dragoslavu-scekicu\/","url":"https:\/\/dmcsrb.com\/politika\/svilanovic-na-celu-snp-herceg-novi-jednoglasna-podrska-dragoslavu-scekicu\/","name":"Svilanovi\u0107 na \u010delu SNP Herceg Novi, jednoglasna podr\u0161ka Dragoslavu \u0160\u0107eki\u0107u - dmcsrb.com","isPartOf":{"@id":"https:\/\/dmcsrb.com\/#website"},"primaryImageOfPage":{"@id":"https:\/\/dmcsrb.com\/politika\/svilanovic-na-celu-snp-herceg-novi-jednoglasna-podrska-dragoslavu-scekicu\/#primaryimage"},"image":{"@id":"https:\/\/dmcsrb.com\/politika\/svilanovic-na-celu-snp-herceg-novi-jednoglasna-podrska-dragoslavu-scekicu\/#primaryimage"},"thumbnailUrl":"https:\/\/dmcsrb.com\/wp-content\/uploads\/2026\/01\/IMG_8113-1000x555_499x900.webp","datePublished":"2025-08-11T09:24:00+00:00","author":{"@id":"https:\/\/dmcsrb.com\/#\/schema\/person\/5c39170f12db1b8b457732d0b5c854e2"},"breadcrumb":{"@id":"https:\/\/dmcsrb.com\/politika\/svilanovic-na-celu-snp-herceg-novi-jednoglasna-podrska-dragoslavu-scekicu\/#breadcrumb"},"inLanguage":"en-GB","potentialAction":[{"@type":"ReadAction","target":["https:\/\/dmcsrb.com\/politika\/svilanovic-na-celu-snp-herceg-novi-jednoglasna-podrska-dragoslavu-scekicu\/"]}]},{"@type":"ImageObject","inLanguage":"en-GB","@id":"https:\/\/dmcsrb.com\/politika\/svilanovic-na-celu-snp-herceg-novi-jednoglasna-podrska-dragoslavu-scekicu\/#primaryimage","url":"https:\/\/dmcsrb.com\/wp-content\/uploads\/2026\/01\/IMG_8113-1000x555_499x900.webp","contentUrl":"https:\/\/dmcsrb.com\/wp-content\/uploads\/2026\/01\/IMG_8113-1000x555_499x900.webp","width":899,"height":499},{"@type":"BreadcrumbList","@id":"https:\/\/dmcsrb.com\/politika\/svilanovic-na-celu-snp-herceg-novi-jednoglasna-podrska-dragoslavu-scekicu\/#breadcrumb","itemListElement":[{"@type":"ListItem","position":1,"name":"Home","item":"https:\/\/dmcsrb.com\/"},{"@type":"ListItem","position":2,"name":"Svilanovi\u0107 na \u010delu SNP Herceg Novi, jednoglasna podr\u0161ka Dragoslavu \u0160\u0107eki\u0107u"}]},{"@type":"WebSite","@id":"https:\/\/dmcsrb.com\/#website","url":"https:\/\/dmcsrb.com\/","name":"dmcsrb.com","description":"","potentialAction":[{"@type":"SearchAction","target":{"@type":"EntryPoint","urlTemplate":"https:\/\/dmcsrb.com\/?s={search_term_string}"},"query-input":{"@type":"PropertyValueSpecification","valueRequired":true,"valueName":"search_term_string"}}],"inLanguage":"en-GB"},{"@type":"Person","@id":"https:\/\/dmcsrb.com\/#\/schema\/person\/5c39170f12db1b8b457732d0b5c854e2","name":"dmcsrbija.com@gmail.com","image":{"@type":"ImageObject","inLanguage":"en-GB","@id":"https:\/\/secure.gravatar.com\/avatar\/68592660ad6347fad0fb587f8d5d8f1a7b44961362f56e4f2cd524feb87e9069?s=96&d=mm&r=g","url":"https:\/\/secure.gravatar.com\/avatar\/68592660ad6347fad0fb587f8d5d8f1a7b44961362f56e4f2cd524feb87e9069?s=96&d=mm&r=g","contentUrl":"https:\/\/secure.gravatar.com\/avatar\/68592660ad6347fad0fb587f8d5d8f1a7b44961362f56e4f2cd524feb87e9069?s=96&d=mm&r=g","caption":"dmcsrbija.com@gmail.com"},"sameAs":["https:\/\/dmcsrb.com"],"url":"https:\/\/dmcsrb.com\/en\/author\/dmcsrbija-comgmail-com\/"}]}},"_links":{"self":[{"href":"https:\/\/dmcsrb.com\/en\/wp-json\/wp\/v2\/posts\/945552","targetHints":{"allow":["GET"]}}],"collection":[{"href":"https:\/\/dmcsrb.com\/en\/wp-json\/wp\/v2\/posts"}],"about":[{"href":"https:\/\/dmcsrb.com\/en\/wp-json\/wp\/v2\/types\/post"}],"author":[{"embeddable":true,"href":"https:\/\/dmcsrb.com\/en\/wp-json\/wp\/v2\/users\/1"}],"replies":[{"embeddable":true,"href":"https:\/\/dmcsrb.com\/en\/wp-json\/wp\/v2\/comments?post=945552"}],"version-history":[{"count":0,"href":"https:\/\/dmcsrb.com\/en\/wp-json\/wp\/v2\/posts\/945552\/revisions"}],"wp:featuredmedia":[{"embeddable":true,"href":"https:\/\/dmcsrb.com\/en\/wp-json\/wp\/v2\/media\/945553"}],"wp:attachment":[{"href":"https:\/\/dmcsrb.com\/en\/wp-json\/wp\/v2\/media?parent=945552"}],"wp:term":[{"taxonomy":"category","embeddable":true,"href":"https:\/\/dmcsrb.com\/en\/wp-json\/wp\/v2\/categories?post=945552"},{"taxonomy":"post_tag","embeddable":true,"href":"https:\/\/dmcsrb.com\/en\/wp-json\/wp\/v2\/tags?post=945552"},{"taxonomy":"naslovna","embeddable":true,"href":"https:\/\/dmcsrb.com\/en\/wp-json\/wp\/v2\/naslovna?post=945552"}],"curies":[{"name":"wp","href":"https:\/\/api.w.org\/{rel}","templated":true}]}}