{"id":945505,"date":"2025-08-11T07:31:00","date_gmt":"2025-08-11T05:31:00","guid":{"rendered":"https:\/\/dmcsrb.com\/uncategorized\/vratiti-obavezni-vojni-rok-ili-stimulisati-vojnike-da-zavrse-specijalisticku-obuku\/"},"modified":"2025-08-11T07:31:00","modified_gmt":"2025-08-11T05:31:00","slug":"vratiti-obavezni-vojni-rok-ili-stimulisati-vojnike-da-zavrse-specijalisticku-obuku","status":"publish","type":"post","link":"https:\/\/dmcsrb.com\/en\/drustvo\/vratiti-obavezni-vojni-rok-ili-stimulisati-vojnike-da-zavrse-specijalisticku-obuku\/","title":{"rendered":"Vratiti obavezni vojni rok ili stimulisati vojnike da zavr\u0161e specijalisti\u010dku obuku?"},"content":{"rendered":"<p>Vra\u0107a li se u Crnoj Gori vrijeme i tradicija ispra\u0107aja mladi\u0107a u vojsku. Sude\u0107i prema anketi na ulicama Podgorice, raspolo\u017eenja i volje me\u0111u mladima ima, a \u017eive i emocije i sje\u0107anja starijih.<\/p>\n\n\n\n<p>Crna Gora je 2006. godine ukinula vojnu obavezu i uvela profesionalni model armije. U vremenu globalnih previranja, posebno rata u Ukrajini, i zemlje Balkana, poput nekih u Evropi, razmatraju ponovno uvo\u0111enje obaveznog vojnog roka. Na\u0161 sagovornik, vojni analiti\u010dar Aleksandar Radi\u0107, ka\u017ee da NATO striktno ne propisuje model popune oru\u017eanih snaga.<\/p>\n\n\n\n<p>&#8220;Postoje zemlje koje su uvijek imale samo profesionalni model popune, osim u ratu, kao \u0161to je Velika Britanija. Zemlje koje su obustavile obavezno slu\u017eenje vojnog roka kao \u0161to su Njema\u010dka, Italija, ali i zemlje koje se konzervativno dr\u017ee popunom kroz obavezno slu\u017eenje, na prvom mjestu je Gr\u010dka&#8221;, ka\u017ee Radi\u0107.<\/p>\n\n\n\n<p>Koncept masovnih armija je koncept vojski 19. vijeka, ka\u017ee za na\u0161 radio Nikola Luni\u0107, izvr\u0161ni direktor Savjeta za strate\u0161ke politike. Luni\u0107 smatra da je problemati\u010dno \u0161to se stavlja fokus na op\u0161tu vojnu obuku.<\/p>\n\n\n\n<p>&#8220;Dobijate vojnike koji znaju eventualno rukovati pu\u0161kom, znaju o\u010distiti pu\u0161ku, ali nisu obu\u010deni za niti jednu jedinu specijalnost, kao \u0161to je vo\u017enja tenka ili dio borbenih sistema&#8221;, isti\u010de Luni\u0107.<\/p>\n\n\n\n<p>Model potpune profesionalizacije dospio je u krizu jer ideja da se uvede aktivna rezerva nije dala \u017eeljene rezultate. U svim zemljama Balkana, od Ma\u0111arske do Sjeverne Makedonije, vojnici su stari i prezreli, ka\u017ee Aleksandar Radi\u0107.<\/p>\n\n\n\n<p>&#8220;U Hrvatskoj je odluka na snazi, \u010deka se kada \u0107e biti pozvani prvi regruti. U Srbiji, iako je prva jo\u0161 2017. godina otvorila temu obaveznog slu\u017eenja vojnog roka za sad sistem jo\u0161 nije uspostavljen zbog te\u0161ke politi\u010dke situacije, ali uskoro \u0107e. I tako da jedna po jedna zemlja razmatra i ulazi u proces obnove, osim Bosne i Hercegovine koja \u0107e ostati tabu&#8221;, obja\u0161njava analiti\u010dar.<\/p>\n\n\n\n<p>Mnogi evropski lideri upozoravaju da Evropa ulazi u predratno doba, ka\u017ee Nikola Luni\u0107. Crnoj Gori je potreban vojni rok. Me\u0111utim, treba ozbiljno razmatrati ko i kako treba da slu\u017ei. Najbolje bi bilo da se ne ide sistemom obligacija, odnosno zakonske obaveze, nego putem stimulisanja budu\u0107ih vojnika.<br>&#8220;I da se na taj na\u010din obezbijedi motivisani kadar koji \u0107e biti visoko profesionalno obu\u010den za zahtjevne zadatke i koji \u0107e biti jedan izvor budu\u0107ih profesionalaca ili podoficirskog kora u sljede\u0107im godinama koje predstoje&#8221;, ka\u017ee Luni\u0107.<\/p>\n\n\n\n<p>Po jednoj anketi koja izaziva nevjericu, tek svaki \u0161esti stanovnik Njema\u010dke bio bi spreman da bez oklijevanja nosi pu\u0161ku u slu\u010daju vojnog sukoba, a 59 procenata se izjasnilo da vjerovatno ili sigurno ne bi branili Njema\u010dku oru\u017ejem. Odgovornost politi\u010dara je da pridobiju javno mnjenje za teme od nacionalnog zna\u010daja, ka\u017ee Aleksandar Radi\u0107.<\/p>\n\n\n\n<p>&#8220;Naravno, postoje razni pristupi da se pru\u017ee nadoknade, autoritet, zapo\u0161ljavanje, zatim plate&#8221;, ka\u017ee Radi\u0107.<\/p>\n\n\n\n<p>rije samo nekoliko godina Evropljani su u\u017eivali u blagodatima mira koji je trajao decenijama nakon u\u017easa dva svjetska rata. U ljudskoj je prirodi da brzo zaboravlja. Da li politi\u010dari uop\u0161te \u010ditaju Remarka i Hemingveja?<\/p>","protected":false},"excerpt":{"rendered":"<p>Zemlje Balkana na putu su uvo\u0111enja obaveznog vojnog roka. Geopoliti\u010dke tenzije na globalnom nivou name\u0107u nam pove\u0107anje operativnosti i sposobnosti vojski u regionu kroz obavezno slu\u017eenje vojnog roka, ka\u017ee izvr\u0161ni direktor Savjeta za strate\u0161ke politike Nikola Luni\u0107. Najbolje bi bilo da se ne ide sistemom zakonske obaveze, nego putem stimulisanja budu\u0107ih vojnika koji bi trebalo da zavr\u0161e specijalisti\u010dku obuku i budu obu\u010deni za zahtjevne zadatke, ka\u017ee Luni\u0107. I vojni analiti\u010dar Aleksandar Radi\u0107 ukazuje na va\u017enost motivisanja budu\u0107ih vojnika.<\/p>","protected":false},"author":1,"featured_media":945506,"comment_status":"open","ping_status":"open","sticky":false,"template":"","format":"standard","meta":{"_acf_changed":false,"footnotes":""},"categories":[2],"tags":[843,5832],"naslovna":[],"class_list":["post-945505","post","type-post","status-publish","format-standard","has-post-thumbnail","hentry","category-drustvo","tag-vcg","tag-vojni-rok"],"acf":[],"yoast_head":"<!-- This site is optimized with the Yoast SEO plugin v27.4 - https:\/\/yoast.com\/product\/yoast-seo-wordpress\/ -->\n<title>Vratiti obavezni vojni rok ili stimulisati vojnike da zavr\u0161e specijalisti\u010dku obuku? - dmcsrb.com<\/title>\n<meta name=\"robots\" content=\"index, follow, max-snippet:-1, max-image-preview:large, max-video-preview:-1\" \/>\n<link rel=\"canonical\" href=\"https:\/\/dmcsrb.com\/en\/drustvo\/vratiti-obavezni-vojni-rok-ili-stimulisati-vojnike-da-zavrse-specijalisticku-obuku\/\" \/>\n<meta property=\"og:locale\" content=\"en_GB\" \/>\n<meta property=\"og:type\" content=\"article\" \/>\n<meta property=\"og:title\" content=\"Vratiti obavezni vojni rok ili stimulisati vojnike da zavr\u0161e specijalisti\u010dku obuku? - dmcsrb.com\" \/>\n<meta property=\"og:description\" content=\"Zemlje Balkana na putu su uvo\u0111enja obaveznog vojnog roka. Geopoliti\u010dke tenzije na globalnom nivou name\u0107u nam pove\u0107anje operativnosti i sposobnosti vojski u regionu kroz obavezno slu\u017eenje vojnog roka, ka\u017ee izvr\u0161ni direktor Savjeta za strate\u0161ke politike Nikola Luni\u0107. Najbolje bi bilo da se ne ide sistemom zakonske obaveze, nego putem stimulisanja budu\u0107ih vojnika koji bi trebalo da zavr\u0161e specijalisti\u010dku obuku i budu obu\u010deni za zahtjevne zadatke, ka\u017ee Luni\u0107. I vojni analiti\u010dar Aleksandar Radi\u0107 ukazuje na va\u017enost motivisanja budu\u0107ih vojnika.\" \/>\n<meta property=\"og:url\" content=\"https:\/\/dmcsrb.com\/en\/drustvo\/vratiti-obavezni-vojni-rok-ili-stimulisati-vojnike-da-zavrse-specijalisticku-obuku\/\" \/>\n<meta property=\"og:site_name\" content=\"dmcsrb.com\" \/>\n<meta property=\"article:published_time\" content=\"2025-08-11T05:31:00+00:00\" \/>\n<meta property=\"og:image\" content=\"https:\/\/dmcsrb.com\/wp-content\/uploads\/2026\/01\/Untitled_568x900.webp\" \/>\n\t<meta property=\"og:image:width\" content=\"899\" \/>\n\t<meta property=\"og:image:height\" content=\"568\" \/>\n\t<meta property=\"og:image:type\" content=\"image\/jpeg\" \/>\n<meta name=\"author\" content=\"dmcsrbija.com@gmail.com\" \/>\n<meta name=\"twitter:card\" content=\"summary_large_image\" \/>\n<meta name=\"twitter:label1\" content=\"Written by\" \/>\n\t<meta name=\"twitter:data1\" content=\"dmcsrbija.com@gmail.com\" \/>\n\t<meta name=\"twitter:label2\" content=\"Estimated reading time\" \/>\n\t<meta name=\"twitter:data2\" content=\"3 minutes\" \/>\n<script type=\"application\/ld+json\" class=\"yoast-schema-graph\">{\"@context\":\"https:\\\/\\\/schema.org\",\"@graph\":[{\"@type\":\"Article\",\"@id\":\"https:\\\/\\\/dmcsrb.com\\\/en\\\/drustvo\\\/vratiti-obavezni-vojni-rok-ili-stimulisati-vojnike-da-zavrse-specijalisticku-obuku\\\/#article\",\"isPartOf\":{\"@id\":\"https:\\\/\\\/dmcsrb.com\\\/en\\\/drustvo\\\/vratiti-obavezni-vojni-rok-ili-stimulisati-vojnike-da-zavrse-specijalisticku-obuku\\\/\"},\"author\":{\"name\":\"dmcsrbija.com@gmail.com\",\"@id\":\"https:\\\/\\\/dmcsrb.com\\\/#\\\/schema\\\/person\\\/5c39170f12db1b8b457732d0b5c854e2\"},\"headline\":\"Vratiti obavezni vojni rok ili stimulisati vojnike da zavr\u0161e specijalisti\u010dku obuku?\",\"datePublished\":\"2025-08-11T05:31:00+00:00\",\"mainEntityOfPage\":{\"@id\":\"https:\\\/\\\/dmcsrb.com\\\/en\\\/drustvo\\\/vratiti-obavezni-vojni-rok-ili-stimulisati-vojnike-da-zavrse-specijalisticku-obuku\\\/\"},\"wordCount\":542,\"commentCount\":0,\"image\":{\"@id\":\"https:\\\/\\\/dmcsrb.com\\\/en\\\/drustvo\\\/vratiti-obavezni-vojni-rok-ili-stimulisati-vojnike-da-zavrse-specijalisticku-obuku\\\/#primaryimage\"},\"thumbnailUrl\":\"https:\\\/\\\/dmcsrb.com\\\/wp-content\\\/uploads\\\/2026\\\/01\\\/Untitled_568x900.webp\",\"keywords\":[\"VCG\",\"Vojni rok\"],\"articleSection\":[\"Dru\u0161tvo\"],\"inLanguage\":\"en-GB\",\"potentialAction\":[{\"@type\":\"CommentAction\",\"name\":\"Comment\",\"target\":[\"https:\\\/\\\/dmcsrb.com\\\/en\\\/drustvo\\\/vratiti-obavezni-vojni-rok-ili-stimulisati-vojnike-da-zavrse-specijalisticku-obuku\\\/#respond\"]}]},{\"@type\":\"WebPage\",\"@id\":\"https:\\\/\\\/dmcsrb.com\\\/en\\\/drustvo\\\/vratiti-obavezni-vojni-rok-ili-stimulisati-vojnike-da-zavrse-specijalisticku-obuku\\\/\",\"url\":\"https:\\\/\\\/dmcsrb.com\\\/en\\\/drustvo\\\/vratiti-obavezni-vojni-rok-ili-stimulisati-vojnike-da-zavrse-specijalisticku-obuku\\\/\",\"name\":\"Vratiti obavezni vojni rok ili stimulisati vojnike da zavr\u0161e specijalisti\u010dku obuku? - dmcsrb.com\",\"isPartOf\":{\"@id\":\"https:\\\/\\\/dmcsrb.com\\\/#website\"},\"primaryImageOfPage\":{\"@id\":\"https:\\\/\\\/dmcsrb.com\\\/en\\\/drustvo\\\/vratiti-obavezni-vojni-rok-ili-stimulisati-vojnike-da-zavrse-specijalisticku-obuku\\\/#primaryimage\"},\"image\":{\"@id\":\"https:\\\/\\\/dmcsrb.com\\\/en\\\/drustvo\\\/vratiti-obavezni-vojni-rok-ili-stimulisati-vojnike-da-zavrse-specijalisticku-obuku\\\/#primaryimage\"},\"thumbnailUrl\":\"https:\\\/\\\/dmcsrb.com\\\/wp-content\\\/uploads\\\/2026\\\/01\\\/Untitled_568x900.webp\",\"datePublished\":\"2025-08-11T05:31:00+00:00\",\"author\":{\"@id\":\"https:\\\/\\\/dmcsrb.com\\\/#\\\/schema\\\/person\\\/5c39170f12db1b8b457732d0b5c854e2\"},\"breadcrumb\":{\"@id\":\"https:\\\/\\\/dmcsrb.com\\\/en\\\/drustvo\\\/vratiti-obavezni-vojni-rok-ili-stimulisati-vojnike-da-zavrse-specijalisticku-obuku\\\/#breadcrumb\"},\"inLanguage\":\"en-GB\",\"potentialAction\":[{\"@type\":\"ReadAction\",\"target\":[\"https:\\\/\\\/dmcsrb.com\\\/en\\\/drustvo\\\/vratiti-obavezni-vojni-rok-ili-stimulisati-vojnike-da-zavrse-specijalisticku-obuku\\\/\"]}]},{\"@type\":\"ImageObject\",\"inLanguage\":\"en-GB\",\"@id\":\"https:\\\/\\\/dmcsrb.com\\\/en\\\/drustvo\\\/vratiti-obavezni-vojni-rok-ili-stimulisati-vojnike-da-zavrse-specijalisticku-obuku\\\/#primaryimage\",\"url\":\"https:\\\/\\\/dmcsrb.com\\\/wp-content\\\/uploads\\\/2026\\\/01\\\/Untitled_568x900.webp\",\"contentUrl\":\"https:\\\/\\\/dmcsrb.com\\\/wp-content\\\/uploads\\\/2026\\\/01\\\/Untitled_568x900.webp\",\"width\":899,\"height\":568},{\"@type\":\"BreadcrumbList\",\"@id\":\"https:\\\/\\\/dmcsrb.com\\\/en\\\/drustvo\\\/vratiti-obavezni-vojni-rok-ili-stimulisati-vojnike-da-zavrse-specijalisticku-obuku\\\/#breadcrumb\",\"itemListElement\":[{\"@type\":\"ListItem\",\"position\":1,\"name\":\"Home\",\"item\":\"https:\\\/\\\/dmcsrb.com\\\/\"},{\"@type\":\"ListItem\",\"position\":2,\"name\":\"Vratiti obavezni vojni rok ili stimulisati vojnike da zavr\u0161e specijalisti\u010dku obuku?\"}]},{\"@type\":\"WebSite\",\"@id\":\"https:\\\/\\\/dmcsrb.com\\\/#website\",\"url\":\"https:\\\/\\\/dmcsrb.com\\\/\",\"name\":\"dmcsrb.com\",\"description\":\"\",\"potentialAction\":[{\"@type\":\"SearchAction\",\"target\":{\"@type\":\"EntryPoint\",\"urlTemplate\":\"https:\\\/\\\/dmcsrb.com\\\/?s={search_term_string}\"},\"query-input\":{\"@type\":\"PropertyValueSpecification\",\"valueRequired\":true,\"valueName\":\"search_term_string\"}}],\"inLanguage\":\"en-GB\"},{\"@type\":\"Person\",\"@id\":\"https:\\\/\\\/dmcsrb.com\\\/#\\\/schema\\\/person\\\/5c39170f12db1b8b457732d0b5c854e2\",\"name\":\"dmcsrbija.com@gmail.com\",\"image\":{\"@type\":\"ImageObject\",\"inLanguage\":\"en-GB\",\"@id\":\"https:\\\/\\\/secure.gravatar.com\\\/avatar\\\/68592660ad6347fad0fb587f8d5d8f1a7b44961362f56e4f2cd524feb87e9069?s=96&d=mm&r=g\",\"url\":\"https:\\\/\\\/secure.gravatar.com\\\/avatar\\\/68592660ad6347fad0fb587f8d5d8f1a7b44961362f56e4f2cd524feb87e9069?s=96&d=mm&r=g\",\"contentUrl\":\"https:\\\/\\\/secure.gravatar.com\\\/avatar\\\/68592660ad6347fad0fb587f8d5d8f1a7b44961362f56e4f2cd524feb87e9069?s=96&d=mm&r=g\",\"caption\":\"dmcsrbija.com@gmail.com\"},\"sameAs\":[\"https:\\\/\\\/dmcsrb.com\"],\"url\":\"https:\\\/\\\/dmcsrb.com\\\/en\\\/author\\\/dmcsrbija-comgmail-com\\\/\"}]}<\/script>\n<!-- \/ Yoast SEO plugin. -->","yoast_head_json":{"title":"Vratiti obavezni vojni rok ili stimulisati vojnike da zavr\u0161e specijalisti\u010dku obuku? - dmcsrb.com","robots":{"index":"index","follow":"follow","max-snippet":"max-snippet:-1","max-image-preview":"max-image-preview:large","max-video-preview":"max-video-preview:-1"},"canonical":"https:\/\/dmcsrb.com\/en\/drustvo\/vratiti-obavezni-vojni-rok-ili-stimulisati-vojnike-da-zavrse-specijalisticku-obuku\/","og_locale":"en_GB","og_type":"article","og_title":"Vratiti obavezni vojni rok ili stimulisati vojnike da zavr\u0161e specijalisti\u010dku obuku? - dmcsrb.com","og_description":"Zemlje Balkana na putu su uvo\u0111enja obaveznog vojnog roka. Geopoliti\u010dke tenzije na globalnom nivou name\u0107u nam pove\u0107anje operativnosti i sposobnosti vojski u regionu kroz obavezno slu\u017eenje vojnog roka, ka\u017ee izvr\u0161ni direktor Savjeta za strate\u0161ke politike Nikola Luni\u0107. Najbolje bi bilo da se ne ide sistemom zakonske obaveze, nego putem stimulisanja budu\u0107ih vojnika koji bi trebalo da zavr\u0161e specijalisti\u010dku obuku i budu obu\u010deni za zahtjevne zadatke, ka\u017ee Luni\u0107. I vojni analiti\u010dar Aleksandar Radi\u0107 ukazuje na va\u017enost motivisanja budu\u0107ih vojnika.","og_url":"https:\/\/dmcsrb.com\/en\/drustvo\/vratiti-obavezni-vojni-rok-ili-stimulisati-vojnike-da-zavrse-specijalisticku-obuku\/","og_site_name":"dmcsrb.com","article_published_time":"2025-08-11T05:31:00+00:00","og_image":[{"width":899,"height":568,"url":"https:\/\/dmcsrb.com\/wp-content\/uploads\/2026\/01\/Untitled_568x900.webp","type":"image\/jpeg"}],"author":"dmcsrbija.com@gmail.com","twitter_card":"summary_large_image","twitter_misc":{"Written by":"dmcsrbija.com@gmail.com","Estimated reading time":"3 minutes"},"schema":{"@context":"https:\/\/schema.org","@graph":[{"@type":"Article","@id":"https:\/\/dmcsrb.com\/en\/drustvo\/vratiti-obavezni-vojni-rok-ili-stimulisati-vojnike-da-zavrse-specijalisticku-obuku\/#article","isPartOf":{"@id":"https:\/\/dmcsrb.com\/en\/drustvo\/vratiti-obavezni-vojni-rok-ili-stimulisati-vojnike-da-zavrse-specijalisticku-obuku\/"},"author":{"name":"dmcsrbija.com@gmail.com","@id":"https:\/\/dmcsrb.com\/#\/schema\/person\/5c39170f12db1b8b457732d0b5c854e2"},"headline":"Vratiti obavezni vojni rok ili stimulisati vojnike da zavr\u0161e specijalisti\u010dku obuku?","datePublished":"2025-08-11T05:31:00+00:00","mainEntityOfPage":{"@id":"https:\/\/dmcsrb.com\/en\/drustvo\/vratiti-obavezni-vojni-rok-ili-stimulisati-vojnike-da-zavrse-specijalisticku-obuku\/"},"wordCount":542,"commentCount":0,"image":{"@id":"https:\/\/dmcsrb.com\/en\/drustvo\/vratiti-obavezni-vojni-rok-ili-stimulisati-vojnike-da-zavrse-specijalisticku-obuku\/#primaryimage"},"thumbnailUrl":"https:\/\/dmcsrb.com\/wp-content\/uploads\/2026\/01\/Untitled_568x900.webp","keywords":["VCG","Vojni rok"],"articleSection":["Dru\u0161tvo"],"inLanguage":"en-GB","potentialAction":[{"@type":"CommentAction","name":"Comment","target":["https:\/\/dmcsrb.com\/en\/drustvo\/vratiti-obavezni-vojni-rok-ili-stimulisati-vojnike-da-zavrse-specijalisticku-obuku\/#respond"]}]},{"@type":"WebPage","@id":"https:\/\/dmcsrb.com\/en\/drustvo\/vratiti-obavezni-vojni-rok-ili-stimulisati-vojnike-da-zavrse-specijalisticku-obuku\/","url":"https:\/\/dmcsrb.com\/en\/drustvo\/vratiti-obavezni-vojni-rok-ili-stimulisati-vojnike-da-zavrse-specijalisticku-obuku\/","name":"Vratiti obavezni vojni rok ili stimulisati vojnike da zavr\u0161e specijalisti\u010dku obuku? - dmcsrb.com","isPartOf":{"@id":"https:\/\/dmcsrb.com\/#website"},"primaryImageOfPage":{"@id":"https:\/\/dmcsrb.com\/en\/drustvo\/vratiti-obavezni-vojni-rok-ili-stimulisati-vojnike-da-zavrse-specijalisticku-obuku\/#primaryimage"},"image":{"@id":"https:\/\/dmcsrb.com\/en\/drustvo\/vratiti-obavezni-vojni-rok-ili-stimulisati-vojnike-da-zavrse-specijalisticku-obuku\/#primaryimage"},"thumbnailUrl":"https:\/\/dmcsrb.com\/wp-content\/uploads\/2026\/01\/Untitled_568x900.webp","datePublished":"2025-08-11T05:31:00+00:00","author":{"@id":"https:\/\/dmcsrb.com\/#\/schema\/person\/5c39170f12db1b8b457732d0b5c854e2"},"breadcrumb":{"@id":"https:\/\/dmcsrb.com\/en\/drustvo\/vratiti-obavezni-vojni-rok-ili-stimulisati-vojnike-da-zavrse-specijalisticku-obuku\/#breadcrumb"},"inLanguage":"en-GB","potentialAction":[{"@type":"ReadAction","target":["https:\/\/dmcsrb.com\/en\/drustvo\/vratiti-obavezni-vojni-rok-ili-stimulisati-vojnike-da-zavrse-specijalisticku-obuku\/"]}]},{"@type":"ImageObject","inLanguage":"en-GB","@id":"https:\/\/dmcsrb.com\/en\/drustvo\/vratiti-obavezni-vojni-rok-ili-stimulisati-vojnike-da-zavrse-specijalisticku-obuku\/#primaryimage","url":"https:\/\/dmcsrb.com\/wp-content\/uploads\/2026\/01\/Untitled_568x900.webp","contentUrl":"https:\/\/dmcsrb.com\/wp-content\/uploads\/2026\/01\/Untitled_568x900.webp","width":899,"height":568},{"@type":"BreadcrumbList","@id":"https:\/\/dmcsrb.com\/en\/drustvo\/vratiti-obavezni-vojni-rok-ili-stimulisati-vojnike-da-zavrse-specijalisticku-obuku\/#breadcrumb","itemListElement":[{"@type":"ListItem","position":1,"name":"Home","item":"https:\/\/dmcsrb.com\/"},{"@type":"ListItem","position":2,"name":"Vratiti obavezni vojni rok ili stimulisati vojnike da zavr\u0161e specijalisti\u010dku obuku?"}]},{"@type":"WebSite","@id":"https:\/\/dmcsrb.com\/#website","url":"https:\/\/dmcsrb.com\/","name":"dmcsrb.com","description":"","potentialAction":[{"@type":"SearchAction","target":{"@type":"EntryPoint","urlTemplate":"https:\/\/dmcsrb.com\/?s={search_term_string}"},"query-input":{"@type":"PropertyValueSpecification","valueRequired":true,"valueName":"search_term_string"}}],"inLanguage":"en-GB"},{"@type":"Person","@id":"https:\/\/dmcsrb.com\/#\/schema\/person\/5c39170f12db1b8b457732d0b5c854e2","name":"dmcsrbija.com@gmail.com","image":{"@type":"ImageObject","inLanguage":"en-GB","@id":"https:\/\/secure.gravatar.com\/avatar\/68592660ad6347fad0fb587f8d5d8f1a7b44961362f56e4f2cd524feb87e9069?s=96&d=mm&r=g","url":"https:\/\/secure.gravatar.com\/avatar\/68592660ad6347fad0fb587f8d5d8f1a7b44961362f56e4f2cd524feb87e9069?s=96&d=mm&r=g","contentUrl":"https:\/\/secure.gravatar.com\/avatar\/68592660ad6347fad0fb587f8d5d8f1a7b44961362f56e4f2cd524feb87e9069?s=96&d=mm&r=g","caption":"dmcsrbija.com@gmail.com"},"sameAs":["https:\/\/dmcsrb.com"],"url":"https:\/\/dmcsrb.com\/en\/author\/dmcsrbija-comgmail-com\/"}]}},"_links":{"self":[{"href":"https:\/\/dmcsrb.com\/en\/wp-json\/wp\/v2\/posts\/945505","targetHints":{"allow":["GET"]}}],"collection":[{"href":"https:\/\/dmcsrb.com\/en\/wp-json\/wp\/v2\/posts"}],"about":[{"href":"https:\/\/dmcsrb.com\/en\/wp-json\/wp\/v2\/types\/post"}],"author":[{"embeddable":true,"href":"https:\/\/dmcsrb.com\/en\/wp-json\/wp\/v2\/users\/1"}],"replies":[{"embeddable":true,"href":"https:\/\/dmcsrb.com\/en\/wp-json\/wp\/v2\/comments?post=945505"}],"version-history":[{"count":0,"href":"https:\/\/dmcsrb.com\/en\/wp-json\/wp\/v2\/posts\/945505\/revisions"}],"wp:featuredmedia":[{"embeddable":true,"href":"https:\/\/dmcsrb.com\/en\/wp-json\/wp\/v2\/media\/945506"}],"wp:attachment":[{"href":"https:\/\/dmcsrb.com\/en\/wp-json\/wp\/v2\/media?parent=945505"}],"wp:term":[{"taxonomy":"category","embeddable":true,"href":"https:\/\/dmcsrb.com\/en\/wp-json\/wp\/v2\/categories?post=945505"},{"taxonomy":"post_tag","embeddable":true,"href":"https:\/\/dmcsrb.com\/en\/wp-json\/wp\/v2\/tags?post=945505"},{"taxonomy":"naslovna","embeddable":true,"href":"https:\/\/dmcsrb.com\/en\/wp-json\/wp\/v2\/naslovna?post=945505"}],"curies":[{"name":"wp","href":"https:\/\/api.w.org\/{rel}","templated":true}]}}