{"id":945452,"date":"2025-08-10T18:15:00","date_gmt":"2025-08-10T16:15:00","guid":{"rendered":"https:\/\/dmcsrb.com\/uncategorized\/ovo-je-bilo-nase-nadamo-se-da-je-crna-gora-ponosna\/"},"modified":"2025-08-10T18:15:00","modified_gmt":"2025-08-10T16:15:00","slug":"ovo-je-bilo-nase-nadamo-se-da-je-crna-gora-ponosna","status":"publish","type":"post","link":"https:\/\/dmcsrb.com\/en\/sport\/ovo-je-bilo-nase-nadamo-se-da-je-crna-gora-ponosna\/","title":{"rendered":"&#8220;Ovo je bilo na\u0161e, nadamo se da je Crna Gora ponosna&#8221;"},"content":{"rendered":"<p>Igra\u010dice do 17 godina savladale su \u0160paniju 22:20 u me\u010du za tre\u0107e mjesto i tako osvojile bronzanu medalju na Evropskom prvenstvu.<\/p>\n\n\n\n<p>Nema sumnje da je \u017eenski rukomet sport kojim se Crna Gora ponosi, a mlade Lavice jo\u0161 jednom su to potvrdile.<\/p>\n\n\n\n<p>\u201cSvi smo vjerovali, kako ljudi na tribinama tako i mi. Bila je napeta utakmica od po\u010detka do kraja, borile smo se i vra\u0107ali uprkos gre\u0161kama. Kako su vodile, tako smo ih stizale. Istorijski rezultat, idemo ku\u0107i sa bronzanom medaljom, Crna Gora treba da bude ponosna na nas\u201c, rekla je nakon me\u010da\u00a0Martina Kne\u017eevi\u0107.<\/p>\n\n\n\n<figure class=\"wp-block-image size-large\"><img decoding=\"async\" src=\"https:\/\/gradski.me\/wp-content\/uploads\/2025\/08\/Martina-Knezevic-i-Sofija-Delevic-MatchLens-1024x682.webp\" alt=\"\" class=\"wp-image-810348\"\/><figcaption class=\"wp-element-caption\">Foto: MatchLens<\/figcaption><\/figure>\n\n\n\n<p>An\u0111elina Orbovi\u0107\u00a0sa \u0161est pogodaka predvodila je crvenu posadu, a isti\u010de da su od starta me\u010da bile svjesne va\u017enosti i \u010dinjenice da ovu priliku ne \u017eele da propuste.<\/p>\n\n\n\n<p>\u201cOvo je zaista bio jedan nevjerovatan me\u010d. Iskreno da ka\u017eem, bilo nam je jako te\u0161ko \u0161to se nismo plasirale u finale jer smo znale da smo mogle. Ovo nismo dale, ovo je bilo na\u0161e i sa tim razmi\u0161ljanjem smo u\u0161le u ovu utakmicu. Dodatan motiv smo imale zbog dva mediteranska prvenstva kada su nam uzele zlatne medalje. Mislim da nismo svjesne, nadam se da smo u\u010dinile Crnu Goru ponosnom\u201c, govori golgeterka nakon me\u010da.<\/p>\n\n\n\n<figure class=\"wp-block-image size-full\"><img decoding=\"async\" src=\"https:\/\/gradski.me\/wp-content\/uploads\/2025\/08\/Andjelina-Orbovic-MatchLens-1-1.jpg\" alt=\"\" class=\"wp-image-810349\"\/><figcaption class=\"wp-element-caption\">Foto: MatchLens<\/figcaption><\/figure>\n\n\n\n<p>Naravno, pored ofanzivne linije, svojim bravurama na golu i 10 odbrana velikom trijumfu doprinijela je Ma\u0161a Dubljevi\u0107 sa 10 odbrana.<\/p>\n\n\n\n<figure class=\"wp-block-image size-large\"><img decoding=\"async\" src=\"https:\/\/gradski.me\/wp-content\/uploads\/2025\/08\/Masa-Dubljevic-MatchLens-Stefan-Ivanovic-1-1024x682.webp\" alt=\"\" class=\"wp-image-810350\"\/><figcaption class=\"wp-element-caption\">Foto: MatchLens<\/figcaption><\/figure>\n\n\n\n<p>\u201cBorile smo se do posljednjeg minuta, i ono \u0161to smo \u017eeljeli se ostvarilo. Ova bronza sija kao zlato i mislim da treba \u010ditava dr\u017eava da bude ponosna na nas jer smo ostvarile istorijski rezultat\u201c, kratko ali jasno poentirala je na\u0161a \u010duvarka mre\u017ee.<\/p>\n\n\n\n<figure class=\"wp-block-embed is-type-wp-embed is-provider-gradski-portal wp-block-embed-gradski-portal\"><div class=\"wp-block-embed__wrapper\">\nhttps:\/\/gradski.me\/bronza-zlatnog-sjaja-kadetkinje-srusile-spaniju-u-mecu-za-trece-mjesto\/\n<\/div><\/figure>","protected":false},"excerpt":{"rendered":"<p>Veliki uspjeh ostvarila je \u017eenska kadetska rukometna reprezentacija Crne Gore.<\/p>","protected":false},"author":1,"featured_media":945453,"comment_status":"open","ping_status":"open","sticky":false,"template":"","format":"standard","meta":{"_acf_changed":false,"footnotes":""},"categories":[148],"tags":[16791,16382,5755,5082,14803,17256],"naslovna":[],"class_list":["post-945452","post","type-post","status-publish","format-standard","has-post-thumbnail","hentry","category-sport","tag-andjelina-orbovic","tag-evropsko-prvenstvo-za-rukometasice-do-17-godina","tag-martina-knezevic","tag-masa-dubljevic","tag-zenska-kadetska-rukometna-reprezentacija-crne-gore","tag-zenska-kadetska-rukometna-reprezentacija-spanije"],"acf":[],"yoast_head":"<!-- This site is optimized with the Yoast SEO plugin v27.0 - https:\/\/yoast.com\/product\/yoast-seo-wordpress\/ -->\n<title>&quot;Ovo je bilo na\u0161e, nadamo se da je Crna Gora ponosna&quot; - dmcsrb.com<\/title>\n<meta name=\"robots\" content=\"index, follow, max-snippet:-1, max-image-preview:large, max-video-preview:-1\" \/>\n<link rel=\"canonical\" href=\"https:\/\/dmcsrb.com\/en\/sport\/ovo-je-bilo-nase-nadamo-se-da-je-crna-gora-ponosna\/\" \/>\n<meta property=\"og:locale\" content=\"en_GB\" \/>\n<meta property=\"og:type\" content=\"article\" \/>\n<meta property=\"og:title\" content=\"&quot;Ovo je bilo na\u0161e, nadamo se da je Crna Gora ponosna&quot; - dmcsrb.com\" \/>\n<meta property=\"og:description\" content=\"Veliki uspjeh ostvarila je \u017eenska kadetska rukometna reprezentacija Crne Gore.\" \/>\n<meta property=\"og:url\" content=\"https:\/\/dmcsrb.com\/en\/sport\/ovo-je-bilo-nase-nadamo-se-da-je-crna-gora-ponosna\/\" \/>\n<meta property=\"og:site_name\" content=\"dmcsrb.com\" \/>\n<meta property=\"article:published_time\" content=\"2025-08-10T16:15:00+00:00\" \/>\n<meta property=\"og:image\" content=\"https:\/\/dmcsrb.com\/wp-content\/uploads\/2026\/01\/Lavice-grupna-MatchLens.webp\" \/>\n\t<meta property=\"og:image:width\" content=\"1000\" \/>\n\t<meta property=\"og:image:height\" content=\"666\" \/>\n\t<meta property=\"og:image:type\" content=\"image\/jpeg\" \/>\n<meta name=\"author\" content=\"dmcsrbija.com@gmail.com\" \/>\n<meta name=\"twitter:card\" content=\"summary_large_image\" \/>\n<meta name=\"twitter:label1\" content=\"Written by\" \/>\n\t<meta name=\"twitter:data1\" content=\"dmcsrbija.com@gmail.com\" \/>\n\t<meta name=\"twitter:label2\" content=\"Estimated reading time\" \/>\n\t<meta name=\"twitter:data2\" content=\"1 minute\" \/>\n<script type=\"application\/ld+json\" class=\"yoast-schema-graph\">{\"@context\":\"https:\/\/schema.org\",\"@graph\":[{\"@type\":\"Article\",\"@id\":\"https:\/\/dmcsrb.com\/sport\/ovo-je-bilo-nase-nadamo-se-da-je-crna-gora-ponosna\/#article\",\"isPartOf\":{\"@id\":\"https:\/\/dmcsrb.com\/sport\/ovo-je-bilo-nase-nadamo-se-da-je-crna-gora-ponosna\/\"},\"author\":{\"name\":\"dmcsrbija.com@gmail.com\",\"@id\":\"https:\/\/dmcsrb.com\/#\/schema\/person\/5c39170f12db1b8b457732d0b5c854e2\"},\"headline\":\"&#8220;Ovo je bilo na\u0161e, nadamo se da je Crna Gora ponosna&#8221;\",\"datePublished\":\"2025-08-10T16:15:00+00:00\",\"mainEntityOfPage\":{\"@id\":\"https:\/\/dmcsrb.com\/sport\/ovo-je-bilo-nase-nadamo-se-da-je-crna-gora-ponosna\/\"},\"wordCount\":299,\"commentCount\":0,\"image\":{\"@id\":\"https:\/\/dmcsrb.com\/sport\/ovo-je-bilo-nase-nadamo-se-da-je-crna-gora-ponosna\/#primaryimage\"},\"thumbnailUrl\":\"https:\/\/dmcsrb.com\/wp-content\/uploads\/2026\/01\/Lavice-grupna-MatchLens.webp\",\"keywords\":[\"An\u0111elina Orbovi\u0107\",\"Evropsko prvenstvo za rukometa\u0161ice do 17 godina\",\"Martina Kne\u017eevi\u0107\",\"Ma\u0161a Dubljevi\u0107\",\"\u017denska kadetska rukometna reprezentacija Crne Gore\",\"\u017denska kadetska rukometna reprezentacija \u0160panije\"],\"articleSection\":[\"Sport\"],\"inLanguage\":\"en-GB\",\"potentialAction\":[{\"@type\":\"CommentAction\",\"name\":\"Comment\",\"target\":[\"https:\/\/dmcsrb.com\/sport\/ovo-je-bilo-nase-nadamo-se-da-je-crna-gora-ponosna\/#respond\"]}]},{\"@type\":\"WebPage\",\"@id\":\"https:\/\/dmcsrb.com\/sport\/ovo-je-bilo-nase-nadamo-se-da-je-crna-gora-ponosna\/\",\"url\":\"https:\/\/dmcsrb.com\/sport\/ovo-je-bilo-nase-nadamo-se-da-je-crna-gora-ponosna\/\",\"name\":\"\\\"Ovo je bilo na\u0161e, nadamo se da je Crna Gora ponosna\\\" - dmcsrb.com\",\"isPartOf\":{\"@id\":\"https:\/\/dmcsrb.com\/#website\"},\"primaryImageOfPage\":{\"@id\":\"https:\/\/dmcsrb.com\/sport\/ovo-je-bilo-nase-nadamo-se-da-je-crna-gora-ponosna\/#primaryimage\"},\"image\":{\"@id\":\"https:\/\/dmcsrb.com\/sport\/ovo-je-bilo-nase-nadamo-se-da-je-crna-gora-ponosna\/#primaryimage\"},\"thumbnailUrl\":\"https:\/\/dmcsrb.com\/wp-content\/uploads\/2026\/01\/Lavice-grupna-MatchLens.webp\",\"datePublished\":\"2025-08-10T16:15:00+00:00\",\"author\":{\"@id\":\"https:\/\/dmcsrb.com\/#\/schema\/person\/5c39170f12db1b8b457732d0b5c854e2\"},\"breadcrumb\":{\"@id\":\"https:\/\/dmcsrb.com\/sport\/ovo-je-bilo-nase-nadamo-se-da-je-crna-gora-ponosna\/#breadcrumb\"},\"inLanguage\":\"en-GB\",\"potentialAction\":[{\"@type\":\"ReadAction\",\"target\":[\"https:\/\/dmcsrb.com\/sport\/ovo-je-bilo-nase-nadamo-se-da-je-crna-gora-ponosna\/\"]}]},{\"@type\":\"ImageObject\",\"inLanguage\":\"en-GB\",\"@id\":\"https:\/\/dmcsrb.com\/sport\/ovo-je-bilo-nase-nadamo-se-da-je-crna-gora-ponosna\/#primaryimage\",\"url\":\"https:\/\/dmcsrb.com\/wp-content\/uploads\/2026\/01\/Lavice-grupna-MatchLens.webp\",\"contentUrl\":\"https:\/\/dmcsrb.com\/wp-content\/uploads\/2026\/01\/Lavice-grupna-MatchLens.webp\",\"width\":1000,\"height\":666},{\"@type\":\"BreadcrumbList\",\"@id\":\"https:\/\/dmcsrb.com\/sport\/ovo-je-bilo-nase-nadamo-se-da-je-crna-gora-ponosna\/#breadcrumb\",\"itemListElement\":[{\"@type\":\"ListItem\",\"position\":1,\"name\":\"Home\",\"item\":\"https:\/\/dmcsrb.com\/\"},{\"@type\":\"ListItem\",\"position\":2,\"name\":\"&#8220;Ovo je bilo na\u0161e, nadamo se da je Crna Gora ponosna&#8221;\"}]},{\"@type\":\"WebSite\",\"@id\":\"https:\/\/dmcsrb.com\/#website\",\"url\":\"https:\/\/dmcsrb.com\/\",\"name\":\"dmcsrb.com\",\"description\":\"\",\"potentialAction\":[{\"@type\":\"SearchAction\",\"target\":{\"@type\":\"EntryPoint\",\"urlTemplate\":\"https:\/\/dmcsrb.com\/?s={search_term_string}\"},\"query-input\":{\"@type\":\"PropertyValueSpecification\",\"valueRequired\":true,\"valueName\":\"search_term_string\"}}],\"inLanguage\":\"en-GB\"},{\"@type\":\"Person\",\"@id\":\"https:\/\/dmcsrb.com\/#\/schema\/person\/5c39170f12db1b8b457732d0b5c854e2\",\"name\":\"dmcsrbija.com@gmail.com\",\"image\":{\"@type\":\"ImageObject\",\"inLanguage\":\"en-GB\",\"@id\":\"https:\/\/dmcsrb.com\/#\/schema\/person\/image\/\",\"url\":\"https:\/\/secure.gravatar.com\/avatar\/68592660ad6347fad0fb587f8d5d8f1a7b44961362f56e4f2cd524feb87e9069?s=96&d=mm&r=g\",\"contentUrl\":\"https:\/\/secure.gravatar.com\/avatar\/68592660ad6347fad0fb587f8d5d8f1a7b44961362f56e4f2cd524feb87e9069?s=96&d=mm&r=g\",\"caption\":\"dmcsrbija.com@gmail.com\"},\"sameAs\":[\"https:\/\/dmcsrb.com\"],\"url\":\"https:\/\/dmcsrb.com\/en\/author\/dmcsrbija-comgmail-com\/\"}]}<\/script>\n<!-- \/ Yoast SEO plugin. -->","yoast_head_json":{"title":"\"Ovo je bilo na\u0161e, nadamo se da je Crna Gora ponosna\" - dmcsrb.com","robots":{"index":"index","follow":"follow","max-snippet":"max-snippet:-1","max-image-preview":"max-image-preview:large","max-video-preview":"max-video-preview:-1"},"canonical":"https:\/\/dmcsrb.com\/en\/sport\/ovo-je-bilo-nase-nadamo-se-da-je-crna-gora-ponosna\/","og_locale":"en_GB","og_type":"article","og_title":"\"Ovo je bilo na\u0161e, nadamo se da je Crna Gora ponosna\" - dmcsrb.com","og_description":"Veliki uspjeh ostvarila je \u017eenska kadetska rukometna reprezentacija Crne Gore.","og_url":"https:\/\/dmcsrb.com\/en\/sport\/ovo-je-bilo-nase-nadamo-se-da-je-crna-gora-ponosna\/","og_site_name":"dmcsrb.com","article_published_time":"2025-08-10T16:15:00+00:00","og_image":[{"width":1000,"height":666,"url":"https:\/\/dmcsrb.com\/wp-content\/uploads\/2026\/01\/Lavice-grupna-MatchLens.webp","type":"image\/jpeg"}],"author":"dmcsrbija.com@gmail.com","twitter_card":"summary_large_image","twitter_misc":{"Written by":"dmcsrbija.com@gmail.com","Estimated reading time":"1 minute"},"schema":{"@context":"https:\/\/schema.org","@graph":[{"@type":"Article","@id":"https:\/\/dmcsrb.com\/sport\/ovo-je-bilo-nase-nadamo-se-da-je-crna-gora-ponosna\/#article","isPartOf":{"@id":"https:\/\/dmcsrb.com\/sport\/ovo-je-bilo-nase-nadamo-se-da-je-crna-gora-ponosna\/"},"author":{"name":"dmcsrbija.com@gmail.com","@id":"https:\/\/dmcsrb.com\/#\/schema\/person\/5c39170f12db1b8b457732d0b5c854e2"},"headline":"&#8220;Ovo je bilo na\u0161e, nadamo se da je Crna Gora ponosna&#8221;","datePublished":"2025-08-10T16:15:00+00:00","mainEntityOfPage":{"@id":"https:\/\/dmcsrb.com\/sport\/ovo-je-bilo-nase-nadamo-se-da-je-crna-gora-ponosna\/"},"wordCount":299,"commentCount":0,"image":{"@id":"https:\/\/dmcsrb.com\/sport\/ovo-je-bilo-nase-nadamo-se-da-je-crna-gora-ponosna\/#primaryimage"},"thumbnailUrl":"https:\/\/dmcsrb.com\/wp-content\/uploads\/2026\/01\/Lavice-grupna-MatchLens.webp","keywords":["An\u0111elina Orbovi\u0107","Evropsko prvenstvo za rukometa\u0161ice do 17 godina","Martina Kne\u017eevi\u0107","Ma\u0161a Dubljevi\u0107","\u017denska kadetska rukometna reprezentacija Crne Gore","\u017denska kadetska rukometna reprezentacija \u0160panije"],"articleSection":["Sport"],"inLanguage":"en-GB","potentialAction":[{"@type":"CommentAction","name":"Comment","target":["https:\/\/dmcsrb.com\/sport\/ovo-je-bilo-nase-nadamo-se-da-je-crna-gora-ponosna\/#respond"]}]},{"@type":"WebPage","@id":"https:\/\/dmcsrb.com\/sport\/ovo-je-bilo-nase-nadamo-se-da-je-crna-gora-ponosna\/","url":"https:\/\/dmcsrb.com\/sport\/ovo-je-bilo-nase-nadamo-se-da-je-crna-gora-ponosna\/","name":"\"Ovo je bilo na\u0161e, nadamo se da je Crna Gora ponosna\" - dmcsrb.com","isPartOf":{"@id":"https:\/\/dmcsrb.com\/#website"},"primaryImageOfPage":{"@id":"https:\/\/dmcsrb.com\/sport\/ovo-je-bilo-nase-nadamo-se-da-je-crna-gora-ponosna\/#primaryimage"},"image":{"@id":"https:\/\/dmcsrb.com\/sport\/ovo-je-bilo-nase-nadamo-se-da-je-crna-gora-ponosna\/#primaryimage"},"thumbnailUrl":"https:\/\/dmcsrb.com\/wp-content\/uploads\/2026\/01\/Lavice-grupna-MatchLens.webp","datePublished":"2025-08-10T16:15:00+00:00","author":{"@id":"https:\/\/dmcsrb.com\/#\/schema\/person\/5c39170f12db1b8b457732d0b5c854e2"},"breadcrumb":{"@id":"https:\/\/dmcsrb.com\/sport\/ovo-je-bilo-nase-nadamo-se-da-je-crna-gora-ponosna\/#breadcrumb"},"inLanguage":"en-GB","potentialAction":[{"@type":"ReadAction","target":["https:\/\/dmcsrb.com\/sport\/ovo-je-bilo-nase-nadamo-se-da-je-crna-gora-ponosna\/"]}]},{"@type":"ImageObject","inLanguage":"en-GB","@id":"https:\/\/dmcsrb.com\/sport\/ovo-je-bilo-nase-nadamo-se-da-je-crna-gora-ponosna\/#primaryimage","url":"https:\/\/dmcsrb.com\/wp-content\/uploads\/2026\/01\/Lavice-grupna-MatchLens.webp","contentUrl":"https:\/\/dmcsrb.com\/wp-content\/uploads\/2026\/01\/Lavice-grupna-MatchLens.webp","width":1000,"height":666},{"@type":"BreadcrumbList","@id":"https:\/\/dmcsrb.com\/sport\/ovo-je-bilo-nase-nadamo-se-da-je-crna-gora-ponosna\/#breadcrumb","itemListElement":[{"@type":"ListItem","position":1,"name":"Home","item":"https:\/\/dmcsrb.com\/"},{"@type":"ListItem","position":2,"name":"&#8220;Ovo je bilo na\u0161e, nadamo se da je Crna Gora ponosna&#8221;"}]},{"@type":"WebSite","@id":"https:\/\/dmcsrb.com\/#website","url":"https:\/\/dmcsrb.com\/","name":"dmcsrb.com","description":"","potentialAction":[{"@type":"SearchAction","target":{"@type":"EntryPoint","urlTemplate":"https:\/\/dmcsrb.com\/?s={search_term_string}"},"query-input":{"@type":"PropertyValueSpecification","valueRequired":true,"valueName":"search_term_string"}}],"inLanguage":"en-GB"},{"@type":"Person","@id":"https:\/\/dmcsrb.com\/#\/schema\/person\/5c39170f12db1b8b457732d0b5c854e2","name":"dmcsrbija.com@gmail.com","image":{"@type":"ImageObject","inLanguage":"en-GB","@id":"https:\/\/dmcsrb.com\/#\/schema\/person\/image\/","url":"https:\/\/secure.gravatar.com\/avatar\/68592660ad6347fad0fb587f8d5d8f1a7b44961362f56e4f2cd524feb87e9069?s=96&d=mm&r=g","contentUrl":"https:\/\/secure.gravatar.com\/avatar\/68592660ad6347fad0fb587f8d5d8f1a7b44961362f56e4f2cd524feb87e9069?s=96&d=mm&r=g","caption":"dmcsrbija.com@gmail.com"},"sameAs":["https:\/\/dmcsrb.com"],"url":"https:\/\/dmcsrb.com\/en\/author\/dmcsrbija-comgmail-com\/"}]}},"_links":{"self":[{"href":"https:\/\/dmcsrb.com\/en\/wp-json\/wp\/v2\/posts\/945452","targetHints":{"allow":["GET"]}}],"collection":[{"href":"https:\/\/dmcsrb.com\/en\/wp-json\/wp\/v2\/posts"}],"about":[{"href":"https:\/\/dmcsrb.com\/en\/wp-json\/wp\/v2\/types\/post"}],"author":[{"embeddable":true,"href":"https:\/\/dmcsrb.com\/en\/wp-json\/wp\/v2\/users\/1"}],"replies":[{"embeddable":true,"href":"https:\/\/dmcsrb.com\/en\/wp-json\/wp\/v2\/comments?post=945452"}],"version-history":[{"count":0,"href":"https:\/\/dmcsrb.com\/en\/wp-json\/wp\/v2\/posts\/945452\/revisions"}],"wp:featuredmedia":[{"embeddable":true,"href":"https:\/\/dmcsrb.com\/en\/wp-json\/wp\/v2\/media\/945453"}],"wp:attachment":[{"href":"https:\/\/dmcsrb.com\/en\/wp-json\/wp\/v2\/media?parent=945452"}],"wp:term":[{"taxonomy":"category","embeddable":true,"href":"https:\/\/dmcsrb.com\/en\/wp-json\/wp\/v2\/categories?post=945452"},{"taxonomy":"post_tag","embeddable":true,"href":"https:\/\/dmcsrb.com\/en\/wp-json\/wp\/v2\/tags?post=945452"},{"taxonomy":"naslovna","embeddable":true,"href":"https:\/\/dmcsrb.com\/en\/wp-json\/wp\/v2\/naslovna?post=945452"}],"curies":[{"name":"wp","href":"https:\/\/api.w.org\/{rel}","templated":true}]}}