{"id":945423,"date":"2025-08-10T15:49:00","date_gmt":"2025-08-10T13:49:00","guid":{"rendered":"https:\/\/dmcsrb.com\/uncategorized\/dajkovic-sanjao-sam-pavla-djurisica-koji-mi-je-u-snu-rekao-da-ne-pustim-da-ga-ponovo-ubiju\/"},"modified":"2025-08-10T15:49:00","modified_gmt":"2025-08-10T13:49:00","slug":"dajkovic-sanjao-sam-pavla-djurisica-koji-mi-je-u-snu-rekao-da-ne-pustim-da-ga-ponovo-ubiju","status":"publish","type":"post","link":"https:\/\/dmcsrb.com\/en\/politika\/dajkovic-sanjao-sam-pavla-djurisica-koji-mi-je-u-snu-rekao-da-ne-pustim-da-ga-ponovo-ubiju\/","title":{"rendered":"Dajkovi\u0107: Sanjao sam Pavla \u0110uri\u0161i\u0107a koji mi je u snu rekao da ne pustim da ga ponovo ubiju"},"content":{"rendered":"<p><br>Tom prilikom policiji je saop\u0161tio da se tog dana nalazio u privatnoj re\u017eiji, u ulozi predsjednika politi\u010dke partije Slobodna Crna Gora, u selu Gornje Zaostro, op\u0161tina Berane, kako bi prisustvovao liturgiji koju je slu\u017eio mitropolit SPC Metodije.<\/p>\n\n\n\n<p>\u201cIsti\u010dem da sam nekoliko no\u0107i prije predmetnog doga\u0111aja sanjao vojvodu Pavla \u0110uri\u0161i\u0107a, koji mi je u snu rekao: \u2018Jednom su me ubile usta\u0161e, ne dozvolite da me opet ubiju\u2019, samim tim sam sjeo u svoje auto i oti\u0161ao u Gornje Zaostro.&nbsp;Imaju\u0107i u vidu da sam nakon liturgije i otkrivanja spomenika vojvodi Pavlu \u0110uri\u0161i\u0107u dobio informaciju da je op\u0161tinska komunalna inspekcija, sa te\u0161kom mehanizacijom u pratnji policije, krenula prema selu Gornje Zaostro da ru\u0161i spomenik vojvodi Pavlu, a znaju\u0107i koliko se mje\u0161tana u tom momentu nalazilo oko spomenika, odlu\u010dio sam da u cilju bezbjednosti svih gra\u0111ana, a samim tim i slu\u017ebenika policije, na kratko blokiram seoski put kako bih sa\u010dekao da mje\u0161tani unesu spomenik vojvode Pavla u obli\u017enju seosku crkvu\u201d, izjavio je Dajkovi\u0107.<\/p>\n\n\n\n<p>S tim u vezi potvrdio je je privatnim vozilom, marke \u0160koda crne boje reg. oznaka PGM\u041a838, na kratko blokirao seoski put, \u010dime je onemogu\u0107io da nasilno uklone spomenik u tom momentu.<\/p>\n\n\n\n<p>\u201cPosebno nagla\u0161avam da mi se nijedan policijski slu\u017ebenik nije obratio sa zahtjevom da uklonim svoje vozilo, niti mi je bilo izdato bilo kakvo policijsko nare\u0111enje. Vozilo sam uklonio nakon dobijanja informacije od mje\u0161tana da je spomenik vojvodi Pavlu na bezbjednoj lokaciji u seoskoj crkvi.&nbsp;Imaju\u0107i u vidu da crnogorska policija i tu\u017eila\u0161tvo mjesecima nemaju reakciju na saobra\u0107ajne blokade \u0161irom Crne Gore, a posebno na dva vitalna magistralna pravca, smatram da je ovaj poziv, da se javim u policiju po nalogu VDT-a, direktan politi\u010dki pritisak na mene kao predsjednika srpske politi\u010dke partije, a sve u cilju kako bi me zastra\u0161ili i eventualno uklonili sa politi\u010dke scene\u201d, kazao je Dajkovi\u0107.<\/p>\n\n\n\n<p>Njegova izjava u video obra\u0107anju da policija mo\u017ee fizi\u010dki da ga ukloni, ali da prvo treba da ode u Ro\u017eaje, Plav i Gusinje odnosi se isklju\u010divo na nezakonito i nelegalno podignute spomenike kolja\u010dima srpske djece, poput Jusuafa \u010celi\u0107a, Osmana Rastodera, Ali-pa\u0161e Gusinjskog, koji se nalaze u tim gradovima.<\/p>\n\n\n\n<p>\u201cOdgovorno tvrdim da se ovom izjavom nisam \u017eelio da ni na koji na\u010din izazovem vjersku i nacionalnu mr\u017enju, niti da pozivam lokalno stanovni\u0161tvo na bilo kakav otpor, kao ni da provociram nesrpsko stanovni\u0161tvo. Ta\u010dnije, nisam propagirao vjersku i nacionalnu mr\u017enju, i moj govor nije imao tu konotaciju.&nbsp;Ovaj slu\u010daj smatram nastavkom politi\u010dki motivisanih postupaka protiv mene i moje politi\u010dke partije, koji za cilj imaju da u\u0107utkaju i zastra\u0161e politi\u010dke predstavnike srpskog naroda u Crnoj Gori. Slobodna Crna Gora \u0107e nastaviti da se bori za istorijsku istinu, o\u010duvanje identiteta i dostojanstvo na\u0161eg naroda, uprkos svim pritiscima\u201d, saop\u0161tio je Dajkovi\u0107,<\/p>","protected":false},"excerpt":{"rendered":"<p>Dana 10. avgusta 2025. godine, po pozivu Regionalnog centra bezbjednosti \u201eCentar\u201c \u2013 Odjeljenja bezbjednosti Podgorica, saslu\u0161an sam u Podgorici po prijavi Vi\u0161eg dr\u017eavnog tu\u017eila\u0161tva, povodom doga\u0111aja od 8. avgusta 2025. godine u selu Gornje Zaostro, op\u0161tina Berane, nakon postavljanja spomenika vojvodi Pavlu \u0110uri\u0161i\u0107u, kazao je lider Slobodne Crne Gore, Vladislav Dajkovi\u0107.<\/p>","protected":false},"author":1,"featured_media":945424,"comment_status":"open","ping_status":"open","sticky":false,"template":"","format":"standard","meta":{"_acf_changed":false,"footnotes":""},"categories":[12],"tags":[9329,45,6419],"naslovna":[],"class_list":["post-945423","post","type-post","status-publish","format-standard","has-post-thumbnail","hentry","category-politika","tag-izjava","tag-policija","tag-vladislav-dajkovic"],"acf":[],"yoast_head":"<!-- This site is optimized with the Yoast SEO plugin v27.0 - https:\/\/yoast.com\/product\/yoast-seo-wordpress\/ -->\n<title>Dajkovi\u0107: Sanjao sam Pavla \u0110uri\u0161i\u0107a koji mi je u snu rekao da ne pustim da ga ponovo ubiju - dmcsrb.com<\/title>\n<meta name=\"robots\" content=\"index, follow, max-snippet:-1, max-image-preview:large, max-video-preview:-1\" \/>\n<link rel=\"canonical\" href=\"https:\/\/dmcsrb.com\/en\/politika\/dajkovic-sanjao-sam-pavla-djurisica-koji-mi-je-u-snu-rekao-da-ne-pustim-da-ga-ponovo-ubiju\/\" \/>\n<meta property=\"og:locale\" content=\"en_GB\" \/>\n<meta property=\"og:type\" content=\"article\" \/>\n<meta property=\"og:title\" content=\"Dajkovi\u0107: Sanjao sam Pavla \u0110uri\u0161i\u0107a koji mi je u snu rekao da ne pustim da ga ponovo ubiju - dmcsrb.com\" \/>\n<meta property=\"og:description\" content=\"Dana 10. avgusta 2025. godine, po pozivu Regionalnog centra bezbjednosti \u201eCentar\u201c \u2013 Odjeljenja bezbjednosti Podgorica, saslu\u0161an sam u Podgorici po prijavi Vi\u0161eg dr\u017eavnog tu\u017eila\u0161tva, povodom doga\u0111aja od 8. avgusta 2025. godine u selu Gornje Zaostro, op\u0161tina Berane, nakon postavljanja spomenika vojvodi Pavlu \u0110uri\u0161i\u0107u, kazao je lider Slobodne Crne Gore, Vladislav Dajkovi\u0107.\" \/>\n<meta property=\"og:url\" content=\"https:\/\/dmcsrb.com\/en\/politika\/dajkovic-sanjao-sam-pavla-djurisica-koji-mi-je-u-snu-rekao-da-ne-pustim-da-ga-ponovo-ubiju\/\" \/>\n<meta property=\"og:site_name\" content=\"dmcsrb.com\" \/>\n<meta property=\"article:published_time\" content=\"2025-08-10T13:49:00+00:00\" \/>\n<meta property=\"og:image\" content=\"https:\/\/dmcsrb.com\/wp-content\/uploads\/2026\/01\/Vladislav-Dajkovic-Slobodna-Crna-Gora-foto-SCG.webp\" \/>\n\t<meta property=\"og:image:width\" content=\"502\" \/>\n\t<meta property=\"og:image:height\" content=\"360\" \/>\n\t<meta property=\"og:image:type\" content=\"image\/jpeg\" \/>\n<meta name=\"author\" content=\"dmcsrbija.com@gmail.com\" \/>\n<meta name=\"twitter:card\" content=\"summary_large_image\" \/>\n<meta name=\"twitter:label1\" content=\"Written by\" \/>\n\t<meta name=\"twitter:data1\" content=\"dmcsrbija.com@gmail.com\" \/>\n\t<meta name=\"twitter:label2\" content=\"Estimated reading time\" \/>\n\t<meta name=\"twitter:data2\" content=\"3 minutes\" \/>\n<script type=\"application\/ld+json\" class=\"yoast-schema-graph\">{\"@context\":\"https:\/\/schema.org\",\"@graph\":[{\"@type\":\"Article\",\"@id\":\"https:\/\/dmcsrb.com\/politika\/dajkovic-sanjao-sam-pavla-djurisica-koji-mi-je-u-snu-rekao-da-ne-pustim-da-ga-ponovo-ubiju\/#article\",\"isPartOf\":{\"@id\":\"https:\/\/dmcsrb.com\/politika\/dajkovic-sanjao-sam-pavla-djurisica-koji-mi-je-u-snu-rekao-da-ne-pustim-da-ga-ponovo-ubiju\/\"},\"author\":{\"name\":\"dmcsrbija.com@gmail.com\",\"@id\":\"https:\/\/dmcsrb.com\/#\/schema\/person\/5c39170f12db1b8b457732d0b5c854e2\"},\"headline\":\"Dajkovi\u0107: Sanjao sam Pavla \u0110uri\u0161i\u0107a koji mi je u snu rekao da ne pustim da ga ponovo ubiju\",\"datePublished\":\"2025-08-10T13:49:00+00:00\",\"mainEntityOfPage\":{\"@id\":\"https:\/\/dmcsrb.com\/politika\/dajkovic-sanjao-sam-pavla-djurisica-koji-mi-je-u-snu-rekao-da-ne-pustim-da-ga-ponovo-ubiju\/\"},\"wordCount\":534,\"commentCount\":0,\"image\":{\"@id\":\"https:\/\/dmcsrb.com\/politika\/dajkovic-sanjao-sam-pavla-djurisica-koji-mi-je-u-snu-rekao-da-ne-pustim-da-ga-ponovo-ubiju\/#primaryimage\"},\"thumbnailUrl\":\"https:\/\/dmcsrb.com\/wp-content\/uploads\/2026\/01\/Vladislav-Dajkovic-Slobodna-Crna-Gora-foto-SCG.webp\",\"keywords\":[\"Izjava\",\"policija\",\"Vladislav Dajkovi\u0107\"],\"articleSection\":[\"Politika\"],\"inLanguage\":\"en-GB\",\"potentialAction\":[{\"@type\":\"CommentAction\",\"name\":\"Comment\",\"target\":[\"https:\/\/dmcsrb.com\/politika\/dajkovic-sanjao-sam-pavla-djurisica-koji-mi-je-u-snu-rekao-da-ne-pustim-da-ga-ponovo-ubiju\/#respond\"]}]},{\"@type\":\"WebPage\",\"@id\":\"https:\/\/dmcsrb.com\/politika\/dajkovic-sanjao-sam-pavla-djurisica-koji-mi-je-u-snu-rekao-da-ne-pustim-da-ga-ponovo-ubiju\/\",\"url\":\"https:\/\/dmcsrb.com\/politika\/dajkovic-sanjao-sam-pavla-djurisica-koji-mi-je-u-snu-rekao-da-ne-pustim-da-ga-ponovo-ubiju\/\",\"name\":\"Dajkovi\u0107: Sanjao sam Pavla \u0110uri\u0161i\u0107a koji mi je u snu rekao da ne pustim da ga ponovo ubiju - dmcsrb.com\",\"isPartOf\":{\"@id\":\"https:\/\/dmcsrb.com\/#website\"},\"primaryImageOfPage\":{\"@id\":\"https:\/\/dmcsrb.com\/politika\/dajkovic-sanjao-sam-pavla-djurisica-koji-mi-je-u-snu-rekao-da-ne-pustim-da-ga-ponovo-ubiju\/#primaryimage\"},\"image\":{\"@id\":\"https:\/\/dmcsrb.com\/politika\/dajkovic-sanjao-sam-pavla-djurisica-koji-mi-je-u-snu-rekao-da-ne-pustim-da-ga-ponovo-ubiju\/#primaryimage\"},\"thumbnailUrl\":\"https:\/\/dmcsrb.com\/wp-content\/uploads\/2026\/01\/Vladislav-Dajkovic-Slobodna-Crna-Gora-foto-SCG.webp\",\"datePublished\":\"2025-08-10T13:49:00+00:00\",\"author\":{\"@id\":\"https:\/\/dmcsrb.com\/#\/schema\/person\/5c39170f12db1b8b457732d0b5c854e2\"},\"breadcrumb\":{\"@id\":\"https:\/\/dmcsrb.com\/politika\/dajkovic-sanjao-sam-pavla-djurisica-koji-mi-je-u-snu-rekao-da-ne-pustim-da-ga-ponovo-ubiju\/#breadcrumb\"},\"inLanguage\":\"en-GB\",\"potentialAction\":[{\"@type\":\"ReadAction\",\"target\":[\"https:\/\/dmcsrb.com\/politika\/dajkovic-sanjao-sam-pavla-djurisica-koji-mi-je-u-snu-rekao-da-ne-pustim-da-ga-ponovo-ubiju\/\"]}]},{\"@type\":\"ImageObject\",\"inLanguage\":\"en-GB\",\"@id\":\"https:\/\/dmcsrb.com\/politika\/dajkovic-sanjao-sam-pavla-djurisica-koji-mi-je-u-snu-rekao-da-ne-pustim-da-ga-ponovo-ubiju\/#primaryimage\",\"url\":\"https:\/\/dmcsrb.com\/wp-content\/uploads\/2026\/01\/Vladislav-Dajkovic-Slobodna-Crna-Gora-foto-SCG.webp\",\"contentUrl\":\"https:\/\/dmcsrb.com\/wp-content\/uploads\/2026\/01\/Vladislav-Dajkovic-Slobodna-Crna-Gora-foto-SCG.webp\",\"width\":502,\"height\":360},{\"@type\":\"BreadcrumbList\",\"@id\":\"https:\/\/dmcsrb.com\/politika\/dajkovic-sanjao-sam-pavla-djurisica-koji-mi-je-u-snu-rekao-da-ne-pustim-da-ga-ponovo-ubiju\/#breadcrumb\",\"itemListElement\":[{\"@type\":\"ListItem\",\"position\":1,\"name\":\"Home\",\"item\":\"https:\/\/dmcsrb.com\/\"},{\"@type\":\"ListItem\",\"position\":2,\"name\":\"Dajkovi\u0107: Sanjao sam Pavla \u0110uri\u0161i\u0107a koji mi je u snu rekao da ne pustim da ga ponovo ubiju\"}]},{\"@type\":\"WebSite\",\"@id\":\"https:\/\/dmcsrb.com\/#website\",\"url\":\"https:\/\/dmcsrb.com\/\",\"name\":\"dmcsrb.com\",\"description\":\"\",\"potentialAction\":[{\"@type\":\"SearchAction\",\"target\":{\"@type\":\"EntryPoint\",\"urlTemplate\":\"https:\/\/dmcsrb.com\/?s={search_term_string}\"},\"query-input\":{\"@type\":\"PropertyValueSpecification\",\"valueRequired\":true,\"valueName\":\"search_term_string\"}}],\"inLanguage\":\"en-GB\"},{\"@type\":\"Person\",\"@id\":\"https:\/\/dmcsrb.com\/#\/schema\/person\/5c39170f12db1b8b457732d0b5c854e2\",\"name\":\"dmcsrbija.com@gmail.com\",\"image\":{\"@type\":\"ImageObject\",\"inLanguage\":\"en-GB\",\"@id\":\"https:\/\/dmcsrb.com\/#\/schema\/person\/image\/\",\"url\":\"https:\/\/secure.gravatar.com\/avatar\/68592660ad6347fad0fb587f8d5d8f1a7b44961362f56e4f2cd524feb87e9069?s=96&d=mm&r=g\",\"contentUrl\":\"https:\/\/secure.gravatar.com\/avatar\/68592660ad6347fad0fb587f8d5d8f1a7b44961362f56e4f2cd524feb87e9069?s=96&d=mm&r=g\",\"caption\":\"dmcsrbija.com@gmail.com\"},\"sameAs\":[\"https:\/\/dmcsrb.com\"],\"url\":\"https:\/\/dmcsrb.com\/en\/author\/dmcsrbija-comgmail-com\/\"}]}<\/script>\n<!-- \/ Yoast SEO plugin. -->","yoast_head_json":{"title":"Dajkovi\u0107: Sanjao sam Pavla \u0110uri\u0161i\u0107a koji mi je u snu rekao da ne pustim da ga ponovo ubiju - dmcsrb.com","robots":{"index":"index","follow":"follow","max-snippet":"max-snippet:-1","max-image-preview":"max-image-preview:large","max-video-preview":"max-video-preview:-1"},"canonical":"https:\/\/dmcsrb.com\/en\/politika\/dajkovic-sanjao-sam-pavla-djurisica-koji-mi-je-u-snu-rekao-da-ne-pustim-da-ga-ponovo-ubiju\/","og_locale":"en_GB","og_type":"article","og_title":"Dajkovi\u0107: Sanjao sam Pavla \u0110uri\u0161i\u0107a koji mi je u snu rekao da ne pustim da ga ponovo ubiju - dmcsrb.com","og_description":"Dana 10. avgusta 2025. godine, po pozivu Regionalnog centra bezbjednosti \u201eCentar\u201c \u2013 Odjeljenja bezbjednosti Podgorica, saslu\u0161an sam u Podgorici po prijavi Vi\u0161eg dr\u017eavnog tu\u017eila\u0161tva, povodom doga\u0111aja od 8. avgusta 2025. godine u selu Gornje Zaostro, op\u0161tina Berane, nakon postavljanja spomenika vojvodi Pavlu \u0110uri\u0161i\u0107u, kazao je lider Slobodne Crne Gore, Vladislav Dajkovi\u0107.","og_url":"https:\/\/dmcsrb.com\/en\/politika\/dajkovic-sanjao-sam-pavla-djurisica-koji-mi-je-u-snu-rekao-da-ne-pustim-da-ga-ponovo-ubiju\/","og_site_name":"dmcsrb.com","article_published_time":"2025-08-10T13:49:00+00:00","og_image":[{"width":502,"height":360,"url":"https:\/\/dmcsrb.com\/wp-content\/uploads\/2026\/01\/Vladislav-Dajkovic-Slobodna-Crna-Gora-foto-SCG.webp","type":"image\/jpeg"}],"author":"dmcsrbija.com@gmail.com","twitter_card":"summary_large_image","twitter_misc":{"Written by":"dmcsrbija.com@gmail.com","Estimated reading time":"3 minutes"},"schema":{"@context":"https:\/\/schema.org","@graph":[{"@type":"Article","@id":"https:\/\/dmcsrb.com\/politika\/dajkovic-sanjao-sam-pavla-djurisica-koji-mi-je-u-snu-rekao-da-ne-pustim-da-ga-ponovo-ubiju\/#article","isPartOf":{"@id":"https:\/\/dmcsrb.com\/politika\/dajkovic-sanjao-sam-pavla-djurisica-koji-mi-je-u-snu-rekao-da-ne-pustim-da-ga-ponovo-ubiju\/"},"author":{"name":"dmcsrbija.com@gmail.com","@id":"https:\/\/dmcsrb.com\/#\/schema\/person\/5c39170f12db1b8b457732d0b5c854e2"},"headline":"Dajkovi\u0107: Sanjao sam Pavla \u0110uri\u0161i\u0107a koji mi je u snu rekao da ne pustim da ga ponovo ubiju","datePublished":"2025-08-10T13:49:00+00:00","mainEntityOfPage":{"@id":"https:\/\/dmcsrb.com\/politika\/dajkovic-sanjao-sam-pavla-djurisica-koji-mi-je-u-snu-rekao-da-ne-pustim-da-ga-ponovo-ubiju\/"},"wordCount":534,"commentCount":0,"image":{"@id":"https:\/\/dmcsrb.com\/politika\/dajkovic-sanjao-sam-pavla-djurisica-koji-mi-je-u-snu-rekao-da-ne-pustim-da-ga-ponovo-ubiju\/#primaryimage"},"thumbnailUrl":"https:\/\/dmcsrb.com\/wp-content\/uploads\/2026\/01\/Vladislav-Dajkovic-Slobodna-Crna-Gora-foto-SCG.webp","keywords":["Izjava","policija","Vladislav Dajkovi\u0107"],"articleSection":["Politika"],"inLanguage":"en-GB","potentialAction":[{"@type":"CommentAction","name":"Comment","target":["https:\/\/dmcsrb.com\/politika\/dajkovic-sanjao-sam-pavla-djurisica-koji-mi-je-u-snu-rekao-da-ne-pustim-da-ga-ponovo-ubiju\/#respond"]}]},{"@type":"WebPage","@id":"https:\/\/dmcsrb.com\/politika\/dajkovic-sanjao-sam-pavla-djurisica-koji-mi-je-u-snu-rekao-da-ne-pustim-da-ga-ponovo-ubiju\/","url":"https:\/\/dmcsrb.com\/politika\/dajkovic-sanjao-sam-pavla-djurisica-koji-mi-je-u-snu-rekao-da-ne-pustim-da-ga-ponovo-ubiju\/","name":"Dajkovi\u0107: Sanjao sam Pavla \u0110uri\u0161i\u0107a koji mi je u snu rekao da ne pustim da ga ponovo ubiju - dmcsrb.com","isPartOf":{"@id":"https:\/\/dmcsrb.com\/#website"},"primaryImageOfPage":{"@id":"https:\/\/dmcsrb.com\/politika\/dajkovic-sanjao-sam-pavla-djurisica-koji-mi-je-u-snu-rekao-da-ne-pustim-da-ga-ponovo-ubiju\/#primaryimage"},"image":{"@id":"https:\/\/dmcsrb.com\/politika\/dajkovic-sanjao-sam-pavla-djurisica-koji-mi-je-u-snu-rekao-da-ne-pustim-da-ga-ponovo-ubiju\/#primaryimage"},"thumbnailUrl":"https:\/\/dmcsrb.com\/wp-content\/uploads\/2026\/01\/Vladislav-Dajkovic-Slobodna-Crna-Gora-foto-SCG.webp","datePublished":"2025-08-10T13:49:00+00:00","author":{"@id":"https:\/\/dmcsrb.com\/#\/schema\/person\/5c39170f12db1b8b457732d0b5c854e2"},"breadcrumb":{"@id":"https:\/\/dmcsrb.com\/politika\/dajkovic-sanjao-sam-pavla-djurisica-koji-mi-je-u-snu-rekao-da-ne-pustim-da-ga-ponovo-ubiju\/#breadcrumb"},"inLanguage":"en-GB","potentialAction":[{"@type":"ReadAction","target":["https:\/\/dmcsrb.com\/politika\/dajkovic-sanjao-sam-pavla-djurisica-koji-mi-je-u-snu-rekao-da-ne-pustim-da-ga-ponovo-ubiju\/"]}]},{"@type":"ImageObject","inLanguage":"en-GB","@id":"https:\/\/dmcsrb.com\/politika\/dajkovic-sanjao-sam-pavla-djurisica-koji-mi-je-u-snu-rekao-da-ne-pustim-da-ga-ponovo-ubiju\/#primaryimage","url":"https:\/\/dmcsrb.com\/wp-content\/uploads\/2026\/01\/Vladislav-Dajkovic-Slobodna-Crna-Gora-foto-SCG.webp","contentUrl":"https:\/\/dmcsrb.com\/wp-content\/uploads\/2026\/01\/Vladislav-Dajkovic-Slobodna-Crna-Gora-foto-SCG.webp","width":502,"height":360},{"@type":"BreadcrumbList","@id":"https:\/\/dmcsrb.com\/politika\/dajkovic-sanjao-sam-pavla-djurisica-koji-mi-je-u-snu-rekao-da-ne-pustim-da-ga-ponovo-ubiju\/#breadcrumb","itemListElement":[{"@type":"ListItem","position":1,"name":"Home","item":"https:\/\/dmcsrb.com\/"},{"@type":"ListItem","position":2,"name":"Dajkovi\u0107: Sanjao sam Pavla \u0110uri\u0161i\u0107a koji mi je u snu rekao da ne pustim da ga ponovo ubiju"}]},{"@type":"WebSite","@id":"https:\/\/dmcsrb.com\/#website","url":"https:\/\/dmcsrb.com\/","name":"dmcsrb.com","description":"","potentialAction":[{"@type":"SearchAction","target":{"@type":"EntryPoint","urlTemplate":"https:\/\/dmcsrb.com\/?s={search_term_string}"},"query-input":{"@type":"PropertyValueSpecification","valueRequired":true,"valueName":"search_term_string"}}],"inLanguage":"en-GB"},{"@type":"Person","@id":"https:\/\/dmcsrb.com\/#\/schema\/person\/5c39170f12db1b8b457732d0b5c854e2","name":"dmcsrbija.com@gmail.com","image":{"@type":"ImageObject","inLanguage":"en-GB","@id":"https:\/\/dmcsrb.com\/#\/schema\/person\/image\/","url":"https:\/\/secure.gravatar.com\/avatar\/68592660ad6347fad0fb587f8d5d8f1a7b44961362f56e4f2cd524feb87e9069?s=96&d=mm&r=g","contentUrl":"https:\/\/secure.gravatar.com\/avatar\/68592660ad6347fad0fb587f8d5d8f1a7b44961362f56e4f2cd524feb87e9069?s=96&d=mm&r=g","caption":"dmcsrbija.com@gmail.com"},"sameAs":["https:\/\/dmcsrb.com"],"url":"https:\/\/dmcsrb.com\/en\/author\/dmcsrbija-comgmail-com\/"}]}},"_links":{"self":[{"href":"https:\/\/dmcsrb.com\/en\/wp-json\/wp\/v2\/posts\/945423","targetHints":{"allow":["GET"]}}],"collection":[{"href":"https:\/\/dmcsrb.com\/en\/wp-json\/wp\/v2\/posts"}],"about":[{"href":"https:\/\/dmcsrb.com\/en\/wp-json\/wp\/v2\/types\/post"}],"author":[{"embeddable":true,"href":"https:\/\/dmcsrb.com\/en\/wp-json\/wp\/v2\/users\/1"}],"replies":[{"embeddable":true,"href":"https:\/\/dmcsrb.com\/en\/wp-json\/wp\/v2\/comments?post=945423"}],"version-history":[{"count":0,"href":"https:\/\/dmcsrb.com\/en\/wp-json\/wp\/v2\/posts\/945423\/revisions"}],"wp:featuredmedia":[{"embeddable":true,"href":"https:\/\/dmcsrb.com\/en\/wp-json\/wp\/v2\/media\/945424"}],"wp:attachment":[{"href":"https:\/\/dmcsrb.com\/en\/wp-json\/wp\/v2\/media?parent=945423"}],"wp:term":[{"taxonomy":"category","embeddable":true,"href":"https:\/\/dmcsrb.com\/en\/wp-json\/wp\/v2\/categories?post=945423"},{"taxonomy":"post_tag","embeddable":true,"href":"https:\/\/dmcsrb.com\/en\/wp-json\/wp\/v2\/tags?post=945423"},{"taxonomy":"naslovna","embeddable":true,"href":"https:\/\/dmcsrb.com\/en\/wp-json\/wp\/v2\/naslovna?post=945423"}],"curies":[{"name":"wp","href":"https:\/\/api.w.org\/{rel}","templated":true}]}}