{"id":945419,"date":"2025-08-10T16:31:00","date_gmt":"2025-08-10T14:31:00","guid":{"rendered":"https:\/\/dmcsrb.com\/uncategorized\/fico-kakav-god-da-bude-dogovor-trampa-i-putina-ukrajine-ce-patiti\/"},"modified":"2025-08-10T16:31:00","modified_gmt":"2025-08-10T14:31:00","slug":"fico-kakav-god-da-bude-dogovor-trampa-i-putina-ukrajine-ce-patiti","status":"publish","type":"post","link":"https:\/\/dmcsrb.com\/en\/svijet\/fico-kakav-god-da-bude-dogovor-trampa-i-putina-ukrajine-ce-patiti\/","title":{"rendered":"Fico: Kakav god da bude dogovor Trampa i Putina, Ukrajine \u0107e patiti"},"content":{"rendered":"<p>&#8220;Sje\u0107ate se stare afri\u010dke izreke koju \u010desto ponavljam? Bilo da se slonovi tuku ili seksaju, uvijek je trava ta koja pati. Bez obzira na ishod pregovora slonova 15. augusta, trava, u ovom slu\u010daju Ukrajina, \u0107e patiti&#8221;, izjavio je on.<\/p>\n\n\n\n<p>Ranije je Fico tvrdio da, bez obzira o \u010demu se Trump i Putin dogovore na predstoje\u0107em samit, Ukrajina \u0107e najvi\u0161e patiti.<\/p>\n\n\n\n<p>Uslijedile su kritike iz Ukrajine te je Ministarstvo vanjskih poslova Ukrajine poru\u010dilo:<\/p>\n\n\n\n<p>&#8220;Za \u017ealjenje je \u0161to \u0161ef vlade dr\u017eave \u010dlanice Evropske unije dozvoljava sebi kori\u0161tenje otvorenu uvredljivu retoriku protiv Ukrajine i ukrajinskog naroda, koji se svaki dan herojski bore protiv ruske agresije, zadr\u017eavaju\u0107i je na vlastitoj zemlji u interesu sigurnosti cijele Evrope&#8221;.<\/p>\n\n\n\n<p>Upozorili su &#8220;protiv upotrebe neprijateljskih folklornih alegorija i poku\u0161aja da se takvim primjedbama podigne politi\u010dki rejting svoje stranke&#8221;.<\/p>\n\n\n\n<p>&#8220;Ovo je neozbiljnost koja vrije\u0111a sje\u0107anje na mrtve, patnju miliona ukrajinskih porodica i \u017ertvu onih koji se bore za slobodu&#8221;, navodi se.<\/p>","protected":false},"excerpt":{"rendered":"<p>Ministarstvo vanjskih poslova Ukrajine o\u0161tro je kritikovalo primjedbe slova\u010dkog premijera Roberta Fica nakon \u0161to je izjavio da Ukrajina trpi bez obzira na ishod predstoje\u0107eg samita ameri\u010dkog predsjednika Donalda Trumpa i ruskog lidera Vladimira Putina.<\/p>","protected":false},"author":1,"featured_media":913147,"comment_status":"open","ping_status":"open","sticky":false,"template":"","format":"standard","meta":{"_acf_changed":false,"footnotes":""},"categories":[144],"tags":[1399,2775,651,234],"naslovna":[],"class_list":["post-945419","post","type-post","status-publish","format-standard","has-post-thumbnail","hentry","category-svijet","tag-rat","tag-robert-fico","tag-rusija","tag-ukrajina"],"acf":[],"yoast_head":"<!-- This site is optimized with the Yoast SEO plugin v27.4 - https:\/\/yoast.com\/product\/yoast-seo-wordpress\/ -->\n<title>Fico: Kakav god da bude dogovor Trampa i Putina, Ukrajine \u0107e patiti - dmcsrb.com<\/title>\n<meta name=\"robots\" content=\"index, follow, max-snippet:-1, max-image-preview:large, max-video-preview:-1\" \/>\n<link rel=\"canonical\" href=\"https:\/\/dmcsrb.com\/en\/svijet\/fico-kakav-god-da-bude-dogovor-trampa-i-putina-ukrajine-ce-patiti\/\" \/>\n<meta property=\"og:locale\" content=\"en_GB\" \/>\n<meta property=\"og:type\" content=\"article\" \/>\n<meta property=\"og:title\" content=\"Fico: Kakav god da bude dogovor Trampa i Putina, Ukrajine \u0107e patiti - dmcsrb.com\" \/>\n<meta property=\"og:description\" content=\"Ministarstvo vanjskih poslova Ukrajine o\u0161tro je kritikovalo primjedbe slova\u010dkog premijera Roberta Fica nakon \u0161to je izjavio da Ukrajina trpi bez obzira na ishod predstoje\u0107eg samita ameri\u010dkog predsjednika Donalda Trumpa i ruskog lidera Vladimira Putina.\" \/>\n<meta property=\"og:url\" content=\"https:\/\/dmcsrb.com\/en\/svijet\/fico-kakav-god-da-bude-dogovor-trampa-i-putina-ukrajine-ce-patiti\/\" \/>\n<meta property=\"og:site_name\" content=\"dmcsrb.com\" \/>\n<meta property=\"article:published_time\" content=\"2025-08-10T14:31:00+00:00\" \/>\n<meta property=\"og:image\" content=\"https:\/\/dmcsrb.com\/wp-content\/uploads\/2026\/01\/240606-Robert-Fico-al-0741-ccf3be.webp\" \/>\n\t<meta property=\"og:image:width\" content=\"1000\" \/>\n\t<meta property=\"og:image:height\" content=\"667\" \/>\n\t<meta property=\"og:image:type\" content=\"image\/webp\" \/>\n<meta name=\"author\" content=\"dmcsrbija.com@gmail.com\" \/>\n<meta name=\"twitter:card\" content=\"summary_large_image\" \/>\n<meta name=\"twitter:label1\" content=\"Written by\" \/>\n\t<meta name=\"twitter:data1\" content=\"dmcsrbija.com@gmail.com\" \/>\n\t<meta name=\"twitter:label2\" content=\"Estimated reading time\" \/>\n\t<meta name=\"twitter:data2\" content=\"1 minute\" \/>\n<script type=\"application\/ld+json\" class=\"yoast-schema-graph\">{\"@context\":\"https:\\\/\\\/schema.org\",\"@graph\":[{\"@type\":\"Article\",\"@id\":\"https:\\\/\\\/dmcsrb.com\\\/en\\\/svijet\\\/fico-kakav-god-da-bude-dogovor-trampa-i-putina-ukrajine-ce-patiti\\\/#article\",\"isPartOf\":{\"@id\":\"https:\\\/\\\/dmcsrb.com\\\/en\\\/svijet\\\/fico-kakav-god-da-bude-dogovor-trampa-i-putina-ukrajine-ce-patiti\\\/\"},\"author\":{\"name\":\"dmcsrbija.com@gmail.com\",\"@id\":\"https:\\\/\\\/dmcsrb.com\\\/#\\\/schema\\\/person\\\/5c39170f12db1b8b457732d0b5c854e2\"},\"headline\":\"Fico: Kakav god da bude dogovor Trampa i Putina, Ukrajine \u0107e patiti\",\"datePublished\":\"2025-08-10T14:31:00+00:00\",\"mainEntityOfPage\":{\"@id\":\"https:\\\/\\\/dmcsrb.com\\\/en\\\/svijet\\\/fico-kakav-god-da-bude-dogovor-trampa-i-putina-ukrajine-ce-patiti\\\/\"},\"wordCount\":177,\"commentCount\":0,\"image\":{\"@id\":\"https:\\\/\\\/dmcsrb.com\\\/en\\\/svijet\\\/fico-kakav-god-da-bude-dogovor-trampa-i-putina-ukrajine-ce-patiti\\\/#primaryimage\"},\"thumbnailUrl\":\"https:\\\/\\\/dmcsrb.com\\\/wp-content\\\/uploads\\\/2026\\\/01\\\/240606-Robert-Fico-al-0741-ccf3be.webp\",\"keywords\":[\"rat\",\"robert fico\",\"Rusija\",\"Ukrajina\"],\"articleSection\":[\"Svijet\"],\"inLanguage\":\"en-GB\",\"potentialAction\":[{\"@type\":\"CommentAction\",\"name\":\"Comment\",\"target\":[\"https:\\\/\\\/dmcsrb.com\\\/en\\\/svijet\\\/fico-kakav-god-da-bude-dogovor-trampa-i-putina-ukrajine-ce-patiti\\\/#respond\"]}]},{\"@type\":\"WebPage\",\"@id\":\"https:\\\/\\\/dmcsrb.com\\\/en\\\/svijet\\\/fico-kakav-god-da-bude-dogovor-trampa-i-putina-ukrajine-ce-patiti\\\/\",\"url\":\"https:\\\/\\\/dmcsrb.com\\\/en\\\/svijet\\\/fico-kakav-god-da-bude-dogovor-trampa-i-putina-ukrajine-ce-patiti\\\/\",\"name\":\"Fico: Kakav god da bude dogovor Trampa i Putina, Ukrajine \u0107e patiti - dmcsrb.com\",\"isPartOf\":{\"@id\":\"https:\\\/\\\/dmcsrb.com\\\/#website\"},\"primaryImageOfPage\":{\"@id\":\"https:\\\/\\\/dmcsrb.com\\\/en\\\/svijet\\\/fico-kakav-god-da-bude-dogovor-trampa-i-putina-ukrajine-ce-patiti\\\/#primaryimage\"},\"image\":{\"@id\":\"https:\\\/\\\/dmcsrb.com\\\/en\\\/svijet\\\/fico-kakav-god-da-bude-dogovor-trampa-i-putina-ukrajine-ce-patiti\\\/#primaryimage\"},\"thumbnailUrl\":\"https:\\\/\\\/dmcsrb.com\\\/wp-content\\\/uploads\\\/2026\\\/01\\\/240606-Robert-Fico-al-0741-ccf3be.webp\",\"datePublished\":\"2025-08-10T14:31:00+00:00\",\"author\":{\"@id\":\"https:\\\/\\\/dmcsrb.com\\\/#\\\/schema\\\/person\\\/5c39170f12db1b8b457732d0b5c854e2\"},\"breadcrumb\":{\"@id\":\"https:\\\/\\\/dmcsrb.com\\\/en\\\/svijet\\\/fico-kakav-god-da-bude-dogovor-trampa-i-putina-ukrajine-ce-patiti\\\/#breadcrumb\"},\"inLanguage\":\"en-GB\",\"potentialAction\":[{\"@type\":\"ReadAction\",\"target\":[\"https:\\\/\\\/dmcsrb.com\\\/en\\\/svijet\\\/fico-kakav-god-da-bude-dogovor-trampa-i-putina-ukrajine-ce-patiti\\\/\"]}]},{\"@type\":\"ImageObject\",\"inLanguage\":\"en-GB\",\"@id\":\"https:\\\/\\\/dmcsrb.com\\\/en\\\/svijet\\\/fico-kakav-god-da-bude-dogovor-trampa-i-putina-ukrajine-ce-patiti\\\/#primaryimage\",\"url\":\"https:\\\/\\\/dmcsrb.com\\\/wp-content\\\/uploads\\\/2026\\\/01\\\/240606-Robert-Fico-al-0741-ccf3be.webp\",\"contentUrl\":\"https:\\\/\\\/dmcsrb.com\\\/wp-content\\\/uploads\\\/2026\\\/01\\\/240606-Robert-Fico-al-0741-ccf3be.webp\",\"width\":1000,\"height\":667},{\"@type\":\"BreadcrumbList\",\"@id\":\"https:\\\/\\\/dmcsrb.com\\\/en\\\/svijet\\\/fico-kakav-god-da-bude-dogovor-trampa-i-putina-ukrajine-ce-patiti\\\/#breadcrumb\",\"itemListElement\":[{\"@type\":\"ListItem\",\"position\":1,\"name\":\"Home\",\"item\":\"https:\\\/\\\/dmcsrb.com\\\/\"},{\"@type\":\"ListItem\",\"position\":2,\"name\":\"Fico: Kakav god da bude dogovor Trampa i Putina, Ukrajine \u0107e patiti\"}]},{\"@type\":\"WebSite\",\"@id\":\"https:\\\/\\\/dmcsrb.com\\\/#website\",\"url\":\"https:\\\/\\\/dmcsrb.com\\\/\",\"name\":\"dmcsrb.com\",\"description\":\"\",\"potentialAction\":[{\"@type\":\"SearchAction\",\"target\":{\"@type\":\"EntryPoint\",\"urlTemplate\":\"https:\\\/\\\/dmcsrb.com\\\/?s={search_term_string}\"},\"query-input\":{\"@type\":\"PropertyValueSpecification\",\"valueRequired\":true,\"valueName\":\"search_term_string\"}}],\"inLanguage\":\"en-GB\"},{\"@type\":\"Person\",\"@id\":\"https:\\\/\\\/dmcsrb.com\\\/#\\\/schema\\\/person\\\/5c39170f12db1b8b457732d0b5c854e2\",\"name\":\"dmcsrbija.com@gmail.com\",\"image\":{\"@type\":\"ImageObject\",\"inLanguage\":\"en-GB\",\"@id\":\"https:\\\/\\\/secure.gravatar.com\\\/avatar\\\/68592660ad6347fad0fb587f8d5d8f1a7b44961362f56e4f2cd524feb87e9069?s=96&d=mm&r=g\",\"url\":\"https:\\\/\\\/secure.gravatar.com\\\/avatar\\\/68592660ad6347fad0fb587f8d5d8f1a7b44961362f56e4f2cd524feb87e9069?s=96&d=mm&r=g\",\"contentUrl\":\"https:\\\/\\\/secure.gravatar.com\\\/avatar\\\/68592660ad6347fad0fb587f8d5d8f1a7b44961362f56e4f2cd524feb87e9069?s=96&d=mm&r=g\",\"caption\":\"dmcsrbija.com@gmail.com\"},\"sameAs\":[\"https:\\\/\\\/dmcsrb.com\"],\"url\":\"https:\\\/\\\/dmcsrb.com\\\/en\\\/author\\\/dmcsrbija-comgmail-com\\\/\"}]}<\/script>\n<!-- \/ Yoast SEO plugin. -->","yoast_head_json":{"title":"Fico: Kakav god da bude dogovor Trampa i Putina, Ukrajine \u0107e patiti - dmcsrb.com","robots":{"index":"index","follow":"follow","max-snippet":"max-snippet:-1","max-image-preview":"max-image-preview:large","max-video-preview":"max-video-preview:-1"},"canonical":"https:\/\/dmcsrb.com\/en\/svijet\/fico-kakav-god-da-bude-dogovor-trampa-i-putina-ukrajine-ce-patiti\/","og_locale":"en_GB","og_type":"article","og_title":"Fico: Kakav god da bude dogovor Trampa i Putina, Ukrajine \u0107e patiti - dmcsrb.com","og_description":"Ministarstvo vanjskih poslova Ukrajine o\u0161tro je kritikovalo primjedbe slova\u010dkog premijera Roberta Fica nakon \u0161to je izjavio da Ukrajina trpi bez obzira na ishod predstoje\u0107eg samita ameri\u010dkog predsjednika Donalda Trumpa i ruskog lidera Vladimira Putina.","og_url":"https:\/\/dmcsrb.com\/en\/svijet\/fico-kakav-god-da-bude-dogovor-trampa-i-putina-ukrajine-ce-patiti\/","og_site_name":"dmcsrb.com","article_published_time":"2025-08-10T14:31:00+00:00","og_image":[{"width":1000,"height":667,"url":"https:\/\/dmcsrb.com\/wp-content\/uploads\/2026\/01\/240606-Robert-Fico-al-0741-ccf3be.webp","type":"image\/webp"}],"author":"dmcsrbija.com@gmail.com","twitter_card":"summary_large_image","twitter_misc":{"Written by":"dmcsrbija.com@gmail.com","Estimated reading time":"1 minute"},"schema":{"@context":"https:\/\/schema.org","@graph":[{"@type":"Article","@id":"https:\/\/dmcsrb.com\/en\/svijet\/fico-kakav-god-da-bude-dogovor-trampa-i-putina-ukrajine-ce-patiti\/#article","isPartOf":{"@id":"https:\/\/dmcsrb.com\/en\/svijet\/fico-kakav-god-da-bude-dogovor-trampa-i-putina-ukrajine-ce-patiti\/"},"author":{"name":"dmcsrbija.com@gmail.com","@id":"https:\/\/dmcsrb.com\/#\/schema\/person\/5c39170f12db1b8b457732d0b5c854e2"},"headline":"Fico: Kakav god da bude dogovor Trampa i Putina, Ukrajine \u0107e patiti","datePublished":"2025-08-10T14:31:00+00:00","mainEntityOfPage":{"@id":"https:\/\/dmcsrb.com\/en\/svijet\/fico-kakav-god-da-bude-dogovor-trampa-i-putina-ukrajine-ce-patiti\/"},"wordCount":177,"commentCount":0,"image":{"@id":"https:\/\/dmcsrb.com\/en\/svijet\/fico-kakav-god-da-bude-dogovor-trampa-i-putina-ukrajine-ce-patiti\/#primaryimage"},"thumbnailUrl":"https:\/\/dmcsrb.com\/wp-content\/uploads\/2026\/01\/240606-Robert-Fico-al-0741-ccf3be.webp","keywords":["rat","robert fico","Rusija","Ukrajina"],"articleSection":["Svijet"],"inLanguage":"en-GB","potentialAction":[{"@type":"CommentAction","name":"Comment","target":["https:\/\/dmcsrb.com\/en\/svijet\/fico-kakav-god-da-bude-dogovor-trampa-i-putina-ukrajine-ce-patiti\/#respond"]}]},{"@type":"WebPage","@id":"https:\/\/dmcsrb.com\/en\/svijet\/fico-kakav-god-da-bude-dogovor-trampa-i-putina-ukrajine-ce-patiti\/","url":"https:\/\/dmcsrb.com\/en\/svijet\/fico-kakav-god-da-bude-dogovor-trampa-i-putina-ukrajine-ce-patiti\/","name":"Fico: Kakav god da bude dogovor Trampa i Putina, Ukrajine \u0107e patiti - dmcsrb.com","isPartOf":{"@id":"https:\/\/dmcsrb.com\/#website"},"primaryImageOfPage":{"@id":"https:\/\/dmcsrb.com\/en\/svijet\/fico-kakav-god-da-bude-dogovor-trampa-i-putina-ukrajine-ce-patiti\/#primaryimage"},"image":{"@id":"https:\/\/dmcsrb.com\/en\/svijet\/fico-kakav-god-da-bude-dogovor-trampa-i-putina-ukrajine-ce-patiti\/#primaryimage"},"thumbnailUrl":"https:\/\/dmcsrb.com\/wp-content\/uploads\/2026\/01\/240606-Robert-Fico-al-0741-ccf3be.webp","datePublished":"2025-08-10T14:31:00+00:00","author":{"@id":"https:\/\/dmcsrb.com\/#\/schema\/person\/5c39170f12db1b8b457732d0b5c854e2"},"breadcrumb":{"@id":"https:\/\/dmcsrb.com\/en\/svijet\/fico-kakav-god-da-bude-dogovor-trampa-i-putina-ukrajine-ce-patiti\/#breadcrumb"},"inLanguage":"en-GB","potentialAction":[{"@type":"ReadAction","target":["https:\/\/dmcsrb.com\/en\/svijet\/fico-kakav-god-da-bude-dogovor-trampa-i-putina-ukrajine-ce-patiti\/"]}]},{"@type":"ImageObject","inLanguage":"en-GB","@id":"https:\/\/dmcsrb.com\/en\/svijet\/fico-kakav-god-da-bude-dogovor-trampa-i-putina-ukrajine-ce-patiti\/#primaryimage","url":"https:\/\/dmcsrb.com\/wp-content\/uploads\/2026\/01\/240606-Robert-Fico-al-0741-ccf3be.webp","contentUrl":"https:\/\/dmcsrb.com\/wp-content\/uploads\/2026\/01\/240606-Robert-Fico-al-0741-ccf3be.webp","width":1000,"height":667},{"@type":"BreadcrumbList","@id":"https:\/\/dmcsrb.com\/en\/svijet\/fico-kakav-god-da-bude-dogovor-trampa-i-putina-ukrajine-ce-patiti\/#breadcrumb","itemListElement":[{"@type":"ListItem","position":1,"name":"Home","item":"https:\/\/dmcsrb.com\/"},{"@type":"ListItem","position":2,"name":"Fico: Kakav god da bude dogovor Trampa i Putina, Ukrajine \u0107e patiti"}]},{"@type":"WebSite","@id":"https:\/\/dmcsrb.com\/#website","url":"https:\/\/dmcsrb.com\/","name":"dmcsrb.com","description":"","potentialAction":[{"@type":"SearchAction","target":{"@type":"EntryPoint","urlTemplate":"https:\/\/dmcsrb.com\/?s={search_term_string}"},"query-input":{"@type":"PropertyValueSpecification","valueRequired":true,"valueName":"search_term_string"}}],"inLanguage":"en-GB"},{"@type":"Person","@id":"https:\/\/dmcsrb.com\/#\/schema\/person\/5c39170f12db1b8b457732d0b5c854e2","name":"dmcsrbija.com@gmail.com","image":{"@type":"ImageObject","inLanguage":"en-GB","@id":"https:\/\/secure.gravatar.com\/avatar\/68592660ad6347fad0fb587f8d5d8f1a7b44961362f56e4f2cd524feb87e9069?s=96&d=mm&r=g","url":"https:\/\/secure.gravatar.com\/avatar\/68592660ad6347fad0fb587f8d5d8f1a7b44961362f56e4f2cd524feb87e9069?s=96&d=mm&r=g","contentUrl":"https:\/\/secure.gravatar.com\/avatar\/68592660ad6347fad0fb587f8d5d8f1a7b44961362f56e4f2cd524feb87e9069?s=96&d=mm&r=g","caption":"dmcsrbija.com@gmail.com"},"sameAs":["https:\/\/dmcsrb.com"],"url":"https:\/\/dmcsrb.com\/en\/author\/dmcsrbija-comgmail-com\/"}]}},"_links":{"self":[{"href":"https:\/\/dmcsrb.com\/en\/wp-json\/wp\/v2\/posts\/945419","targetHints":{"allow":["GET"]}}],"collection":[{"href":"https:\/\/dmcsrb.com\/en\/wp-json\/wp\/v2\/posts"}],"about":[{"href":"https:\/\/dmcsrb.com\/en\/wp-json\/wp\/v2\/types\/post"}],"author":[{"embeddable":true,"href":"https:\/\/dmcsrb.com\/en\/wp-json\/wp\/v2\/users\/1"}],"replies":[{"embeddable":true,"href":"https:\/\/dmcsrb.com\/en\/wp-json\/wp\/v2\/comments?post=945419"}],"version-history":[{"count":0,"href":"https:\/\/dmcsrb.com\/en\/wp-json\/wp\/v2\/posts\/945419\/revisions"}],"wp:featuredmedia":[{"embeddable":true,"href":"https:\/\/dmcsrb.com\/en\/wp-json\/wp\/v2\/media\/913147"}],"wp:attachment":[{"href":"https:\/\/dmcsrb.com\/en\/wp-json\/wp\/v2\/media?parent=945419"}],"wp:term":[{"taxonomy":"category","embeddable":true,"href":"https:\/\/dmcsrb.com\/en\/wp-json\/wp\/v2\/categories?post=945419"},{"taxonomy":"post_tag","embeddable":true,"href":"https:\/\/dmcsrb.com\/en\/wp-json\/wp\/v2\/tags?post=945419"},{"taxonomy":"naslovna","embeddable":true,"href":"https:\/\/dmcsrb.com\/en\/wp-json\/wp\/v2\/naslovna?post=945419"}],"curies":[{"name":"wp","href":"https:\/\/api.w.org\/{rel}","templated":true}]}}