{"id":945392,"date":"2025-08-10T13:32:00","date_gmt":"2025-08-10T11:32:00","guid":{"rendered":"https:\/\/dmcsrb.com\/uncategorized\/grupa-gradjana-bu2-otvorene-nominacije-za-nagradu-za-razvoj-demokratije-danijela-dosljak\/"},"modified":"2025-08-10T13:32:00","modified_gmt":"2025-08-10T11:32:00","slug":"grupa-gradjana-bu2-otvorene-nominacije-za-nagradu-za-razvoj-demokratije-danijela-dosljak","status":"publish","type":"post","link":"https:\/\/dmcsrb.com\/en\/drustvo\/grupa-gradjana-bu2-otvorene-nominacije-za-nagradu-za-razvoj-demokratije-danijela-dosljak\/","title":{"rendered":"Grupa gra\u0111ana BU2: Otvorene nominacije za nagradu za razvoj demokratije &#8220;Danijela Do\u0161ljak&#8221;"},"content":{"rendered":"<p><\/p>\n\n\n\n<p><\/p>\n\n\n\n<p>Ova nagrada je ustanovljena 2024. godine u Budvi, na inicijativu NVO &#8220;Grupa gra\u0111ana BU2&#8221; uz podr\u0161ku i saglasnost Danijeline sestre, Dijane Do\u0161ljak. Prvi put je posthumno dodijeljena Danijeli Do\u0161ljak, sa \u017eeljom da se svake godine uru\u010duj\u0435 najistaknutijim pojedincima i kolektivima koji su svojom hrabro\u0161\u0107u, dobrotom i nesebi\u010dno\u0161\u0107u u znatnoj mjeri doprinijeli demokratizaciji na\u0161eg dru\u0161tva.<\/p>\n\n\n\n<p>&#8220;Cilj nagrade je da prepozna doprinos pojedinaca, neregistrovanih inicijativa i nevladinih organizacija u razli\u010ditim oblastima, koji proizlaze iz mobilizacije zajednice i anga\u017eovanja gra\u0111ana, novih ideja, intelektualne hrabrosti ili izuzetnih dostignu\u0107a razvoju demokratije i jednakih \u0161ansi za sve&#8221;, saop\u0161tili su iz NVO Grupa gra\u0111an BU2.<\/p>\n\n\n\n<p>Iz ove organizacije pozivaju zainteresovane za u\u010de\u0161\u0107e da po\u0161alju motivaciono pismo, CV i pismo preporuke putem e-maila na adresu grupagradjanabu2@gmail.com .<\/p>\n\n\n\n<p>&#8220;Tako\u0111e, slobodno nam pi\u0161ite sa svim pitanjima koja imate na istoj adresi. Rok za prijavu je 15. septembar 2025. godine. Hvala vam na va\u0161em anga\u017eovanju i podr\u0161ci u razvoju demokratije&#8221;, zaklju\u010duje se u saop\u0161tenju &#8220;Grupa gra\u0111ana BU2&#8221;.<\/p>","protected":false},"excerpt":{"rendered":"<p>Nevladina organizacija &#8220;Grupa gra\u0111ana BU2&#8221; sa zadovoljstvom poziva studente, studentkinje svih nivoa studija, dru\u0161tvene aktiviste i aktivistkinje, profesore i profesorice , doktore i doktorice, knji\u017eevnike i knji\u017eevnice, glumce i glumice, predstavnike i predstavnice medija, javne poslenike i poslanice kao i mlade ljude iz zemlje da nominuju kandidata ili kandidatkinju za presti\u017enu nagradu za razvoj demokratije, koja nosi ime po istaknutoj borkinji za demokratiju i dru\u0161tvo jednakih \u0161ansi, &#8220;Danijeli Do\u0161ljak&#8221;, saop\u0161teno je iz ove nevladine organizacije.<\/p>","protected":false},"author":1,"featured_media":945393,"comment_status":"open","ping_status":"open","sticky":false,"template":"","format":"standard","meta":{"_acf_changed":false,"footnotes":""},"categories":[2],"tags":[9655,4506],"naslovna":[],"class_list":["post-945392","post","type-post","status-publish","format-standard","has-post-thumbnail","hentry","category-drustvo","tag-danijela-dosljak","tag-grupa-gradjana-bu2"],"acf":[],"yoast_head":"<!-- This site is optimized with the Yoast SEO plugin v27.4 - https:\/\/yoast.com\/product\/yoast-seo-wordpress\/ -->\n<title>Grupa gra\u0111ana BU2: Otvorene nominacije za nagradu za razvoj demokratije &quot;Danijela Do\u0161ljak&quot; - dmcsrb.com<\/title>\n<meta name=\"robots\" content=\"index, follow, max-snippet:-1, max-image-preview:large, max-video-preview:-1\" \/>\n<link rel=\"canonical\" href=\"https:\/\/dmcsrb.com\/en\/drustvo\/grupa-gradjana-bu2-otvorene-nominacije-za-nagradu-za-razvoj-demokratije-danijela-dosljak\/\" \/>\n<meta property=\"og:locale\" content=\"en_GB\" \/>\n<meta property=\"og:type\" content=\"article\" \/>\n<meta property=\"og:title\" content=\"Grupa gra\u0111ana BU2: Otvorene nominacije za nagradu za razvoj demokratije &quot;Danijela Do\u0161ljak&quot; - dmcsrb.com\" \/>\n<meta property=\"og:description\" content=\"Nevladina organizacija &quot;Grupa gra\u0111ana BU2&quot; sa zadovoljstvom poziva studente, studentkinje svih nivoa studija, dru\u0161tvene aktiviste i aktivistkinje, profesore i profesorice , doktore i doktorice, knji\u017eevnike i knji\u017eevnice, glumce i glumice, predstavnike i predstavnice medija, javne poslenike i poslanice kao i mlade ljude iz zemlje da nominuju kandidata ili kandidatkinju za presti\u017enu nagradu za razvoj demokratije, koja nosi ime po istaknutoj borkinji za demokratiju i dru\u0161tvo jednakih \u0161ansi, &quot;Danijeli Do\u0161ljak&quot;, saop\u0161teno je iz ove nevladine organizacije.\" \/>\n<meta property=\"og:url\" content=\"https:\/\/dmcsrb.com\/en\/drustvo\/grupa-gradjana-bu2-otvorene-nominacije-za-nagradu-za-razvoj-demokratije-danijela-dosljak\/\" \/>\n<meta property=\"og:site_name\" content=\"dmcsrb.com\" \/>\n<meta property=\"article:published_time\" content=\"2025-08-10T11:32:00+00:00\" \/>\n<meta property=\"og:image\" content=\"https:\/\/dmcsrb.com\/wp-content\/uploads\/2026\/01\/Danijela-Dosljak-foto-nvo-bu2.webp\" \/>\n\t<meta property=\"og:image:width\" content=\"934\" \/>\n\t<meta property=\"og:image:height\" content=\"495\" \/>\n\t<meta property=\"og:image:type\" content=\"image\/jpeg\" \/>\n<meta name=\"author\" content=\"dmcsrbija.com@gmail.com\" \/>\n<meta name=\"twitter:card\" content=\"summary_large_image\" \/>\n<meta name=\"twitter:label1\" content=\"Written by\" \/>\n\t<meta name=\"twitter:data1\" content=\"dmcsrbija.com@gmail.com\" \/>\n\t<meta name=\"twitter:label2\" content=\"Estimated reading time\" \/>\n\t<meta name=\"twitter:data2\" content=\"1 minute\" \/>\n<script type=\"application\/ld+json\" class=\"yoast-schema-graph\">{\"@context\":\"https:\\\/\\\/schema.org\",\"@graph\":[{\"@type\":\"Article\",\"@id\":\"https:\\\/\\\/dmcsrb.com\\\/drustvo\\\/grupa-gradjana-bu2-otvorene-nominacije-za-nagradu-za-razvoj-demokratije-danijela-dosljak\\\/#article\",\"isPartOf\":{\"@id\":\"https:\\\/\\\/dmcsrb.com\\\/drustvo\\\/grupa-gradjana-bu2-otvorene-nominacije-za-nagradu-za-razvoj-demokratije-danijela-dosljak\\\/\"},\"author\":{\"name\":\"dmcsrbija.com@gmail.com\",\"@id\":\"https:\\\/\\\/dmcsrb.com\\\/#\\\/schema\\\/person\\\/5c39170f12db1b8b457732d0b5c854e2\"},\"headline\":\"Grupa gra\u0111ana BU2: Otvorene nominacije za nagradu za razvoj demokratije &#8220;Danijela Do\u0161ljak&#8221;\",\"datePublished\":\"2025-08-10T11:32:00+00:00\",\"mainEntityOfPage\":{\"@id\":\"https:\\\/\\\/dmcsrb.com\\\/drustvo\\\/grupa-gradjana-bu2-otvorene-nominacije-za-nagradu-za-razvoj-demokratije-danijela-dosljak\\\/\"},\"wordCount\":195,\"commentCount\":0,\"image\":{\"@id\":\"https:\\\/\\\/dmcsrb.com\\\/drustvo\\\/grupa-gradjana-bu2-otvorene-nominacije-za-nagradu-za-razvoj-demokratije-danijela-dosljak\\\/#primaryimage\"},\"thumbnailUrl\":\"https:\\\/\\\/dmcsrb.com\\\/wp-content\\\/uploads\\\/2026\\\/01\\\/Danijela-Dosljak-foto-nvo-bu2.webp\",\"keywords\":[\"Danijela Do\u0161ljak\",\"Grupa gra\u0111ana BU2\"],\"articleSection\":[\"Dru\u0161tvo\"],\"inLanguage\":\"en-GB\",\"potentialAction\":[{\"@type\":\"CommentAction\",\"name\":\"Comment\",\"target\":[\"https:\\\/\\\/dmcsrb.com\\\/drustvo\\\/grupa-gradjana-bu2-otvorene-nominacije-za-nagradu-za-razvoj-demokratije-danijela-dosljak\\\/#respond\"]}]},{\"@type\":\"WebPage\",\"@id\":\"https:\\\/\\\/dmcsrb.com\\\/drustvo\\\/grupa-gradjana-bu2-otvorene-nominacije-za-nagradu-za-razvoj-demokratije-danijela-dosljak\\\/\",\"url\":\"https:\\\/\\\/dmcsrb.com\\\/drustvo\\\/grupa-gradjana-bu2-otvorene-nominacije-za-nagradu-za-razvoj-demokratije-danijela-dosljak\\\/\",\"name\":\"Grupa gra\u0111ana BU2: Otvorene nominacije za nagradu za razvoj demokratije \\\"Danijela Do\u0161ljak\\\" - dmcsrb.com\",\"isPartOf\":{\"@id\":\"https:\\\/\\\/dmcsrb.com\\\/#website\"},\"primaryImageOfPage\":{\"@id\":\"https:\\\/\\\/dmcsrb.com\\\/drustvo\\\/grupa-gradjana-bu2-otvorene-nominacije-za-nagradu-za-razvoj-demokratije-danijela-dosljak\\\/#primaryimage\"},\"image\":{\"@id\":\"https:\\\/\\\/dmcsrb.com\\\/drustvo\\\/grupa-gradjana-bu2-otvorene-nominacije-za-nagradu-za-razvoj-demokratije-danijela-dosljak\\\/#primaryimage\"},\"thumbnailUrl\":\"https:\\\/\\\/dmcsrb.com\\\/wp-content\\\/uploads\\\/2026\\\/01\\\/Danijela-Dosljak-foto-nvo-bu2.webp\",\"datePublished\":\"2025-08-10T11:32:00+00:00\",\"author\":{\"@id\":\"https:\\\/\\\/dmcsrb.com\\\/#\\\/schema\\\/person\\\/5c39170f12db1b8b457732d0b5c854e2\"},\"breadcrumb\":{\"@id\":\"https:\\\/\\\/dmcsrb.com\\\/drustvo\\\/grupa-gradjana-bu2-otvorene-nominacije-za-nagradu-za-razvoj-demokratije-danijela-dosljak\\\/#breadcrumb\"},\"inLanguage\":\"en-GB\",\"potentialAction\":[{\"@type\":\"ReadAction\",\"target\":[\"https:\\\/\\\/dmcsrb.com\\\/drustvo\\\/grupa-gradjana-bu2-otvorene-nominacije-za-nagradu-za-razvoj-demokratije-danijela-dosljak\\\/\"]}]},{\"@type\":\"ImageObject\",\"inLanguage\":\"en-GB\",\"@id\":\"https:\\\/\\\/dmcsrb.com\\\/drustvo\\\/grupa-gradjana-bu2-otvorene-nominacije-za-nagradu-za-razvoj-demokratije-danijela-dosljak\\\/#primaryimage\",\"url\":\"https:\\\/\\\/dmcsrb.com\\\/wp-content\\\/uploads\\\/2026\\\/01\\\/Danijela-Dosljak-foto-nvo-bu2.webp\",\"contentUrl\":\"https:\\\/\\\/dmcsrb.com\\\/wp-content\\\/uploads\\\/2026\\\/01\\\/Danijela-Dosljak-foto-nvo-bu2.webp\",\"width\":934,\"height\":495},{\"@type\":\"BreadcrumbList\",\"@id\":\"https:\\\/\\\/dmcsrb.com\\\/drustvo\\\/grupa-gradjana-bu2-otvorene-nominacije-za-nagradu-za-razvoj-demokratije-danijela-dosljak\\\/#breadcrumb\",\"itemListElement\":[{\"@type\":\"ListItem\",\"position\":1,\"name\":\"Home\",\"item\":\"https:\\\/\\\/dmcsrb.com\\\/\"},{\"@type\":\"ListItem\",\"position\":2,\"name\":\"Grupa gra\u0111ana BU2: Otvorene nominacije za nagradu za razvoj demokratije &#8220;Danijela Do\u0161ljak&#8221;\"}]},{\"@type\":\"WebSite\",\"@id\":\"https:\\\/\\\/dmcsrb.com\\\/#website\",\"url\":\"https:\\\/\\\/dmcsrb.com\\\/\",\"name\":\"dmcsrb.com\",\"description\":\"\",\"potentialAction\":[{\"@type\":\"SearchAction\",\"target\":{\"@type\":\"EntryPoint\",\"urlTemplate\":\"https:\\\/\\\/dmcsrb.com\\\/?s={search_term_string}\"},\"query-input\":{\"@type\":\"PropertyValueSpecification\",\"valueRequired\":true,\"valueName\":\"search_term_string\"}}],\"inLanguage\":\"en-GB\"},{\"@type\":\"Person\",\"@id\":\"https:\\\/\\\/dmcsrb.com\\\/#\\\/schema\\\/person\\\/5c39170f12db1b8b457732d0b5c854e2\",\"name\":\"dmcsrbija.com@gmail.com\",\"image\":{\"@type\":\"ImageObject\",\"inLanguage\":\"en-GB\",\"@id\":\"https:\\\/\\\/secure.gravatar.com\\\/avatar\\\/68592660ad6347fad0fb587f8d5d8f1a7b44961362f56e4f2cd524feb87e9069?s=96&d=mm&r=g\",\"url\":\"https:\\\/\\\/secure.gravatar.com\\\/avatar\\\/68592660ad6347fad0fb587f8d5d8f1a7b44961362f56e4f2cd524feb87e9069?s=96&d=mm&r=g\",\"contentUrl\":\"https:\\\/\\\/secure.gravatar.com\\\/avatar\\\/68592660ad6347fad0fb587f8d5d8f1a7b44961362f56e4f2cd524feb87e9069?s=96&d=mm&r=g\",\"caption\":\"dmcsrbija.com@gmail.com\"},\"sameAs\":[\"https:\\\/\\\/dmcsrb.com\"],\"url\":\"https:\\\/\\\/dmcsrb.com\\\/en\\\/author\\\/dmcsrbija-comgmail-com\\\/\"}]}<\/script>\n<!-- \/ Yoast SEO plugin. -->","yoast_head_json":{"title":"Grupa gra\u0111ana BU2: Otvorene nominacije za nagradu za razvoj demokratije \"Danijela Do\u0161ljak\" - dmcsrb.com","robots":{"index":"index","follow":"follow","max-snippet":"max-snippet:-1","max-image-preview":"max-image-preview:large","max-video-preview":"max-video-preview:-1"},"canonical":"https:\/\/dmcsrb.com\/en\/drustvo\/grupa-gradjana-bu2-otvorene-nominacije-za-nagradu-za-razvoj-demokratije-danijela-dosljak\/","og_locale":"en_GB","og_type":"article","og_title":"Grupa gra\u0111ana BU2: Otvorene nominacije za nagradu za razvoj demokratije \"Danijela Do\u0161ljak\" - dmcsrb.com","og_description":"Nevladina organizacija \"Grupa gra\u0111ana BU2\" sa zadovoljstvom poziva studente, studentkinje svih nivoa studija, dru\u0161tvene aktiviste i aktivistkinje, profesore i profesorice , doktore i doktorice, knji\u017eevnike i knji\u017eevnice, glumce i glumice, predstavnike i predstavnice medija, javne poslenike i poslanice kao i mlade ljude iz zemlje da nominuju kandidata ili kandidatkinju za presti\u017enu nagradu za razvoj demokratije, koja nosi ime po istaknutoj borkinji za demokratiju i dru\u0161tvo jednakih \u0161ansi, \"Danijeli Do\u0161ljak\", saop\u0161teno je iz ove nevladine organizacije.","og_url":"https:\/\/dmcsrb.com\/en\/drustvo\/grupa-gradjana-bu2-otvorene-nominacije-za-nagradu-za-razvoj-demokratije-danijela-dosljak\/","og_site_name":"dmcsrb.com","article_published_time":"2025-08-10T11:32:00+00:00","og_image":[{"width":934,"height":495,"url":"https:\/\/dmcsrb.com\/wp-content\/uploads\/2026\/01\/Danijela-Dosljak-foto-nvo-bu2.webp","type":"image\/jpeg"}],"author":"dmcsrbija.com@gmail.com","twitter_card":"summary_large_image","twitter_misc":{"Written by":"dmcsrbija.com@gmail.com","Estimated reading time":"1 minute"},"schema":{"@context":"https:\/\/schema.org","@graph":[{"@type":"Article","@id":"https:\/\/dmcsrb.com\/drustvo\/grupa-gradjana-bu2-otvorene-nominacije-za-nagradu-za-razvoj-demokratije-danijela-dosljak\/#article","isPartOf":{"@id":"https:\/\/dmcsrb.com\/drustvo\/grupa-gradjana-bu2-otvorene-nominacije-za-nagradu-za-razvoj-demokratije-danijela-dosljak\/"},"author":{"name":"dmcsrbija.com@gmail.com","@id":"https:\/\/dmcsrb.com\/#\/schema\/person\/5c39170f12db1b8b457732d0b5c854e2"},"headline":"Grupa gra\u0111ana BU2: Otvorene nominacije za nagradu za razvoj demokratije &#8220;Danijela Do\u0161ljak&#8221;","datePublished":"2025-08-10T11:32:00+00:00","mainEntityOfPage":{"@id":"https:\/\/dmcsrb.com\/drustvo\/grupa-gradjana-bu2-otvorene-nominacije-za-nagradu-za-razvoj-demokratije-danijela-dosljak\/"},"wordCount":195,"commentCount":0,"image":{"@id":"https:\/\/dmcsrb.com\/drustvo\/grupa-gradjana-bu2-otvorene-nominacije-za-nagradu-za-razvoj-demokratije-danijela-dosljak\/#primaryimage"},"thumbnailUrl":"https:\/\/dmcsrb.com\/wp-content\/uploads\/2026\/01\/Danijela-Dosljak-foto-nvo-bu2.webp","keywords":["Danijela Do\u0161ljak","Grupa gra\u0111ana BU2"],"articleSection":["Dru\u0161tvo"],"inLanguage":"en-GB","potentialAction":[{"@type":"CommentAction","name":"Comment","target":["https:\/\/dmcsrb.com\/drustvo\/grupa-gradjana-bu2-otvorene-nominacije-za-nagradu-za-razvoj-demokratije-danijela-dosljak\/#respond"]}]},{"@type":"WebPage","@id":"https:\/\/dmcsrb.com\/drustvo\/grupa-gradjana-bu2-otvorene-nominacije-za-nagradu-za-razvoj-demokratije-danijela-dosljak\/","url":"https:\/\/dmcsrb.com\/drustvo\/grupa-gradjana-bu2-otvorene-nominacije-za-nagradu-za-razvoj-demokratije-danijela-dosljak\/","name":"Grupa gra\u0111ana BU2: Otvorene nominacije za nagradu za razvoj demokratije \"Danijela Do\u0161ljak\" - dmcsrb.com","isPartOf":{"@id":"https:\/\/dmcsrb.com\/#website"},"primaryImageOfPage":{"@id":"https:\/\/dmcsrb.com\/drustvo\/grupa-gradjana-bu2-otvorene-nominacije-za-nagradu-za-razvoj-demokratije-danijela-dosljak\/#primaryimage"},"image":{"@id":"https:\/\/dmcsrb.com\/drustvo\/grupa-gradjana-bu2-otvorene-nominacije-za-nagradu-za-razvoj-demokratije-danijela-dosljak\/#primaryimage"},"thumbnailUrl":"https:\/\/dmcsrb.com\/wp-content\/uploads\/2026\/01\/Danijela-Dosljak-foto-nvo-bu2.webp","datePublished":"2025-08-10T11:32:00+00:00","author":{"@id":"https:\/\/dmcsrb.com\/#\/schema\/person\/5c39170f12db1b8b457732d0b5c854e2"},"breadcrumb":{"@id":"https:\/\/dmcsrb.com\/drustvo\/grupa-gradjana-bu2-otvorene-nominacije-za-nagradu-za-razvoj-demokratije-danijela-dosljak\/#breadcrumb"},"inLanguage":"en-GB","potentialAction":[{"@type":"ReadAction","target":["https:\/\/dmcsrb.com\/drustvo\/grupa-gradjana-bu2-otvorene-nominacije-za-nagradu-za-razvoj-demokratije-danijela-dosljak\/"]}]},{"@type":"ImageObject","inLanguage":"en-GB","@id":"https:\/\/dmcsrb.com\/drustvo\/grupa-gradjana-bu2-otvorene-nominacije-za-nagradu-za-razvoj-demokratije-danijela-dosljak\/#primaryimage","url":"https:\/\/dmcsrb.com\/wp-content\/uploads\/2026\/01\/Danijela-Dosljak-foto-nvo-bu2.webp","contentUrl":"https:\/\/dmcsrb.com\/wp-content\/uploads\/2026\/01\/Danijela-Dosljak-foto-nvo-bu2.webp","width":934,"height":495},{"@type":"BreadcrumbList","@id":"https:\/\/dmcsrb.com\/drustvo\/grupa-gradjana-bu2-otvorene-nominacije-za-nagradu-za-razvoj-demokratije-danijela-dosljak\/#breadcrumb","itemListElement":[{"@type":"ListItem","position":1,"name":"Home","item":"https:\/\/dmcsrb.com\/"},{"@type":"ListItem","position":2,"name":"Grupa gra\u0111ana BU2: Otvorene nominacije za nagradu za razvoj demokratije &#8220;Danijela Do\u0161ljak&#8221;"}]},{"@type":"WebSite","@id":"https:\/\/dmcsrb.com\/#website","url":"https:\/\/dmcsrb.com\/","name":"dmcsrb.com","description":"","potentialAction":[{"@type":"SearchAction","target":{"@type":"EntryPoint","urlTemplate":"https:\/\/dmcsrb.com\/?s={search_term_string}"},"query-input":{"@type":"PropertyValueSpecification","valueRequired":true,"valueName":"search_term_string"}}],"inLanguage":"en-GB"},{"@type":"Person","@id":"https:\/\/dmcsrb.com\/#\/schema\/person\/5c39170f12db1b8b457732d0b5c854e2","name":"dmcsrbija.com@gmail.com","image":{"@type":"ImageObject","inLanguage":"en-GB","@id":"https:\/\/secure.gravatar.com\/avatar\/68592660ad6347fad0fb587f8d5d8f1a7b44961362f56e4f2cd524feb87e9069?s=96&d=mm&r=g","url":"https:\/\/secure.gravatar.com\/avatar\/68592660ad6347fad0fb587f8d5d8f1a7b44961362f56e4f2cd524feb87e9069?s=96&d=mm&r=g","contentUrl":"https:\/\/secure.gravatar.com\/avatar\/68592660ad6347fad0fb587f8d5d8f1a7b44961362f56e4f2cd524feb87e9069?s=96&d=mm&r=g","caption":"dmcsrbija.com@gmail.com"},"sameAs":["https:\/\/dmcsrb.com"],"url":"https:\/\/dmcsrb.com\/en\/author\/dmcsrbija-comgmail-com\/"}]}},"_links":{"self":[{"href":"https:\/\/dmcsrb.com\/en\/wp-json\/wp\/v2\/posts\/945392","targetHints":{"allow":["GET"]}}],"collection":[{"href":"https:\/\/dmcsrb.com\/en\/wp-json\/wp\/v2\/posts"}],"about":[{"href":"https:\/\/dmcsrb.com\/en\/wp-json\/wp\/v2\/types\/post"}],"author":[{"embeddable":true,"href":"https:\/\/dmcsrb.com\/en\/wp-json\/wp\/v2\/users\/1"}],"replies":[{"embeddable":true,"href":"https:\/\/dmcsrb.com\/en\/wp-json\/wp\/v2\/comments?post=945392"}],"version-history":[{"count":0,"href":"https:\/\/dmcsrb.com\/en\/wp-json\/wp\/v2\/posts\/945392\/revisions"}],"wp:featuredmedia":[{"embeddable":true,"href":"https:\/\/dmcsrb.com\/en\/wp-json\/wp\/v2\/media\/945393"}],"wp:attachment":[{"href":"https:\/\/dmcsrb.com\/en\/wp-json\/wp\/v2\/media?parent=945392"}],"wp:term":[{"taxonomy":"category","embeddable":true,"href":"https:\/\/dmcsrb.com\/en\/wp-json\/wp\/v2\/categories?post=945392"},{"taxonomy":"post_tag","embeddable":true,"href":"https:\/\/dmcsrb.com\/en\/wp-json\/wp\/v2\/tags?post=945392"},{"taxonomy":"naslovna","embeddable":true,"href":"https:\/\/dmcsrb.com\/en\/wp-json\/wp\/v2\/naslovna?post=945392"}],"curies":[{"name":"wp","href":"https:\/\/api.w.org\/{rel}","templated":true}]}}