{"id":945379,"date":"2025-08-10T11:38:00","date_gmt":"2025-08-10T09:38:00","guid":{"rendered":"https:\/\/dmcsrb.com\/uncategorized\/mlade-lavice-danas-protiv-spanije-za-bronzano-odlicje\/"},"modified":"2025-08-10T11:38:00","modified_gmt":"2025-08-10T09:38:00","slug":"mlade-lavice-danas-protiv-spanije-za-bronzano-odlicje","status":"publish","type":"post","link":"https:\/\/dmcsrb.com\/en\/sport\/mlade-lavice-danas-protiv-spanije-za-bronzano-odlicje\/","title":{"rendered":"Mlade &#8220;lavice&#8221; danas protiv \u0160panije za bronzano odli\u010dje"},"content":{"rendered":"<p>Danas im se pru\u017ea druga \u0161ansa da uzmu istorijsko odli\u010dje &#8211; na\u0161e kadetkinje \u0107e od 17 sati u ,,Bemaks areni\u201c sa \u0160panijom igrati me\u010d za tre\u0107e mjesto na \u0161ampionatu u Podgorici.<\/p>\n\n\n\n<p>,,Lavice\u201c su dugo bile u igri protiv Slova\u010dke, ali se u fini\u0161u vidjelo i da ih je stigao umor nakon iscrpljuju\u0107e utakmice sa Francuskom dan ranije.<\/p>\n\n\n\n<p>Imaju li izabranice&nbsp;<strong>Milo\u0161a Perovi\u0107a<\/strong>&nbsp;i&nbsp;<strong>Bobane Krstovi\u0107<\/strong>&nbsp;dovoljno snage i svje\u017eine za jo\u0161 (najmanje) 60 minuta koji mogu da ih upi\u0161u u anale crnogorskog sporta?<\/p>\n\n\n\n<p>&#8211; Ekipa je maksimalno spremna, iskoristili smo slobodan dan na \u0161ampionatu da se djevojke mentalno uzdignu i da ih rasteretimo pritiska kako bi mogle da daju maksimum i stignu do odli\u010dja, koje su zaslu\u017eile po prikazanom tokom cijelog prvenstva \u2013 rekao je Perovi\u0107 za Pobjedu.<\/p>\n\n\n\n<p>\u0160panija je velesila evropskog rukometa u svim kategorijama, ali u je Podgorici izgubila od u\u010desnika dana\u0161njeg finala (19.30 h) \u2013 Slova\u010dke u glavnoj rundi (25:22) i Hrvatske u polufinalu (31:28).<\/p>\n\n\n\n<p>Utisak je da Crna Gora mo\u017ee da parira ,,furiji\u201c.<\/p>\n\n\n\n<figure class=\"wp-block-image size-large\"><img decoding=\"async\" src=\"https:\/\/gradski.me\/wp-content\/uploads\/2025\/08\/Kadetkinje-protiv-Ceske-MatchLens-Stefan-Ivanovic-1024x682.webp\" alt=\"\" class=\"wp-image-805788\"\/><figcaption class=\"wp-element-caption\">Foto: MatchLens\/Stefan Ivanovi\u0107<\/figcaption><\/figure>\n\n\n\n<p>&#8211; \u0160pankinje nijesu na nivou sa Mediteranskih igara \u010diji smo bili doma\u0107ini u februaru. Nadam se da \u0107emo iskoristiti njihove nedostatke, da \u0107emo biti pravi i odmorni i pokazati kvalitet koji posjedujemo \u2013 naveo je Perovi\u0107.<\/p>\n\n\n\n<p>Martina Kne\u017eevi\u0107 bila je sjajna i protiv Slova\u010dke, postigla je \u010dak 13 golova, ali je nedostajao golgeterski doprinos ostalih bekova.<\/p>\n\n\n\n<p>&#8211; Martina je bila odli\u010dna, ali i ostali bekovi su spustili dosta lopti na pivota i krila. Ni sudije nam nijesu bili naklonjene jer su bile tri-\u010detiri \u010diste situacije kada nam nijesu dozvolili da povedemo dva ili tri razlike. Utakmica je mogla da ode drugim tokom&#8230; Ni\u0161ta nemogu da zamjerim igra\u010dicama, samo dan ranije odigrale su paklenih 80 minuta sa Francuskom, a nije bilo vremena za oporavak. Zato smo se nakon polufinala najvi\u0161e posvetili tome i vjerujemo da imamo \u0161anse da me\u010d rije\u0161imo u na\u0161u korist \u2013 istakao je Perovi\u0107.<\/p>\n\n\n\n<p>Crna Gora ima jednu medalju sa velikih takmi\u010denja u mla\u0111im rukometnim kategorijama, bronzanu koju su osvojile juniorke na Svjetskom prvenstvu 2010. godine u Ju\u017enoj Koreji.<\/p>\n\n\n\n<p>&#8211; Petnaest godina \u010dekali smo da uop\u0161te do\u0111emo u borbu za medalju. Uz to, do sada se nikada nije igralo prvenstvo u ovom formatu, a i kakve sve velesile nijesu uspjele da do\u0111u do polufinala. Izborili smo plasman na naredno Svjetsko i Evropsko prvenstvo, napravili dobru osnovu za narednu generaciju. Ve\u0107 smo ostvarili sjajan uspjeh, a bronza bi bila podvig. Savladali smo Francusku u \u010detvrtfinalu, neka sad padne jo\u0161 jedna velesila, na ponos cijele Crne Gore \u2013 poru\u010dio je Milo\u0161 Perovi\u0107, trener crnogorske reprezentacije.<\/p>","protected":false},"excerpt":{"rendered":"<p>Triler protiv Francuske koji je trajao \u010dak 80 minuta odveo je crnogorske rukometa\u0161ice u polufinale Evropskog prvenstva, ali prva \u0161ansa da se obezbijedi medalja nije iskori\u0161\u0107ena jer je Slova\u010dka u borbi za finale bila bolja sa 29:27.<\/p>","protected":false},"author":1,"featured_media":944297,"comment_status":"open","ping_status":"open","sticky":false,"template":"","format":"standard","meta":{"_acf_changed":false,"footnotes":""},"categories":[148],"tags":[16382,14803,17256],"naslovna":[],"class_list":["post-945379","post","type-post","status-publish","format-standard","has-post-thumbnail","hentry","category-sport","tag-evropsko-prvenstvo-za-rukometasice-do-17-godina","tag-zenska-kadetska-rukometna-reprezentacija-crne-gore","tag-zenska-kadetska-rukometna-reprezentacija-spanije"],"acf":[],"yoast_head":"<!-- This site is optimized with the Yoast SEO plugin v27.0 - https:\/\/yoast.com\/product\/yoast-seo-wordpress\/ -->\n<title>Mlade &quot;lavice&quot; danas protiv \u0160panije za bronzano odli\u010dje - dmcsrb.com<\/title>\n<meta name=\"robots\" content=\"index, follow, max-snippet:-1, max-image-preview:large, max-video-preview:-1\" \/>\n<link rel=\"canonical\" href=\"https:\/\/dmcsrb.com\/en\/sport\/mlade-lavice-danas-protiv-spanije-za-bronzano-odlicje\/\" \/>\n<meta property=\"og:locale\" content=\"en_GB\" \/>\n<meta property=\"og:type\" content=\"article\" \/>\n<meta property=\"og:title\" content=\"Mlade &quot;lavice&quot; danas protiv \u0160panije za bronzano odli\u010dje - dmcsrb.com\" \/>\n<meta property=\"og:description\" content=\"Triler protiv Francuske koji je trajao \u010dak 80 minuta odveo je crnogorske rukometa\u0161ice u polufinale Evropskog prvenstva, ali prva \u0161ansa da se obezbijedi medalja nije iskori\u0161\u0107ena jer je Slova\u010dka u borbi za finale bila bolja sa 29:27.\" \/>\n<meta property=\"og:url\" content=\"https:\/\/dmcsrb.com\/en\/sport\/mlade-lavice-danas-protiv-spanije-za-bronzano-odlicje\/\" \/>\n<meta property=\"og:site_name\" content=\"dmcsrb.com\" \/>\n<meta property=\"article:published_time\" content=\"2025-08-10T09:38:00+00:00\" \/>\n<meta property=\"og:image\" content=\"https:\/\/dmcsrb.com\/wp-content\/uploads\/2026\/01\/Kadetkinje-MatchLens.webp\" \/>\n\t<meta property=\"og:image:width\" content=\"1280\" \/>\n\t<meta property=\"og:image:height\" content=\"854\" \/>\n\t<meta property=\"og:image:type\" content=\"image\/webp\" \/>\n<meta name=\"author\" content=\"dmcsrbija.com@gmail.com\" \/>\n<meta name=\"twitter:card\" content=\"summary_large_image\" \/>\n<meta name=\"twitter:label1\" content=\"Written by\" \/>\n\t<meta name=\"twitter:data1\" content=\"dmcsrbija.com@gmail.com\" \/>\n\t<meta name=\"twitter:label2\" content=\"Estimated reading time\" \/>\n\t<meta name=\"twitter:data2\" content=\"2 minutes\" \/>\n<script type=\"application\/ld+json\" class=\"yoast-schema-graph\">{\"@context\":\"https:\/\/schema.org\",\"@graph\":[{\"@type\":\"Article\",\"@id\":\"https:\/\/dmcsrb.com\/sport\/mlade-lavice-danas-protiv-spanije-za-bronzano-odlicje\/#article\",\"isPartOf\":{\"@id\":\"https:\/\/dmcsrb.com\/sport\/mlade-lavice-danas-protiv-spanije-za-bronzano-odlicje\/\"},\"author\":{\"name\":\"dmcsrbija.com@gmail.com\",\"@id\":\"https:\/\/dmcsrb.com\/#\/schema\/person\/5c39170f12db1b8b457732d0b5c854e2\"},\"headline\":\"Mlade &#8220;lavice&#8221; danas protiv \u0160panije za bronzano odli\u010dje\",\"datePublished\":\"2025-08-10T09:38:00+00:00\",\"mainEntityOfPage\":{\"@id\":\"https:\/\/dmcsrb.com\/sport\/mlade-lavice-danas-protiv-spanije-za-bronzano-odlicje\/\"},\"wordCount\":460,\"commentCount\":0,\"image\":{\"@id\":\"https:\/\/dmcsrb.com\/sport\/mlade-lavice-danas-protiv-spanije-za-bronzano-odlicje\/#primaryimage\"},\"thumbnailUrl\":\"https:\/\/dmcsrb.com\/wp-content\/uploads\/2026\/01\/Kadetkinje-MatchLens.webp\",\"keywords\":[\"Evropsko prvenstvo za rukometa\u0161ice do 17 godina\",\"\u017denska kadetska rukometna reprezentacija Crne Gore\",\"\u017denska kadetska rukometna reprezentacija \u0160panije\"],\"articleSection\":[\"Sport\"],\"inLanguage\":\"en-GB\",\"potentialAction\":[{\"@type\":\"CommentAction\",\"name\":\"Comment\",\"target\":[\"https:\/\/dmcsrb.com\/sport\/mlade-lavice-danas-protiv-spanije-za-bronzano-odlicje\/#respond\"]}]},{\"@type\":\"WebPage\",\"@id\":\"https:\/\/dmcsrb.com\/sport\/mlade-lavice-danas-protiv-spanije-za-bronzano-odlicje\/\",\"url\":\"https:\/\/dmcsrb.com\/sport\/mlade-lavice-danas-protiv-spanije-za-bronzano-odlicje\/\",\"name\":\"Mlade \\\"lavice\\\" danas protiv \u0160panije za bronzano odli\u010dje - dmcsrb.com\",\"isPartOf\":{\"@id\":\"https:\/\/dmcsrb.com\/#website\"},\"primaryImageOfPage\":{\"@id\":\"https:\/\/dmcsrb.com\/sport\/mlade-lavice-danas-protiv-spanije-za-bronzano-odlicje\/#primaryimage\"},\"image\":{\"@id\":\"https:\/\/dmcsrb.com\/sport\/mlade-lavice-danas-protiv-spanije-za-bronzano-odlicje\/#primaryimage\"},\"thumbnailUrl\":\"https:\/\/dmcsrb.com\/wp-content\/uploads\/2026\/01\/Kadetkinje-MatchLens.webp\",\"datePublished\":\"2025-08-10T09:38:00+00:00\",\"author\":{\"@id\":\"https:\/\/dmcsrb.com\/#\/schema\/person\/5c39170f12db1b8b457732d0b5c854e2\"},\"breadcrumb\":{\"@id\":\"https:\/\/dmcsrb.com\/sport\/mlade-lavice-danas-protiv-spanije-za-bronzano-odlicje\/#breadcrumb\"},\"inLanguage\":\"en-GB\",\"potentialAction\":[{\"@type\":\"ReadAction\",\"target\":[\"https:\/\/dmcsrb.com\/sport\/mlade-lavice-danas-protiv-spanije-za-bronzano-odlicje\/\"]}]},{\"@type\":\"ImageObject\",\"inLanguage\":\"en-GB\",\"@id\":\"https:\/\/dmcsrb.com\/sport\/mlade-lavice-danas-protiv-spanije-za-bronzano-odlicje\/#primaryimage\",\"url\":\"https:\/\/dmcsrb.com\/wp-content\/uploads\/2026\/01\/Kadetkinje-MatchLens.webp\",\"contentUrl\":\"https:\/\/dmcsrb.com\/wp-content\/uploads\/2026\/01\/Kadetkinje-MatchLens.webp\",\"width\":1280,\"height\":854},{\"@type\":\"BreadcrumbList\",\"@id\":\"https:\/\/dmcsrb.com\/sport\/mlade-lavice-danas-protiv-spanije-za-bronzano-odlicje\/#breadcrumb\",\"itemListElement\":[{\"@type\":\"ListItem\",\"position\":1,\"name\":\"Home\",\"item\":\"https:\/\/dmcsrb.com\/\"},{\"@type\":\"ListItem\",\"position\":2,\"name\":\"Mlade &#8220;lavice&#8221; danas protiv \u0160panije za bronzano odli\u010dje\"}]},{\"@type\":\"WebSite\",\"@id\":\"https:\/\/dmcsrb.com\/#website\",\"url\":\"https:\/\/dmcsrb.com\/\",\"name\":\"dmcsrb.com\",\"description\":\"\",\"potentialAction\":[{\"@type\":\"SearchAction\",\"target\":{\"@type\":\"EntryPoint\",\"urlTemplate\":\"https:\/\/dmcsrb.com\/?s={search_term_string}\"},\"query-input\":{\"@type\":\"PropertyValueSpecification\",\"valueRequired\":true,\"valueName\":\"search_term_string\"}}],\"inLanguage\":\"en-GB\"},{\"@type\":\"Person\",\"@id\":\"https:\/\/dmcsrb.com\/#\/schema\/person\/5c39170f12db1b8b457732d0b5c854e2\",\"name\":\"dmcsrbija.com@gmail.com\",\"image\":{\"@type\":\"ImageObject\",\"inLanguage\":\"en-GB\",\"@id\":\"https:\/\/dmcsrb.com\/#\/schema\/person\/image\/\",\"url\":\"https:\/\/secure.gravatar.com\/avatar\/68592660ad6347fad0fb587f8d5d8f1a7b44961362f56e4f2cd524feb87e9069?s=96&d=mm&r=g\",\"contentUrl\":\"https:\/\/secure.gravatar.com\/avatar\/68592660ad6347fad0fb587f8d5d8f1a7b44961362f56e4f2cd524feb87e9069?s=96&d=mm&r=g\",\"caption\":\"dmcsrbija.com@gmail.com\"},\"sameAs\":[\"https:\/\/dmcsrb.com\"],\"url\":\"https:\/\/dmcsrb.com\/en\/author\/dmcsrbija-comgmail-com\/\"}]}<\/script>\n<!-- \/ Yoast SEO plugin. -->","yoast_head_json":{"title":"Mlade \"lavice\" danas protiv \u0160panije za bronzano odli\u010dje - dmcsrb.com","robots":{"index":"index","follow":"follow","max-snippet":"max-snippet:-1","max-image-preview":"max-image-preview:large","max-video-preview":"max-video-preview:-1"},"canonical":"https:\/\/dmcsrb.com\/en\/sport\/mlade-lavice-danas-protiv-spanije-za-bronzano-odlicje\/","og_locale":"en_GB","og_type":"article","og_title":"Mlade \"lavice\" danas protiv \u0160panije za bronzano odli\u010dje - dmcsrb.com","og_description":"Triler protiv Francuske koji je trajao \u010dak 80 minuta odveo je crnogorske rukometa\u0161ice u polufinale Evropskog prvenstva, ali prva \u0161ansa da se obezbijedi medalja nije iskori\u0161\u0107ena jer je Slova\u010dka u borbi za finale bila bolja sa 29:27.","og_url":"https:\/\/dmcsrb.com\/en\/sport\/mlade-lavice-danas-protiv-spanije-za-bronzano-odlicje\/","og_site_name":"dmcsrb.com","article_published_time":"2025-08-10T09:38:00+00:00","og_image":[{"width":1280,"height":854,"url":"https:\/\/dmcsrb.com\/wp-content\/uploads\/2026\/01\/Kadetkinje-MatchLens.webp","type":"image\/webp"}],"author":"dmcsrbija.com@gmail.com","twitter_card":"summary_large_image","twitter_misc":{"Written by":"dmcsrbija.com@gmail.com","Estimated reading time":"2 minutes"},"schema":{"@context":"https:\/\/schema.org","@graph":[{"@type":"Article","@id":"https:\/\/dmcsrb.com\/sport\/mlade-lavice-danas-protiv-spanije-za-bronzano-odlicje\/#article","isPartOf":{"@id":"https:\/\/dmcsrb.com\/sport\/mlade-lavice-danas-protiv-spanije-za-bronzano-odlicje\/"},"author":{"name":"dmcsrbija.com@gmail.com","@id":"https:\/\/dmcsrb.com\/#\/schema\/person\/5c39170f12db1b8b457732d0b5c854e2"},"headline":"Mlade &#8220;lavice&#8221; danas protiv \u0160panije za bronzano odli\u010dje","datePublished":"2025-08-10T09:38:00+00:00","mainEntityOfPage":{"@id":"https:\/\/dmcsrb.com\/sport\/mlade-lavice-danas-protiv-spanije-za-bronzano-odlicje\/"},"wordCount":460,"commentCount":0,"image":{"@id":"https:\/\/dmcsrb.com\/sport\/mlade-lavice-danas-protiv-spanije-za-bronzano-odlicje\/#primaryimage"},"thumbnailUrl":"https:\/\/dmcsrb.com\/wp-content\/uploads\/2026\/01\/Kadetkinje-MatchLens.webp","keywords":["Evropsko prvenstvo za rukometa\u0161ice do 17 godina","\u017denska kadetska rukometna reprezentacija Crne Gore","\u017denska kadetska rukometna reprezentacija \u0160panije"],"articleSection":["Sport"],"inLanguage":"en-GB","potentialAction":[{"@type":"CommentAction","name":"Comment","target":["https:\/\/dmcsrb.com\/sport\/mlade-lavice-danas-protiv-spanije-za-bronzano-odlicje\/#respond"]}]},{"@type":"WebPage","@id":"https:\/\/dmcsrb.com\/sport\/mlade-lavice-danas-protiv-spanije-za-bronzano-odlicje\/","url":"https:\/\/dmcsrb.com\/sport\/mlade-lavice-danas-protiv-spanije-za-bronzano-odlicje\/","name":"Mlade \"lavice\" danas protiv \u0160panije za bronzano odli\u010dje - dmcsrb.com","isPartOf":{"@id":"https:\/\/dmcsrb.com\/#website"},"primaryImageOfPage":{"@id":"https:\/\/dmcsrb.com\/sport\/mlade-lavice-danas-protiv-spanije-za-bronzano-odlicje\/#primaryimage"},"image":{"@id":"https:\/\/dmcsrb.com\/sport\/mlade-lavice-danas-protiv-spanije-za-bronzano-odlicje\/#primaryimage"},"thumbnailUrl":"https:\/\/dmcsrb.com\/wp-content\/uploads\/2026\/01\/Kadetkinje-MatchLens.webp","datePublished":"2025-08-10T09:38:00+00:00","author":{"@id":"https:\/\/dmcsrb.com\/#\/schema\/person\/5c39170f12db1b8b457732d0b5c854e2"},"breadcrumb":{"@id":"https:\/\/dmcsrb.com\/sport\/mlade-lavice-danas-protiv-spanije-za-bronzano-odlicje\/#breadcrumb"},"inLanguage":"en-GB","potentialAction":[{"@type":"ReadAction","target":["https:\/\/dmcsrb.com\/sport\/mlade-lavice-danas-protiv-spanije-za-bronzano-odlicje\/"]}]},{"@type":"ImageObject","inLanguage":"en-GB","@id":"https:\/\/dmcsrb.com\/sport\/mlade-lavice-danas-protiv-spanije-za-bronzano-odlicje\/#primaryimage","url":"https:\/\/dmcsrb.com\/wp-content\/uploads\/2026\/01\/Kadetkinje-MatchLens.webp","contentUrl":"https:\/\/dmcsrb.com\/wp-content\/uploads\/2026\/01\/Kadetkinje-MatchLens.webp","width":1280,"height":854},{"@type":"BreadcrumbList","@id":"https:\/\/dmcsrb.com\/sport\/mlade-lavice-danas-protiv-spanije-za-bronzano-odlicje\/#breadcrumb","itemListElement":[{"@type":"ListItem","position":1,"name":"Home","item":"https:\/\/dmcsrb.com\/"},{"@type":"ListItem","position":2,"name":"Mlade &#8220;lavice&#8221; danas protiv \u0160panije za bronzano odli\u010dje"}]},{"@type":"WebSite","@id":"https:\/\/dmcsrb.com\/#website","url":"https:\/\/dmcsrb.com\/","name":"dmcsrb.com","description":"","potentialAction":[{"@type":"SearchAction","target":{"@type":"EntryPoint","urlTemplate":"https:\/\/dmcsrb.com\/?s={search_term_string}"},"query-input":{"@type":"PropertyValueSpecification","valueRequired":true,"valueName":"search_term_string"}}],"inLanguage":"en-GB"},{"@type":"Person","@id":"https:\/\/dmcsrb.com\/#\/schema\/person\/5c39170f12db1b8b457732d0b5c854e2","name":"dmcsrbija.com@gmail.com","image":{"@type":"ImageObject","inLanguage":"en-GB","@id":"https:\/\/dmcsrb.com\/#\/schema\/person\/image\/","url":"https:\/\/secure.gravatar.com\/avatar\/68592660ad6347fad0fb587f8d5d8f1a7b44961362f56e4f2cd524feb87e9069?s=96&d=mm&r=g","contentUrl":"https:\/\/secure.gravatar.com\/avatar\/68592660ad6347fad0fb587f8d5d8f1a7b44961362f56e4f2cd524feb87e9069?s=96&d=mm&r=g","caption":"dmcsrbija.com@gmail.com"},"sameAs":["https:\/\/dmcsrb.com"],"url":"https:\/\/dmcsrb.com\/en\/author\/dmcsrbija-comgmail-com\/"}]}},"_links":{"self":[{"href":"https:\/\/dmcsrb.com\/en\/wp-json\/wp\/v2\/posts\/945379","targetHints":{"allow":["GET"]}}],"collection":[{"href":"https:\/\/dmcsrb.com\/en\/wp-json\/wp\/v2\/posts"}],"about":[{"href":"https:\/\/dmcsrb.com\/en\/wp-json\/wp\/v2\/types\/post"}],"author":[{"embeddable":true,"href":"https:\/\/dmcsrb.com\/en\/wp-json\/wp\/v2\/users\/1"}],"replies":[{"embeddable":true,"href":"https:\/\/dmcsrb.com\/en\/wp-json\/wp\/v2\/comments?post=945379"}],"version-history":[{"count":0,"href":"https:\/\/dmcsrb.com\/en\/wp-json\/wp\/v2\/posts\/945379\/revisions"}],"wp:featuredmedia":[{"embeddable":true,"href":"https:\/\/dmcsrb.com\/en\/wp-json\/wp\/v2\/media\/944297"}],"wp:attachment":[{"href":"https:\/\/dmcsrb.com\/en\/wp-json\/wp\/v2\/media?parent=945379"}],"wp:term":[{"taxonomy":"category","embeddable":true,"href":"https:\/\/dmcsrb.com\/en\/wp-json\/wp\/v2\/categories?post=945379"},{"taxonomy":"post_tag","embeddable":true,"href":"https:\/\/dmcsrb.com\/en\/wp-json\/wp\/v2\/tags?post=945379"},{"taxonomy":"naslovna","embeddable":true,"href":"https:\/\/dmcsrb.com\/en\/wp-json\/wp\/v2\/naslovna?post=945379"}],"curies":[{"name":"wp","href":"https:\/\/api.w.org\/{rel}","templated":true}]}}