{"id":945293,"date":"2025-08-09T20:44:00","date_gmt":"2025-08-09T18:44:00","guid":{"rendered":"https:\/\/dmcsrb.com\/uncategorized\/lukasenko-ne-planiram-se-kandidovati-za-jos-jedan-mandat-sin-me-nece-naslijediti\/"},"modified":"2025-08-09T20:44:00","modified_gmt":"2025-08-09T18:44:00","slug":"lukasenko-ne-planiram-se-kandidovati-za-jos-jedan-mandat-sin-me-nece-naslijediti","status":"publish","type":"post","link":"https:\/\/dmcsrb.com\/en\/svijet\/lukasenko-ne-planiram-se-kandidovati-za-jos-jedan-mandat-sin-me-nece-naslijediti\/","title":{"rendered":"Luka\u0161enko: Ne planiram se kandidovati za jo\u0161 jedan mandat, sin me ne\u0107e naslijediti"},"content":{"rendered":"<p><\/p>\n\n\n\n<p>On je u intervjuu za magazin Time kazao da ne planira tra\u017eiti reizbor te smatra kako njegov nasljednik treba nastaviti razvijati zemlju kako bi izbjegao bilo kakav revolucionarni slom.<\/p>\n\n\n\n<p>Ujedno je odbacio naga\u0111anja kako priprema svog sina Nikolaja da ga zamijeni.<\/p>\n\n\n\n<p>&#8220;Ne, on nije nasljednik. Znao sam da \u0107ete to pitati. Ne, ne, ne. Pitajte ga sami&#8221;, naglasio je Luka\u0161enko.<\/p>\n\n\n\n<p>Luka\u0161enka su opozicija i zapadne vlade optu\u017eile za izbornu kra\u0111u, ali se uspio odr\u017eati na vlasti.<\/p>\n\n\n\n<p>Njegovi protivnici su uglavnom napustili zemlju ili su zatvoreni. Grupe za ljudska prava ka\u017eu da je skoro 1.200 ljudi jo\u0161 uvijek iza re\u0161etaka, \u0161to Luka\u0161enko pori\u010de.<\/p>","protected":false},"excerpt":{"rendered":"<p>Predsjednik Bjelorusije Aleksandar Luka\u0161enko (70) izjavio je da se ne planira kandidovati za jo\u0161 jedan mandat.<\/p>","protected":false},"author":1,"featured_media":912326,"comment_status":"open","ping_status":"open","sticky":false,"template":"","format":"standard","meta":{"_acf_changed":false,"footnotes":""},"categories":[144],"tags":[2133,2134],"naslovna":[],"class_list":["post-945293","post","type-post","status-publish","format-standard","has-post-thumbnail","hentry","category-svijet","tag-aleksandar-lukasenko","tag-bjelorusija"],"acf":[],"yoast_head":"<!-- This site is optimized with the Yoast SEO plugin v27.4 - https:\/\/yoast.com\/product\/yoast-seo-wordpress\/ -->\n<title>Luka\u0161enko: Ne planiram se kandidovati za jo\u0161 jedan mandat, sin me ne\u0107e naslijediti - dmcsrb.com<\/title>\n<meta name=\"robots\" content=\"index, follow, max-snippet:-1, max-image-preview:large, max-video-preview:-1\" \/>\n<link rel=\"canonical\" href=\"https:\/\/dmcsrb.com\/en\/svijet\/lukasenko-ne-planiram-se-kandidovati-za-jos-jedan-mandat-sin-me-nece-naslijediti\/\" \/>\n<meta property=\"og:locale\" content=\"en_GB\" \/>\n<meta property=\"og:type\" content=\"article\" \/>\n<meta property=\"og:title\" content=\"Luka\u0161enko: Ne planiram se kandidovati za jo\u0161 jedan mandat, sin me ne\u0107e naslijediti - dmcsrb.com\" \/>\n<meta property=\"og:description\" content=\"Predsjednik Bjelorusije Aleksandar Luka\u0161enko (70) izjavio je da se ne planira kandidovati za jo\u0161 jedan mandat.\" \/>\n<meta property=\"og:url\" content=\"https:\/\/dmcsrb.com\/en\/svijet\/lukasenko-ne-planiram-se-kandidovati-za-jos-jedan-mandat-sin-me-nece-naslijediti\/\" \/>\n<meta property=\"og:site_name\" content=\"dmcsrb.com\" \/>\n<meta property=\"article:published_time\" content=\"2025-08-09T18:44:00+00:00\" \/>\n<meta property=\"og:image\" content=\"https:\/\/dmcsrb.com\/wp-content\/uploads\/2026\/01\/Lukasenko.jpg\" \/>\n\t<meta property=\"og:image:width\" content=\"691\" \/>\n\t<meta property=\"og:image:height\" content=\"354\" \/>\n\t<meta property=\"og:image:type\" content=\"image\/jpeg\" \/>\n<meta name=\"author\" content=\"dmcsrbija.com@gmail.com\" \/>\n<meta name=\"twitter:card\" content=\"summary_large_image\" \/>\n<meta name=\"twitter:label1\" content=\"Written by\" \/>\n\t<meta name=\"twitter:data1\" content=\"dmcsrbija.com@gmail.com\" \/>\n\t<meta name=\"twitter:label2\" content=\"Estimated reading time\" \/>\n\t<meta name=\"twitter:data2\" content=\"1 minute\" \/>\n<script type=\"application\/ld+json\" class=\"yoast-schema-graph\">{\"@context\":\"https:\\\/\\\/schema.org\",\"@graph\":[{\"@type\":\"Article\",\"@id\":\"https:\\\/\\\/dmcsrb.com\\\/svijet\\\/lukasenko-ne-planiram-se-kandidovati-za-jos-jedan-mandat-sin-me-nece-naslijediti\\\/#article\",\"isPartOf\":{\"@id\":\"https:\\\/\\\/dmcsrb.com\\\/svijet\\\/lukasenko-ne-planiram-se-kandidovati-za-jos-jedan-mandat-sin-me-nece-naslijediti\\\/\"},\"author\":{\"name\":\"dmcsrbija.com@gmail.com\",\"@id\":\"https:\\\/\\\/dmcsrb.com\\\/#\\\/schema\\\/person\\\/5c39170f12db1b8b457732d0b5c854e2\"},\"headline\":\"Luka\u0161enko: Ne planiram se kandidovati za jo\u0161 jedan mandat, sin me ne\u0107e naslijediti\",\"datePublished\":\"2025-08-09T18:44:00+00:00\",\"mainEntityOfPage\":{\"@id\":\"https:\\\/\\\/dmcsrb.com\\\/svijet\\\/lukasenko-ne-planiram-se-kandidovati-za-jos-jedan-mandat-sin-me-nece-naslijediti\\\/\"},\"wordCount\":127,\"commentCount\":0,\"image\":{\"@id\":\"https:\\\/\\\/dmcsrb.com\\\/svijet\\\/lukasenko-ne-planiram-se-kandidovati-za-jos-jedan-mandat-sin-me-nece-naslijediti\\\/#primaryimage\"},\"thumbnailUrl\":\"https:\\\/\\\/dmcsrb.com\\\/wp-content\\\/uploads\\\/2026\\\/01\\\/Lukasenko.jpg\",\"keywords\":[\"Aleksandar Luka\u0161enko\",\"Bjelorusija\"],\"articleSection\":[\"Svijet\"],\"inLanguage\":\"en-GB\",\"potentialAction\":[{\"@type\":\"CommentAction\",\"name\":\"Comment\",\"target\":[\"https:\\\/\\\/dmcsrb.com\\\/svijet\\\/lukasenko-ne-planiram-se-kandidovati-za-jos-jedan-mandat-sin-me-nece-naslijediti\\\/#respond\"]}]},{\"@type\":\"WebPage\",\"@id\":\"https:\\\/\\\/dmcsrb.com\\\/svijet\\\/lukasenko-ne-planiram-se-kandidovati-za-jos-jedan-mandat-sin-me-nece-naslijediti\\\/\",\"url\":\"https:\\\/\\\/dmcsrb.com\\\/svijet\\\/lukasenko-ne-planiram-se-kandidovati-za-jos-jedan-mandat-sin-me-nece-naslijediti\\\/\",\"name\":\"Luka\u0161enko: Ne planiram se kandidovati za jo\u0161 jedan mandat, sin me ne\u0107e naslijediti - dmcsrb.com\",\"isPartOf\":{\"@id\":\"https:\\\/\\\/dmcsrb.com\\\/#website\"},\"primaryImageOfPage\":{\"@id\":\"https:\\\/\\\/dmcsrb.com\\\/svijet\\\/lukasenko-ne-planiram-se-kandidovati-za-jos-jedan-mandat-sin-me-nece-naslijediti\\\/#primaryimage\"},\"image\":{\"@id\":\"https:\\\/\\\/dmcsrb.com\\\/svijet\\\/lukasenko-ne-planiram-se-kandidovati-za-jos-jedan-mandat-sin-me-nece-naslijediti\\\/#primaryimage\"},\"thumbnailUrl\":\"https:\\\/\\\/dmcsrb.com\\\/wp-content\\\/uploads\\\/2026\\\/01\\\/Lukasenko.jpg\",\"datePublished\":\"2025-08-09T18:44:00+00:00\",\"author\":{\"@id\":\"https:\\\/\\\/dmcsrb.com\\\/#\\\/schema\\\/person\\\/5c39170f12db1b8b457732d0b5c854e2\"},\"breadcrumb\":{\"@id\":\"https:\\\/\\\/dmcsrb.com\\\/svijet\\\/lukasenko-ne-planiram-se-kandidovati-za-jos-jedan-mandat-sin-me-nece-naslijediti\\\/#breadcrumb\"},\"inLanguage\":\"en-GB\",\"potentialAction\":[{\"@type\":\"ReadAction\",\"target\":[\"https:\\\/\\\/dmcsrb.com\\\/svijet\\\/lukasenko-ne-planiram-se-kandidovati-za-jos-jedan-mandat-sin-me-nece-naslijediti\\\/\"]}]},{\"@type\":\"ImageObject\",\"inLanguage\":\"en-GB\",\"@id\":\"https:\\\/\\\/dmcsrb.com\\\/svijet\\\/lukasenko-ne-planiram-se-kandidovati-za-jos-jedan-mandat-sin-me-nece-naslijediti\\\/#primaryimage\",\"url\":\"https:\\\/\\\/dmcsrb.com\\\/wp-content\\\/uploads\\\/2026\\\/01\\\/Lukasenko.jpg\",\"contentUrl\":\"https:\\\/\\\/dmcsrb.com\\\/wp-content\\\/uploads\\\/2026\\\/01\\\/Lukasenko.jpg\",\"width\":691,\"height\":354},{\"@type\":\"BreadcrumbList\",\"@id\":\"https:\\\/\\\/dmcsrb.com\\\/svijet\\\/lukasenko-ne-planiram-se-kandidovati-za-jos-jedan-mandat-sin-me-nece-naslijediti\\\/#breadcrumb\",\"itemListElement\":[{\"@type\":\"ListItem\",\"position\":1,\"name\":\"Home\",\"item\":\"https:\\\/\\\/dmcsrb.com\\\/\"},{\"@type\":\"ListItem\",\"position\":2,\"name\":\"Luka\u0161enko: Ne planiram se kandidovati za jo\u0161 jedan mandat, sin me ne\u0107e naslijediti\"}]},{\"@type\":\"WebSite\",\"@id\":\"https:\\\/\\\/dmcsrb.com\\\/#website\",\"url\":\"https:\\\/\\\/dmcsrb.com\\\/\",\"name\":\"dmcsrb.com\",\"description\":\"\",\"potentialAction\":[{\"@type\":\"SearchAction\",\"target\":{\"@type\":\"EntryPoint\",\"urlTemplate\":\"https:\\\/\\\/dmcsrb.com\\\/?s={search_term_string}\"},\"query-input\":{\"@type\":\"PropertyValueSpecification\",\"valueRequired\":true,\"valueName\":\"search_term_string\"}}],\"inLanguage\":\"en-GB\"},{\"@type\":\"Person\",\"@id\":\"https:\\\/\\\/dmcsrb.com\\\/#\\\/schema\\\/person\\\/5c39170f12db1b8b457732d0b5c854e2\",\"name\":\"dmcsrbija.com@gmail.com\",\"image\":{\"@type\":\"ImageObject\",\"inLanguage\":\"en-GB\",\"@id\":\"https:\\\/\\\/secure.gravatar.com\\\/avatar\\\/68592660ad6347fad0fb587f8d5d8f1a7b44961362f56e4f2cd524feb87e9069?s=96&d=mm&r=g\",\"url\":\"https:\\\/\\\/secure.gravatar.com\\\/avatar\\\/68592660ad6347fad0fb587f8d5d8f1a7b44961362f56e4f2cd524feb87e9069?s=96&d=mm&r=g\",\"contentUrl\":\"https:\\\/\\\/secure.gravatar.com\\\/avatar\\\/68592660ad6347fad0fb587f8d5d8f1a7b44961362f56e4f2cd524feb87e9069?s=96&d=mm&r=g\",\"caption\":\"dmcsrbija.com@gmail.com\"},\"sameAs\":[\"https:\\\/\\\/dmcsrb.com\"],\"url\":\"https:\\\/\\\/dmcsrb.com\\\/en\\\/author\\\/dmcsrbija-comgmail-com\\\/\"}]}<\/script>\n<!-- \/ Yoast SEO plugin. -->","yoast_head_json":{"title":"Luka\u0161enko: Ne planiram se kandidovati za jo\u0161 jedan mandat, sin me ne\u0107e naslijediti - dmcsrb.com","robots":{"index":"index","follow":"follow","max-snippet":"max-snippet:-1","max-image-preview":"max-image-preview:large","max-video-preview":"max-video-preview:-1"},"canonical":"https:\/\/dmcsrb.com\/en\/svijet\/lukasenko-ne-planiram-se-kandidovati-za-jos-jedan-mandat-sin-me-nece-naslijediti\/","og_locale":"en_GB","og_type":"article","og_title":"Luka\u0161enko: Ne planiram se kandidovati za jo\u0161 jedan mandat, sin me ne\u0107e naslijediti - dmcsrb.com","og_description":"Predsjednik Bjelorusije Aleksandar Luka\u0161enko (70) izjavio je da se ne planira kandidovati za jo\u0161 jedan mandat.","og_url":"https:\/\/dmcsrb.com\/en\/svijet\/lukasenko-ne-planiram-se-kandidovati-za-jos-jedan-mandat-sin-me-nece-naslijediti\/","og_site_name":"dmcsrb.com","article_published_time":"2025-08-09T18:44:00+00:00","og_image":[{"width":691,"height":354,"url":"https:\/\/dmcsrb.com\/wp-content\/uploads\/2026\/01\/Lukasenko.jpg","type":"image\/jpeg"}],"author":"dmcsrbija.com@gmail.com","twitter_card":"summary_large_image","twitter_misc":{"Written by":"dmcsrbija.com@gmail.com","Estimated reading time":"1 minute"},"schema":{"@context":"https:\/\/schema.org","@graph":[{"@type":"Article","@id":"https:\/\/dmcsrb.com\/svijet\/lukasenko-ne-planiram-se-kandidovati-za-jos-jedan-mandat-sin-me-nece-naslijediti\/#article","isPartOf":{"@id":"https:\/\/dmcsrb.com\/svijet\/lukasenko-ne-planiram-se-kandidovati-za-jos-jedan-mandat-sin-me-nece-naslijediti\/"},"author":{"name":"dmcsrbija.com@gmail.com","@id":"https:\/\/dmcsrb.com\/#\/schema\/person\/5c39170f12db1b8b457732d0b5c854e2"},"headline":"Luka\u0161enko: Ne planiram se kandidovati za jo\u0161 jedan mandat, sin me ne\u0107e naslijediti","datePublished":"2025-08-09T18:44:00+00:00","mainEntityOfPage":{"@id":"https:\/\/dmcsrb.com\/svijet\/lukasenko-ne-planiram-se-kandidovati-za-jos-jedan-mandat-sin-me-nece-naslijediti\/"},"wordCount":127,"commentCount":0,"image":{"@id":"https:\/\/dmcsrb.com\/svijet\/lukasenko-ne-planiram-se-kandidovati-za-jos-jedan-mandat-sin-me-nece-naslijediti\/#primaryimage"},"thumbnailUrl":"https:\/\/dmcsrb.com\/wp-content\/uploads\/2026\/01\/Lukasenko.jpg","keywords":["Aleksandar Luka\u0161enko","Bjelorusija"],"articleSection":["Svijet"],"inLanguage":"en-GB","potentialAction":[{"@type":"CommentAction","name":"Comment","target":["https:\/\/dmcsrb.com\/svijet\/lukasenko-ne-planiram-se-kandidovati-za-jos-jedan-mandat-sin-me-nece-naslijediti\/#respond"]}]},{"@type":"WebPage","@id":"https:\/\/dmcsrb.com\/svijet\/lukasenko-ne-planiram-se-kandidovati-za-jos-jedan-mandat-sin-me-nece-naslijediti\/","url":"https:\/\/dmcsrb.com\/svijet\/lukasenko-ne-planiram-se-kandidovati-za-jos-jedan-mandat-sin-me-nece-naslijediti\/","name":"Luka\u0161enko: Ne planiram se kandidovati za jo\u0161 jedan mandat, sin me ne\u0107e naslijediti - dmcsrb.com","isPartOf":{"@id":"https:\/\/dmcsrb.com\/#website"},"primaryImageOfPage":{"@id":"https:\/\/dmcsrb.com\/svijet\/lukasenko-ne-planiram-se-kandidovati-za-jos-jedan-mandat-sin-me-nece-naslijediti\/#primaryimage"},"image":{"@id":"https:\/\/dmcsrb.com\/svijet\/lukasenko-ne-planiram-se-kandidovati-za-jos-jedan-mandat-sin-me-nece-naslijediti\/#primaryimage"},"thumbnailUrl":"https:\/\/dmcsrb.com\/wp-content\/uploads\/2026\/01\/Lukasenko.jpg","datePublished":"2025-08-09T18:44:00+00:00","author":{"@id":"https:\/\/dmcsrb.com\/#\/schema\/person\/5c39170f12db1b8b457732d0b5c854e2"},"breadcrumb":{"@id":"https:\/\/dmcsrb.com\/svijet\/lukasenko-ne-planiram-se-kandidovati-za-jos-jedan-mandat-sin-me-nece-naslijediti\/#breadcrumb"},"inLanguage":"en-GB","potentialAction":[{"@type":"ReadAction","target":["https:\/\/dmcsrb.com\/svijet\/lukasenko-ne-planiram-se-kandidovati-za-jos-jedan-mandat-sin-me-nece-naslijediti\/"]}]},{"@type":"ImageObject","inLanguage":"en-GB","@id":"https:\/\/dmcsrb.com\/svijet\/lukasenko-ne-planiram-se-kandidovati-za-jos-jedan-mandat-sin-me-nece-naslijediti\/#primaryimage","url":"https:\/\/dmcsrb.com\/wp-content\/uploads\/2026\/01\/Lukasenko.jpg","contentUrl":"https:\/\/dmcsrb.com\/wp-content\/uploads\/2026\/01\/Lukasenko.jpg","width":691,"height":354},{"@type":"BreadcrumbList","@id":"https:\/\/dmcsrb.com\/svijet\/lukasenko-ne-planiram-se-kandidovati-za-jos-jedan-mandat-sin-me-nece-naslijediti\/#breadcrumb","itemListElement":[{"@type":"ListItem","position":1,"name":"Home","item":"https:\/\/dmcsrb.com\/"},{"@type":"ListItem","position":2,"name":"Luka\u0161enko: Ne planiram se kandidovati za jo\u0161 jedan mandat, sin me ne\u0107e naslijediti"}]},{"@type":"WebSite","@id":"https:\/\/dmcsrb.com\/#website","url":"https:\/\/dmcsrb.com\/","name":"dmcsrb.com","description":"","potentialAction":[{"@type":"SearchAction","target":{"@type":"EntryPoint","urlTemplate":"https:\/\/dmcsrb.com\/?s={search_term_string}"},"query-input":{"@type":"PropertyValueSpecification","valueRequired":true,"valueName":"search_term_string"}}],"inLanguage":"en-GB"},{"@type":"Person","@id":"https:\/\/dmcsrb.com\/#\/schema\/person\/5c39170f12db1b8b457732d0b5c854e2","name":"dmcsrbija.com@gmail.com","image":{"@type":"ImageObject","inLanguage":"en-GB","@id":"https:\/\/secure.gravatar.com\/avatar\/68592660ad6347fad0fb587f8d5d8f1a7b44961362f56e4f2cd524feb87e9069?s=96&d=mm&r=g","url":"https:\/\/secure.gravatar.com\/avatar\/68592660ad6347fad0fb587f8d5d8f1a7b44961362f56e4f2cd524feb87e9069?s=96&d=mm&r=g","contentUrl":"https:\/\/secure.gravatar.com\/avatar\/68592660ad6347fad0fb587f8d5d8f1a7b44961362f56e4f2cd524feb87e9069?s=96&d=mm&r=g","caption":"dmcsrbija.com@gmail.com"},"sameAs":["https:\/\/dmcsrb.com"],"url":"https:\/\/dmcsrb.com\/en\/author\/dmcsrbija-comgmail-com\/"}]}},"_links":{"self":[{"href":"https:\/\/dmcsrb.com\/en\/wp-json\/wp\/v2\/posts\/945293","targetHints":{"allow":["GET"]}}],"collection":[{"href":"https:\/\/dmcsrb.com\/en\/wp-json\/wp\/v2\/posts"}],"about":[{"href":"https:\/\/dmcsrb.com\/en\/wp-json\/wp\/v2\/types\/post"}],"author":[{"embeddable":true,"href":"https:\/\/dmcsrb.com\/en\/wp-json\/wp\/v2\/users\/1"}],"replies":[{"embeddable":true,"href":"https:\/\/dmcsrb.com\/en\/wp-json\/wp\/v2\/comments?post=945293"}],"version-history":[{"count":0,"href":"https:\/\/dmcsrb.com\/en\/wp-json\/wp\/v2\/posts\/945293\/revisions"}],"wp:featuredmedia":[{"embeddable":true,"href":"https:\/\/dmcsrb.com\/en\/wp-json\/wp\/v2\/media\/912326"}],"wp:attachment":[{"href":"https:\/\/dmcsrb.com\/en\/wp-json\/wp\/v2\/media?parent=945293"}],"wp:term":[{"taxonomy":"category","embeddable":true,"href":"https:\/\/dmcsrb.com\/en\/wp-json\/wp\/v2\/categories?post=945293"},{"taxonomy":"post_tag","embeddable":true,"href":"https:\/\/dmcsrb.com\/en\/wp-json\/wp\/v2\/tags?post=945293"},{"taxonomy":"naslovna","embeddable":true,"href":"https:\/\/dmcsrb.com\/en\/wp-json\/wp\/v2\/naslovna?post=945293"}],"curies":[{"name":"wp","href":"https:\/\/api.w.org\/{rel}","templated":true}]}}