{"id":945280,"date":"2025-08-09T19:35:00","date_gmt":"2025-08-09T17:35:00","guid":{"rendered":"https:\/\/dmcsrb.com\/uncategorized\/lokalni-izbori-u-sjevernoj-makedoniji-zakazani-za-19-oktobar\/"},"modified":"2025-08-09T19:35:00","modified_gmt":"2025-08-09T17:35:00","slug":"lokalni-izbori-u-sjevernoj-makedoniji-zakazani-za-19-oktobar","status":"publish","type":"post","link":"https:\/\/dmcsrb.com\/en\/region\/lokalni-izbori-u-sjevernoj-makedoniji-zakazani-za-19-oktobar\/","title":{"rendered":"Lokalni izbori u Sjevernoj Makedoniji zakazani za 19. oktobar"},"content":{"rendered":"<p><\/p>\n\n\n\n<p>Prvi krug izbora za gradona\u010delnike i odbornike u 80 op\u0161tina, kao i u gradu Skoplju, bi\u0107e odr\u017ean 19. oktobra, dok je drugi krug, u op\u0161tinama gdje pobjednik ne bude izabran u prvom krugu, zakazan za 2. novembar, prenosi makedonska Telma.<\/p>\n\n\n\n<p>Ga\u0161i je u pisanoj izjavi medijima istakao da tokom trajanja izborne kampanje, koja po\u010dinje 20 dana prije izbora, Sobranje ne\u0107e odr\u017eavati plenarne sjednice.<\/p>\n\n\n\n<p>&#8220;Ova odluka ima za cilj spre\u010davanje zloupotrebe skup\u0161tinske govornice u predizborne svrhe i omogu\u0107avanje poslanicima da se u potpunosti posvete komunikaciji s gra\u0111anima&#8221;, naveo je Ga\u0161i.<\/p>\n\n\n\n<p>On je naglasio da izbori nisu puka tehni\u010dka procedura, ve\u0107 su\u0161tina demokratije i izrazio o\u010dekivanje da \u0107e predstoje\u0107i izbori biti dokaz demokratske zrelosti, uz po\u0161tovanje pravila, dostojanstva i slobodne volje gra\u0111ana, bez pritisaka i manipulacija.<\/p>\n\n\n\n<p>&#8220;Upu\u0107ujem iskren poziv svim politi\u010dkim akterima i institucijama da poka\u017eu visok nivo politi\u010dke kulture, da se uzdr\u017ee od pritisaka, govora podjela i zloupotrebe javnih resursa u partijske svrhe. Izbori moraju biti usmjereni na gra\u0111ane, njihove stvarne potrebe i konkretna rje\u0161enja koja kandidati nude&#8221;, poru\u010dio je predsjednik Sobranja.<\/p>\n\n\n\n<p>U skladu sa Izbornim zakonikom, izbori su raspisani u zakonom propisanom roku od 70 do 90 dana prije njihovog odr\u017eavanja, a odlukom Ga\u0161ija, izabran je minimalni rok od 70 dana.<\/p>","protected":false},"excerpt":{"rendered":"<p>Predsjednik Sobranja, parlamenta Sjeverne Makedonije, Afrim Ga\u0161i raspisao je danas lokalne izbore na kojima \u0107e biti izabrani gradona\u010delnici i \u010dlanovi vije\u0107a svih 80 op\u0161tina i grada Skoplja.<\/p>","protected":false},"author":1,"featured_media":945281,"comment_status":"open","ping_status":"open","sticky":false,"template":"","format":"standard","meta":{"_acf_changed":false,"footnotes":""},"categories":[103],"tags":[814,2425],"naslovna":[],"class_list":["post-945280","post","type-post","status-publish","format-standard","has-post-thumbnail","hentry","category-region","tag-izbori","tag-sjeverna-makedonija"],"acf":[],"yoast_head":"<!-- This site is optimized with the Yoast SEO plugin v27.4 - https:\/\/yoast.com\/product\/yoast-seo-wordpress\/ -->\n<title>Lokalni izbori u Sjevernoj Makedoniji zakazani za 19. oktobar - dmcsrb.com<\/title>\n<meta name=\"robots\" content=\"index, follow, max-snippet:-1, max-image-preview:large, max-video-preview:-1\" \/>\n<link rel=\"canonical\" href=\"https:\/\/dmcsrb.com\/en\/region\/lokalni-izbori-u-sjevernoj-makedoniji-zakazani-za-19-oktobar\/\" \/>\n<meta property=\"og:locale\" content=\"en_GB\" \/>\n<meta property=\"og:type\" content=\"article\" \/>\n<meta property=\"og:title\" content=\"Lokalni izbori u Sjevernoj Makedoniji zakazani za 19. oktobar - dmcsrb.com\" \/>\n<meta property=\"og:description\" content=\"Predsjednik Sobranja, parlamenta Sjeverne Makedonije, Afrim Ga\u0161i raspisao je danas lokalne izbore na kojima \u0107e biti izabrani gradona\u010delnici i \u010dlanovi vije\u0107a svih 80 op\u0161tina i grada Skoplja.\" \/>\n<meta property=\"og:url\" content=\"https:\/\/dmcsrb.com\/en\/region\/lokalni-izbori-u-sjevernoj-makedoniji-zakazani-za-19-oktobar\/\" \/>\n<meta property=\"og:site_name\" content=\"dmcsrb.com\" \/>\n<meta property=\"article:published_time\" content=\"2025-08-09T17:35:00+00:00\" \/>\n<meta property=\"og:image\" content=\"https:\/\/dmcsrb.com\/wp-content\/uploads\/2026\/01\/Izbori-glasacka-kutija-foto-pixabay.webp\" \/>\n\t<meta property=\"og:image:width\" content=\"835\" \/>\n\t<meta property=\"og:image:height\" content=\"544\" \/>\n\t<meta property=\"og:image:type\" content=\"image\/jpeg\" \/>\n<meta name=\"author\" content=\"dmcsrbija.com@gmail.com\" \/>\n<meta name=\"twitter:card\" content=\"summary_large_image\" \/>\n<meta name=\"twitter:label1\" content=\"Written by\" \/>\n\t<meta name=\"twitter:data1\" content=\"dmcsrbija.com@gmail.com\" \/>\n\t<meta name=\"twitter:label2\" content=\"Estimated reading time\" \/>\n\t<meta name=\"twitter:data2\" content=\"1 minute\" \/>\n<script type=\"application\/ld+json\" class=\"yoast-schema-graph\">{\"@context\":\"https:\\\/\\\/schema.org\",\"@graph\":[{\"@type\":\"Article\",\"@id\":\"https:\\\/\\\/dmcsrb.com\\\/region\\\/lokalni-izbori-u-sjevernoj-makedoniji-zakazani-za-19-oktobar\\\/#article\",\"isPartOf\":{\"@id\":\"https:\\\/\\\/dmcsrb.com\\\/region\\\/lokalni-izbori-u-sjevernoj-makedoniji-zakazani-za-19-oktobar\\\/\"},\"author\":{\"name\":\"dmcsrbija.com@gmail.com\",\"@id\":\"https:\\\/\\\/dmcsrb.com\\\/#\\\/schema\\\/person\\\/5c39170f12db1b8b457732d0b5c854e2\"},\"headline\":\"Lokalni izbori u Sjevernoj Makedoniji zakazani za 19. oktobar\",\"datePublished\":\"2025-08-09T17:35:00+00:00\",\"mainEntityOfPage\":{\"@id\":\"https:\\\/\\\/dmcsrb.com\\\/region\\\/lokalni-izbori-u-sjevernoj-makedoniji-zakazani-za-19-oktobar\\\/\"},\"wordCount\":232,\"commentCount\":0,\"image\":{\"@id\":\"https:\\\/\\\/dmcsrb.com\\\/region\\\/lokalni-izbori-u-sjevernoj-makedoniji-zakazani-za-19-oktobar\\\/#primaryimage\"},\"thumbnailUrl\":\"https:\\\/\\\/dmcsrb.com\\\/wp-content\\\/uploads\\\/2026\\\/01\\\/Izbori-glasacka-kutija-foto-pixabay.webp\",\"keywords\":[\"Izbori\",\"Sjeverna Makedonija\"],\"articleSection\":[\"Region\"],\"inLanguage\":\"en-GB\",\"potentialAction\":[{\"@type\":\"CommentAction\",\"name\":\"Comment\",\"target\":[\"https:\\\/\\\/dmcsrb.com\\\/region\\\/lokalni-izbori-u-sjevernoj-makedoniji-zakazani-za-19-oktobar\\\/#respond\"]}]},{\"@type\":\"WebPage\",\"@id\":\"https:\\\/\\\/dmcsrb.com\\\/region\\\/lokalni-izbori-u-sjevernoj-makedoniji-zakazani-za-19-oktobar\\\/\",\"url\":\"https:\\\/\\\/dmcsrb.com\\\/region\\\/lokalni-izbori-u-sjevernoj-makedoniji-zakazani-za-19-oktobar\\\/\",\"name\":\"Lokalni izbori u Sjevernoj Makedoniji zakazani za 19. oktobar - dmcsrb.com\",\"isPartOf\":{\"@id\":\"https:\\\/\\\/dmcsrb.com\\\/#website\"},\"primaryImageOfPage\":{\"@id\":\"https:\\\/\\\/dmcsrb.com\\\/region\\\/lokalni-izbori-u-sjevernoj-makedoniji-zakazani-za-19-oktobar\\\/#primaryimage\"},\"image\":{\"@id\":\"https:\\\/\\\/dmcsrb.com\\\/region\\\/lokalni-izbori-u-sjevernoj-makedoniji-zakazani-za-19-oktobar\\\/#primaryimage\"},\"thumbnailUrl\":\"https:\\\/\\\/dmcsrb.com\\\/wp-content\\\/uploads\\\/2026\\\/01\\\/Izbori-glasacka-kutija-foto-pixabay.webp\",\"datePublished\":\"2025-08-09T17:35:00+00:00\",\"author\":{\"@id\":\"https:\\\/\\\/dmcsrb.com\\\/#\\\/schema\\\/person\\\/5c39170f12db1b8b457732d0b5c854e2\"},\"breadcrumb\":{\"@id\":\"https:\\\/\\\/dmcsrb.com\\\/region\\\/lokalni-izbori-u-sjevernoj-makedoniji-zakazani-za-19-oktobar\\\/#breadcrumb\"},\"inLanguage\":\"en-GB\",\"potentialAction\":[{\"@type\":\"ReadAction\",\"target\":[\"https:\\\/\\\/dmcsrb.com\\\/region\\\/lokalni-izbori-u-sjevernoj-makedoniji-zakazani-za-19-oktobar\\\/\"]}]},{\"@type\":\"ImageObject\",\"inLanguage\":\"en-GB\",\"@id\":\"https:\\\/\\\/dmcsrb.com\\\/region\\\/lokalni-izbori-u-sjevernoj-makedoniji-zakazani-za-19-oktobar\\\/#primaryimage\",\"url\":\"https:\\\/\\\/dmcsrb.com\\\/wp-content\\\/uploads\\\/2026\\\/01\\\/Izbori-glasacka-kutija-foto-pixabay.webp\",\"contentUrl\":\"https:\\\/\\\/dmcsrb.com\\\/wp-content\\\/uploads\\\/2026\\\/01\\\/Izbori-glasacka-kutija-foto-pixabay.webp\",\"width\":835,\"height\":544},{\"@type\":\"BreadcrumbList\",\"@id\":\"https:\\\/\\\/dmcsrb.com\\\/region\\\/lokalni-izbori-u-sjevernoj-makedoniji-zakazani-za-19-oktobar\\\/#breadcrumb\",\"itemListElement\":[{\"@type\":\"ListItem\",\"position\":1,\"name\":\"Home\",\"item\":\"https:\\\/\\\/dmcsrb.com\\\/\"},{\"@type\":\"ListItem\",\"position\":2,\"name\":\"Lokalni izbori u Sjevernoj Makedoniji zakazani za 19. oktobar\"}]},{\"@type\":\"WebSite\",\"@id\":\"https:\\\/\\\/dmcsrb.com\\\/#website\",\"url\":\"https:\\\/\\\/dmcsrb.com\\\/\",\"name\":\"dmcsrb.com\",\"description\":\"\",\"potentialAction\":[{\"@type\":\"SearchAction\",\"target\":{\"@type\":\"EntryPoint\",\"urlTemplate\":\"https:\\\/\\\/dmcsrb.com\\\/?s={search_term_string}\"},\"query-input\":{\"@type\":\"PropertyValueSpecification\",\"valueRequired\":true,\"valueName\":\"search_term_string\"}}],\"inLanguage\":\"en-GB\"},{\"@type\":\"Person\",\"@id\":\"https:\\\/\\\/dmcsrb.com\\\/#\\\/schema\\\/person\\\/5c39170f12db1b8b457732d0b5c854e2\",\"name\":\"dmcsrbija.com@gmail.com\",\"image\":{\"@type\":\"ImageObject\",\"inLanguage\":\"en-GB\",\"@id\":\"https:\\\/\\\/secure.gravatar.com\\\/avatar\\\/68592660ad6347fad0fb587f8d5d8f1a7b44961362f56e4f2cd524feb87e9069?s=96&d=mm&r=g\",\"url\":\"https:\\\/\\\/secure.gravatar.com\\\/avatar\\\/68592660ad6347fad0fb587f8d5d8f1a7b44961362f56e4f2cd524feb87e9069?s=96&d=mm&r=g\",\"contentUrl\":\"https:\\\/\\\/secure.gravatar.com\\\/avatar\\\/68592660ad6347fad0fb587f8d5d8f1a7b44961362f56e4f2cd524feb87e9069?s=96&d=mm&r=g\",\"caption\":\"dmcsrbija.com@gmail.com\"},\"sameAs\":[\"https:\\\/\\\/dmcsrb.com\"],\"url\":\"https:\\\/\\\/dmcsrb.com\\\/en\\\/author\\\/dmcsrbija-comgmail-com\\\/\"}]}<\/script>\n<!-- \/ Yoast SEO plugin. -->","yoast_head_json":{"title":"Lokalni izbori u Sjevernoj Makedoniji zakazani za 19. oktobar - dmcsrb.com","robots":{"index":"index","follow":"follow","max-snippet":"max-snippet:-1","max-image-preview":"max-image-preview:large","max-video-preview":"max-video-preview:-1"},"canonical":"https:\/\/dmcsrb.com\/en\/region\/lokalni-izbori-u-sjevernoj-makedoniji-zakazani-za-19-oktobar\/","og_locale":"en_GB","og_type":"article","og_title":"Lokalni izbori u Sjevernoj Makedoniji zakazani za 19. oktobar - dmcsrb.com","og_description":"Predsjednik Sobranja, parlamenta Sjeverne Makedonije, Afrim Ga\u0161i raspisao je danas lokalne izbore na kojima \u0107e biti izabrani gradona\u010delnici i \u010dlanovi vije\u0107a svih 80 op\u0161tina i grada Skoplja.","og_url":"https:\/\/dmcsrb.com\/en\/region\/lokalni-izbori-u-sjevernoj-makedoniji-zakazani-za-19-oktobar\/","og_site_name":"dmcsrb.com","article_published_time":"2025-08-09T17:35:00+00:00","og_image":[{"width":835,"height":544,"url":"https:\/\/dmcsrb.com\/wp-content\/uploads\/2026\/01\/Izbori-glasacka-kutija-foto-pixabay.webp","type":"image\/jpeg"}],"author":"dmcsrbija.com@gmail.com","twitter_card":"summary_large_image","twitter_misc":{"Written by":"dmcsrbija.com@gmail.com","Estimated reading time":"1 minute"},"schema":{"@context":"https:\/\/schema.org","@graph":[{"@type":"Article","@id":"https:\/\/dmcsrb.com\/region\/lokalni-izbori-u-sjevernoj-makedoniji-zakazani-za-19-oktobar\/#article","isPartOf":{"@id":"https:\/\/dmcsrb.com\/region\/lokalni-izbori-u-sjevernoj-makedoniji-zakazani-za-19-oktobar\/"},"author":{"name":"dmcsrbija.com@gmail.com","@id":"https:\/\/dmcsrb.com\/#\/schema\/person\/5c39170f12db1b8b457732d0b5c854e2"},"headline":"Lokalni izbori u Sjevernoj Makedoniji zakazani za 19. oktobar","datePublished":"2025-08-09T17:35:00+00:00","mainEntityOfPage":{"@id":"https:\/\/dmcsrb.com\/region\/lokalni-izbori-u-sjevernoj-makedoniji-zakazani-za-19-oktobar\/"},"wordCount":232,"commentCount":0,"image":{"@id":"https:\/\/dmcsrb.com\/region\/lokalni-izbori-u-sjevernoj-makedoniji-zakazani-za-19-oktobar\/#primaryimage"},"thumbnailUrl":"https:\/\/dmcsrb.com\/wp-content\/uploads\/2026\/01\/Izbori-glasacka-kutija-foto-pixabay.webp","keywords":["Izbori","Sjeverna Makedonija"],"articleSection":["Region"],"inLanguage":"en-GB","potentialAction":[{"@type":"CommentAction","name":"Comment","target":["https:\/\/dmcsrb.com\/region\/lokalni-izbori-u-sjevernoj-makedoniji-zakazani-za-19-oktobar\/#respond"]}]},{"@type":"WebPage","@id":"https:\/\/dmcsrb.com\/region\/lokalni-izbori-u-sjevernoj-makedoniji-zakazani-za-19-oktobar\/","url":"https:\/\/dmcsrb.com\/region\/lokalni-izbori-u-sjevernoj-makedoniji-zakazani-za-19-oktobar\/","name":"Lokalni izbori u Sjevernoj Makedoniji zakazani za 19. oktobar - dmcsrb.com","isPartOf":{"@id":"https:\/\/dmcsrb.com\/#website"},"primaryImageOfPage":{"@id":"https:\/\/dmcsrb.com\/region\/lokalni-izbori-u-sjevernoj-makedoniji-zakazani-za-19-oktobar\/#primaryimage"},"image":{"@id":"https:\/\/dmcsrb.com\/region\/lokalni-izbori-u-sjevernoj-makedoniji-zakazani-za-19-oktobar\/#primaryimage"},"thumbnailUrl":"https:\/\/dmcsrb.com\/wp-content\/uploads\/2026\/01\/Izbori-glasacka-kutija-foto-pixabay.webp","datePublished":"2025-08-09T17:35:00+00:00","author":{"@id":"https:\/\/dmcsrb.com\/#\/schema\/person\/5c39170f12db1b8b457732d0b5c854e2"},"breadcrumb":{"@id":"https:\/\/dmcsrb.com\/region\/lokalni-izbori-u-sjevernoj-makedoniji-zakazani-za-19-oktobar\/#breadcrumb"},"inLanguage":"en-GB","potentialAction":[{"@type":"ReadAction","target":["https:\/\/dmcsrb.com\/region\/lokalni-izbori-u-sjevernoj-makedoniji-zakazani-za-19-oktobar\/"]}]},{"@type":"ImageObject","inLanguage":"en-GB","@id":"https:\/\/dmcsrb.com\/region\/lokalni-izbori-u-sjevernoj-makedoniji-zakazani-za-19-oktobar\/#primaryimage","url":"https:\/\/dmcsrb.com\/wp-content\/uploads\/2026\/01\/Izbori-glasacka-kutija-foto-pixabay.webp","contentUrl":"https:\/\/dmcsrb.com\/wp-content\/uploads\/2026\/01\/Izbori-glasacka-kutija-foto-pixabay.webp","width":835,"height":544},{"@type":"BreadcrumbList","@id":"https:\/\/dmcsrb.com\/region\/lokalni-izbori-u-sjevernoj-makedoniji-zakazani-za-19-oktobar\/#breadcrumb","itemListElement":[{"@type":"ListItem","position":1,"name":"Home","item":"https:\/\/dmcsrb.com\/"},{"@type":"ListItem","position":2,"name":"Lokalni izbori u Sjevernoj Makedoniji zakazani za 19. oktobar"}]},{"@type":"WebSite","@id":"https:\/\/dmcsrb.com\/#website","url":"https:\/\/dmcsrb.com\/","name":"dmcsrb.com","description":"","potentialAction":[{"@type":"SearchAction","target":{"@type":"EntryPoint","urlTemplate":"https:\/\/dmcsrb.com\/?s={search_term_string}"},"query-input":{"@type":"PropertyValueSpecification","valueRequired":true,"valueName":"search_term_string"}}],"inLanguage":"en-GB"},{"@type":"Person","@id":"https:\/\/dmcsrb.com\/#\/schema\/person\/5c39170f12db1b8b457732d0b5c854e2","name":"dmcsrbija.com@gmail.com","image":{"@type":"ImageObject","inLanguage":"en-GB","@id":"https:\/\/secure.gravatar.com\/avatar\/68592660ad6347fad0fb587f8d5d8f1a7b44961362f56e4f2cd524feb87e9069?s=96&d=mm&r=g","url":"https:\/\/secure.gravatar.com\/avatar\/68592660ad6347fad0fb587f8d5d8f1a7b44961362f56e4f2cd524feb87e9069?s=96&d=mm&r=g","contentUrl":"https:\/\/secure.gravatar.com\/avatar\/68592660ad6347fad0fb587f8d5d8f1a7b44961362f56e4f2cd524feb87e9069?s=96&d=mm&r=g","caption":"dmcsrbija.com@gmail.com"},"sameAs":["https:\/\/dmcsrb.com"],"url":"https:\/\/dmcsrb.com\/en\/author\/dmcsrbija-comgmail-com\/"}]}},"_links":{"self":[{"href":"https:\/\/dmcsrb.com\/en\/wp-json\/wp\/v2\/posts\/945280","targetHints":{"allow":["GET"]}}],"collection":[{"href":"https:\/\/dmcsrb.com\/en\/wp-json\/wp\/v2\/posts"}],"about":[{"href":"https:\/\/dmcsrb.com\/en\/wp-json\/wp\/v2\/types\/post"}],"author":[{"embeddable":true,"href":"https:\/\/dmcsrb.com\/en\/wp-json\/wp\/v2\/users\/1"}],"replies":[{"embeddable":true,"href":"https:\/\/dmcsrb.com\/en\/wp-json\/wp\/v2\/comments?post=945280"}],"version-history":[{"count":0,"href":"https:\/\/dmcsrb.com\/en\/wp-json\/wp\/v2\/posts\/945280\/revisions"}],"wp:featuredmedia":[{"embeddable":true,"href":"https:\/\/dmcsrb.com\/en\/wp-json\/wp\/v2\/media\/945281"}],"wp:attachment":[{"href":"https:\/\/dmcsrb.com\/en\/wp-json\/wp\/v2\/media?parent=945280"}],"wp:term":[{"taxonomy":"category","embeddable":true,"href":"https:\/\/dmcsrb.com\/en\/wp-json\/wp\/v2\/categories?post=945280"},{"taxonomy":"post_tag","embeddable":true,"href":"https:\/\/dmcsrb.com\/en\/wp-json\/wp\/v2\/tags?post=945280"},{"taxonomy":"naslovna","embeddable":true,"href":"https:\/\/dmcsrb.com\/en\/wp-json\/wp\/v2\/naslovna?post=945280"}],"curies":[{"name":"wp","href":"https:\/\/api.w.org\/{rel}","templated":true}]}}