{"id":945271,"date":"2025-08-09T17:44:00","date_gmt":"2025-08-09T15:44:00","guid":{"rendered":"https:\/\/dmcsrb.com\/uncategorized\/crnogorke-85-na-svijetu-spanija-i-dalje-na-vrhu\/"},"modified":"2025-08-09T17:44:00","modified_gmt":"2025-08-09T15:44:00","slug":"crnogorke-85-na-svijetu-spanija-i-dalje-na-vrhu","status":"publish","type":"post","link":"https:\/\/dmcsrb.com\/en\/sport\/crnogorke-85-na-svijetu-spanija-i-dalje-na-vrhu\/","title":{"rendered":"Crnogorke 85. na svijetu, \u0160panija i dalje na vrhu"},"content":{"rendered":"<p>Uprkos istorijskom plasmanu u B diviziju Lige nacija ostvarenim u junu, izabranice Mirka Mari\u0107a i dalje \u010dekaju zna\u010dajniji skok u globalnom poretku. <\/p>\n\n\n\n<p>Na vrhu liste ostala je \u0160panija, iako je izgubila finale Evropskog prvenstva od Engleske koja je \u010detvrta, iza \u0160vedske i Sjedinjenih Ameri\u010dkih Dr\u017eava. Me\u0111u deset najboljih su jo\u0161 Njema\u010dka, Francuska, Brazil i Japan, dok iza Crne Gore na evropskoj listi stoji 16 selekcija.<\/p>\n\n\n\n<p><\/p>","protected":false},"excerpt":{"rendered":"<p>Crnogorska \u017eenska fudbalska reprezentacija nalazi se na 85. mjestu najnovije FIFA rang-liste, dok je na evropskom nivou pozicionirana kao 37. selekcija.<\/p>","protected":false},"author":1,"featured_media":945272,"comment_status":"open","ping_status":"open","sticky":false,"template":"","format":"standard","meta":{"_acf_changed":false,"footnotes":""},"categories":[148],"tags":[4050,11712],"naslovna":[],"class_list":["post-945271","post","type-post","status-publish","format-standard","has-post-thumbnail","hentry","category-sport","tag-fifa-rang-lista","tag-zenska-fudbalska-reprezentacija-crne-gore"],"acf":[],"yoast_head":"<!-- This site is optimized with the Yoast SEO plugin v27.4 - https:\/\/yoast.com\/product\/yoast-seo-wordpress\/ -->\n<title>Crnogorke 85. na svijetu, \u0160panija i dalje na vrhu - dmcsrb.com<\/title>\n<meta name=\"robots\" content=\"index, follow, max-snippet:-1, max-image-preview:large, max-video-preview:-1\" \/>\n<link rel=\"canonical\" href=\"https:\/\/dmcsrb.com\/en\/sport\/crnogorke-85-na-svijetu-spanija-i-dalje-na-vrhu\/\" \/>\n<meta property=\"og:locale\" content=\"en_GB\" \/>\n<meta property=\"og:type\" content=\"article\" \/>\n<meta property=\"og:title\" content=\"Crnogorke 85. na svijetu, \u0160panija i dalje na vrhu - dmcsrb.com\" \/>\n<meta property=\"og:description\" content=\"Crnogorska \u017eenska fudbalska reprezentacija nalazi se na 85. mjestu najnovije FIFA rang-liste, dok je na evropskom nivou pozicionirana kao 37. selekcija.\" \/>\n<meta property=\"og:url\" content=\"https:\/\/dmcsrb.com\/en\/sport\/crnogorke-85-na-svijetu-spanija-i-dalje-na-vrhu\/\" \/>\n<meta property=\"og:site_name\" content=\"dmcsrb.com\" \/>\n<meta property=\"article:published_time\" content=\"2025-08-09T15:44:00+00:00\" \/>\n<meta property=\"og:image\" content=\"https:\/\/dmcsrb.com\/wp-content\/uploads\/2026\/01\/Sokolice-grupna-FSCG.webp\" \/>\n\t<meta property=\"og:image:width\" content=\"1191\" \/>\n\t<meta property=\"og:image:height\" content=\"800\" \/>\n\t<meta property=\"og:image:type\" content=\"image\/jpeg\" \/>\n<meta name=\"author\" content=\"dmcsrbija.com@gmail.com\" \/>\n<meta name=\"twitter:card\" content=\"summary_large_image\" \/>\n<meta name=\"twitter:label1\" content=\"Written by\" \/>\n\t<meta name=\"twitter:data1\" content=\"dmcsrbija.com@gmail.com\" \/>\n<script type=\"application\/ld+json\" class=\"yoast-schema-graph\">{\"@context\":\"https:\\\/\\\/schema.org\",\"@graph\":[{\"@type\":\"Article\",\"@id\":\"https:\\\/\\\/dmcsrb.com\\\/sport\\\/crnogorke-85-na-svijetu-spanija-i-dalje-na-vrhu\\\/#article\",\"isPartOf\":{\"@id\":\"https:\\\/\\\/dmcsrb.com\\\/sport\\\/crnogorke-85-na-svijetu-spanija-i-dalje-na-vrhu\\\/\"},\"author\":{\"name\":\"dmcsrbija.com@gmail.com\",\"@id\":\"https:\\\/\\\/dmcsrb.com\\\/#\\\/schema\\\/person\\\/5c39170f12db1b8b457732d0b5c854e2\"},\"headline\":\"Crnogorke 85. na svijetu, \u0160panija i dalje na vrhu\",\"datePublished\":\"2025-08-09T15:44:00+00:00\",\"mainEntityOfPage\":{\"@id\":\"https:\\\/\\\/dmcsrb.com\\\/sport\\\/crnogorke-85-na-svijetu-spanija-i-dalje-na-vrhu\\\/\"},\"wordCount\":78,\"commentCount\":0,\"image\":{\"@id\":\"https:\\\/\\\/dmcsrb.com\\\/sport\\\/crnogorke-85-na-svijetu-spanija-i-dalje-na-vrhu\\\/#primaryimage\"},\"thumbnailUrl\":\"https:\\\/\\\/dmcsrb.com\\\/wp-content\\\/uploads\\\/2026\\\/01\\\/Sokolice-grupna-FSCG.webp\",\"keywords\":[\"FIFA rang lista\",\"\u017denska fudbalska reprezentacija Crne Gore\"],\"articleSection\":[\"Sport\"],\"inLanguage\":\"en-GB\",\"potentialAction\":[{\"@type\":\"CommentAction\",\"name\":\"Comment\",\"target\":[\"https:\\\/\\\/dmcsrb.com\\\/sport\\\/crnogorke-85-na-svijetu-spanija-i-dalje-na-vrhu\\\/#respond\"]}]},{\"@type\":\"WebPage\",\"@id\":\"https:\\\/\\\/dmcsrb.com\\\/sport\\\/crnogorke-85-na-svijetu-spanija-i-dalje-na-vrhu\\\/\",\"url\":\"https:\\\/\\\/dmcsrb.com\\\/sport\\\/crnogorke-85-na-svijetu-spanija-i-dalje-na-vrhu\\\/\",\"name\":\"Crnogorke 85. na svijetu, \u0160panija i dalje na vrhu - dmcsrb.com\",\"isPartOf\":{\"@id\":\"https:\\\/\\\/dmcsrb.com\\\/#website\"},\"primaryImageOfPage\":{\"@id\":\"https:\\\/\\\/dmcsrb.com\\\/sport\\\/crnogorke-85-na-svijetu-spanija-i-dalje-na-vrhu\\\/#primaryimage\"},\"image\":{\"@id\":\"https:\\\/\\\/dmcsrb.com\\\/sport\\\/crnogorke-85-na-svijetu-spanija-i-dalje-na-vrhu\\\/#primaryimage\"},\"thumbnailUrl\":\"https:\\\/\\\/dmcsrb.com\\\/wp-content\\\/uploads\\\/2026\\\/01\\\/Sokolice-grupna-FSCG.webp\",\"datePublished\":\"2025-08-09T15:44:00+00:00\",\"author\":{\"@id\":\"https:\\\/\\\/dmcsrb.com\\\/#\\\/schema\\\/person\\\/5c39170f12db1b8b457732d0b5c854e2\"},\"breadcrumb\":{\"@id\":\"https:\\\/\\\/dmcsrb.com\\\/sport\\\/crnogorke-85-na-svijetu-spanija-i-dalje-na-vrhu\\\/#breadcrumb\"},\"inLanguage\":\"en-GB\",\"potentialAction\":[{\"@type\":\"ReadAction\",\"target\":[\"https:\\\/\\\/dmcsrb.com\\\/sport\\\/crnogorke-85-na-svijetu-spanija-i-dalje-na-vrhu\\\/\"]}]},{\"@type\":\"ImageObject\",\"inLanguage\":\"en-GB\",\"@id\":\"https:\\\/\\\/dmcsrb.com\\\/sport\\\/crnogorke-85-na-svijetu-spanija-i-dalje-na-vrhu\\\/#primaryimage\",\"url\":\"https:\\\/\\\/dmcsrb.com\\\/wp-content\\\/uploads\\\/2026\\\/01\\\/Sokolice-grupna-FSCG.webp\",\"contentUrl\":\"https:\\\/\\\/dmcsrb.com\\\/wp-content\\\/uploads\\\/2026\\\/01\\\/Sokolice-grupna-FSCG.webp\",\"width\":1191,\"height\":800},{\"@type\":\"BreadcrumbList\",\"@id\":\"https:\\\/\\\/dmcsrb.com\\\/sport\\\/crnogorke-85-na-svijetu-spanija-i-dalje-na-vrhu\\\/#breadcrumb\",\"itemListElement\":[{\"@type\":\"ListItem\",\"position\":1,\"name\":\"Home\",\"item\":\"https:\\\/\\\/dmcsrb.com\\\/\"},{\"@type\":\"ListItem\",\"position\":2,\"name\":\"Crnogorke 85. na svijetu, \u0160panija i dalje na vrhu\"}]},{\"@type\":\"WebSite\",\"@id\":\"https:\\\/\\\/dmcsrb.com\\\/#website\",\"url\":\"https:\\\/\\\/dmcsrb.com\\\/\",\"name\":\"dmcsrb.com\",\"description\":\"\",\"potentialAction\":[{\"@type\":\"SearchAction\",\"target\":{\"@type\":\"EntryPoint\",\"urlTemplate\":\"https:\\\/\\\/dmcsrb.com\\\/?s={search_term_string}\"},\"query-input\":{\"@type\":\"PropertyValueSpecification\",\"valueRequired\":true,\"valueName\":\"search_term_string\"}}],\"inLanguage\":\"en-GB\"},{\"@type\":\"Person\",\"@id\":\"https:\\\/\\\/dmcsrb.com\\\/#\\\/schema\\\/person\\\/5c39170f12db1b8b457732d0b5c854e2\",\"name\":\"dmcsrbija.com@gmail.com\",\"image\":{\"@type\":\"ImageObject\",\"inLanguage\":\"en-GB\",\"@id\":\"https:\\\/\\\/secure.gravatar.com\\\/avatar\\\/68592660ad6347fad0fb587f8d5d8f1a7b44961362f56e4f2cd524feb87e9069?s=96&d=mm&r=g\",\"url\":\"https:\\\/\\\/secure.gravatar.com\\\/avatar\\\/68592660ad6347fad0fb587f8d5d8f1a7b44961362f56e4f2cd524feb87e9069?s=96&d=mm&r=g\",\"contentUrl\":\"https:\\\/\\\/secure.gravatar.com\\\/avatar\\\/68592660ad6347fad0fb587f8d5d8f1a7b44961362f56e4f2cd524feb87e9069?s=96&d=mm&r=g\",\"caption\":\"dmcsrbija.com@gmail.com\"},\"sameAs\":[\"https:\\\/\\\/dmcsrb.com\"],\"url\":\"https:\\\/\\\/dmcsrb.com\\\/en\\\/author\\\/dmcsrbija-comgmail-com\\\/\"}]}<\/script>\n<!-- \/ Yoast SEO plugin. -->","yoast_head_json":{"title":"Crnogorke 85. na svijetu, \u0160panija i dalje na vrhu - dmcsrb.com","robots":{"index":"index","follow":"follow","max-snippet":"max-snippet:-1","max-image-preview":"max-image-preview:large","max-video-preview":"max-video-preview:-1"},"canonical":"https:\/\/dmcsrb.com\/en\/sport\/crnogorke-85-na-svijetu-spanija-i-dalje-na-vrhu\/","og_locale":"en_GB","og_type":"article","og_title":"Crnogorke 85. na svijetu, \u0160panija i dalje na vrhu - dmcsrb.com","og_description":"Crnogorska \u017eenska fudbalska reprezentacija nalazi se na 85. mjestu najnovije FIFA rang-liste, dok je na evropskom nivou pozicionirana kao 37. selekcija.","og_url":"https:\/\/dmcsrb.com\/en\/sport\/crnogorke-85-na-svijetu-spanija-i-dalje-na-vrhu\/","og_site_name":"dmcsrb.com","article_published_time":"2025-08-09T15:44:00+00:00","og_image":[{"width":1191,"height":800,"url":"https:\/\/dmcsrb.com\/wp-content\/uploads\/2026\/01\/Sokolice-grupna-FSCG.webp","type":"image\/jpeg"}],"author":"dmcsrbija.com@gmail.com","twitter_card":"summary_large_image","twitter_misc":{"Written by":"dmcsrbija.com@gmail.com"},"schema":{"@context":"https:\/\/schema.org","@graph":[{"@type":"Article","@id":"https:\/\/dmcsrb.com\/sport\/crnogorke-85-na-svijetu-spanija-i-dalje-na-vrhu\/#article","isPartOf":{"@id":"https:\/\/dmcsrb.com\/sport\/crnogorke-85-na-svijetu-spanija-i-dalje-na-vrhu\/"},"author":{"name":"dmcsrbija.com@gmail.com","@id":"https:\/\/dmcsrb.com\/#\/schema\/person\/5c39170f12db1b8b457732d0b5c854e2"},"headline":"Crnogorke 85. na svijetu, \u0160panija i dalje na vrhu","datePublished":"2025-08-09T15:44:00+00:00","mainEntityOfPage":{"@id":"https:\/\/dmcsrb.com\/sport\/crnogorke-85-na-svijetu-spanija-i-dalje-na-vrhu\/"},"wordCount":78,"commentCount":0,"image":{"@id":"https:\/\/dmcsrb.com\/sport\/crnogorke-85-na-svijetu-spanija-i-dalje-na-vrhu\/#primaryimage"},"thumbnailUrl":"https:\/\/dmcsrb.com\/wp-content\/uploads\/2026\/01\/Sokolice-grupna-FSCG.webp","keywords":["FIFA rang lista","\u017denska fudbalska reprezentacija Crne Gore"],"articleSection":["Sport"],"inLanguage":"en-GB","potentialAction":[{"@type":"CommentAction","name":"Comment","target":["https:\/\/dmcsrb.com\/sport\/crnogorke-85-na-svijetu-spanija-i-dalje-na-vrhu\/#respond"]}]},{"@type":"WebPage","@id":"https:\/\/dmcsrb.com\/sport\/crnogorke-85-na-svijetu-spanija-i-dalje-na-vrhu\/","url":"https:\/\/dmcsrb.com\/sport\/crnogorke-85-na-svijetu-spanija-i-dalje-na-vrhu\/","name":"Crnogorke 85. na svijetu, \u0160panija i dalje na vrhu - dmcsrb.com","isPartOf":{"@id":"https:\/\/dmcsrb.com\/#website"},"primaryImageOfPage":{"@id":"https:\/\/dmcsrb.com\/sport\/crnogorke-85-na-svijetu-spanija-i-dalje-na-vrhu\/#primaryimage"},"image":{"@id":"https:\/\/dmcsrb.com\/sport\/crnogorke-85-na-svijetu-spanija-i-dalje-na-vrhu\/#primaryimage"},"thumbnailUrl":"https:\/\/dmcsrb.com\/wp-content\/uploads\/2026\/01\/Sokolice-grupna-FSCG.webp","datePublished":"2025-08-09T15:44:00+00:00","author":{"@id":"https:\/\/dmcsrb.com\/#\/schema\/person\/5c39170f12db1b8b457732d0b5c854e2"},"breadcrumb":{"@id":"https:\/\/dmcsrb.com\/sport\/crnogorke-85-na-svijetu-spanija-i-dalje-na-vrhu\/#breadcrumb"},"inLanguage":"en-GB","potentialAction":[{"@type":"ReadAction","target":["https:\/\/dmcsrb.com\/sport\/crnogorke-85-na-svijetu-spanija-i-dalje-na-vrhu\/"]}]},{"@type":"ImageObject","inLanguage":"en-GB","@id":"https:\/\/dmcsrb.com\/sport\/crnogorke-85-na-svijetu-spanija-i-dalje-na-vrhu\/#primaryimage","url":"https:\/\/dmcsrb.com\/wp-content\/uploads\/2026\/01\/Sokolice-grupna-FSCG.webp","contentUrl":"https:\/\/dmcsrb.com\/wp-content\/uploads\/2026\/01\/Sokolice-grupna-FSCG.webp","width":1191,"height":800},{"@type":"BreadcrumbList","@id":"https:\/\/dmcsrb.com\/sport\/crnogorke-85-na-svijetu-spanija-i-dalje-na-vrhu\/#breadcrumb","itemListElement":[{"@type":"ListItem","position":1,"name":"Home","item":"https:\/\/dmcsrb.com\/"},{"@type":"ListItem","position":2,"name":"Crnogorke 85. na svijetu, \u0160panija i dalje na vrhu"}]},{"@type":"WebSite","@id":"https:\/\/dmcsrb.com\/#website","url":"https:\/\/dmcsrb.com\/","name":"dmcsrb.com","description":"","potentialAction":[{"@type":"SearchAction","target":{"@type":"EntryPoint","urlTemplate":"https:\/\/dmcsrb.com\/?s={search_term_string}"},"query-input":{"@type":"PropertyValueSpecification","valueRequired":true,"valueName":"search_term_string"}}],"inLanguage":"en-GB"},{"@type":"Person","@id":"https:\/\/dmcsrb.com\/#\/schema\/person\/5c39170f12db1b8b457732d0b5c854e2","name":"dmcsrbija.com@gmail.com","image":{"@type":"ImageObject","inLanguage":"en-GB","@id":"https:\/\/secure.gravatar.com\/avatar\/68592660ad6347fad0fb587f8d5d8f1a7b44961362f56e4f2cd524feb87e9069?s=96&d=mm&r=g","url":"https:\/\/secure.gravatar.com\/avatar\/68592660ad6347fad0fb587f8d5d8f1a7b44961362f56e4f2cd524feb87e9069?s=96&d=mm&r=g","contentUrl":"https:\/\/secure.gravatar.com\/avatar\/68592660ad6347fad0fb587f8d5d8f1a7b44961362f56e4f2cd524feb87e9069?s=96&d=mm&r=g","caption":"dmcsrbija.com@gmail.com"},"sameAs":["https:\/\/dmcsrb.com"],"url":"https:\/\/dmcsrb.com\/en\/author\/dmcsrbija-comgmail-com\/"}]}},"_links":{"self":[{"href":"https:\/\/dmcsrb.com\/en\/wp-json\/wp\/v2\/posts\/945271","targetHints":{"allow":["GET"]}}],"collection":[{"href":"https:\/\/dmcsrb.com\/en\/wp-json\/wp\/v2\/posts"}],"about":[{"href":"https:\/\/dmcsrb.com\/en\/wp-json\/wp\/v2\/types\/post"}],"author":[{"embeddable":true,"href":"https:\/\/dmcsrb.com\/en\/wp-json\/wp\/v2\/users\/1"}],"replies":[{"embeddable":true,"href":"https:\/\/dmcsrb.com\/en\/wp-json\/wp\/v2\/comments?post=945271"}],"version-history":[{"count":0,"href":"https:\/\/dmcsrb.com\/en\/wp-json\/wp\/v2\/posts\/945271\/revisions"}],"wp:featuredmedia":[{"embeddable":true,"href":"https:\/\/dmcsrb.com\/en\/wp-json\/wp\/v2\/media\/945272"}],"wp:attachment":[{"href":"https:\/\/dmcsrb.com\/en\/wp-json\/wp\/v2\/media?parent=945271"}],"wp:term":[{"taxonomy":"category","embeddable":true,"href":"https:\/\/dmcsrb.com\/en\/wp-json\/wp\/v2\/categories?post=945271"},{"taxonomy":"post_tag","embeddable":true,"href":"https:\/\/dmcsrb.com\/en\/wp-json\/wp\/v2\/tags?post=945271"},{"taxonomy":"naslovna","embeddable":true,"href":"https:\/\/dmcsrb.com\/en\/wp-json\/wp\/v2\/naslovna?post=945271"}],"curies":[{"name":"wp","href":"https:\/\/api.w.org\/{rel}","templated":true}]}}