{"id":945255,"date":"2025-08-09T15:39:00","date_gmt":"2025-08-09T13:39:00","guid":{"rendered":"https:\/\/dmcsrb.com\/uncategorized\/popovic-tuzilastvo-da-procesuira-metodija\/"},"modified":"2025-08-09T15:39:00","modified_gmt":"2025-08-09T13:39:00","slug":"popovic-tuzilastvo-da-procesuira-metodija","status":"publish","type":"post","link":"https:\/\/dmcsrb.com\/en\/politika\/popovic-tuzilastvo-da-procesuira-metodija\/","title":{"rendered":"Popovi\u0107: Tu\u017eila\u0161tvo da procesuira Metodija"},"content":{"rendered":"<p><\/p>\n\n\n\n<p>Ona je pozvala Vrhovnog dr\u017eavnog tu\u017eioca, Milorada Markovi\u0107a, da se pozabavi navedenim doga\u0111ajima i ispita da li je djelovanje episkopa budimljansko-nik\u0161i\u0107kog, Metodija, ispunilo elemente bi\u0107a krivi\u010dnog djela iz \u010dlana 370 KZ Izazivanja nacionalne, rasne i vjerske mr\u017enje.<\/p>\n\n\n\n<p>&#8220;Tako\u0111e, pozivamo nadle\u017eno tu\u017eila\u0161tvo da se preispitaju i ostale okolnosti koje se odnose na navedeni doga\u0111aj, a koji se ti\u010du intoniranja himne druge dr\u017eave na javnom skupu, a tu\u017eila\u0161tvo je du\u017eno da istra\u017ei i ko je jo\u0161 pomagao Dobra\u0161inovi\u0107u u vr\u0161enju krivi\u010dnog djela. Javnost mora da zna ko je izradio navedeni spomenik, kako je dopremljen u beransko selo Gornje Zaostro i ko je radio postament na kojem je spomenik bio izlo\u017een&#8221;, kazala je Popovi\u0107.<\/p>\n\n\n\n<p>Isti\u010de da samo temeljna istraga i procesuiranja svih odgovornih za navedeni slu\u010daj dove\u0161\u0107e do toga da se ovakva i sli\u010dna postupanja sprije\u010de u budu\u0107nosti.<\/p>","protected":false},"excerpt":{"rendered":"<p>Doga\u0111aji u posljednjih nekoliko dana, u kojima su slavljeni ratni zlo\u010dinci i \u010detni\u010dki kolja\u010di, zahtijevaju hitnu reakciju nadle\u017enih dr\u017eavnih organa koji svojom efikasnom reakcijom moraju dovesti do prevencije svih budu\u0107ih i sli\u010dnih nauma bilo kojeg pojedinca ili organizacije koja djeluje u Crnoj Gori, kazala je portparolka DPS-a i poslanica u Skup\u0161tini Crne Gore, Sonja Popovi\u0107.<\/p>","protected":false},"author":1,"featured_media":945256,"comment_status":"open","ping_status":"open","sticky":false,"template":"","format":"standard","meta":{"_acf_changed":false,"footnotes":""},"categories":[12],"tags":[17207,780],"naslovna":[],"class_list":["post-945255","post","type-post","status-publish","format-standard","has-post-thumbnail","hentry","category-politika","tag-episkop-metodije","tag-sonja-popovic"],"acf":[],"yoast_head":"<!-- This site is optimized with the Yoast SEO plugin v27.4 - https:\/\/yoast.com\/product\/yoast-seo-wordpress\/ -->\n<title>Popovi\u0107: Tu\u017eila\u0161tvo da procesuira Metodija - dmcsrb.com<\/title>\n<meta name=\"robots\" content=\"index, follow, max-snippet:-1, max-image-preview:large, max-video-preview:-1\" \/>\n<link rel=\"canonical\" href=\"https:\/\/dmcsrb.com\/en\/politika\/popovic-tuzilastvo-da-procesuira-metodija\/\" \/>\n<meta property=\"og:locale\" content=\"en_GB\" \/>\n<meta property=\"og:type\" content=\"article\" \/>\n<meta property=\"og:title\" content=\"Popovi\u0107: Tu\u017eila\u0161tvo da procesuira Metodija - dmcsrb.com\" \/>\n<meta property=\"og:description\" content=\"Doga\u0111aji u posljednjih nekoliko dana, u kojima su slavljeni ratni zlo\u010dinci i \u010detni\u010dki kolja\u010di, zahtijevaju hitnu reakciju nadle\u017enih dr\u017eavnih organa koji svojom efikasnom reakcijom moraju dovesti do prevencije svih budu\u0107ih i sli\u010dnih nauma bilo kojeg pojedinca ili organizacije koja djeluje u Crnoj Gori, kazala je portparolka DPS-a i poslanica u Skup\u0161tini Crne Gore, Sonja Popovi\u0107.\" \/>\n<meta property=\"og:url\" content=\"https:\/\/dmcsrb.com\/en\/politika\/popovic-tuzilastvo-da-procesuira-metodija\/\" \/>\n<meta property=\"og:site_name\" content=\"dmcsrb.com\" \/>\n<meta property=\"article:published_time\" content=\"2025-08-09T13:39:00+00:00\" \/>\n<meta property=\"og:image\" content=\"https:\/\/dmcsrb.com\/wp-content\/uploads\/2026\/01\/sonja-popovic.webp\" \/>\n\t<meta property=\"og:image:width\" content=\"1000\" \/>\n\t<meta property=\"og:image:height\" content=\"555\" \/>\n\t<meta property=\"og:image:type\" content=\"image\/jpeg\" \/>\n<meta name=\"author\" content=\"dmcsrbija.com@gmail.com\" \/>\n<meta name=\"twitter:card\" content=\"summary_large_image\" \/>\n<meta name=\"twitter:label1\" content=\"Written by\" \/>\n\t<meta name=\"twitter:data1\" content=\"dmcsrbija.com@gmail.com\" \/>\n\t<meta name=\"twitter:label2\" content=\"Estimated reading time\" \/>\n\t<meta name=\"twitter:data2\" content=\"1 minute\" \/>\n<script type=\"application\/ld+json\" class=\"yoast-schema-graph\">{\"@context\":\"https:\\\/\\\/schema.org\",\"@graph\":[{\"@type\":\"Article\",\"@id\":\"https:\\\/\\\/dmcsrb.com\\\/politika\\\/popovic-tuzilastvo-da-procesuira-metodija\\\/#article\",\"isPartOf\":{\"@id\":\"https:\\\/\\\/dmcsrb.com\\\/politika\\\/popovic-tuzilastvo-da-procesuira-metodija\\\/\"},\"author\":{\"name\":\"dmcsrbija.com@gmail.com\",\"@id\":\"https:\\\/\\\/dmcsrb.com\\\/#\\\/schema\\\/person\\\/5c39170f12db1b8b457732d0b5c854e2\"},\"headline\":\"Popovi\u0107: Tu\u017eila\u0161tvo da procesuira Metodija\",\"datePublished\":\"2025-08-09T13:39:00+00:00\",\"mainEntityOfPage\":{\"@id\":\"https:\\\/\\\/dmcsrb.com\\\/politika\\\/popovic-tuzilastvo-da-procesuira-metodija\\\/\"},\"wordCount\":172,\"commentCount\":0,\"image\":{\"@id\":\"https:\\\/\\\/dmcsrb.com\\\/politika\\\/popovic-tuzilastvo-da-procesuira-metodija\\\/#primaryimage\"},\"thumbnailUrl\":\"https:\\\/\\\/dmcsrb.com\\\/wp-content\\\/uploads\\\/2026\\\/01\\\/sonja-popovic.webp\",\"keywords\":[\"Episkop Metodije\",\"Sonja Popovi\u0107\"],\"articleSection\":[\"Politika\"],\"inLanguage\":\"en-GB\",\"potentialAction\":[{\"@type\":\"CommentAction\",\"name\":\"Comment\",\"target\":[\"https:\\\/\\\/dmcsrb.com\\\/politika\\\/popovic-tuzilastvo-da-procesuira-metodija\\\/#respond\"]}]},{\"@type\":\"WebPage\",\"@id\":\"https:\\\/\\\/dmcsrb.com\\\/politika\\\/popovic-tuzilastvo-da-procesuira-metodija\\\/\",\"url\":\"https:\\\/\\\/dmcsrb.com\\\/politika\\\/popovic-tuzilastvo-da-procesuira-metodija\\\/\",\"name\":\"Popovi\u0107: Tu\u017eila\u0161tvo da procesuira Metodija - dmcsrb.com\",\"isPartOf\":{\"@id\":\"https:\\\/\\\/dmcsrb.com\\\/#website\"},\"primaryImageOfPage\":{\"@id\":\"https:\\\/\\\/dmcsrb.com\\\/politika\\\/popovic-tuzilastvo-da-procesuira-metodija\\\/#primaryimage\"},\"image\":{\"@id\":\"https:\\\/\\\/dmcsrb.com\\\/politika\\\/popovic-tuzilastvo-da-procesuira-metodija\\\/#primaryimage\"},\"thumbnailUrl\":\"https:\\\/\\\/dmcsrb.com\\\/wp-content\\\/uploads\\\/2026\\\/01\\\/sonja-popovic.webp\",\"datePublished\":\"2025-08-09T13:39:00+00:00\",\"author\":{\"@id\":\"https:\\\/\\\/dmcsrb.com\\\/#\\\/schema\\\/person\\\/5c39170f12db1b8b457732d0b5c854e2\"},\"breadcrumb\":{\"@id\":\"https:\\\/\\\/dmcsrb.com\\\/politika\\\/popovic-tuzilastvo-da-procesuira-metodija\\\/#breadcrumb\"},\"inLanguage\":\"en-GB\",\"potentialAction\":[{\"@type\":\"ReadAction\",\"target\":[\"https:\\\/\\\/dmcsrb.com\\\/politika\\\/popovic-tuzilastvo-da-procesuira-metodija\\\/\"]}]},{\"@type\":\"ImageObject\",\"inLanguage\":\"en-GB\",\"@id\":\"https:\\\/\\\/dmcsrb.com\\\/politika\\\/popovic-tuzilastvo-da-procesuira-metodija\\\/#primaryimage\",\"url\":\"https:\\\/\\\/dmcsrb.com\\\/wp-content\\\/uploads\\\/2026\\\/01\\\/sonja-popovic.webp\",\"contentUrl\":\"https:\\\/\\\/dmcsrb.com\\\/wp-content\\\/uploads\\\/2026\\\/01\\\/sonja-popovic.webp\",\"width\":1000,\"height\":555},{\"@type\":\"BreadcrumbList\",\"@id\":\"https:\\\/\\\/dmcsrb.com\\\/politika\\\/popovic-tuzilastvo-da-procesuira-metodija\\\/#breadcrumb\",\"itemListElement\":[{\"@type\":\"ListItem\",\"position\":1,\"name\":\"Home\",\"item\":\"https:\\\/\\\/dmcsrb.com\\\/\"},{\"@type\":\"ListItem\",\"position\":2,\"name\":\"Popovi\u0107: Tu\u017eila\u0161tvo da procesuira Metodija\"}]},{\"@type\":\"WebSite\",\"@id\":\"https:\\\/\\\/dmcsrb.com\\\/#website\",\"url\":\"https:\\\/\\\/dmcsrb.com\\\/\",\"name\":\"dmcsrb.com\",\"description\":\"\",\"potentialAction\":[{\"@type\":\"SearchAction\",\"target\":{\"@type\":\"EntryPoint\",\"urlTemplate\":\"https:\\\/\\\/dmcsrb.com\\\/?s={search_term_string}\"},\"query-input\":{\"@type\":\"PropertyValueSpecification\",\"valueRequired\":true,\"valueName\":\"search_term_string\"}}],\"inLanguage\":\"en-GB\"},{\"@type\":\"Person\",\"@id\":\"https:\\\/\\\/dmcsrb.com\\\/#\\\/schema\\\/person\\\/5c39170f12db1b8b457732d0b5c854e2\",\"name\":\"dmcsrbija.com@gmail.com\",\"image\":{\"@type\":\"ImageObject\",\"inLanguage\":\"en-GB\",\"@id\":\"https:\\\/\\\/secure.gravatar.com\\\/avatar\\\/68592660ad6347fad0fb587f8d5d8f1a7b44961362f56e4f2cd524feb87e9069?s=96&d=mm&r=g\",\"url\":\"https:\\\/\\\/secure.gravatar.com\\\/avatar\\\/68592660ad6347fad0fb587f8d5d8f1a7b44961362f56e4f2cd524feb87e9069?s=96&d=mm&r=g\",\"contentUrl\":\"https:\\\/\\\/secure.gravatar.com\\\/avatar\\\/68592660ad6347fad0fb587f8d5d8f1a7b44961362f56e4f2cd524feb87e9069?s=96&d=mm&r=g\",\"caption\":\"dmcsrbija.com@gmail.com\"},\"sameAs\":[\"https:\\\/\\\/dmcsrb.com\"],\"url\":\"https:\\\/\\\/dmcsrb.com\\\/en\\\/author\\\/dmcsrbija-comgmail-com\\\/\"}]}<\/script>\n<!-- \/ Yoast SEO plugin. -->","yoast_head_json":{"title":"Popovi\u0107: Tu\u017eila\u0161tvo da procesuira Metodija - dmcsrb.com","robots":{"index":"index","follow":"follow","max-snippet":"max-snippet:-1","max-image-preview":"max-image-preview:large","max-video-preview":"max-video-preview:-1"},"canonical":"https:\/\/dmcsrb.com\/en\/politika\/popovic-tuzilastvo-da-procesuira-metodija\/","og_locale":"en_GB","og_type":"article","og_title":"Popovi\u0107: Tu\u017eila\u0161tvo da procesuira Metodija - dmcsrb.com","og_description":"Doga\u0111aji u posljednjih nekoliko dana, u kojima su slavljeni ratni zlo\u010dinci i \u010detni\u010dki kolja\u010di, zahtijevaju hitnu reakciju nadle\u017enih dr\u017eavnih organa koji svojom efikasnom reakcijom moraju dovesti do prevencije svih budu\u0107ih i sli\u010dnih nauma bilo kojeg pojedinca ili organizacije koja djeluje u Crnoj Gori, kazala je portparolka DPS-a i poslanica u Skup\u0161tini Crne Gore, Sonja Popovi\u0107.","og_url":"https:\/\/dmcsrb.com\/en\/politika\/popovic-tuzilastvo-da-procesuira-metodija\/","og_site_name":"dmcsrb.com","article_published_time":"2025-08-09T13:39:00+00:00","og_image":[{"width":1000,"height":555,"url":"https:\/\/dmcsrb.com\/wp-content\/uploads\/2026\/01\/sonja-popovic.webp","type":"image\/jpeg"}],"author":"dmcsrbija.com@gmail.com","twitter_card":"summary_large_image","twitter_misc":{"Written by":"dmcsrbija.com@gmail.com","Estimated reading time":"1 minute"},"schema":{"@context":"https:\/\/schema.org","@graph":[{"@type":"Article","@id":"https:\/\/dmcsrb.com\/politika\/popovic-tuzilastvo-da-procesuira-metodija\/#article","isPartOf":{"@id":"https:\/\/dmcsrb.com\/politika\/popovic-tuzilastvo-da-procesuira-metodija\/"},"author":{"name":"dmcsrbija.com@gmail.com","@id":"https:\/\/dmcsrb.com\/#\/schema\/person\/5c39170f12db1b8b457732d0b5c854e2"},"headline":"Popovi\u0107: Tu\u017eila\u0161tvo da procesuira Metodija","datePublished":"2025-08-09T13:39:00+00:00","mainEntityOfPage":{"@id":"https:\/\/dmcsrb.com\/politika\/popovic-tuzilastvo-da-procesuira-metodija\/"},"wordCount":172,"commentCount":0,"image":{"@id":"https:\/\/dmcsrb.com\/politika\/popovic-tuzilastvo-da-procesuira-metodija\/#primaryimage"},"thumbnailUrl":"https:\/\/dmcsrb.com\/wp-content\/uploads\/2026\/01\/sonja-popovic.webp","keywords":["Episkop Metodije","Sonja Popovi\u0107"],"articleSection":["Politika"],"inLanguage":"en-GB","potentialAction":[{"@type":"CommentAction","name":"Comment","target":["https:\/\/dmcsrb.com\/politika\/popovic-tuzilastvo-da-procesuira-metodija\/#respond"]}]},{"@type":"WebPage","@id":"https:\/\/dmcsrb.com\/politika\/popovic-tuzilastvo-da-procesuira-metodija\/","url":"https:\/\/dmcsrb.com\/politika\/popovic-tuzilastvo-da-procesuira-metodija\/","name":"Popovi\u0107: Tu\u017eila\u0161tvo da procesuira Metodija - dmcsrb.com","isPartOf":{"@id":"https:\/\/dmcsrb.com\/#website"},"primaryImageOfPage":{"@id":"https:\/\/dmcsrb.com\/politika\/popovic-tuzilastvo-da-procesuira-metodija\/#primaryimage"},"image":{"@id":"https:\/\/dmcsrb.com\/politika\/popovic-tuzilastvo-da-procesuira-metodija\/#primaryimage"},"thumbnailUrl":"https:\/\/dmcsrb.com\/wp-content\/uploads\/2026\/01\/sonja-popovic.webp","datePublished":"2025-08-09T13:39:00+00:00","author":{"@id":"https:\/\/dmcsrb.com\/#\/schema\/person\/5c39170f12db1b8b457732d0b5c854e2"},"breadcrumb":{"@id":"https:\/\/dmcsrb.com\/politika\/popovic-tuzilastvo-da-procesuira-metodija\/#breadcrumb"},"inLanguage":"en-GB","potentialAction":[{"@type":"ReadAction","target":["https:\/\/dmcsrb.com\/politika\/popovic-tuzilastvo-da-procesuira-metodija\/"]}]},{"@type":"ImageObject","inLanguage":"en-GB","@id":"https:\/\/dmcsrb.com\/politika\/popovic-tuzilastvo-da-procesuira-metodija\/#primaryimage","url":"https:\/\/dmcsrb.com\/wp-content\/uploads\/2026\/01\/sonja-popovic.webp","contentUrl":"https:\/\/dmcsrb.com\/wp-content\/uploads\/2026\/01\/sonja-popovic.webp","width":1000,"height":555},{"@type":"BreadcrumbList","@id":"https:\/\/dmcsrb.com\/politika\/popovic-tuzilastvo-da-procesuira-metodija\/#breadcrumb","itemListElement":[{"@type":"ListItem","position":1,"name":"Home","item":"https:\/\/dmcsrb.com\/"},{"@type":"ListItem","position":2,"name":"Popovi\u0107: Tu\u017eila\u0161tvo da procesuira Metodija"}]},{"@type":"WebSite","@id":"https:\/\/dmcsrb.com\/#website","url":"https:\/\/dmcsrb.com\/","name":"dmcsrb.com","description":"","potentialAction":[{"@type":"SearchAction","target":{"@type":"EntryPoint","urlTemplate":"https:\/\/dmcsrb.com\/?s={search_term_string}"},"query-input":{"@type":"PropertyValueSpecification","valueRequired":true,"valueName":"search_term_string"}}],"inLanguage":"en-GB"},{"@type":"Person","@id":"https:\/\/dmcsrb.com\/#\/schema\/person\/5c39170f12db1b8b457732d0b5c854e2","name":"dmcsrbija.com@gmail.com","image":{"@type":"ImageObject","inLanguage":"en-GB","@id":"https:\/\/secure.gravatar.com\/avatar\/68592660ad6347fad0fb587f8d5d8f1a7b44961362f56e4f2cd524feb87e9069?s=96&d=mm&r=g","url":"https:\/\/secure.gravatar.com\/avatar\/68592660ad6347fad0fb587f8d5d8f1a7b44961362f56e4f2cd524feb87e9069?s=96&d=mm&r=g","contentUrl":"https:\/\/secure.gravatar.com\/avatar\/68592660ad6347fad0fb587f8d5d8f1a7b44961362f56e4f2cd524feb87e9069?s=96&d=mm&r=g","caption":"dmcsrbija.com@gmail.com"},"sameAs":["https:\/\/dmcsrb.com"],"url":"https:\/\/dmcsrb.com\/en\/author\/dmcsrbija-comgmail-com\/"}]}},"_links":{"self":[{"href":"https:\/\/dmcsrb.com\/en\/wp-json\/wp\/v2\/posts\/945255","targetHints":{"allow":["GET"]}}],"collection":[{"href":"https:\/\/dmcsrb.com\/en\/wp-json\/wp\/v2\/posts"}],"about":[{"href":"https:\/\/dmcsrb.com\/en\/wp-json\/wp\/v2\/types\/post"}],"author":[{"embeddable":true,"href":"https:\/\/dmcsrb.com\/en\/wp-json\/wp\/v2\/users\/1"}],"replies":[{"embeddable":true,"href":"https:\/\/dmcsrb.com\/en\/wp-json\/wp\/v2\/comments?post=945255"}],"version-history":[{"count":0,"href":"https:\/\/dmcsrb.com\/en\/wp-json\/wp\/v2\/posts\/945255\/revisions"}],"wp:featuredmedia":[{"embeddable":true,"href":"https:\/\/dmcsrb.com\/en\/wp-json\/wp\/v2\/media\/945256"}],"wp:attachment":[{"href":"https:\/\/dmcsrb.com\/en\/wp-json\/wp\/v2\/media?parent=945255"}],"wp:term":[{"taxonomy":"category","embeddable":true,"href":"https:\/\/dmcsrb.com\/en\/wp-json\/wp\/v2\/categories?post=945255"},{"taxonomy":"post_tag","embeddable":true,"href":"https:\/\/dmcsrb.com\/en\/wp-json\/wp\/v2\/tags?post=945255"},{"taxonomy":"naslovna","embeddable":true,"href":"https:\/\/dmcsrb.com\/en\/wp-json\/wp\/v2\/naslovna?post=945255"}],"curies":[{"name":"wp","href":"https:\/\/api.w.org\/{rel}","templated":true}]}}