{"id":945235,"date":"2025-08-09T14:00:00","date_gmt":"2025-08-09T12:00:00","guid":{"rendered":"https:\/\/dmcsrb.com\/uncategorized\/denis-hot-gost-dnevnika-na-gradskoj\/"},"modified":"2025-08-09T14:00:00","modified_gmt":"2025-08-09T12:00:00","slug":"denis-hot-gost-dnevnika-na-gradskoj","status":"publish","type":"post","link":"https:\/\/dmcsrb.com\/en\/podgorica\/denis-hot-gost-dnevnika-na-gradskoj\/","title":{"rendered":"Denis Hot gost Dnevnika na Gradskoj"},"content":{"rendered":"<p><\/p>\n\n\n\n<p>Vlada je nedavno usvojila dopune uredbe o metodologiji odre\u0111ivanja cijena komunalnih usluga, o \u010demu \u0107emo razgovarati se direktorom ovog gradskog preduze\u0107a.<\/p>\n\n\n\n<p>Hot je u vi\u0161e navrata govorio da sada\u0161nje cijene usluga ovog preduze\u0107a ugro\u017eavaju njegovo funkcionisanje. On je objasnio da \u010cisto\u0107a ne mo\u017ee da pove\u0107a cijene usluga, ve\u0107 da to zavisi od nadle\u017enog ministarstva koje propisuje regulativu.<\/p>","protected":false},"excerpt":{"rendered":"<p>Izvr\u0161ni direktor gradskog preduze\u0107a &#8220;\u010cisto\u0107a&#8221;, Denis Hot, bi\u0107e gost ve\u010dera\u0161njeg Dnevnika na Gradskoj TV.<\/p>","protected":false},"author":1,"featured_media":945236,"comment_status":"open","ping_status":"open","sticky":false,"template":"","format":"standard","meta":{"_acf_changed":false,"footnotes":""},"categories":[56],"tags":[206,5661,17204],"naslovna":[],"class_list":["post-945235","post","type-post","status-publish","format-standard","has-post-thumbnail","hentry","category-podgorica","tag-denis-hot","tag-gp-cistoca-2","tag-gradska-tv"],"acf":[],"yoast_head":"<!-- This site is optimized with the Yoast SEO plugin v27.0 - https:\/\/yoast.com\/product\/yoast-seo-wordpress\/ -->\n<title>Denis Hot gost Dnevnika na Gradskoj - dmcsrb.com<\/title>\n<meta name=\"robots\" content=\"index, follow, max-snippet:-1, max-image-preview:large, max-video-preview:-1\" \/>\n<link rel=\"canonical\" href=\"https:\/\/dmcsrb.com\/en\/podgorica\/denis-hot-gost-dnevnika-na-gradskoj\/\" \/>\n<meta property=\"og:locale\" content=\"en_GB\" \/>\n<meta property=\"og:type\" content=\"article\" \/>\n<meta property=\"og:title\" content=\"Denis Hot gost Dnevnika na Gradskoj - dmcsrb.com\" \/>\n<meta property=\"og:description\" content=\"Izvr\u0161ni direktor gradskog preduze\u0107a &quot;\u010cisto\u0107a&quot;, Denis Hot, bi\u0107e gost ve\u010dera\u0161njeg Dnevnika na Gradskoj TV.\" \/>\n<meta property=\"og:url\" content=\"https:\/\/dmcsrb.com\/en\/podgorica\/denis-hot-gost-dnevnika-na-gradskoj\/\" \/>\n<meta property=\"og:site_name\" content=\"dmcsrb.com\" \/>\n<meta property=\"article:published_time\" content=\"2025-08-09T12:00:00+00:00\" \/>\n<meta property=\"og:image\" content=\"https:\/\/dmcsrb.com\/wp-content\/uploads\/2026\/01\/Denis-Hot-Cistoca-foto-gradski-me.webp\" \/>\n\t<meta property=\"og:image:width\" content=\"958\" \/>\n\t<meta property=\"og:image:height\" content=\"598\" \/>\n\t<meta property=\"og:image:type\" content=\"image\/jpeg\" \/>\n<meta name=\"author\" content=\"dmcsrbija.com@gmail.com\" \/>\n<meta name=\"twitter:card\" content=\"summary_large_image\" \/>\n<meta name=\"twitter:label1\" content=\"Written by\" \/>\n\t<meta name=\"twitter:data1\" content=\"dmcsrbija.com@gmail.com\" \/>\n<script type=\"application\/ld+json\" class=\"yoast-schema-graph\">{\"@context\":\"https:\/\/schema.org\",\"@graph\":[{\"@type\":\"Article\",\"@id\":\"https:\/\/dmcsrb.com\/podgorica\/denis-hot-gost-dnevnika-na-gradskoj\/#article\",\"isPartOf\":{\"@id\":\"https:\/\/dmcsrb.com\/podgorica\/denis-hot-gost-dnevnika-na-gradskoj\/\"},\"author\":{\"name\":\"dmcsrbija.com@gmail.com\",\"@id\":\"https:\/\/dmcsrb.com\/#\/schema\/person\/5c39170f12db1b8b457732d0b5c854e2\"},\"headline\":\"Denis Hot gost Dnevnika na Gradskoj\",\"datePublished\":\"2025-08-09T12:00:00+00:00\",\"mainEntityOfPage\":{\"@id\":\"https:\/\/dmcsrb.com\/podgorica\/denis-hot-gost-dnevnika-na-gradskoj\/\"},\"wordCount\":73,\"commentCount\":0,\"image\":{\"@id\":\"https:\/\/dmcsrb.com\/podgorica\/denis-hot-gost-dnevnika-na-gradskoj\/#primaryimage\"},\"thumbnailUrl\":\"https:\/\/dmcsrb.com\/wp-content\/uploads\/2026\/01\/Denis-Hot-Cistoca-foto-gradski-me.webp\",\"keywords\":[\"Denis Hot\",\"GP \u010cisto\u0107a\",\"Gradska TV\"],\"articleSection\":[\"Podgorica\"],\"inLanguage\":\"en-GB\",\"potentialAction\":[{\"@type\":\"CommentAction\",\"name\":\"Comment\",\"target\":[\"https:\/\/dmcsrb.com\/podgorica\/denis-hot-gost-dnevnika-na-gradskoj\/#respond\"]}]},{\"@type\":\"WebPage\",\"@id\":\"https:\/\/dmcsrb.com\/podgorica\/denis-hot-gost-dnevnika-na-gradskoj\/\",\"url\":\"https:\/\/dmcsrb.com\/podgorica\/denis-hot-gost-dnevnika-na-gradskoj\/\",\"name\":\"Denis Hot gost Dnevnika na Gradskoj - dmcsrb.com\",\"isPartOf\":{\"@id\":\"https:\/\/dmcsrb.com\/#website\"},\"primaryImageOfPage\":{\"@id\":\"https:\/\/dmcsrb.com\/podgorica\/denis-hot-gost-dnevnika-na-gradskoj\/#primaryimage\"},\"image\":{\"@id\":\"https:\/\/dmcsrb.com\/podgorica\/denis-hot-gost-dnevnika-na-gradskoj\/#primaryimage\"},\"thumbnailUrl\":\"https:\/\/dmcsrb.com\/wp-content\/uploads\/2026\/01\/Denis-Hot-Cistoca-foto-gradski-me.webp\",\"datePublished\":\"2025-08-09T12:00:00+00:00\",\"author\":{\"@id\":\"https:\/\/dmcsrb.com\/#\/schema\/person\/5c39170f12db1b8b457732d0b5c854e2\"},\"breadcrumb\":{\"@id\":\"https:\/\/dmcsrb.com\/podgorica\/denis-hot-gost-dnevnika-na-gradskoj\/#breadcrumb\"},\"inLanguage\":\"en-GB\",\"potentialAction\":[{\"@type\":\"ReadAction\",\"target\":[\"https:\/\/dmcsrb.com\/podgorica\/denis-hot-gost-dnevnika-na-gradskoj\/\"]}]},{\"@type\":\"ImageObject\",\"inLanguage\":\"en-GB\",\"@id\":\"https:\/\/dmcsrb.com\/podgorica\/denis-hot-gost-dnevnika-na-gradskoj\/#primaryimage\",\"url\":\"https:\/\/dmcsrb.com\/wp-content\/uploads\/2026\/01\/Denis-Hot-Cistoca-foto-gradski-me.webp\",\"contentUrl\":\"https:\/\/dmcsrb.com\/wp-content\/uploads\/2026\/01\/Denis-Hot-Cistoca-foto-gradski-me.webp\",\"width\":958,\"height\":598},{\"@type\":\"BreadcrumbList\",\"@id\":\"https:\/\/dmcsrb.com\/podgorica\/denis-hot-gost-dnevnika-na-gradskoj\/#breadcrumb\",\"itemListElement\":[{\"@type\":\"ListItem\",\"position\":1,\"name\":\"Home\",\"item\":\"https:\/\/dmcsrb.com\/\"},{\"@type\":\"ListItem\",\"position\":2,\"name\":\"Denis Hot gost Dnevnika na Gradskoj\"}]},{\"@type\":\"WebSite\",\"@id\":\"https:\/\/dmcsrb.com\/#website\",\"url\":\"https:\/\/dmcsrb.com\/\",\"name\":\"dmcsrb.com\",\"description\":\"\",\"potentialAction\":[{\"@type\":\"SearchAction\",\"target\":{\"@type\":\"EntryPoint\",\"urlTemplate\":\"https:\/\/dmcsrb.com\/?s={search_term_string}\"},\"query-input\":{\"@type\":\"PropertyValueSpecification\",\"valueRequired\":true,\"valueName\":\"search_term_string\"}}],\"inLanguage\":\"en-GB\"},{\"@type\":\"Person\",\"@id\":\"https:\/\/dmcsrb.com\/#\/schema\/person\/5c39170f12db1b8b457732d0b5c854e2\",\"name\":\"dmcsrbija.com@gmail.com\",\"image\":{\"@type\":\"ImageObject\",\"inLanguage\":\"en-GB\",\"@id\":\"https:\/\/dmcsrb.com\/#\/schema\/person\/image\/\",\"url\":\"https:\/\/secure.gravatar.com\/avatar\/68592660ad6347fad0fb587f8d5d8f1a7b44961362f56e4f2cd524feb87e9069?s=96&d=mm&r=g\",\"contentUrl\":\"https:\/\/secure.gravatar.com\/avatar\/68592660ad6347fad0fb587f8d5d8f1a7b44961362f56e4f2cd524feb87e9069?s=96&d=mm&r=g\",\"caption\":\"dmcsrbija.com@gmail.com\"},\"sameAs\":[\"https:\/\/dmcsrb.com\"],\"url\":\"https:\/\/dmcsrb.com\/en\/author\/dmcsrbija-comgmail-com\/\"}]}<\/script>\n<!-- \/ Yoast SEO plugin. -->","yoast_head_json":{"title":"Denis Hot gost Dnevnika na Gradskoj - dmcsrb.com","robots":{"index":"index","follow":"follow","max-snippet":"max-snippet:-1","max-image-preview":"max-image-preview:large","max-video-preview":"max-video-preview:-1"},"canonical":"https:\/\/dmcsrb.com\/en\/podgorica\/denis-hot-gost-dnevnika-na-gradskoj\/","og_locale":"en_GB","og_type":"article","og_title":"Denis Hot gost Dnevnika na Gradskoj - dmcsrb.com","og_description":"Izvr\u0161ni direktor gradskog preduze\u0107a \"\u010cisto\u0107a\", Denis Hot, bi\u0107e gost ve\u010dera\u0161njeg Dnevnika na Gradskoj TV.","og_url":"https:\/\/dmcsrb.com\/en\/podgorica\/denis-hot-gost-dnevnika-na-gradskoj\/","og_site_name":"dmcsrb.com","article_published_time":"2025-08-09T12:00:00+00:00","og_image":[{"width":958,"height":598,"url":"https:\/\/dmcsrb.com\/wp-content\/uploads\/2026\/01\/Denis-Hot-Cistoca-foto-gradski-me.webp","type":"image\/jpeg"}],"author":"dmcsrbija.com@gmail.com","twitter_card":"summary_large_image","twitter_misc":{"Written by":"dmcsrbija.com@gmail.com"},"schema":{"@context":"https:\/\/schema.org","@graph":[{"@type":"Article","@id":"https:\/\/dmcsrb.com\/podgorica\/denis-hot-gost-dnevnika-na-gradskoj\/#article","isPartOf":{"@id":"https:\/\/dmcsrb.com\/podgorica\/denis-hot-gost-dnevnika-na-gradskoj\/"},"author":{"name":"dmcsrbija.com@gmail.com","@id":"https:\/\/dmcsrb.com\/#\/schema\/person\/5c39170f12db1b8b457732d0b5c854e2"},"headline":"Denis Hot gost Dnevnika na Gradskoj","datePublished":"2025-08-09T12:00:00+00:00","mainEntityOfPage":{"@id":"https:\/\/dmcsrb.com\/podgorica\/denis-hot-gost-dnevnika-na-gradskoj\/"},"wordCount":73,"commentCount":0,"image":{"@id":"https:\/\/dmcsrb.com\/podgorica\/denis-hot-gost-dnevnika-na-gradskoj\/#primaryimage"},"thumbnailUrl":"https:\/\/dmcsrb.com\/wp-content\/uploads\/2026\/01\/Denis-Hot-Cistoca-foto-gradski-me.webp","keywords":["Denis Hot","GP \u010cisto\u0107a","Gradska TV"],"articleSection":["Podgorica"],"inLanguage":"en-GB","potentialAction":[{"@type":"CommentAction","name":"Comment","target":["https:\/\/dmcsrb.com\/podgorica\/denis-hot-gost-dnevnika-na-gradskoj\/#respond"]}]},{"@type":"WebPage","@id":"https:\/\/dmcsrb.com\/podgorica\/denis-hot-gost-dnevnika-na-gradskoj\/","url":"https:\/\/dmcsrb.com\/podgorica\/denis-hot-gost-dnevnika-na-gradskoj\/","name":"Denis Hot gost Dnevnika na Gradskoj - dmcsrb.com","isPartOf":{"@id":"https:\/\/dmcsrb.com\/#website"},"primaryImageOfPage":{"@id":"https:\/\/dmcsrb.com\/podgorica\/denis-hot-gost-dnevnika-na-gradskoj\/#primaryimage"},"image":{"@id":"https:\/\/dmcsrb.com\/podgorica\/denis-hot-gost-dnevnika-na-gradskoj\/#primaryimage"},"thumbnailUrl":"https:\/\/dmcsrb.com\/wp-content\/uploads\/2026\/01\/Denis-Hot-Cistoca-foto-gradski-me.webp","datePublished":"2025-08-09T12:00:00+00:00","author":{"@id":"https:\/\/dmcsrb.com\/#\/schema\/person\/5c39170f12db1b8b457732d0b5c854e2"},"breadcrumb":{"@id":"https:\/\/dmcsrb.com\/podgorica\/denis-hot-gost-dnevnika-na-gradskoj\/#breadcrumb"},"inLanguage":"en-GB","potentialAction":[{"@type":"ReadAction","target":["https:\/\/dmcsrb.com\/podgorica\/denis-hot-gost-dnevnika-na-gradskoj\/"]}]},{"@type":"ImageObject","inLanguage":"en-GB","@id":"https:\/\/dmcsrb.com\/podgorica\/denis-hot-gost-dnevnika-na-gradskoj\/#primaryimage","url":"https:\/\/dmcsrb.com\/wp-content\/uploads\/2026\/01\/Denis-Hot-Cistoca-foto-gradski-me.webp","contentUrl":"https:\/\/dmcsrb.com\/wp-content\/uploads\/2026\/01\/Denis-Hot-Cistoca-foto-gradski-me.webp","width":958,"height":598},{"@type":"BreadcrumbList","@id":"https:\/\/dmcsrb.com\/podgorica\/denis-hot-gost-dnevnika-na-gradskoj\/#breadcrumb","itemListElement":[{"@type":"ListItem","position":1,"name":"Home","item":"https:\/\/dmcsrb.com\/"},{"@type":"ListItem","position":2,"name":"Denis Hot gost Dnevnika na Gradskoj"}]},{"@type":"WebSite","@id":"https:\/\/dmcsrb.com\/#website","url":"https:\/\/dmcsrb.com\/","name":"dmcsrb.com","description":"","potentialAction":[{"@type":"SearchAction","target":{"@type":"EntryPoint","urlTemplate":"https:\/\/dmcsrb.com\/?s={search_term_string}"},"query-input":{"@type":"PropertyValueSpecification","valueRequired":true,"valueName":"search_term_string"}}],"inLanguage":"en-GB"},{"@type":"Person","@id":"https:\/\/dmcsrb.com\/#\/schema\/person\/5c39170f12db1b8b457732d0b5c854e2","name":"dmcsrbija.com@gmail.com","image":{"@type":"ImageObject","inLanguage":"en-GB","@id":"https:\/\/dmcsrb.com\/#\/schema\/person\/image\/","url":"https:\/\/secure.gravatar.com\/avatar\/68592660ad6347fad0fb587f8d5d8f1a7b44961362f56e4f2cd524feb87e9069?s=96&d=mm&r=g","contentUrl":"https:\/\/secure.gravatar.com\/avatar\/68592660ad6347fad0fb587f8d5d8f1a7b44961362f56e4f2cd524feb87e9069?s=96&d=mm&r=g","caption":"dmcsrbija.com@gmail.com"},"sameAs":["https:\/\/dmcsrb.com"],"url":"https:\/\/dmcsrb.com\/en\/author\/dmcsrbija-comgmail-com\/"}]}},"_links":{"self":[{"href":"https:\/\/dmcsrb.com\/en\/wp-json\/wp\/v2\/posts\/945235","targetHints":{"allow":["GET"]}}],"collection":[{"href":"https:\/\/dmcsrb.com\/en\/wp-json\/wp\/v2\/posts"}],"about":[{"href":"https:\/\/dmcsrb.com\/en\/wp-json\/wp\/v2\/types\/post"}],"author":[{"embeddable":true,"href":"https:\/\/dmcsrb.com\/en\/wp-json\/wp\/v2\/users\/1"}],"replies":[{"embeddable":true,"href":"https:\/\/dmcsrb.com\/en\/wp-json\/wp\/v2\/comments?post=945235"}],"version-history":[{"count":0,"href":"https:\/\/dmcsrb.com\/en\/wp-json\/wp\/v2\/posts\/945235\/revisions"}],"wp:featuredmedia":[{"embeddable":true,"href":"https:\/\/dmcsrb.com\/en\/wp-json\/wp\/v2\/media\/945236"}],"wp:attachment":[{"href":"https:\/\/dmcsrb.com\/en\/wp-json\/wp\/v2\/media?parent=945235"}],"wp:term":[{"taxonomy":"category","embeddable":true,"href":"https:\/\/dmcsrb.com\/en\/wp-json\/wp\/v2\/categories?post=945235"},{"taxonomy":"post_tag","embeddable":true,"href":"https:\/\/dmcsrb.com\/en\/wp-json\/wp\/v2\/tags?post=945235"},{"taxonomy":"naslovna","embeddable":true,"href":"https:\/\/dmcsrb.com\/en\/wp-json\/wp\/v2\/naslovna?post=945235"}],"curies":[{"name":"wp","href":"https:\/\/api.w.org\/{rel}","templated":true}]}}