{"id":945207,"date":"2025-08-09T10:48:00","date_gmt":"2025-08-09T08:48:00","guid":{"rendered":"https:\/\/dmcsrb.com\/uncategorized\/da-pobjedom-proslavimo-plasman-na-ep\/"},"modified":"2025-08-09T10:48:00","modified_gmt":"2025-08-09T08:48:00","slug":"da-pobjedom-proslavimo-plasman-na-ep","status":"publish","type":"post","link":"https:\/\/dmcsrb.com\/en\/sport\/da-pobjedom-proslavimo-plasman-na-ep\/","title":{"rendered":"&#8220;Da pobjedom proslavimo plasman na EP&#8221;"},"content":{"rendered":"<p>Bi\u0107e to utakmica za prvo mjesto u grupi D, po\u0161to su obje reprezentacije na skoru od dvije pobjede i jednog poraza, ali Crna Gora ima bod vi\u0161e od Letonije, nakon osvojena dva seta u porazu u prvom me\u010du u Jelgavi.<\/p>\n\n\n\n<p>Nakon trijumfa u Gora\u017edu i najve\u0107eg rezultata u istoriji \u017eenske odbojke u Crnoj Gori, izabranice\u00a0<strong>Jova Cakovi\u0107a<\/strong>\u00a0\u017eele da na pravi na\u010din, pred punom dvoranom, zavr\u0161e najljep\u0161u pri\u010du. <\/p>\n\n\n\n<p>\u201eIako smo ve\u0107 odradile veliki dio posla, trudimo se da ostanemo maksimalno fokusirane do nedjelje i kruni\u0161emo sav trud i rad tokom ovog ljeta pobjedom pred na\u0161om publikom. Vrijedno smo trenirale, dale sve od sebe, i vjerujem da smo zaslu\u017eeno izborile plasman na Evropsko prvenstvo. O\u010dekujemo te\u0161ku utakmicu, dobro poznajemo ekipu Letonije, igrale smo protiv njih pro\u0161le godine, ali tada, na\u017ealost, nismo uspjele da pobijedimo. Vjerujem da je sada do\u0161ao trenutak za revan\u0161\u201c, optimisti\u010dna je\u00a0Sa\u0161ka \u0110urovi\u0107, koja vjeruje da \u0107e tribine SC \u201eKola\u0161in\u201c biti pune.<\/p>\n\n\n\n<p>\u201e\u017delim da pozovem sve ljude da do\u0111u i podr\u017ee nas. Njihova podr\u0161ka nam mnogo zna\u010di, neka budu na\u0161 sedmi igra\u010d i u\u010dine ovaj trenutak jo\u0161 vi\u0161e posebnim.\u201c<\/p>\n\n\n\n<p>Nakon propu\u0161tene akcije u debitantskom nastupu odbojka\u0161ica u CEV Zlatnoj evropskoj ligi ovog prolje\u0107a i oporavka od povrede, u tim se vratila&nbsp;<strong>Melisa Cenovi\u0107<\/strong>, koja isti\u010de da bi trijumf bio savr\u0161en kraj nezaboravnog ljeta.<\/p>\n\n\n\n<p>\u201ePrije svega o\u010dekujem dobru utakmicu. Idemo na pobjedu, koja bi nam donijela prvo mjesto u grupi. Vjerujem da mo\u017eemo to da ispunimo i \u017eelim da iskoristim priliku da pozovem sve ljubitelje sporta u Kola\u0161in. Ostvarile smo san mnogih generacija time \u0161to smo se plasirale na Evropsko prvenstvo i nadam se da \u0107emo ove kvalifikacije zaokru\u017eiti jo\u0161 jednom pobjedom\u201c, istakla je\u00a0Melisa Cenovi\u0107.<\/p>\n\n\n\n<p>U pro\u0161logodi\u0161njem dijelu kvalifikacija za Evropsko prvenstvo 2026. godine i Crna Gora i Letonija dobile su duele sa Bosnom i Hercegovinom, slu\u017ebenim rezultatom 3:0, a Letonke su u susretu sa BiH, po\u010detkom avgusta, pora\u017eene 3:2. Rival \u201ecrvenih\u201c imao je prili\u010dno uspje\u0161no prolje\u0107e, po\u0161to je u CEV Srebrnoj evropskoj ligi stigao do finala, pretrpjev\u0161i samo poraz od Austrije 3:2 tokom liga\u0161kog dijela i 3:0 u revan\u0161u finala sa \u0160vajcarskom.<\/p>\n\n\n\n<p>Ulaz u SC \u201eKola\u0161in\u201c je slobodan, a obezbije\u0111en je prenos na RTCG.<\/p>\n\n\n\n<p>Crna Gora je me\u0111u sedam selekcija koje su kolo prije kraja kvalifikacija obezbijedile mjesto me\u0111u 24 reprezentacije, koje \u0107e u\u010destvovati na \u0161ampionatu Evrope naredne godine. Uz \u010detiri selekcije doma\u0107ina, Tursku, \u0160vedsku, \u010ce\u0161ku i Azerbejd\u017ean, na osnovu plasmana na prethodnom prvenstvu u\u010de\u0161\u0107e na 34. \u0161ampionatu Starog kontinenta osigurale su Francuska, Italija, Holandija, Poljska, Bugarska, Srbija, Ukrajina i Slova\u010dka, a kroz kvalifikacije do sada su to u\u010dinile selekcije Slovenije, Njema\u010dke, Rumunije, Gr\u010dke, \u0160panije i Belgije.<\/p>\n\n\n\n<p><a href=\"https:\/\/eurovolley.cev.eu\/en\/2026\/\" target=\"_blank\" rel=\"noreferrer noopener\"><\/a><\/p>","protected":false},"excerpt":{"rendered":"<p>Nakon istorijskog uspjeha i plasmana na Evropsko prvenstvo, najbolje crnogorske odbojka\u0161ice zaklju\u010di\u0107e kvalifikacije duelom sa Letonijom, u Kola\u0161inu, u nedjelju, od 19 sati.<\/p>","protected":false},"author":1,"featured_media":945208,"comment_status":"open","ping_status":"open","sticky":false,"template":"","format":"standard","meta":{"_acf_changed":false,"footnotes":""},"categories":[148],"tags":[8910,217,562,2152],"naslovna":[],"class_list":["post-945207","post","type-post","status-publish","format-standard","has-post-thumbnail","hentry","category-sport","tag-melisa-cenovic","tag-oscg","tag-saska-djurovic","tag-zenska-odbojkaska-reprezentacija-crne-gore"],"acf":[],"yoast_head":"<!-- This site is optimized with the Yoast SEO plugin v27.0 - https:\/\/yoast.com\/product\/yoast-seo-wordpress\/ -->\n<title>&quot;Da pobjedom proslavimo plasman na EP&quot; - dmcsrb.com<\/title>\n<meta name=\"robots\" content=\"index, follow, max-snippet:-1, max-image-preview:large, max-video-preview:-1\" \/>\n<link rel=\"canonical\" href=\"https:\/\/dmcsrb.com\/en\/sport\/da-pobjedom-proslavimo-plasman-na-ep\/\" \/>\n<meta property=\"og:locale\" content=\"en_GB\" \/>\n<meta property=\"og:type\" content=\"article\" \/>\n<meta property=\"og:title\" content=\"&quot;Da pobjedom proslavimo plasman na EP&quot; - dmcsrb.com\" \/>\n<meta property=\"og:description\" content=\"Nakon istorijskog uspjeha i plasmana na Evropsko prvenstvo, najbolje crnogorske odbojka\u0161ice zaklju\u010di\u0107e kvalifikacije duelom sa Letonijom, u Kola\u0161inu, u nedjelju, od 19 sati.\" \/>\n<meta property=\"og:url\" content=\"https:\/\/dmcsrb.com\/en\/sport\/da-pobjedom-proslavimo-plasman-na-ep\/\" \/>\n<meta property=\"og:site_name\" content=\"dmcsrb.com\" \/>\n<meta property=\"article:published_time\" content=\"2025-08-09T08:48:00+00:00\" \/>\n<meta property=\"og:image\" content=\"https:\/\/dmcsrb.com\/wp-content\/uploads\/2026\/01\/Odbojkasice-CEV-1-2.webp\" \/>\n\t<meta property=\"og:image:width\" content=\"2000\" \/>\n\t<meta property=\"og:image:height\" content=\"1200\" \/>\n\t<meta property=\"og:image:type\" content=\"image\/jpeg\" \/>\n<meta name=\"author\" content=\"dmcsrbija.com@gmail.com\" \/>\n<meta name=\"twitter:card\" content=\"summary_large_image\" \/>\n<meta name=\"twitter:label1\" content=\"Written by\" \/>\n\t<meta name=\"twitter:data1\" content=\"dmcsrbija.com@gmail.com\" \/>\n\t<meta name=\"twitter:label2\" content=\"Estimated reading time\" \/>\n\t<meta name=\"twitter:data2\" content=\"2 minutes\" \/>\n<script type=\"application\/ld+json\" class=\"yoast-schema-graph\">{\"@context\":\"https:\/\/schema.org\",\"@graph\":[{\"@type\":\"Article\",\"@id\":\"https:\/\/dmcsrb.com\/sport\/da-pobjedom-proslavimo-plasman-na-ep\/#article\",\"isPartOf\":{\"@id\":\"https:\/\/dmcsrb.com\/sport\/da-pobjedom-proslavimo-plasman-na-ep\/\"},\"author\":{\"name\":\"dmcsrbija.com@gmail.com\",\"@id\":\"https:\/\/dmcsrb.com\/#\/schema\/person\/5c39170f12db1b8b457732d0b5c854e2\"},\"headline\":\"&#8220;Da pobjedom proslavimo plasman na EP&#8221;\",\"datePublished\":\"2025-08-09T08:48:00+00:00\",\"mainEntityOfPage\":{\"@id\":\"https:\/\/dmcsrb.com\/sport\/da-pobjedom-proslavimo-plasman-na-ep\/\"},\"wordCount\":493,\"commentCount\":0,\"image\":{\"@id\":\"https:\/\/dmcsrb.com\/sport\/da-pobjedom-proslavimo-plasman-na-ep\/#primaryimage\"},\"thumbnailUrl\":\"https:\/\/dmcsrb.com\/wp-content\/uploads\/2026\/01\/Odbojkasice-CEV-1-2.webp\",\"keywords\":[\"Melisa Cenovi\u0107\",\"OSCG\",\"Sa\u0161ka \u0110urovi\u0107\",\"\u017denska odbojka\u0161ka reprezentacija Crne Gore\"],\"articleSection\":[\"Sport\"],\"inLanguage\":\"en-GB\",\"potentialAction\":[{\"@type\":\"CommentAction\",\"name\":\"Comment\",\"target\":[\"https:\/\/dmcsrb.com\/sport\/da-pobjedom-proslavimo-plasman-na-ep\/#respond\"]}]},{\"@type\":\"WebPage\",\"@id\":\"https:\/\/dmcsrb.com\/sport\/da-pobjedom-proslavimo-plasman-na-ep\/\",\"url\":\"https:\/\/dmcsrb.com\/sport\/da-pobjedom-proslavimo-plasman-na-ep\/\",\"name\":\"\\\"Da pobjedom proslavimo plasman na EP\\\" - dmcsrb.com\",\"isPartOf\":{\"@id\":\"https:\/\/dmcsrb.com\/#website\"},\"primaryImageOfPage\":{\"@id\":\"https:\/\/dmcsrb.com\/sport\/da-pobjedom-proslavimo-plasman-na-ep\/#primaryimage\"},\"image\":{\"@id\":\"https:\/\/dmcsrb.com\/sport\/da-pobjedom-proslavimo-plasman-na-ep\/#primaryimage\"},\"thumbnailUrl\":\"https:\/\/dmcsrb.com\/wp-content\/uploads\/2026\/01\/Odbojkasice-CEV-1-2.webp\",\"datePublished\":\"2025-08-09T08:48:00+00:00\",\"author\":{\"@id\":\"https:\/\/dmcsrb.com\/#\/schema\/person\/5c39170f12db1b8b457732d0b5c854e2\"},\"breadcrumb\":{\"@id\":\"https:\/\/dmcsrb.com\/sport\/da-pobjedom-proslavimo-plasman-na-ep\/#breadcrumb\"},\"inLanguage\":\"en-GB\",\"potentialAction\":[{\"@type\":\"ReadAction\",\"target\":[\"https:\/\/dmcsrb.com\/sport\/da-pobjedom-proslavimo-plasman-na-ep\/\"]}]},{\"@type\":\"ImageObject\",\"inLanguage\":\"en-GB\",\"@id\":\"https:\/\/dmcsrb.com\/sport\/da-pobjedom-proslavimo-plasman-na-ep\/#primaryimage\",\"url\":\"https:\/\/dmcsrb.com\/wp-content\/uploads\/2026\/01\/Odbojkasice-CEV-1-2.webp\",\"contentUrl\":\"https:\/\/dmcsrb.com\/wp-content\/uploads\/2026\/01\/Odbojkasice-CEV-1-2.webp\",\"width\":2000,\"height\":1200},{\"@type\":\"BreadcrumbList\",\"@id\":\"https:\/\/dmcsrb.com\/sport\/da-pobjedom-proslavimo-plasman-na-ep\/#breadcrumb\",\"itemListElement\":[{\"@type\":\"ListItem\",\"position\":1,\"name\":\"Home\",\"item\":\"https:\/\/dmcsrb.com\/\"},{\"@type\":\"ListItem\",\"position\":2,\"name\":\"&#8220;Da pobjedom proslavimo plasman na EP&#8221;\"}]},{\"@type\":\"WebSite\",\"@id\":\"https:\/\/dmcsrb.com\/#website\",\"url\":\"https:\/\/dmcsrb.com\/\",\"name\":\"dmcsrb.com\",\"description\":\"\",\"potentialAction\":[{\"@type\":\"SearchAction\",\"target\":{\"@type\":\"EntryPoint\",\"urlTemplate\":\"https:\/\/dmcsrb.com\/?s={search_term_string}\"},\"query-input\":{\"@type\":\"PropertyValueSpecification\",\"valueRequired\":true,\"valueName\":\"search_term_string\"}}],\"inLanguage\":\"en-GB\"},{\"@type\":\"Person\",\"@id\":\"https:\/\/dmcsrb.com\/#\/schema\/person\/5c39170f12db1b8b457732d0b5c854e2\",\"name\":\"dmcsrbija.com@gmail.com\",\"image\":{\"@type\":\"ImageObject\",\"inLanguage\":\"en-GB\",\"@id\":\"https:\/\/dmcsrb.com\/#\/schema\/person\/image\/\",\"url\":\"https:\/\/secure.gravatar.com\/avatar\/68592660ad6347fad0fb587f8d5d8f1a7b44961362f56e4f2cd524feb87e9069?s=96&d=mm&r=g\",\"contentUrl\":\"https:\/\/secure.gravatar.com\/avatar\/68592660ad6347fad0fb587f8d5d8f1a7b44961362f56e4f2cd524feb87e9069?s=96&d=mm&r=g\",\"caption\":\"dmcsrbija.com@gmail.com\"},\"sameAs\":[\"https:\/\/dmcsrb.com\"],\"url\":\"https:\/\/dmcsrb.com\/en\/author\/dmcsrbija-comgmail-com\/\"}]}<\/script>\n<!-- \/ Yoast SEO plugin. -->","yoast_head_json":{"title":"\"Da pobjedom proslavimo plasman na EP\" - dmcsrb.com","robots":{"index":"index","follow":"follow","max-snippet":"max-snippet:-1","max-image-preview":"max-image-preview:large","max-video-preview":"max-video-preview:-1"},"canonical":"https:\/\/dmcsrb.com\/en\/sport\/da-pobjedom-proslavimo-plasman-na-ep\/","og_locale":"en_GB","og_type":"article","og_title":"\"Da pobjedom proslavimo plasman na EP\" - dmcsrb.com","og_description":"Nakon istorijskog uspjeha i plasmana na Evropsko prvenstvo, najbolje crnogorske odbojka\u0161ice zaklju\u010di\u0107e kvalifikacije duelom sa Letonijom, u Kola\u0161inu, u nedjelju, od 19 sati.","og_url":"https:\/\/dmcsrb.com\/en\/sport\/da-pobjedom-proslavimo-plasman-na-ep\/","og_site_name":"dmcsrb.com","article_published_time":"2025-08-09T08:48:00+00:00","og_image":[{"width":2000,"height":1200,"url":"https:\/\/dmcsrb.com\/wp-content\/uploads\/2026\/01\/Odbojkasice-CEV-1-2.webp","type":"image\/jpeg"}],"author":"dmcsrbija.com@gmail.com","twitter_card":"summary_large_image","twitter_misc":{"Written by":"dmcsrbija.com@gmail.com","Estimated reading time":"2 minutes"},"schema":{"@context":"https:\/\/schema.org","@graph":[{"@type":"Article","@id":"https:\/\/dmcsrb.com\/sport\/da-pobjedom-proslavimo-plasman-na-ep\/#article","isPartOf":{"@id":"https:\/\/dmcsrb.com\/sport\/da-pobjedom-proslavimo-plasman-na-ep\/"},"author":{"name":"dmcsrbija.com@gmail.com","@id":"https:\/\/dmcsrb.com\/#\/schema\/person\/5c39170f12db1b8b457732d0b5c854e2"},"headline":"&#8220;Da pobjedom proslavimo plasman na EP&#8221;","datePublished":"2025-08-09T08:48:00+00:00","mainEntityOfPage":{"@id":"https:\/\/dmcsrb.com\/sport\/da-pobjedom-proslavimo-plasman-na-ep\/"},"wordCount":493,"commentCount":0,"image":{"@id":"https:\/\/dmcsrb.com\/sport\/da-pobjedom-proslavimo-plasman-na-ep\/#primaryimage"},"thumbnailUrl":"https:\/\/dmcsrb.com\/wp-content\/uploads\/2026\/01\/Odbojkasice-CEV-1-2.webp","keywords":["Melisa Cenovi\u0107","OSCG","Sa\u0161ka \u0110urovi\u0107","\u017denska odbojka\u0161ka reprezentacija Crne Gore"],"articleSection":["Sport"],"inLanguage":"en-GB","potentialAction":[{"@type":"CommentAction","name":"Comment","target":["https:\/\/dmcsrb.com\/sport\/da-pobjedom-proslavimo-plasman-na-ep\/#respond"]}]},{"@type":"WebPage","@id":"https:\/\/dmcsrb.com\/sport\/da-pobjedom-proslavimo-plasman-na-ep\/","url":"https:\/\/dmcsrb.com\/sport\/da-pobjedom-proslavimo-plasman-na-ep\/","name":"\"Da pobjedom proslavimo plasman na EP\" - dmcsrb.com","isPartOf":{"@id":"https:\/\/dmcsrb.com\/#website"},"primaryImageOfPage":{"@id":"https:\/\/dmcsrb.com\/sport\/da-pobjedom-proslavimo-plasman-na-ep\/#primaryimage"},"image":{"@id":"https:\/\/dmcsrb.com\/sport\/da-pobjedom-proslavimo-plasman-na-ep\/#primaryimage"},"thumbnailUrl":"https:\/\/dmcsrb.com\/wp-content\/uploads\/2026\/01\/Odbojkasice-CEV-1-2.webp","datePublished":"2025-08-09T08:48:00+00:00","author":{"@id":"https:\/\/dmcsrb.com\/#\/schema\/person\/5c39170f12db1b8b457732d0b5c854e2"},"breadcrumb":{"@id":"https:\/\/dmcsrb.com\/sport\/da-pobjedom-proslavimo-plasman-na-ep\/#breadcrumb"},"inLanguage":"en-GB","potentialAction":[{"@type":"ReadAction","target":["https:\/\/dmcsrb.com\/sport\/da-pobjedom-proslavimo-plasman-na-ep\/"]}]},{"@type":"ImageObject","inLanguage":"en-GB","@id":"https:\/\/dmcsrb.com\/sport\/da-pobjedom-proslavimo-plasman-na-ep\/#primaryimage","url":"https:\/\/dmcsrb.com\/wp-content\/uploads\/2026\/01\/Odbojkasice-CEV-1-2.webp","contentUrl":"https:\/\/dmcsrb.com\/wp-content\/uploads\/2026\/01\/Odbojkasice-CEV-1-2.webp","width":2000,"height":1200},{"@type":"BreadcrumbList","@id":"https:\/\/dmcsrb.com\/sport\/da-pobjedom-proslavimo-plasman-na-ep\/#breadcrumb","itemListElement":[{"@type":"ListItem","position":1,"name":"Home","item":"https:\/\/dmcsrb.com\/"},{"@type":"ListItem","position":2,"name":"&#8220;Da pobjedom proslavimo plasman na EP&#8221;"}]},{"@type":"WebSite","@id":"https:\/\/dmcsrb.com\/#website","url":"https:\/\/dmcsrb.com\/","name":"dmcsrb.com","description":"","potentialAction":[{"@type":"SearchAction","target":{"@type":"EntryPoint","urlTemplate":"https:\/\/dmcsrb.com\/?s={search_term_string}"},"query-input":{"@type":"PropertyValueSpecification","valueRequired":true,"valueName":"search_term_string"}}],"inLanguage":"en-GB"},{"@type":"Person","@id":"https:\/\/dmcsrb.com\/#\/schema\/person\/5c39170f12db1b8b457732d0b5c854e2","name":"dmcsrbija.com@gmail.com","image":{"@type":"ImageObject","inLanguage":"en-GB","@id":"https:\/\/dmcsrb.com\/#\/schema\/person\/image\/","url":"https:\/\/secure.gravatar.com\/avatar\/68592660ad6347fad0fb587f8d5d8f1a7b44961362f56e4f2cd524feb87e9069?s=96&d=mm&r=g","contentUrl":"https:\/\/secure.gravatar.com\/avatar\/68592660ad6347fad0fb587f8d5d8f1a7b44961362f56e4f2cd524feb87e9069?s=96&d=mm&r=g","caption":"dmcsrbija.com@gmail.com"},"sameAs":["https:\/\/dmcsrb.com"],"url":"https:\/\/dmcsrb.com\/en\/author\/dmcsrbija-comgmail-com\/"}]}},"_links":{"self":[{"href":"https:\/\/dmcsrb.com\/en\/wp-json\/wp\/v2\/posts\/945207","targetHints":{"allow":["GET"]}}],"collection":[{"href":"https:\/\/dmcsrb.com\/en\/wp-json\/wp\/v2\/posts"}],"about":[{"href":"https:\/\/dmcsrb.com\/en\/wp-json\/wp\/v2\/types\/post"}],"author":[{"embeddable":true,"href":"https:\/\/dmcsrb.com\/en\/wp-json\/wp\/v2\/users\/1"}],"replies":[{"embeddable":true,"href":"https:\/\/dmcsrb.com\/en\/wp-json\/wp\/v2\/comments?post=945207"}],"version-history":[{"count":0,"href":"https:\/\/dmcsrb.com\/en\/wp-json\/wp\/v2\/posts\/945207\/revisions"}],"wp:featuredmedia":[{"embeddable":true,"href":"https:\/\/dmcsrb.com\/en\/wp-json\/wp\/v2\/media\/945208"}],"wp:attachment":[{"href":"https:\/\/dmcsrb.com\/en\/wp-json\/wp\/v2\/media?parent=945207"}],"wp:term":[{"taxonomy":"category","embeddable":true,"href":"https:\/\/dmcsrb.com\/en\/wp-json\/wp\/v2\/categories?post=945207"},{"taxonomy":"post_tag","embeddable":true,"href":"https:\/\/dmcsrb.com\/en\/wp-json\/wp\/v2\/tags?post=945207"},{"taxonomy":"naslovna","embeddable":true,"href":"https:\/\/dmcsrb.com\/en\/wp-json\/wp\/v2\/naslovna?post=945207"}],"curies":[{"name":"wp","href":"https:\/\/api.w.org\/{rel}","templated":true}]}}