{"id":945205,"date":"2025-08-09T11:39:00","date_gmt":"2025-08-09T09:39:00","guid":{"rendered":"https:\/\/dmcsrb.com\/uncategorized\/markovic-evropski-savez-prevara-21-vijeka\/"},"modified":"2025-08-09T11:39:00","modified_gmt":"2025-08-09T09:39:00","slug":"markovic-evropski-savez-prevara-21-vijeka","status":"publish","type":"post","link":"https:\/\/dmcsrb.com\/en\/politika\/markovic-evropski-savez-prevara-21-vijeka\/","title":{"rendered":"Markovi\u0107: Evropski savez prevara 21. vijeka"},"content":{"rendered":"<p><\/p>\n\n\n\n<p><\/p>\n\n\n\n<p>\u201eVidimo kako Socijaldemokrate Crne Gore slave sa partijskom, nema crnogorske zastave, pobjedu u Gusinju. Isto je i sa Socijaldemokratska partija Crne Gore \u2013 SDP koja je tu. Uspjela sam evo najava da sazovem Predsjedni\u0161tvo Liberalna partija Crne Gore \u2013 LPCG i kad sam vi\u0111ela da smo prevareni, jer ne postoji predsjedni\u0161tvo Evropskog saveza, ni dan danas, a odluke donosi glavni (ko shvata shvati\u0107e onako kako treba)\u201c, kazala je Markovi\u0107.<\/p>\n\n\n\n<p>Ja sam, dodala je Markovi\u0107, svojim kolegama tada rekla da ne dolazi u obzir predizborna koalicija sa onima koji su radi vlasti, vlast s negatorima genocida u Srebrenici.<\/p>\n\n\n\n<p>\u201eNaravno hvala po\u0161tenom biv\u0161em potpredsjedniku Liberalne partije Crne Gore Reagipu Deljaninu iz Gusinja \u0161to me je podr\u017eao i ostao odan tekovinama pravih vrijednosti koje se ne prodaju ni za kakvo mjesto u vlasti u Gusinju. Tako sam Liberalnoj partiji Crne Gore sa\u010duvala obraz u Gusinju, ali krenula je odatle sva moja dalja muka koju \u0107e dalje re\u0161avati Tu\u017eila\u0161tvo i sudovi. Mogla je biti vlast u Gusinju koja bi slavila sa crnogorskom zastavom da ne bi SD i SDP i njihovih partijskih interesa. Da je to od obraza pre\u010de i rukovodstvu i Lideru LP Vatroslav Belan Ammar Boran\u010di\u0107 Esko Sainovic pokazali su u Podgorici \u0111e je zahvaljuju\u0107i Gusinju na koje sam upozorila sve za tim stolom nikad formiranog predsjedni\u0161tva Evropskog saveza jer odluke donosi ipak Glavni, a sem mene svi su pristali na to, uslijedila je sva druga nezakonita pri\u010da u kojoj jesam \u017ertva i progina i dan danas\u201c, ka\u017ee Markovi\u0107.<\/p>\n\n\n\n<p>Tako je, tvrdi Markovi\u0107, isklju\u010dena sa mjesta odlu\u010divanja, mobingovana i diskriminisana prvo od Liberalne partije, pa ostalih lidera Evropskog saveza.<\/p>\n\n\n\n<p>\u201eDa sve to bude malo, pokvarili su da do\u0111e do promjene vlasti u PG, zatim ide bolni Nik\u0161i\u0107 \u0111e se zna da je nezakonito nosilac liste Ivan Radoji\u010di\u0107 zauzeo mjesto koje mu ne pripada, a mene kao predsjednicu OOLPNK i koordinatora za Nik\u0161i\u0107 nijesu udostojili ni sastanka ni pregovora, ve\u0107 nezakonito sa podr\u0161kom dva momka kojima vjerovah, koje i upozorih, dva Nik\u010devi\u0107a, poku\u0161avali su da me smijene protivno Statutu LP i Ustavu i zakonima Crne Gore. Zatim su mi poku\u0161ali zabraniti pravo koje Ustav Crne Gore daje svima, da biram i budem birana. O svemu sam obavijestila nadle\u017ene institucije, ali imam od Evropskog saveza blokadu u medijima. Ne\u0107ete me u\u0107utkati. Ne zbog svake druge \u017eene koja trpi. Ja sam liberal i borim se za slobodu svih! Trpim nepravdu, \u017ertva sam mobinga u politici i sad kao neko ko je ostao odan PRINCIPIMA KOJI JEDINO \u010cUVAJU OPSTANAK SUVERENE CRNE GORE koje svi navedeni prodaju za malo vlasti i interesa mo\u017eda nijesam mila, ali ne namjeravam dozvoliti da Evropski savez dalje svojom ulogom radu \u0161to u PG, NK, KO, BD jer Cetinje \u010deka da ostane prijestonica crnogorska, a ne taoc politika za li\u010dne interese. To je i razlog \u0161to DRA\u017dA MO\u017dE BITI \u017dIV KROZ SLjEDBENIKE I PO NALOGU ALEKSANDRA VU\u010cI\u0106A destabilizaciju Crne Gore dalje sporvoditi. Sad ova ekipa evropska dokumenta porpisuje s Dritan Abazovi\u0107, a za zakon o zabrani fa\u0161isti\u010dkih simbola i organizacija nijesu bili, Andrija Popovic nije dobio \u010dak ni podr\u0161ku svih iz opozicije. Crna Gora se mora za\u0161tititi! Smrt fa\u0161izmu! O za\u0161titi CRNOGORSKOG IDENTITETA i ljudskih prava ne mogu govoriti oni koji su sve to na mom primjeru branili, trgovali s tim i prekr\u0161ili Ustav i zakone? Nikola Zirojevic, jesam li Jelena \u017eena koje nema? Opet da ka\u017eem da bi\u0107e me \u0111e takvima nema mjesta. Posebna tema i specijalna opservacija bi\u0107e Boris Mugosa i neke dame koje su bile odane liderima, ne istini i \u017eenskoj solidarnosti. Duh iz boce je pu\u0161ten! Kao Predsjednica Crnogorskog foruma i iskrena osoba i \u010dovjek pitam sve medije i organizacije civilnog dru\u0161tva i politi\u010dke partije o\u0107e li i dalje da ignori\u0161u ovo o \u010demu govorim jer izgleda je destabilizacija model za sitne vlasti i politike koje samo na niske i prljave poteze donose rezultate? E pa, naoru\u017eana znanjem i poznavanjem istine pd davnih vremena, posebno uloga pokedinih u svim procesima- \u010cUTATI NE\u0106U. Zna se s \u010dim kod mene nema kompromisa ni za sva blaga svijeta. Moja partija je CRNA GORA, flavni cilj ZA\u0160TITA LJUDSKIH PRAVA SVAKOG \u010cOVJEKA, JEDNAKOST, PROFESIONALNOST I OBAVEZNO PO\u0160TOVANjE DR\u017dAVE CRNE GORE I NjENIH USTAVA I ZAKONA, KRAJNjE EVROPSKI PUT. Vi mo\u017eete i dalje trgovrati, ali ja ne trgujem , branim, kao i svi u Crnogorskom forumu Crnu Goru i njen opstanak od svega i svih. Tu nema mjesta za kompromise sitnih politi\u010dkih poslu\u0161nih ,,lidera\u201c jednog istog glavnog koji ima ulogu da pomogne samo i jedino onima koji krajnje \u017eele sprovesti kulturni genocid i ponoviti 1918 i sve ubice, ratne zlo\u010dince i saradnike okupatora pomo\u0107i sljedbenicima nra\u010dne ideologije krvi i tla i proglasiti za svece. Polako gospodo ima spremnih i na \u017ertvu jer va\u0161e trgivine i kompromisi su nas i doveli dovde. Dalje ne\u0107e mo\u0107i\u201c,<\/p>\n\n\n\n<p>Vjerujem u podr\u0161ku novinara profesionalaca koji sigurno postoje, sem Nikola Markovic koji ne to u dokazao. \u010cekam pozive za gostovanja jer du\u0111ni su da me za\u0161tite od nasilja koje trpim svi u Crnoj Gori koji imaju pozicije koje se ti\u010du ovog velikog problema MOBINGA U POLITICI. Otpor nasilju je obaveza! Vje\u010dna je Crna Gora\u201c, zaklju\u010dila je Markovi\u0107.<\/p>\n\n\n\n<p><\/p>","protected":false},"excerpt":{"rendered":"<p>Evropski savez prevara je 21. vijeka koja slu\u017ei samo za li\u010dne interese gospode lidera i osniva\u010da gospodina Ranka Krivokapi\u0107a koji je za ovo mjesto dobio mjesto savjetnika u Vladi Ervina Ibrahimovi\u0107a, poru\u010dila je predsjednica Crnogorskog foruma Jelena Markovi\u0107.<\/p>","protected":false},"author":1,"featured_media":945206,"comment_status":"open","ping_status":"open","sticky":false,"template":"","format":"standard","meta":{"_acf_changed":false,"footnotes":""},"categories":[12],"tags":[1000,2888],"naslovna":[],"class_list":["post-945205","post","type-post","status-publish","format-standard","has-post-thumbnail","hentry","category-politika","tag-es","tag-prevara"],"acf":[],"yoast_head":"<!-- This site is optimized with the Yoast SEO plugin v27.4 - https:\/\/yoast.com\/product\/yoast-seo-wordpress\/ -->\n<title>Markovi\u0107: Evropski savez prevara 21. vijeka - dmcsrb.com<\/title>\n<meta name=\"robots\" content=\"index, follow, max-snippet:-1, max-image-preview:large, max-video-preview:-1\" \/>\n<link rel=\"canonical\" href=\"https:\/\/dmcsrb.com\/en\/politika\/markovic-evropski-savez-prevara-21-vijeka\/\" \/>\n<meta property=\"og:locale\" content=\"en_GB\" \/>\n<meta property=\"og:type\" content=\"article\" \/>\n<meta property=\"og:title\" content=\"Markovi\u0107: Evropski savez prevara 21. vijeka - dmcsrb.com\" \/>\n<meta property=\"og:description\" content=\"Evropski savez prevara je 21. vijeka koja slu\u017ei samo za li\u010dne interese gospode lidera i osniva\u010da gospodina Ranka Krivokapi\u0107a koji je za ovo mjesto dobio mjesto savjetnika u Vladi Ervina Ibrahimovi\u0107a, poru\u010dila je predsjednica Crnogorskog foruma Jelena Markovi\u0107.\" \/>\n<meta property=\"og:url\" content=\"https:\/\/dmcsrb.com\/en\/politika\/markovic-evropski-savez-prevara-21-vijeka\/\" \/>\n<meta property=\"og:site_name\" content=\"dmcsrb.com\" \/>\n<meta property=\"article:published_time\" content=\"2025-08-09T09:39:00+00:00\" \/>\n<meta property=\"og:image\" content=\"https:\/\/dmcsrb.com\/wp-content\/uploads\/2026\/01\/jelena-markovic.webp\" \/>\n\t<meta property=\"og:image:width\" content=\"1003\" \/>\n\t<meta property=\"og:image:height\" content=\"1263\" \/>\n\t<meta property=\"og:image:type\" content=\"image\/jpeg\" \/>\n<meta name=\"author\" content=\"dmcsrbija.com@gmail.com\" \/>\n<meta name=\"twitter:card\" content=\"summary_large_image\" \/>\n<meta name=\"twitter:label1\" content=\"Written by\" \/>\n\t<meta name=\"twitter:data1\" content=\"dmcsrbija.com@gmail.com\" \/>\n\t<meta name=\"twitter:label2\" content=\"Estimated reading time\" \/>\n\t<meta name=\"twitter:data2\" content=\"5 minutes\" \/>\n<script type=\"application\/ld+json\" class=\"yoast-schema-graph\">{\"@context\":\"https:\\\/\\\/schema.org\",\"@graph\":[{\"@type\":\"Article\",\"@id\":\"https:\\\/\\\/dmcsrb.com\\\/politika\\\/markovic-evropski-savez-prevara-21-vijeka\\\/#article\",\"isPartOf\":{\"@id\":\"https:\\\/\\\/dmcsrb.com\\\/politika\\\/markovic-evropski-savez-prevara-21-vijeka\\\/\"},\"author\":{\"name\":\"dmcsrbija.com@gmail.com\",\"@id\":\"https:\\\/\\\/dmcsrb.com\\\/#\\\/schema\\\/person\\\/5c39170f12db1b8b457732d0b5c854e2\"},\"headline\":\"Markovi\u0107: Evropski savez prevara 21. vijeka\",\"datePublished\":\"2025-08-09T09:39:00+00:00\",\"mainEntityOfPage\":{\"@id\":\"https:\\\/\\\/dmcsrb.com\\\/politika\\\/markovic-evropski-savez-prevara-21-vijeka\\\/\"},\"wordCount\":920,\"commentCount\":0,\"image\":{\"@id\":\"https:\\\/\\\/dmcsrb.com\\\/politika\\\/markovic-evropski-savez-prevara-21-vijeka\\\/#primaryimage\"},\"thumbnailUrl\":\"https:\\\/\\\/dmcsrb.com\\\/wp-content\\\/uploads\\\/2026\\\/01\\\/jelena-markovic.webp\",\"keywords\":[\"ES\",\"prevara\"],\"articleSection\":[\"Politika\"],\"inLanguage\":\"en-GB\",\"potentialAction\":[{\"@type\":\"CommentAction\",\"name\":\"Comment\",\"target\":[\"https:\\\/\\\/dmcsrb.com\\\/politika\\\/markovic-evropski-savez-prevara-21-vijeka\\\/#respond\"]}]},{\"@type\":\"WebPage\",\"@id\":\"https:\\\/\\\/dmcsrb.com\\\/politika\\\/markovic-evropski-savez-prevara-21-vijeka\\\/\",\"url\":\"https:\\\/\\\/dmcsrb.com\\\/politika\\\/markovic-evropski-savez-prevara-21-vijeka\\\/\",\"name\":\"Markovi\u0107: Evropski savez prevara 21. vijeka - dmcsrb.com\",\"isPartOf\":{\"@id\":\"https:\\\/\\\/dmcsrb.com\\\/#website\"},\"primaryImageOfPage\":{\"@id\":\"https:\\\/\\\/dmcsrb.com\\\/politika\\\/markovic-evropski-savez-prevara-21-vijeka\\\/#primaryimage\"},\"image\":{\"@id\":\"https:\\\/\\\/dmcsrb.com\\\/politika\\\/markovic-evropski-savez-prevara-21-vijeka\\\/#primaryimage\"},\"thumbnailUrl\":\"https:\\\/\\\/dmcsrb.com\\\/wp-content\\\/uploads\\\/2026\\\/01\\\/jelena-markovic.webp\",\"datePublished\":\"2025-08-09T09:39:00+00:00\",\"author\":{\"@id\":\"https:\\\/\\\/dmcsrb.com\\\/#\\\/schema\\\/person\\\/5c39170f12db1b8b457732d0b5c854e2\"},\"breadcrumb\":{\"@id\":\"https:\\\/\\\/dmcsrb.com\\\/politika\\\/markovic-evropski-savez-prevara-21-vijeka\\\/#breadcrumb\"},\"inLanguage\":\"en-GB\",\"potentialAction\":[{\"@type\":\"ReadAction\",\"target\":[\"https:\\\/\\\/dmcsrb.com\\\/politika\\\/markovic-evropski-savez-prevara-21-vijeka\\\/\"]}]},{\"@type\":\"ImageObject\",\"inLanguage\":\"en-GB\",\"@id\":\"https:\\\/\\\/dmcsrb.com\\\/politika\\\/markovic-evropski-savez-prevara-21-vijeka\\\/#primaryimage\",\"url\":\"https:\\\/\\\/dmcsrb.com\\\/wp-content\\\/uploads\\\/2026\\\/01\\\/jelena-markovic.webp\",\"contentUrl\":\"https:\\\/\\\/dmcsrb.com\\\/wp-content\\\/uploads\\\/2026\\\/01\\\/jelena-markovic.webp\",\"width\":1003,\"height\":1263},{\"@type\":\"BreadcrumbList\",\"@id\":\"https:\\\/\\\/dmcsrb.com\\\/politika\\\/markovic-evropski-savez-prevara-21-vijeka\\\/#breadcrumb\",\"itemListElement\":[{\"@type\":\"ListItem\",\"position\":1,\"name\":\"Home\",\"item\":\"https:\\\/\\\/dmcsrb.com\\\/\"},{\"@type\":\"ListItem\",\"position\":2,\"name\":\"Markovi\u0107: Evropski savez prevara 21. vijeka\"}]},{\"@type\":\"WebSite\",\"@id\":\"https:\\\/\\\/dmcsrb.com\\\/#website\",\"url\":\"https:\\\/\\\/dmcsrb.com\\\/\",\"name\":\"dmcsrb.com\",\"description\":\"\",\"potentialAction\":[{\"@type\":\"SearchAction\",\"target\":{\"@type\":\"EntryPoint\",\"urlTemplate\":\"https:\\\/\\\/dmcsrb.com\\\/?s={search_term_string}\"},\"query-input\":{\"@type\":\"PropertyValueSpecification\",\"valueRequired\":true,\"valueName\":\"search_term_string\"}}],\"inLanguage\":\"en-GB\"},{\"@type\":\"Person\",\"@id\":\"https:\\\/\\\/dmcsrb.com\\\/#\\\/schema\\\/person\\\/5c39170f12db1b8b457732d0b5c854e2\",\"name\":\"dmcsrbija.com@gmail.com\",\"image\":{\"@type\":\"ImageObject\",\"inLanguage\":\"en-GB\",\"@id\":\"https:\\\/\\\/secure.gravatar.com\\\/avatar\\\/68592660ad6347fad0fb587f8d5d8f1a7b44961362f56e4f2cd524feb87e9069?s=96&d=mm&r=g\",\"url\":\"https:\\\/\\\/secure.gravatar.com\\\/avatar\\\/68592660ad6347fad0fb587f8d5d8f1a7b44961362f56e4f2cd524feb87e9069?s=96&d=mm&r=g\",\"contentUrl\":\"https:\\\/\\\/secure.gravatar.com\\\/avatar\\\/68592660ad6347fad0fb587f8d5d8f1a7b44961362f56e4f2cd524feb87e9069?s=96&d=mm&r=g\",\"caption\":\"dmcsrbija.com@gmail.com\"},\"sameAs\":[\"https:\\\/\\\/dmcsrb.com\"],\"url\":\"https:\\\/\\\/dmcsrb.com\\\/en\\\/author\\\/dmcsrbija-comgmail-com\\\/\"}]}<\/script>\n<!-- \/ Yoast SEO plugin. -->","yoast_head_json":{"title":"Markovi\u0107: Evropski savez prevara 21. vijeka - dmcsrb.com","robots":{"index":"index","follow":"follow","max-snippet":"max-snippet:-1","max-image-preview":"max-image-preview:large","max-video-preview":"max-video-preview:-1"},"canonical":"https:\/\/dmcsrb.com\/en\/politika\/markovic-evropski-savez-prevara-21-vijeka\/","og_locale":"en_GB","og_type":"article","og_title":"Markovi\u0107: Evropski savez prevara 21. vijeka - dmcsrb.com","og_description":"Evropski savez prevara je 21. vijeka koja slu\u017ei samo za li\u010dne interese gospode lidera i osniva\u010da gospodina Ranka Krivokapi\u0107a koji je za ovo mjesto dobio mjesto savjetnika u Vladi Ervina Ibrahimovi\u0107a, poru\u010dila je predsjednica Crnogorskog foruma Jelena Markovi\u0107.","og_url":"https:\/\/dmcsrb.com\/en\/politika\/markovic-evropski-savez-prevara-21-vijeka\/","og_site_name":"dmcsrb.com","article_published_time":"2025-08-09T09:39:00+00:00","og_image":[{"width":1003,"height":1263,"url":"https:\/\/dmcsrb.com\/wp-content\/uploads\/2026\/01\/jelena-markovic.webp","type":"image\/jpeg"}],"author":"dmcsrbija.com@gmail.com","twitter_card":"summary_large_image","twitter_misc":{"Written by":"dmcsrbija.com@gmail.com","Estimated reading time":"5 minutes"},"schema":{"@context":"https:\/\/schema.org","@graph":[{"@type":"Article","@id":"https:\/\/dmcsrb.com\/politika\/markovic-evropski-savez-prevara-21-vijeka\/#article","isPartOf":{"@id":"https:\/\/dmcsrb.com\/politika\/markovic-evropski-savez-prevara-21-vijeka\/"},"author":{"name":"dmcsrbija.com@gmail.com","@id":"https:\/\/dmcsrb.com\/#\/schema\/person\/5c39170f12db1b8b457732d0b5c854e2"},"headline":"Markovi\u0107: Evropski savez prevara 21. vijeka","datePublished":"2025-08-09T09:39:00+00:00","mainEntityOfPage":{"@id":"https:\/\/dmcsrb.com\/politika\/markovic-evropski-savez-prevara-21-vijeka\/"},"wordCount":920,"commentCount":0,"image":{"@id":"https:\/\/dmcsrb.com\/politika\/markovic-evropski-savez-prevara-21-vijeka\/#primaryimage"},"thumbnailUrl":"https:\/\/dmcsrb.com\/wp-content\/uploads\/2026\/01\/jelena-markovic.webp","keywords":["ES","prevara"],"articleSection":["Politika"],"inLanguage":"en-GB","potentialAction":[{"@type":"CommentAction","name":"Comment","target":["https:\/\/dmcsrb.com\/politika\/markovic-evropski-savez-prevara-21-vijeka\/#respond"]}]},{"@type":"WebPage","@id":"https:\/\/dmcsrb.com\/politika\/markovic-evropski-savez-prevara-21-vijeka\/","url":"https:\/\/dmcsrb.com\/politika\/markovic-evropski-savez-prevara-21-vijeka\/","name":"Markovi\u0107: Evropski savez prevara 21. vijeka - dmcsrb.com","isPartOf":{"@id":"https:\/\/dmcsrb.com\/#website"},"primaryImageOfPage":{"@id":"https:\/\/dmcsrb.com\/politika\/markovic-evropski-savez-prevara-21-vijeka\/#primaryimage"},"image":{"@id":"https:\/\/dmcsrb.com\/politika\/markovic-evropski-savez-prevara-21-vijeka\/#primaryimage"},"thumbnailUrl":"https:\/\/dmcsrb.com\/wp-content\/uploads\/2026\/01\/jelena-markovic.webp","datePublished":"2025-08-09T09:39:00+00:00","author":{"@id":"https:\/\/dmcsrb.com\/#\/schema\/person\/5c39170f12db1b8b457732d0b5c854e2"},"breadcrumb":{"@id":"https:\/\/dmcsrb.com\/politika\/markovic-evropski-savez-prevara-21-vijeka\/#breadcrumb"},"inLanguage":"en-GB","potentialAction":[{"@type":"ReadAction","target":["https:\/\/dmcsrb.com\/politika\/markovic-evropski-savez-prevara-21-vijeka\/"]}]},{"@type":"ImageObject","inLanguage":"en-GB","@id":"https:\/\/dmcsrb.com\/politika\/markovic-evropski-savez-prevara-21-vijeka\/#primaryimage","url":"https:\/\/dmcsrb.com\/wp-content\/uploads\/2026\/01\/jelena-markovic.webp","contentUrl":"https:\/\/dmcsrb.com\/wp-content\/uploads\/2026\/01\/jelena-markovic.webp","width":1003,"height":1263},{"@type":"BreadcrumbList","@id":"https:\/\/dmcsrb.com\/politika\/markovic-evropski-savez-prevara-21-vijeka\/#breadcrumb","itemListElement":[{"@type":"ListItem","position":1,"name":"Home","item":"https:\/\/dmcsrb.com\/"},{"@type":"ListItem","position":2,"name":"Markovi\u0107: Evropski savez prevara 21. vijeka"}]},{"@type":"WebSite","@id":"https:\/\/dmcsrb.com\/#website","url":"https:\/\/dmcsrb.com\/","name":"dmcsrb.com","description":"","potentialAction":[{"@type":"SearchAction","target":{"@type":"EntryPoint","urlTemplate":"https:\/\/dmcsrb.com\/?s={search_term_string}"},"query-input":{"@type":"PropertyValueSpecification","valueRequired":true,"valueName":"search_term_string"}}],"inLanguage":"en-GB"},{"@type":"Person","@id":"https:\/\/dmcsrb.com\/#\/schema\/person\/5c39170f12db1b8b457732d0b5c854e2","name":"dmcsrbija.com@gmail.com","image":{"@type":"ImageObject","inLanguage":"en-GB","@id":"https:\/\/secure.gravatar.com\/avatar\/68592660ad6347fad0fb587f8d5d8f1a7b44961362f56e4f2cd524feb87e9069?s=96&d=mm&r=g","url":"https:\/\/secure.gravatar.com\/avatar\/68592660ad6347fad0fb587f8d5d8f1a7b44961362f56e4f2cd524feb87e9069?s=96&d=mm&r=g","contentUrl":"https:\/\/secure.gravatar.com\/avatar\/68592660ad6347fad0fb587f8d5d8f1a7b44961362f56e4f2cd524feb87e9069?s=96&d=mm&r=g","caption":"dmcsrbija.com@gmail.com"},"sameAs":["https:\/\/dmcsrb.com"],"url":"https:\/\/dmcsrb.com\/en\/author\/dmcsrbija-comgmail-com\/"}]}},"_links":{"self":[{"href":"https:\/\/dmcsrb.com\/en\/wp-json\/wp\/v2\/posts\/945205","targetHints":{"allow":["GET"]}}],"collection":[{"href":"https:\/\/dmcsrb.com\/en\/wp-json\/wp\/v2\/posts"}],"about":[{"href":"https:\/\/dmcsrb.com\/en\/wp-json\/wp\/v2\/types\/post"}],"author":[{"embeddable":true,"href":"https:\/\/dmcsrb.com\/en\/wp-json\/wp\/v2\/users\/1"}],"replies":[{"embeddable":true,"href":"https:\/\/dmcsrb.com\/en\/wp-json\/wp\/v2\/comments?post=945205"}],"version-history":[{"count":0,"href":"https:\/\/dmcsrb.com\/en\/wp-json\/wp\/v2\/posts\/945205\/revisions"}],"wp:featuredmedia":[{"embeddable":true,"href":"https:\/\/dmcsrb.com\/en\/wp-json\/wp\/v2\/media\/945206"}],"wp:attachment":[{"href":"https:\/\/dmcsrb.com\/en\/wp-json\/wp\/v2\/media?parent=945205"}],"wp:term":[{"taxonomy":"category","embeddable":true,"href":"https:\/\/dmcsrb.com\/en\/wp-json\/wp\/v2\/categories?post=945205"},{"taxonomy":"post_tag","embeddable":true,"href":"https:\/\/dmcsrb.com\/en\/wp-json\/wp\/v2\/tags?post=945205"},{"taxonomy":"naslovna","embeddable":true,"href":"https:\/\/dmcsrb.com\/en\/wp-json\/wp\/v2\/naslovna?post=945205"}],"curies":[{"name":"wp","href":"https:\/\/api.w.org\/{rel}","templated":true}]}}