{"id":945158,"date":"2025-08-09T07:15:00","date_gmt":"2025-08-09T05:15:00","guid":{"rendered":"https:\/\/dmcsrb.com\/uncategorized\/odbojkasi-u-dobrom-ritmu-privode-pripreme-kraju\/"},"modified":"2025-08-09T07:15:00","modified_gmt":"2025-08-09T05:15:00","slug":"odbojkasi-u-dobrom-ritmu-privode-pripreme-kraju","status":"publish","type":"post","link":"https:\/\/dmcsrb.com\/en\/sport\/odbojkasi-u-dobrom-ritmu-privode-pripreme-kraju\/","title":{"rendered":"Odbojka\u0161i u dobrom ritmu privode pripreme kraju"},"content":{"rendered":"<p>Mladi tim, koji stasava zajedno, \u017eeli da popravi utisak u drugom dijelu grupe C, a tehni\u010dar&nbsp;<strong>Rastko Milenkovi\u0107<\/strong>&nbsp;nagla\u0161ava dobru atmosferu kao va\u017ean adut.<\/p>\n\n\n\n<p>\u201eAtmosfera u ekipi je na vrhunskom nivou. Pripreme smo odradili maksmimalno ozbiljno, u sjajnom ritmu i, \u0161to je najva\u017enije, bez i jedne povrede. Sljede\u0107e sedmice putujemo za \u010ce\u0161ku, gdje nas o\u010dekuje jak protivnik i prava prilika da poka\u017eemo sve \u0161to smo radili. Idemo spremni i puni samopouzdanja da se borimo do kraja, protiv ekipe koju dobro poznajemo iz Zlatne lige i sa prethodnih \u0161ampionata Evrope. \u017delimo da utisak o ovom mladom timu bude pozitivan i da sve zaokru\u017eimo dobrim izdanjem protiv Norve\u0161ke u Kola\u0161inu, na kraju kvalifikacija\u201c, kazao je novi \u010dlan Budu\u0107nosti.<\/p>\n\n\n\n<figure class=\"wp-block-image size-large\"><img decoding=\"async\" src=\"https:\/\/gradski.me\/wp-content\/uploads\/2025\/08\/CG-Austrija-OSCG-1024x683.jpg\" alt=\"\" class=\"wp-image-809504\"\/><figcaption class=\"wp-element-caption\">Foto: OSCG<\/figcaption><\/figure>\n\n\n\n<p>Ekipa \u0107e u svojoj bazi u SC \u201eKola\u0161in\u201c trenirati do utorka, kada \u0107e otputovati za Tabor, grad u centralnoj \u010ce\u0161koj, gdje \u0107e odigrati drugi kvalifikacioni me\u010d sa rivalom sa EuroVoleja 2023. godine i sa podgori\u010dkog tutnira Zlatne lige ovog juna. Bi\u0107e to tre\u0107a utakmica \u201ccrvenih\u201d u grupi C kvalifikacija za predstoje\u0107e prvenstvo.<\/p>\n\n\n\n<p>Nakon 25 dana treninga, selektor&nbsp;<strong>Ivica Jevti\u0107<\/strong>&nbsp;odabrao je 14 igra\u010da, koji \u0107e u\u010destovati u zavr\u0161nici priprema i biti u timu na utakmicama koje predstoje. Na spisku su: tehni\u010dari:&nbsp;<strong>Rastko Milenkovi\u0107<\/strong>,&nbsp;<strong>Marko Joksimovi\u0107<\/strong>; korektori:&nbsp;<strong>\u0110or\u0111e Jovovi\u0107<\/strong>,&nbsp;<strong>Milutin Pavi\u0107evi\u0107<\/strong>&nbsp;i&nbsp;<strong>Luka Loji\u0107<\/strong>; prima\u010di servisa:&nbsp;<strong>Nemanja Peruni\u010di\u0107<\/strong>,&nbsp;<strong>Vasilije Milenkovi\u0107<\/strong>,&nbsp;<strong>Vuka\u0161in Cimbaljevi\u0107<\/strong>&nbsp;i&nbsp;<strong>Vuk Stanojevi\u0107<\/strong>; srednji blokeri:&nbsp;<strong>Nikola \u0110urovi\u0107<\/strong>,&nbsp;<strong>Matija \u0106in\u0107ur<\/strong>,&nbsp;<strong>Dalibor Le\u010di\u0107<\/strong>&nbsp;i libera:&nbsp;<strong>Andrija Joksimovi\u0107<\/strong>&nbsp;i&nbsp;<strong>Milan Rov\u010danin<\/strong>.<\/p>\n\n\n\n<p>Utakmica sa \u010ce\u0161kom igra se u srijedu, od 18 sati, dok je duel sa Norve\u0161kom u nedjelju, 17. avgusta, u SC \u201eKola\u0161in\u201c, sa po\u010detkom u 19h, uz prenos na RTCG.<\/p>\n\n\n\n<p>Crna Gora je nakon pro\u0161logodi\u0161njeg dijela kvalifikacija i dva me\u010da bez bodova, po\u0161to je od Norve\u0161ke izgubila 3:0, a od \u010ce\u0161ke 3:1.<\/p>\n\n\n\n<p>Evropsko prvenstvo igra se u Bugarskoj, Finskoj, Italiji i Rumuniji, uz \u010detiri selekcije doma\u0107ina u\u010destvova\u0107e osam najboljih sa prethodnog \u0161ampionata (Poljska, Slovenija, Francuska, Holandija, Srbija, Ukrajina, Njema\u010dka i Portugal), kao i osvaja\u010di sedam kvalifikacionih grupa i pet najboljih drugoplasiranih.<\/p>\n\n\n\n<p><a href=\"https:\/\/eurovolley.cev.eu\/en\/2026\/\" target=\"_blank\" rel=\"noreferrer noopener\"><\/a><\/p>","protected":false},"excerpt":{"rendered":"<p>Nakon gotovo \u010detiri sedmice intenzivnih priprema u Kola\u0161inu, i dva test me\u010da s Austrijom, najbolji crnogorski odbojka\u0161i spremni su za zavr\u0161ne me\u010deve kvalifikacija za Evropsko prvenstvo 2026. godine, koji ih o\u010dekuju naredne sedmice \u2013 u Taboru sa \u010ce\u0161kom i u Kola\u0161inu sa Norve\u0161kom.<\/p>","protected":false},"author":1,"featured_media":945159,"comment_status":"open","ping_status":"open","sticky":false,"template":"","format":"standard","meta":{"_acf_changed":false,"footnotes":""},"categories":[148],"tags":[16984,2151,5383,3792],"naslovna":[],"class_list":["post-945158","post","type-post","status-publish","format-standard","has-post-thumbnail","hentry","category-sport","tag-kvalifikacije-za-eurovolej-2026","tag-muska-odbojkaska-reprezentacija-crne-gore","tag-pripreme","tag-rastko-milenkovic"],"acf":[],"yoast_head":"<!-- This site is optimized with the Yoast SEO plugin v27.0 - https:\/\/yoast.com\/product\/yoast-seo-wordpress\/ -->\n<title>Odbojka\u0161i u dobrom ritmu privode pripreme kraju - dmcsrb.com<\/title>\n<meta name=\"robots\" content=\"index, follow, max-snippet:-1, max-image-preview:large, max-video-preview:-1\" \/>\n<link rel=\"canonical\" href=\"https:\/\/dmcsrb.com\/en\/sport\/odbojkasi-u-dobrom-ritmu-privode-pripreme-kraju\/\" \/>\n<meta property=\"og:locale\" content=\"en_GB\" \/>\n<meta property=\"og:type\" content=\"article\" \/>\n<meta property=\"og:title\" content=\"Odbojka\u0161i u dobrom ritmu privode pripreme kraju - dmcsrb.com\" \/>\n<meta property=\"og:description\" content=\"Nakon gotovo \u010detiri sedmice intenzivnih priprema u Kola\u0161inu, i dva test me\u010da s Austrijom, najbolji crnogorski odbojka\u0161i spremni su za zavr\u0161ne me\u010deve kvalifikacija za Evropsko prvenstvo 2026. godine, koji ih o\u010dekuju naredne sedmice \u2013 u Taboru sa \u010ce\u0161kom i u Kola\u0161inu sa Norve\u0161kom.\" \/>\n<meta property=\"og:url\" content=\"https:\/\/dmcsrb.com\/en\/sport\/odbojkasi-u-dobrom-ritmu-privode-pripreme-kraju\/\" \/>\n<meta property=\"og:site_name\" content=\"dmcsrb.com\" \/>\n<meta property=\"article:published_time\" content=\"2025-08-09T05:15:00+00:00\" \/>\n<meta property=\"og:image\" content=\"https:\/\/dmcsrb.com\/wp-content\/uploads\/2026\/01\/Odbojkasi-pripreme-OSCG-.webp\" \/>\n\t<meta property=\"og:image:width\" content=\"2000\" \/>\n\t<meta property=\"og:image:height\" content=\"1333\" \/>\n\t<meta property=\"og:image:type\" content=\"image\/jpeg\" \/>\n<meta name=\"author\" content=\"dmcsrbija.com@gmail.com\" \/>\n<meta name=\"twitter:card\" content=\"summary_large_image\" \/>\n<meta name=\"twitter:label1\" content=\"Written by\" \/>\n\t<meta name=\"twitter:data1\" content=\"dmcsrbija.com@gmail.com\" \/>\n\t<meta name=\"twitter:label2\" content=\"Estimated reading time\" \/>\n\t<meta name=\"twitter:data2\" content=\"2 minutes\" \/>\n<script type=\"application\/ld+json\" class=\"yoast-schema-graph\">{\"@context\":\"https:\/\/schema.org\",\"@graph\":[{\"@type\":\"Article\",\"@id\":\"https:\/\/dmcsrb.com\/sport\/odbojkasi-u-dobrom-ritmu-privode-pripreme-kraju\/#article\",\"isPartOf\":{\"@id\":\"https:\/\/dmcsrb.com\/sport\/odbojkasi-u-dobrom-ritmu-privode-pripreme-kraju\/\"},\"author\":{\"name\":\"dmcsrbija.com@gmail.com\",\"@id\":\"https:\/\/dmcsrb.com\/#\/schema\/person\/5c39170f12db1b8b457732d0b5c854e2\"},\"headline\":\"Odbojka\u0161i u dobrom ritmu privode pripreme kraju\",\"datePublished\":\"2025-08-09T05:15:00+00:00\",\"mainEntityOfPage\":{\"@id\":\"https:\/\/dmcsrb.com\/sport\/odbojkasi-u-dobrom-ritmu-privode-pripreme-kraju\/\"},\"wordCount\":396,\"commentCount\":0,\"image\":{\"@id\":\"https:\/\/dmcsrb.com\/sport\/odbojkasi-u-dobrom-ritmu-privode-pripreme-kraju\/#primaryimage\"},\"thumbnailUrl\":\"https:\/\/dmcsrb.com\/wp-content\/uploads\/2026\/01\/Odbojkasi-pripreme-OSCG-.webp\",\"keywords\":[\"kvalifikacije za Eurovolej 2026\",\"Mu\u0161ka odbojka\u0161ka reprezentacija Crne Gore\",\"pripreme\",\"Rastko Milenkovi\u0107\"],\"articleSection\":[\"Sport\"],\"inLanguage\":\"en-GB\",\"potentialAction\":[{\"@type\":\"CommentAction\",\"name\":\"Comment\",\"target\":[\"https:\/\/dmcsrb.com\/sport\/odbojkasi-u-dobrom-ritmu-privode-pripreme-kraju\/#respond\"]}]},{\"@type\":\"WebPage\",\"@id\":\"https:\/\/dmcsrb.com\/sport\/odbojkasi-u-dobrom-ritmu-privode-pripreme-kraju\/\",\"url\":\"https:\/\/dmcsrb.com\/sport\/odbojkasi-u-dobrom-ritmu-privode-pripreme-kraju\/\",\"name\":\"Odbojka\u0161i u dobrom ritmu privode pripreme kraju - dmcsrb.com\",\"isPartOf\":{\"@id\":\"https:\/\/dmcsrb.com\/#website\"},\"primaryImageOfPage\":{\"@id\":\"https:\/\/dmcsrb.com\/sport\/odbojkasi-u-dobrom-ritmu-privode-pripreme-kraju\/#primaryimage\"},\"image\":{\"@id\":\"https:\/\/dmcsrb.com\/sport\/odbojkasi-u-dobrom-ritmu-privode-pripreme-kraju\/#primaryimage\"},\"thumbnailUrl\":\"https:\/\/dmcsrb.com\/wp-content\/uploads\/2026\/01\/Odbojkasi-pripreme-OSCG-.webp\",\"datePublished\":\"2025-08-09T05:15:00+00:00\",\"author\":{\"@id\":\"https:\/\/dmcsrb.com\/#\/schema\/person\/5c39170f12db1b8b457732d0b5c854e2\"},\"breadcrumb\":{\"@id\":\"https:\/\/dmcsrb.com\/sport\/odbojkasi-u-dobrom-ritmu-privode-pripreme-kraju\/#breadcrumb\"},\"inLanguage\":\"en-GB\",\"potentialAction\":[{\"@type\":\"ReadAction\",\"target\":[\"https:\/\/dmcsrb.com\/sport\/odbojkasi-u-dobrom-ritmu-privode-pripreme-kraju\/\"]}]},{\"@type\":\"ImageObject\",\"inLanguage\":\"en-GB\",\"@id\":\"https:\/\/dmcsrb.com\/sport\/odbojkasi-u-dobrom-ritmu-privode-pripreme-kraju\/#primaryimage\",\"url\":\"https:\/\/dmcsrb.com\/wp-content\/uploads\/2026\/01\/Odbojkasi-pripreme-OSCG-.webp\",\"contentUrl\":\"https:\/\/dmcsrb.com\/wp-content\/uploads\/2026\/01\/Odbojkasi-pripreme-OSCG-.webp\",\"width\":2000,\"height\":1333},{\"@type\":\"BreadcrumbList\",\"@id\":\"https:\/\/dmcsrb.com\/sport\/odbojkasi-u-dobrom-ritmu-privode-pripreme-kraju\/#breadcrumb\",\"itemListElement\":[{\"@type\":\"ListItem\",\"position\":1,\"name\":\"Home\",\"item\":\"https:\/\/dmcsrb.com\/\"},{\"@type\":\"ListItem\",\"position\":2,\"name\":\"Odbojka\u0161i u dobrom ritmu privode pripreme kraju\"}]},{\"@type\":\"WebSite\",\"@id\":\"https:\/\/dmcsrb.com\/#website\",\"url\":\"https:\/\/dmcsrb.com\/\",\"name\":\"dmcsrb.com\",\"description\":\"\",\"potentialAction\":[{\"@type\":\"SearchAction\",\"target\":{\"@type\":\"EntryPoint\",\"urlTemplate\":\"https:\/\/dmcsrb.com\/?s={search_term_string}\"},\"query-input\":{\"@type\":\"PropertyValueSpecification\",\"valueRequired\":true,\"valueName\":\"search_term_string\"}}],\"inLanguage\":\"en-GB\"},{\"@type\":\"Person\",\"@id\":\"https:\/\/dmcsrb.com\/#\/schema\/person\/5c39170f12db1b8b457732d0b5c854e2\",\"name\":\"dmcsrbija.com@gmail.com\",\"image\":{\"@type\":\"ImageObject\",\"inLanguage\":\"en-GB\",\"@id\":\"https:\/\/dmcsrb.com\/#\/schema\/person\/image\/\",\"url\":\"https:\/\/secure.gravatar.com\/avatar\/68592660ad6347fad0fb587f8d5d8f1a7b44961362f56e4f2cd524feb87e9069?s=96&d=mm&r=g\",\"contentUrl\":\"https:\/\/secure.gravatar.com\/avatar\/68592660ad6347fad0fb587f8d5d8f1a7b44961362f56e4f2cd524feb87e9069?s=96&d=mm&r=g\",\"caption\":\"dmcsrbija.com@gmail.com\"},\"sameAs\":[\"https:\/\/dmcsrb.com\"],\"url\":\"https:\/\/dmcsrb.com\/en\/author\/dmcsrbija-comgmail-com\/\"}]}<\/script>\n<!-- \/ Yoast SEO plugin. -->","yoast_head_json":{"title":"Odbojka\u0161i u dobrom ritmu privode pripreme kraju - dmcsrb.com","robots":{"index":"index","follow":"follow","max-snippet":"max-snippet:-1","max-image-preview":"max-image-preview:large","max-video-preview":"max-video-preview:-1"},"canonical":"https:\/\/dmcsrb.com\/en\/sport\/odbojkasi-u-dobrom-ritmu-privode-pripreme-kraju\/","og_locale":"en_GB","og_type":"article","og_title":"Odbojka\u0161i u dobrom ritmu privode pripreme kraju - dmcsrb.com","og_description":"Nakon gotovo \u010detiri sedmice intenzivnih priprema u Kola\u0161inu, i dva test me\u010da s Austrijom, najbolji crnogorski odbojka\u0161i spremni su za zavr\u0161ne me\u010deve kvalifikacija za Evropsko prvenstvo 2026. godine, koji ih o\u010dekuju naredne sedmice \u2013 u Taboru sa \u010ce\u0161kom i u Kola\u0161inu sa Norve\u0161kom.","og_url":"https:\/\/dmcsrb.com\/en\/sport\/odbojkasi-u-dobrom-ritmu-privode-pripreme-kraju\/","og_site_name":"dmcsrb.com","article_published_time":"2025-08-09T05:15:00+00:00","og_image":[{"width":2000,"height":1333,"url":"https:\/\/dmcsrb.com\/wp-content\/uploads\/2026\/01\/Odbojkasi-pripreme-OSCG-.webp","type":"image\/jpeg"}],"author":"dmcsrbija.com@gmail.com","twitter_card":"summary_large_image","twitter_misc":{"Written by":"dmcsrbija.com@gmail.com","Estimated reading time":"2 minutes"},"schema":{"@context":"https:\/\/schema.org","@graph":[{"@type":"Article","@id":"https:\/\/dmcsrb.com\/sport\/odbojkasi-u-dobrom-ritmu-privode-pripreme-kraju\/#article","isPartOf":{"@id":"https:\/\/dmcsrb.com\/sport\/odbojkasi-u-dobrom-ritmu-privode-pripreme-kraju\/"},"author":{"name":"dmcsrbija.com@gmail.com","@id":"https:\/\/dmcsrb.com\/#\/schema\/person\/5c39170f12db1b8b457732d0b5c854e2"},"headline":"Odbojka\u0161i u dobrom ritmu privode pripreme kraju","datePublished":"2025-08-09T05:15:00+00:00","mainEntityOfPage":{"@id":"https:\/\/dmcsrb.com\/sport\/odbojkasi-u-dobrom-ritmu-privode-pripreme-kraju\/"},"wordCount":396,"commentCount":0,"image":{"@id":"https:\/\/dmcsrb.com\/sport\/odbojkasi-u-dobrom-ritmu-privode-pripreme-kraju\/#primaryimage"},"thumbnailUrl":"https:\/\/dmcsrb.com\/wp-content\/uploads\/2026\/01\/Odbojkasi-pripreme-OSCG-.webp","keywords":["kvalifikacije za Eurovolej 2026","Mu\u0161ka odbojka\u0161ka reprezentacija Crne Gore","pripreme","Rastko Milenkovi\u0107"],"articleSection":["Sport"],"inLanguage":"en-GB","potentialAction":[{"@type":"CommentAction","name":"Comment","target":["https:\/\/dmcsrb.com\/sport\/odbojkasi-u-dobrom-ritmu-privode-pripreme-kraju\/#respond"]}]},{"@type":"WebPage","@id":"https:\/\/dmcsrb.com\/sport\/odbojkasi-u-dobrom-ritmu-privode-pripreme-kraju\/","url":"https:\/\/dmcsrb.com\/sport\/odbojkasi-u-dobrom-ritmu-privode-pripreme-kraju\/","name":"Odbojka\u0161i u dobrom ritmu privode pripreme kraju - dmcsrb.com","isPartOf":{"@id":"https:\/\/dmcsrb.com\/#website"},"primaryImageOfPage":{"@id":"https:\/\/dmcsrb.com\/sport\/odbojkasi-u-dobrom-ritmu-privode-pripreme-kraju\/#primaryimage"},"image":{"@id":"https:\/\/dmcsrb.com\/sport\/odbojkasi-u-dobrom-ritmu-privode-pripreme-kraju\/#primaryimage"},"thumbnailUrl":"https:\/\/dmcsrb.com\/wp-content\/uploads\/2026\/01\/Odbojkasi-pripreme-OSCG-.webp","datePublished":"2025-08-09T05:15:00+00:00","author":{"@id":"https:\/\/dmcsrb.com\/#\/schema\/person\/5c39170f12db1b8b457732d0b5c854e2"},"breadcrumb":{"@id":"https:\/\/dmcsrb.com\/sport\/odbojkasi-u-dobrom-ritmu-privode-pripreme-kraju\/#breadcrumb"},"inLanguage":"en-GB","potentialAction":[{"@type":"ReadAction","target":["https:\/\/dmcsrb.com\/sport\/odbojkasi-u-dobrom-ritmu-privode-pripreme-kraju\/"]}]},{"@type":"ImageObject","inLanguage":"en-GB","@id":"https:\/\/dmcsrb.com\/sport\/odbojkasi-u-dobrom-ritmu-privode-pripreme-kraju\/#primaryimage","url":"https:\/\/dmcsrb.com\/wp-content\/uploads\/2026\/01\/Odbojkasi-pripreme-OSCG-.webp","contentUrl":"https:\/\/dmcsrb.com\/wp-content\/uploads\/2026\/01\/Odbojkasi-pripreme-OSCG-.webp","width":2000,"height":1333},{"@type":"BreadcrumbList","@id":"https:\/\/dmcsrb.com\/sport\/odbojkasi-u-dobrom-ritmu-privode-pripreme-kraju\/#breadcrumb","itemListElement":[{"@type":"ListItem","position":1,"name":"Home","item":"https:\/\/dmcsrb.com\/"},{"@type":"ListItem","position":2,"name":"Odbojka\u0161i u dobrom ritmu privode pripreme kraju"}]},{"@type":"WebSite","@id":"https:\/\/dmcsrb.com\/#website","url":"https:\/\/dmcsrb.com\/","name":"dmcsrb.com","description":"","potentialAction":[{"@type":"SearchAction","target":{"@type":"EntryPoint","urlTemplate":"https:\/\/dmcsrb.com\/?s={search_term_string}"},"query-input":{"@type":"PropertyValueSpecification","valueRequired":true,"valueName":"search_term_string"}}],"inLanguage":"en-GB"},{"@type":"Person","@id":"https:\/\/dmcsrb.com\/#\/schema\/person\/5c39170f12db1b8b457732d0b5c854e2","name":"dmcsrbija.com@gmail.com","image":{"@type":"ImageObject","inLanguage":"en-GB","@id":"https:\/\/dmcsrb.com\/#\/schema\/person\/image\/","url":"https:\/\/secure.gravatar.com\/avatar\/68592660ad6347fad0fb587f8d5d8f1a7b44961362f56e4f2cd524feb87e9069?s=96&d=mm&r=g","contentUrl":"https:\/\/secure.gravatar.com\/avatar\/68592660ad6347fad0fb587f8d5d8f1a7b44961362f56e4f2cd524feb87e9069?s=96&d=mm&r=g","caption":"dmcsrbija.com@gmail.com"},"sameAs":["https:\/\/dmcsrb.com"],"url":"https:\/\/dmcsrb.com\/en\/author\/dmcsrbija-comgmail-com\/"}]}},"_links":{"self":[{"href":"https:\/\/dmcsrb.com\/en\/wp-json\/wp\/v2\/posts\/945158","targetHints":{"allow":["GET"]}}],"collection":[{"href":"https:\/\/dmcsrb.com\/en\/wp-json\/wp\/v2\/posts"}],"about":[{"href":"https:\/\/dmcsrb.com\/en\/wp-json\/wp\/v2\/types\/post"}],"author":[{"embeddable":true,"href":"https:\/\/dmcsrb.com\/en\/wp-json\/wp\/v2\/users\/1"}],"replies":[{"embeddable":true,"href":"https:\/\/dmcsrb.com\/en\/wp-json\/wp\/v2\/comments?post=945158"}],"version-history":[{"count":0,"href":"https:\/\/dmcsrb.com\/en\/wp-json\/wp\/v2\/posts\/945158\/revisions"}],"wp:featuredmedia":[{"embeddable":true,"href":"https:\/\/dmcsrb.com\/en\/wp-json\/wp\/v2\/media\/945159"}],"wp:attachment":[{"href":"https:\/\/dmcsrb.com\/en\/wp-json\/wp\/v2\/media?parent=945158"}],"wp:term":[{"taxonomy":"category","embeddable":true,"href":"https:\/\/dmcsrb.com\/en\/wp-json\/wp\/v2\/categories?post=945158"},{"taxonomy":"post_tag","embeddable":true,"href":"https:\/\/dmcsrb.com\/en\/wp-json\/wp\/v2\/tags?post=945158"},{"taxonomy":"naslovna","embeddable":true,"href":"https:\/\/dmcsrb.com\/en\/wp-json\/wp\/v2\/naslovna?post=945158"}],"curies":[{"name":"wp","href":"https:\/\/api.w.org\/{rel}","templated":true}]}}