{"id":945141,"date":"2025-08-08T19:47:00","date_gmt":"2025-08-08T17:47:00","guid":{"rendered":"https:\/\/dmcsrb.com\/uncategorized\/vlahovic-ja-sam-zrtva-napada-i-mobinga-milanke-radulovic-prijavio-sam-je-policiji\/"},"modified":"2025-08-08T19:47:00","modified_gmt":"2025-08-08T17:47:00","slug":"vlahovic-ja-sam-zrtva-napada-i-mobinga-milanke-radulovic-prijavio-sam-je-policiji","status":"publish","type":"post","link":"https:\/\/dmcsrb.com\/en\/drustvo\/vlahovic-ja-sam-zrtva-napada-i-mobinga-milanke-radulovic-prijavio-sam-je-policiji\/","title":{"rendered":"Vlahovi\u0107: Ja sam \u017ertva napada i mobinga Milanke Radulovi\u0107, prijavio sam je policiji"},"content":{"rendered":"<p>&#8220;Njena naknadna prijava protiv mene, nakon \u0161to je postala svjesna onoga \u0161to je u\u010dinila, samo potvr\u0111uje poku\u0161aj zamjene teza i prikrivanja istine. Da nije tako, njena partija bi reagovala odmah, a ne tek poslije 30 \u010dasova. Ne treba im valjda toliko vremena da se oglase ako im je, kako tvrde, partijska koleginica brutalno napadnuta. Prije \u0107e biti da im je trebalo toliko vremena da smisle \u0161ta da ka\u017eu i kako da prikriju istinu o nedoli\u010dnom pona\u0161anju gospo\u0111e Milanke Radulovi\u0107\u201d, navodi Vlahovi\u0107.<\/p>\n\n\n\n<p>Valhovi\u0107 ka\u017ee da je spreman da za svaku svoju rije\u010d ide na detektor la\u017ei, a poziva i nju da u\u010dini isto.<\/p>\n\n\n\n<p>\u201cU svakom slu\u010daju, istina \u0107e se utvrditi, jer sam pokrenuo prijavu za mobing i proces \u0107e jasno pokazati ko govori istinu. Frustracije zbog izgubljene pozicije neka gospo\u0111a Radulovi\u0107 lije\u010di na nekom drugom mjestu, jer mene politika odavno ne zanima\u201d, poru\u010dio je Vlahovi\u0107.<\/p>\n\n\n\n<figure class=\"wp-block-embed is-type-wp-embed is-provider-gradski-portal wp-block-embed-gradski-portal\"><div class=\"wp-block-embed__wrapper\">\n<blockquote class=\"wp-embedded-content\" data-secret=\"DDdDYaMy33\"><a href=\"https:\/\/gradski.me\/ura-sekretarka-opstine-niksic-milanka-radulovic-napadnuta-na-svom-radnom-mjestu-nadlezni-hitno-da-reaguju\/\">URA: Sekretarka Op\u0161tine Nik\u0161i\u0107 Milanka Radulovi\u0107 napadnuta na svom radnom mjestu \u2013 nadle\u017eni hitno da reaguju<\/a><\/blockquote><iframe loading=\"lazy\" class=\"wp-embedded-content\" sandbox=\"allow-scripts\" security=\"restricted\" style=\"position: absolute; visibility: hidden;\" title=\"&#132;URA: Sekretarka Op\u0161tine Nik\u0161i\u0107 Milanka Radulovi\u0107 napadnuta na svom radnom mjestu \u2013 nadle\u017eni hitno da reaguju&#147; &#8212; Gradski portal\" src=\"https:\/\/gradski.me\/ura-sekretarka-opstine-niksic-milanka-radulovic-napadnuta-na-svom-radnom-mjestu-nadlezni-hitno-da-reaguju\/embed\/#?secret=IlH1wm8fDK#?secret=DDdDYaMy33\" data-secret=\"DDdDYaMy33\" width=\"500\" height=\"282\" frameborder=\"0\" marginwidth=\"0\" marginheight=\"0\" scrolling=\"no\"><\/iframe>\n<\/div><\/figure>","protected":false},"excerpt":{"rendered":"<p>Ju\u010de sam bio \u017ertva napada i mobinga od strane Milanke Radulovi\u0107, zbog \u010dega sam je prijavio policiji i zatra\u017eio medicinsku pomo\u0107 u nadle\u017enoj zdravstvenoj ustanovi, kazao je Zdravko Vlahovi\u0107, reaguju\u0107i na saop\u0161tenje nik\u0161i\u0107ke URE.<\/p>","protected":false},"author":1,"featured_media":909716,"comment_status":"open","ping_status":"open","sticky":false,"template":"","format":"standard","meta":{"_acf_changed":false,"footnotes":""},"categories":[2],"tags":[16258,45,2975],"naslovna":[],"class_list":["post-945141","post","type-post","status-publish","format-standard","has-post-thumbnail","hentry","category-drustvo","tag-mobing","tag-policija","tag-prijava"],"acf":[],"yoast_head":"<!-- This site is optimized with the Yoast SEO plugin v27.0 - https:\/\/yoast.com\/product\/yoast-seo-wordpress\/ -->\n<title>Vlahovi\u0107: Ja sam \u017ertva napada i mobinga Milanke Radulovi\u0107, prijavio sam je policiji - dmcsrb.com<\/title>\n<meta name=\"robots\" content=\"index, follow, max-snippet:-1, max-image-preview:large, max-video-preview:-1\" \/>\n<link rel=\"canonical\" href=\"https:\/\/dmcsrb.com\/en\/drustvo\/vlahovic-ja-sam-zrtva-napada-i-mobinga-milanke-radulovic-prijavio-sam-je-policiji\/\" \/>\n<meta property=\"og:locale\" content=\"en_GB\" \/>\n<meta property=\"og:type\" content=\"article\" \/>\n<meta property=\"og:title\" content=\"Vlahovi\u0107: Ja sam \u017ertva napada i mobinga Milanke Radulovi\u0107, prijavio sam je policiji - dmcsrb.com\" \/>\n<meta property=\"og:description\" content=\"Ju\u010de sam bio \u017ertva napada i mobinga od strane Milanke Radulovi\u0107, zbog \u010dega sam je prijavio policiji i zatra\u017eio medicinsku pomo\u0107 u nadle\u017enoj zdravstvenoj ustanovi, kazao je Zdravko Vlahovi\u0107, reaguju\u0107i na saop\u0161tenje nik\u0161i\u0107ke URE.\" \/>\n<meta property=\"og:url\" content=\"https:\/\/dmcsrb.com\/en\/drustvo\/vlahovic-ja-sam-zrtva-napada-i-mobinga-milanke-radulovic-prijavio-sam-je-policiji\/\" \/>\n<meta property=\"og:site_name\" content=\"dmcsrb.com\" \/>\n<meta property=\"article:published_time\" content=\"2025-08-08T17:47:00+00:00\" \/>\n<meta property=\"og:image\" content=\"https:\/\/dmcsrb.com\/wp-content\/uploads\/2026\/01\/niksic-panorama-rtnk.jpg\" \/>\n\t<meta property=\"og:image:width\" content=\"1061\" \/>\n\t<meta property=\"og:image:height\" content=\"583\" \/>\n\t<meta property=\"og:image:type\" content=\"image\/jpeg\" \/>\n<meta name=\"author\" content=\"dmcsrbija.com@gmail.com\" \/>\n<meta name=\"twitter:card\" content=\"summary_large_image\" \/>\n<meta name=\"twitter:label1\" content=\"Written by\" \/>\n\t<meta name=\"twitter:data1\" content=\"dmcsrbija.com@gmail.com\" \/>\n\t<meta name=\"twitter:label2\" content=\"Estimated reading time\" \/>\n\t<meta name=\"twitter:data2\" content=\"1 minute\" \/>\n<script type=\"application\/ld+json\" class=\"yoast-schema-graph\">{\"@context\":\"https:\/\/schema.org\",\"@graph\":[{\"@type\":\"Article\",\"@id\":\"https:\/\/dmcsrb.com\/drustvo\/vlahovic-ja-sam-zrtva-napada-i-mobinga-milanke-radulovic-prijavio-sam-je-policiji\/#article\",\"isPartOf\":{\"@id\":\"https:\/\/dmcsrb.com\/drustvo\/vlahovic-ja-sam-zrtva-napada-i-mobinga-milanke-radulovic-prijavio-sam-je-policiji\/\"},\"author\":{\"name\":\"dmcsrbija.com@gmail.com\",\"@id\":\"https:\/\/dmcsrb.com\/#\/schema\/person\/5c39170f12db1b8b457732d0b5c854e2\"},\"headline\":\"Vlahovi\u0107: Ja sam \u017ertva napada i mobinga Milanke Radulovi\u0107, prijavio sam je policiji\",\"datePublished\":\"2025-08-08T17:47:00+00:00\",\"mainEntityOfPage\":{\"@id\":\"https:\/\/dmcsrb.com\/drustvo\/vlahovic-ja-sam-zrtva-napada-i-mobinga-milanke-radulovic-prijavio-sam-je-policiji\/\"},\"wordCount\":174,\"commentCount\":0,\"image\":{\"@id\":\"https:\/\/dmcsrb.com\/drustvo\/vlahovic-ja-sam-zrtva-napada-i-mobinga-milanke-radulovic-prijavio-sam-je-policiji\/#primaryimage\"},\"thumbnailUrl\":\"https:\/\/dmcsrb.com\/wp-content\/uploads\/2026\/01\/niksic-panorama-rtnk.jpg\",\"keywords\":[\"mobing\",\"policija\",\"prijava\"],\"articleSection\":[\"Dru\u0161tvo\"],\"inLanguage\":\"en-GB\",\"potentialAction\":[{\"@type\":\"CommentAction\",\"name\":\"Comment\",\"target\":[\"https:\/\/dmcsrb.com\/drustvo\/vlahovic-ja-sam-zrtva-napada-i-mobinga-milanke-radulovic-prijavio-sam-je-policiji\/#respond\"]}]},{\"@type\":\"WebPage\",\"@id\":\"https:\/\/dmcsrb.com\/drustvo\/vlahovic-ja-sam-zrtva-napada-i-mobinga-milanke-radulovic-prijavio-sam-je-policiji\/\",\"url\":\"https:\/\/dmcsrb.com\/drustvo\/vlahovic-ja-sam-zrtva-napada-i-mobinga-milanke-radulovic-prijavio-sam-je-policiji\/\",\"name\":\"Vlahovi\u0107: Ja sam \u017ertva napada i mobinga Milanke Radulovi\u0107, prijavio sam je policiji - dmcsrb.com\",\"isPartOf\":{\"@id\":\"https:\/\/dmcsrb.com\/#website\"},\"primaryImageOfPage\":{\"@id\":\"https:\/\/dmcsrb.com\/drustvo\/vlahovic-ja-sam-zrtva-napada-i-mobinga-milanke-radulovic-prijavio-sam-je-policiji\/#primaryimage\"},\"image\":{\"@id\":\"https:\/\/dmcsrb.com\/drustvo\/vlahovic-ja-sam-zrtva-napada-i-mobinga-milanke-radulovic-prijavio-sam-je-policiji\/#primaryimage\"},\"thumbnailUrl\":\"https:\/\/dmcsrb.com\/wp-content\/uploads\/2026\/01\/niksic-panorama-rtnk.jpg\",\"datePublished\":\"2025-08-08T17:47:00+00:00\",\"author\":{\"@id\":\"https:\/\/dmcsrb.com\/#\/schema\/person\/5c39170f12db1b8b457732d0b5c854e2\"},\"breadcrumb\":{\"@id\":\"https:\/\/dmcsrb.com\/drustvo\/vlahovic-ja-sam-zrtva-napada-i-mobinga-milanke-radulovic-prijavio-sam-je-policiji\/#breadcrumb\"},\"inLanguage\":\"en-GB\",\"potentialAction\":[{\"@type\":\"ReadAction\",\"target\":[\"https:\/\/dmcsrb.com\/drustvo\/vlahovic-ja-sam-zrtva-napada-i-mobinga-milanke-radulovic-prijavio-sam-je-policiji\/\"]}]},{\"@type\":\"ImageObject\",\"inLanguage\":\"en-GB\",\"@id\":\"https:\/\/dmcsrb.com\/drustvo\/vlahovic-ja-sam-zrtva-napada-i-mobinga-milanke-radulovic-prijavio-sam-je-policiji\/#primaryimage\",\"url\":\"https:\/\/dmcsrb.com\/wp-content\/uploads\/2026\/01\/niksic-panorama-rtnk.jpg\",\"contentUrl\":\"https:\/\/dmcsrb.com\/wp-content\/uploads\/2026\/01\/niksic-panorama-rtnk.jpg\",\"width\":1061,\"height\":583},{\"@type\":\"BreadcrumbList\",\"@id\":\"https:\/\/dmcsrb.com\/drustvo\/vlahovic-ja-sam-zrtva-napada-i-mobinga-milanke-radulovic-prijavio-sam-je-policiji\/#breadcrumb\",\"itemListElement\":[{\"@type\":\"ListItem\",\"position\":1,\"name\":\"Home\",\"item\":\"https:\/\/dmcsrb.com\/\"},{\"@type\":\"ListItem\",\"position\":2,\"name\":\"Vlahovi\u0107: Ja sam \u017ertva napada i mobinga Milanke Radulovi\u0107, prijavio sam je policiji\"}]},{\"@type\":\"WebSite\",\"@id\":\"https:\/\/dmcsrb.com\/#website\",\"url\":\"https:\/\/dmcsrb.com\/\",\"name\":\"dmcsrb.com\",\"description\":\"\",\"potentialAction\":[{\"@type\":\"SearchAction\",\"target\":{\"@type\":\"EntryPoint\",\"urlTemplate\":\"https:\/\/dmcsrb.com\/?s={search_term_string}\"},\"query-input\":{\"@type\":\"PropertyValueSpecification\",\"valueRequired\":true,\"valueName\":\"search_term_string\"}}],\"inLanguage\":\"en-GB\"},{\"@type\":\"Person\",\"@id\":\"https:\/\/dmcsrb.com\/#\/schema\/person\/5c39170f12db1b8b457732d0b5c854e2\",\"name\":\"dmcsrbija.com@gmail.com\",\"image\":{\"@type\":\"ImageObject\",\"inLanguage\":\"en-GB\",\"@id\":\"https:\/\/dmcsrb.com\/#\/schema\/person\/image\/\",\"url\":\"https:\/\/secure.gravatar.com\/avatar\/68592660ad6347fad0fb587f8d5d8f1a7b44961362f56e4f2cd524feb87e9069?s=96&d=mm&r=g\",\"contentUrl\":\"https:\/\/secure.gravatar.com\/avatar\/68592660ad6347fad0fb587f8d5d8f1a7b44961362f56e4f2cd524feb87e9069?s=96&d=mm&r=g\",\"caption\":\"dmcsrbija.com@gmail.com\"},\"sameAs\":[\"https:\/\/dmcsrb.com\"],\"url\":\"https:\/\/dmcsrb.com\/en\/author\/dmcsrbija-comgmail-com\/\"}]}<\/script>\n<!-- \/ Yoast SEO plugin. -->","yoast_head_json":{"title":"Vlahovi\u0107: Ja sam \u017ertva napada i mobinga Milanke Radulovi\u0107, prijavio sam je policiji - dmcsrb.com","robots":{"index":"index","follow":"follow","max-snippet":"max-snippet:-1","max-image-preview":"max-image-preview:large","max-video-preview":"max-video-preview:-1"},"canonical":"https:\/\/dmcsrb.com\/en\/drustvo\/vlahovic-ja-sam-zrtva-napada-i-mobinga-milanke-radulovic-prijavio-sam-je-policiji\/","og_locale":"en_GB","og_type":"article","og_title":"Vlahovi\u0107: Ja sam \u017ertva napada i mobinga Milanke Radulovi\u0107, prijavio sam je policiji - dmcsrb.com","og_description":"Ju\u010de sam bio \u017ertva napada i mobinga od strane Milanke Radulovi\u0107, zbog \u010dega sam je prijavio policiji i zatra\u017eio medicinsku pomo\u0107 u nadle\u017enoj zdravstvenoj ustanovi, kazao je Zdravko Vlahovi\u0107, reaguju\u0107i na saop\u0161tenje nik\u0161i\u0107ke URE.","og_url":"https:\/\/dmcsrb.com\/en\/drustvo\/vlahovic-ja-sam-zrtva-napada-i-mobinga-milanke-radulovic-prijavio-sam-je-policiji\/","og_site_name":"dmcsrb.com","article_published_time":"2025-08-08T17:47:00+00:00","og_image":[{"width":1061,"height":583,"url":"https:\/\/dmcsrb.com\/wp-content\/uploads\/2026\/01\/niksic-panorama-rtnk.jpg","type":"image\/jpeg"}],"author":"dmcsrbija.com@gmail.com","twitter_card":"summary_large_image","twitter_misc":{"Written by":"dmcsrbija.com@gmail.com","Estimated reading time":"1 minute"},"schema":{"@context":"https:\/\/schema.org","@graph":[{"@type":"Article","@id":"https:\/\/dmcsrb.com\/drustvo\/vlahovic-ja-sam-zrtva-napada-i-mobinga-milanke-radulovic-prijavio-sam-je-policiji\/#article","isPartOf":{"@id":"https:\/\/dmcsrb.com\/drustvo\/vlahovic-ja-sam-zrtva-napada-i-mobinga-milanke-radulovic-prijavio-sam-je-policiji\/"},"author":{"name":"dmcsrbija.com@gmail.com","@id":"https:\/\/dmcsrb.com\/#\/schema\/person\/5c39170f12db1b8b457732d0b5c854e2"},"headline":"Vlahovi\u0107: Ja sam \u017ertva napada i mobinga Milanke Radulovi\u0107, prijavio sam je policiji","datePublished":"2025-08-08T17:47:00+00:00","mainEntityOfPage":{"@id":"https:\/\/dmcsrb.com\/drustvo\/vlahovic-ja-sam-zrtva-napada-i-mobinga-milanke-radulovic-prijavio-sam-je-policiji\/"},"wordCount":174,"commentCount":0,"image":{"@id":"https:\/\/dmcsrb.com\/drustvo\/vlahovic-ja-sam-zrtva-napada-i-mobinga-milanke-radulovic-prijavio-sam-je-policiji\/#primaryimage"},"thumbnailUrl":"https:\/\/dmcsrb.com\/wp-content\/uploads\/2026\/01\/niksic-panorama-rtnk.jpg","keywords":["mobing","policija","prijava"],"articleSection":["Dru\u0161tvo"],"inLanguage":"en-GB","potentialAction":[{"@type":"CommentAction","name":"Comment","target":["https:\/\/dmcsrb.com\/drustvo\/vlahovic-ja-sam-zrtva-napada-i-mobinga-milanke-radulovic-prijavio-sam-je-policiji\/#respond"]}]},{"@type":"WebPage","@id":"https:\/\/dmcsrb.com\/drustvo\/vlahovic-ja-sam-zrtva-napada-i-mobinga-milanke-radulovic-prijavio-sam-je-policiji\/","url":"https:\/\/dmcsrb.com\/drustvo\/vlahovic-ja-sam-zrtva-napada-i-mobinga-milanke-radulovic-prijavio-sam-je-policiji\/","name":"Vlahovi\u0107: Ja sam \u017ertva napada i mobinga Milanke Radulovi\u0107, prijavio sam je policiji - dmcsrb.com","isPartOf":{"@id":"https:\/\/dmcsrb.com\/#website"},"primaryImageOfPage":{"@id":"https:\/\/dmcsrb.com\/drustvo\/vlahovic-ja-sam-zrtva-napada-i-mobinga-milanke-radulovic-prijavio-sam-je-policiji\/#primaryimage"},"image":{"@id":"https:\/\/dmcsrb.com\/drustvo\/vlahovic-ja-sam-zrtva-napada-i-mobinga-milanke-radulovic-prijavio-sam-je-policiji\/#primaryimage"},"thumbnailUrl":"https:\/\/dmcsrb.com\/wp-content\/uploads\/2026\/01\/niksic-panorama-rtnk.jpg","datePublished":"2025-08-08T17:47:00+00:00","author":{"@id":"https:\/\/dmcsrb.com\/#\/schema\/person\/5c39170f12db1b8b457732d0b5c854e2"},"breadcrumb":{"@id":"https:\/\/dmcsrb.com\/drustvo\/vlahovic-ja-sam-zrtva-napada-i-mobinga-milanke-radulovic-prijavio-sam-je-policiji\/#breadcrumb"},"inLanguage":"en-GB","potentialAction":[{"@type":"ReadAction","target":["https:\/\/dmcsrb.com\/drustvo\/vlahovic-ja-sam-zrtva-napada-i-mobinga-milanke-radulovic-prijavio-sam-je-policiji\/"]}]},{"@type":"ImageObject","inLanguage":"en-GB","@id":"https:\/\/dmcsrb.com\/drustvo\/vlahovic-ja-sam-zrtva-napada-i-mobinga-milanke-radulovic-prijavio-sam-je-policiji\/#primaryimage","url":"https:\/\/dmcsrb.com\/wp-content\/uploads\/2026\/01\/niksic-panorama-rtnk.jpg","contentUrl":"https:\/\/dmcsrb.com\/wp-content\/uploads\/2026\/01\/niksic-panorama-rtnk.jpg","width":1061,"height":583},{"@type":"BreadcrumbList","@id":"https:\/\/dmcsrb.com\/drustvo\/vlahovic-ja-sam-zrtva-napada-i-mobinga-milanke-radulovic-prijavio-sam-je-policiji\/#breadcrumb","itemListElement":[{"@type":"ListItem","position":1,"name":"Home","item":"https:\/\/dmcsrb.com\/"},{"@type":"ListItem","position":2,"name":"Vlahovi\u0107: Ja sam \u017ertva napada i mobinga Milanke Radulovi\u0107, prijavio sam je policiji"}]},{"@type":"WebSite","@id":"https:\/\/dmcsrb.com\/#website","url":"https:\/\/dmcsrb.com\/","name":"dmcsrb.com","description":"","potentialAction":[{"@type":"SearchAction","target":{"@type":"EntryPoint","urlTemplate":"https:\/\/dmcsrb.com\/?s={search_term_string}"},"query-input":{"@type":"PropertyValueSpecification","valueRequired":true,"valueName":"search_term_string"}}],"inLanguage":"en-GB"},{"@type":"Person","@id":"https:\/\/dmcsrb.com\/#\/schema\/person\/5c39170f12db1b8b457732d0b5c854e2","name":"dmcsrbija.com@gmail.com","image":{"@type":"ImageObject","inLanguage":"en-GB","@id":"https:\/\/dmcsrb.com\/#\/schema\/person\/image\/","url":"https:\/\/secure.gravatar.com\/avatar\/68592660ad6347fad0fb587f8d5d8f1a7b44961362f56e4f2cd524feb87e9069?s=96&d=mm&r=g","contentUrl":"https:\/\/secure.gravatar.com\/avatar\/68592660ad6347fad0fb587f8d5d8f1a7b44961362f56e4f2cd524feb87e9069?s=96&d=mm&r=g","caption":"dmcsrbija.com@gmail.com"},"sameAs":["https:\/\/dmcsrb.com"],"url":"https:\/\/dmcsrb.com\/en\/author\/dmcsrbija-comgmail-com\/"}]}},"_links":{"self":[{"href":"https:\/\/dmcsrb.com\/en\/wp-json\/wp\/v2\/posts\/945141","targetHints":{"allow":["GET"]}}],"collection":[{"href":"https:\/\/dmcsrb.com\/en\/wp-json\/wp\/v2\/posts"}],"about":[{"href":"https:\/\/dmcsrb.com\/en\/wp-json\/wp\/v2\/types\/post"}],"author":[{"embeddable":true,"href":"https:\/\/dmcsrb.com\/en\/wp-json\/wp\/v2\/users\/1"}],"replies":[{"embeddable":true,"href":"https:\/\/dmcsrb.com\/en\/wp-json\/wp\/v2\/comments?post=945141"}],"version-history":[{"count":0,"href":"https:\/\/dmcsrb.com\/en\/wp-json\/wp\/v2\/posts\/945141\/revisions"}],"wp:featuredmedia":[{"embeddable":true,"href":"https:\/\/dmcsrb.com\/en\/wp-json\/wp\/v2\/media\/909716"}],"wp:attachment":[{"href":"https:\/\/dmcsrb.com\/en\/wp-json\/wp\/v2\/media?parent=945141"}],"wp:term":[{"taxonomy":"category","embeddable":true,"href":"https:\/\/dmcsrb.com\/en\/wp-json\/wp\/v2\/categories?post=945141"},{"taxonomy":"post_tag","embeddable":true,"href":"https:\/\/dmcsrb.com\/en\/wp-json\/wp\/v2\/tags?post=945141"},{"taxonomy":"naslovna","embeddable":true,"href":"https:\/\/dmcsrb.com\/en\/wp-json\/wp\/v2\/naslovna?post=945141"}],"curies":[{"name":"wp","href":"https:\/\/api.w.org\/{rel}","templated":true}]}}