{"id":945138,"date":"2025-08-08T18:55:00","date_gmt":"2025-08-08T16:55:00","guid":{"rendered":"https:\/\/dmcsrb.com\/uncategorized\/raonic-napad-na-novinare-je-ozbiljan-udarac-na-slobodu-medija\/"},"modified":"2025-08-08T18:55:00","modified_gmt":"2025-08-08T16:55:00","slug":"raonic-napad-na-novinare-je-ozbiljan-udarac-na-slobodu-medija","status":"publish","type":"post","link":"https:\/\/dmcsrb.com\/en\/politika\/raonic-napad-na-novinare-je-ozbiljan-udarac-na-slobodu-medija\/","title":{"rendered":"Raoni\u0107: Napad na novinare je ozbiljan udarac na slobodu medija"},"content":{"rendered":"<p>&#8220;Nasilje nad novinarima nisu samo kr\u0161enje zakona, ve\u0107 i poku\u0161aj gu\u0161enja slobode govora i prava na informisanje, ali i slobode i sigurnosti uop\u0161te&#8221;, istakao je Raoni\u0107.<\/p>\n\n\n\n<figure class=\"wp-block-embed is-type-rich is-provider-twitter wp-block-embed-twitter\"><div class=\"wp-block-embed__wrapper\">\n<blockquote class=\"twitter-tweet\" data-width=\"500\" data-dnt=\"true\"><p lang=\"und\" dir=\"ltr\">Napad na novinare Vijesti i Pobjede u Gornjem Zaostru je apsolutno neprihvatljiv i predstavlja ozbiljan udarac na slobodu medija. <br>Nasilje nad novinarima nisu samo kr\u0161enje zakona, ve\u0107 i poku\u0161aj gu\u0161enja slobode govora i prava na informisanje, ali i slobode i sigurnosti uop\u0161te.<\/p>&mdash; Boris Raonic (@BorisRaonic) <a href=\"https:\/\/twitter.com\/BorisRaonic\/status\/1953880344333037795?ref_src=twsrc%5Etfw\">August 8, 2025<\/a><\/blockquote><script async src=\"https:\/\/platform.twitter.com\/widgets.js\" charset=\"utf-8\"><\/script>\n<\/div><\/figure>\n\n\n\n<p><\/p>","protected":false},"excerpt":{"rendered":"<p>Napad na novinare Vijesti i Pobjede u Gornjem Zaostru je apsolutno neprihvatljiv i predstavlja ozbiljan udarac na slobodu medija, saop\u0161tio je generalni direktor Radio televizije Crne Gore Boris Raoni\u0107.<\/p>","protected":false},"author":1,"featured_media":945139,"comment_status":"open","ping_status":"open","sticky":false,"template":"","format":"standard","meta":{"_acf_changed":false,"footnotes":""},"categories":[12],"tags":[8391,3141,1486],"naslovna":[],"class_list":["post-945138","post","type-post","status-publish","format-standard","has-post-thumbnail","hentry","category-politika","tag-boris-raonic","tag-napad","tag-novinari"],"acf":[],"yoast_head":"<!-- This site is optimized with the Yoast SEO plugin v27.0 - https:\/\/yoast.com\/product\/yoast-seo-wordpress\/ -->\n<title>Raoni\u0107: Napad na novinare je ozbiljan udarac na slobodu medija - dmcsrb.com<\/title>\n<meta name=\"robots\" content=\"index, follow, max-snippet:-1, max-image-preview:large, max-video-preview:-1\" \/>\n<link rel=\"canonical\" href=\"https:\/\/dmcsrb.com\/en\/politika\/raonic-napad-na-novinare-je-ozbiljan-udarac-na-slobodu-medija\/\" \/>\n<meta property=\"og:locale\" content=\"en_GB\" \/>\n<meta property=\"og:type\" content=\"article\" \/>\n<meta property=\"og:title\" content=\"Raoni\u0107: Napad na novinare je ozbiljan udarac na slobodu medija - dmcsrb.com\" \/>\n<meta property=\"og:description\" content=\"Napad na novinare Vijesti i Pobjede u Gornjem Zaostru je apsolutno neprihvatljiv i predstavlja ozbiljan udarac na slobodu medija, saop\u0161tio je generalni direktor Radio televizije Crne Gore Boris Raoni\u0107.\" \/>\n<meta property=\"og:url\" content=\"https:\/\/dmcsrb.com\/en\/politika\/raonic-napad-na-novinare-je-ozbiljan-udarac-na-slobodu-medija\/\" \/>\n<meta property=\"og:site_name\" content=\"dmcsrb.com\" \/>\n<meta property=\"article:published_time\" content=\"2025-08-08T16:55:00+00:00\" \/>\n<meta property=\"og:image\" content=\"https:\/\/dmcsrb.com\/wp-content\/uploads\/2026\/01\/Raonic.webp\" \/>\n\t<meta property=\"og:image:width\" content=\"1000\" \/>\n\t<meta property=\"og:image:height\" content=\"555\" \/>\n\t<meta property=\"og:image:type\" content=\"image\/jpeg\" \/>\n<meta name=\"author\" content=\"dmcsrbija.com@gmail.com\" \/>\n<meta name=\"twitter:card\" content=\"summary_large_image\" \/>\n<meta name=\"twitter:label1\" content=\"Written by\" \/>\n\t<meta name=\"twitter:data1\" content=\"dmcsrbija.com@gmail.com\" \/>\n<script type=\"application\/ld+json\" class=\"yoast-schema-graph\">{\"@context\":\"https:\/\/schema.org\",\"@graph\":[{\"@type\":\"Article\",\"@id\":\"https:\/\/dmcsrb.com\/politika\/raonic-napad-na-novinare-je-ozbiljan-udarac-na-slobodu-medija\/#article\",\"isPartOf\":{\"@id\":\"https:\/\/dmcsrb.com\/politika\/raonic-napad-na-novinare-je-ozbiljan-udarac-na-slobodu-medija\/\"},\"author\":{\"name\":\"dmcsrbija.com@gmail.com\",\"@id\":\"https:\/\/dmcsrb.com\/#\/schema\/person\/5c39170f12db1b8b457732d0b5c854e2\"},\"headline\":\"Raoni\u0107: Napad na novinare je ozbiljan udarac na slobodu medija\",\"datePublished\":\"2025-08-08T16:55:00+00:00\",\"mainEntityOfPage\":{\"@id\":\"https:\/\/dmcsrb.com\/politika\/raonic-napad-na-novinare-je-ozbiljan-udarac-na-slobodu-medija\/\"},\"wordCount\":80,\"commentCount\":0,\"image\":{\"@id\":\"https:\/\/dmcsrb.com\/politika\/raonic-napad-na-novinare-je-ozbiljan-udarac-na-slobodu-medija\/#primaryimage\"},\"thumbnailUrl\":\"https:\/\/dmcsrb.com\/wp-content\/uploads\/2026\/01\/Raonic.webp\",\"keywords\":[\"Boris Raoni\u0107\",\"napad\",\"novinari\"],\"articleSection\":[\"Politika\"],\"inLanguage\":\"en-GB\",\"potentialAction\":[{\"@type\":\"CommentAction\",\"name\":\"Comment\",\"target\":[\"https:\/\/dmcsrb.com\/politika\/raonic-napad-na-novinare-je-ozbiljan-udarac-na-slobodu-medija\/#respond\"]}]},{\"@type\":\"WebPage\",\"@id\":\"https:\/\/dmcsrb.com\/politika\/raonic-napad-na-novinare-je-ozbiljan-udarac-na-slobodu-medija\/\",\"url\":\"https:\/\/dmcsrb.com\/politika\/raonic-napad-na-novinare-je-ozbiljan-udarac-na-slobodu-medija\/\",\"name\":\"Raoni\u0107: Napad na novinare je ozbiljan udarac na slobodu medija - dmcsrb.com\",\"isPartOf\":{\"@id\":\"https:\/\/dmcsrb.com\/#website\"},\"primaryImageOfPage\":{\"@id\":\"https:\/\/dmcsrb.com\/politika\/raonic-napad-na-novinare-je-ozbiljan-udarac-na-slobodu-medija\/#primaryimage\"},\"image\":{\"@id\":\"https:\/\/dmcsrb.com\/politika\/raonic-napad-na-novinare-je-ozbiljan-udarac-na-slobodu-medija\/#primaryimage\"},\"thumbnailUrl\":\"https:\/\/dmcsrb.com\/wp-content\/uploads\/2026\/01\/Raonic.webp\",\"datePublished\":\"2025-08-08T16:55:00+00:00\",\"author\":{\"@id\":\"https:\/\/dmcsrb.com\/#\/schema\/person\/5c39170f12db1b8b457732d0b5c854e2\"},\"breadcrumb\":{\"@id\":\"https:\/\/dmcsrb.com\/politika\/raonic-napad-na-novinare-je-ozbiljan-udarac-na-slobodu-medija\/#breadcrumb\"},\"inLanguage\":\"en-GB\",\"potentialAction\":[{\"@type\":\"ReadAction\",\"target\":[\"https:\/\/dmcsrb.com\/politika\/raonic-napad-na-novinare-je-ozbiljan-udarac-na-slobodu-medija\/\"]}]},{\"@type\":\"ImageObject\",\"inLanguage\":\"en-GB\",\"@id\":\"https:\/\/dmcsrb.com\/politika\/raonic-napad-na-novinare-je-ozbiljan-udarac-na-slobodu-medija\/#primaryimage\",\"url\":\"https:\/\/dmcsrb.com\/wp-content\/uploads\/2026\/01\/Raonic.webp\",\"contentUrl\":\"https:\/\/dmcsrb.com\/wp-content\/uploads\/2026\/01\/Raonic.webp\",\"width\":1000,\"height\":555},{\"@type\":\"BreadcrumbList\",\"@id\":\"https:\/\/dmcsrb.com\/politika\/raonic-napad-na-novinare-je-ozbiljan-udarac-na-slobodu-medija\/#breadcrumb\",\"itemListElement\":[{\"@type\":\"ListItem\",\"position\":1,\"name\":\"Home\",\"item\":\"https:\/\/dmcsrb.com\/\"},{\"@type\":\"ListItem\",\"position\":2,\"name\":\"Raoni\u0107: Napad na novinare je ozbiljan udarac na slobodu medija\"}]},{\"@type\":\"WebSite\",\"@id\":\"https:\/\/dmcsrb.com\/#website\",\"url\":\"https:\/\/dmcsrb.com\/\",\"name\":\"dmcsrb.com\",\"description\":\"\",\"potentialAction\":[{\"@type\":\"SearchAction\",\"target\":{\"@type\":\"EntryPoint\",\"urlTemplate\":\"https:\/\/dmcsrb.com\/?s={search_term_string}\"},\"query-input\":{\"@type\":\"PropertyValueSpecification\",\"valueRequired\":true,\"valueName\":\"search_term_string\"}}],\"inLanguage\":\"en-GB\"},{\"@type\":\"Person\",\"@id\":\"https:\/\/dmcsrb.com\/#\/schema\/person\/5c39170f12db1b8b457732d0b5c854e2\",\"name\":\"dmcsrbija.com@gmail.com\",\"image\":{\"@type\":\"ImageObject\",\"inLanguage\":\"en-GB\",\"@id\":\"https:\/\/dmcsrb.com\/#\/schema\/person\/image\/\",\"url\":\"https:\/\/secure.gravatar.com\/avatar\/68592660ad6347fad0fb587f8d5d8f1a7b44961362f56e4f2cd524feb87e9069?s=96&d=mm&r=g\",\"contentUrl\":\"https:\/\/secure.gravatar.com\/avatar\/68592660ad6347fad0fb587f8d5d8f1a7b44961362f56e4f2cd524feb87e9069?s=96&d=mm&r=g\",\"caption\":\"dmcsrbija.com@gmail.com\"},\"sameAs\":[\"https:\/\/dmcsrb.com\"],\"url\":\"https:\/\/dmcsrb.com\/en\/author\/dmcsrbija-comgmail-com\/\"}]}<\/script>\n<!-- \/ Yoast SEO plugin. -->","yoast_head_json":{"title":"Raoni\u0107: Napad na novinare je ozbiljan udarac na slobodu medija - dmcsrb.com","robots":{"index":"index","follow":"follow","max-snippet":"max-snippet:-1","max-image-preview":"max-image-preview:large","max-video-preview":"max-video-preview:-1"},"canonical":"https:\/\/dmcsrb.com\/en\/politika\/raonic-napad-na-novinare-je-ozbiljan-udarac-na-slobodu-medija\/","og_locale":"en_GB","og_type":"article","og_title":"Raoni\u0107: Napad na novinare je ozbiljan udarac na slobodu medija - dmcsrb.com","og_description":"Napad na novinare Vijesti i Pobjede u Gornjem Zaostru je apsolutno neprihvatljiv i predstavlja ozbiljan udarac na slobodu medija, saop\u0161tio je generalni direktor Radio televizije Crne Gore Boris Raoni\u0107.","og_url":"https:\/\/dmcsrb.com\/en\/politika\/raonic-napad-na-novinare-je-ozbiljan-udarac-na-slobodu-medija\/","og_site_name":"dmcsrb.com","article_published_time":"2025-08-08T16:55:00+00:00","og_image":[{"width":1000,"height":555,"url":"https:\/\/dmcsrb.com\/wp-content\/uploads\/2026\/01\/Raonic.webp","type":"image\/jpeg"}],"author":"dmcsrbija.com@gmail.com","twitter_card":"summary_large_image","twitter_misc":{"Written by":"dmcsrbija.com@gmail.com"},"schema":{"@context":"https:\/\/schema.org","@graph":[{"@type":"Article","@id":"https:\/\/dmcsrb.com\/politika\/raonic-napad-na-novinare-je-ozbiljan-udarac-na-slobodu-medija\/#article","isPartOf":{"@id":"https:\/\/dmcsrb.com\/politika\/raonic-napad-na-novinare-je-ozbiljan-udarac-na-slobodu-medija\/"},"author":{"name":"dmcsrbija.com@gmail.com","@id":"https:\/\/dmcsrb.com\/#\/schema\/person\/5c39170f12db1b8b457732d0b5c854e2"},"headline":"Raoni\u0107: Napad na novinare je ozbiljan udarac na slobodu medija","datePublished":"2025-08-08T16:55:00+00:00","mainEntityOfPage":{"@id":"https:\/\/dmcsrb.com\/politika\/raonic-napad-na-novinare-je-ozbiljan-udarac-na-slobodu-medija\/"},"wordCount":80,"commentCount":0,"image":{"@id":"https:\/\/dmcsrb.com\/politika\/raonic-napad-na-novinare-je-ozbiljan-udarac-na-slobodu-medija\/#primaryimage"},"thumbnailUrl":"https:\/\/dmcsrb.com\/wp-content\/uploads\/2026\/01\/Raonic.webp","keywords":["Boris Raoni\u0107","napad","novinari"],"articleSection":["Politika"],"inLanguage":"en-GB","potentialAction":[{"@type":"CommentAction","name":"Comment","target":["https:\/\/dmcsrb.com\/politika\/raonic-napad-na-novinare-je-ozbiljan-udarac-na-slobodu-medija\/#respond"]}]},{"@type":"WebPage","@id":"https:\/\/dmcsrb.com\/politika\/raonic-napad-na-novinare-je-ozbiljan-udarac-na-slobodu-medija\/","url":"https:\/\/dmcsrb.com\/politika\/raonic-napad-na-novinare-je-ozbiljan-udarac-na-slobodu-medija\/","name":"Raoni\u0107: Napad na novinare je ozbiljan udarac na slobodu medija - dmcsrb.com","isPartOf":{"@id":"https:\/\/dmcsrb.com\/#website"},"primaryImageOfPage":{"@id":"https:\/\/dmcsrb.com\/politika\/raonic-napad-na-novinare-je-ozbiljan-udarac-na-slobodu-medija\/#primaryimage"},"image":{"@id":"https:\/\/dmcsrb.com\/politika\/raonic-napad-na-novinare-je-ozbiljan-udarac-na-slobodu-medija\/#primaryimage"},"thumbnailUrl":"https:\/\/dmcsrb.com\/wp-content\/uploads\/2026\/01\/Raonic.webp","datePublished":"2025-08-08T16:55:00+00:00","author":{"@id":"https:\/\/dmcsrb.com\/#\/schema\/person\/5c39170f12db1b8b457732d0b5c854e2"},"breadcrumb":{"@id":"https:\/\/dmcsrb.com\/politika\/raonic-napad-na-novinare-je-ozbiljan-udarac-na-slobodu-medija\/#breadcrumb"},"inLanguage":"en-GB","potentialAction":[{"@type":"ReadAction","target":["https:\/\/dmcsrb.com\/politika\/raonic-napad-na-novinare-je-ozbiljan-udarac-na-slobodu-medija\/"]}]},{"@type":"ImageObject","inLanguage":"en-GB","@id":"https:\/\/dmcsrb.com\/politika\/raonic-napad-na-novinare-je-ozbiljan-udarac-na-slobodu-medija\/#primaryimage","url":"https:\/\/dmcsrb.com\/wp-content\/uploads\/2026\/01\/Raonic.webp","contentUrl":"https:\/\/dmcsrb.com\/wp-content\/uploads\/2026\/01\/Raonic.webp","width":1000,"height":555},{"@type":"BreadcrumbList","@id":"https:\/\/dmcsrb.com\/politika\/raonic-napad-na-novinare-je-ozbiljan-udarac-na-slobodu-medija\/#breadcrumb","itemListElement":[{"@type":"ListItem","position":1,"name":"Home","item":"https:\/\/dmcsrb.com\/"},{"@type":"ListItem","position":2,"name":"Raoni\u0107: Napad na novinare je ozbiljan udarac na slobodu medija"}]},{"@type":"WebSite","@id":"https:\/\/dmcsrb.com\/#website","url":"https:\/\/dmcsrb.com\/","name":"dmcsrb.com","description":"","potentialAction":[{"@type":"SearchAction","target":{"@type":"EntryPoint","urlTemplate":"https:\/\/dmcsrb.com\/?s={search_term_string}"},"query-input":{"@type":"PropertyValueSpecification","valueRequired":true,"valueName":"search_term_string"}}],"inLanguage":"en-GB"},{"@type":"Person","@id":"https:\/\/dmcsrb.com\/#\/schema\/person\/5c39170f12db1b8b457732d0b5c854e2","name":"dmcsrbija.com@gmail.com","image":{"@type":"ImageObject","inLanguage":"en-GB","@id":"https:\/\/dmcsrb.com\/#\/schema\/person\/image\/","url":"https:\/\/secure.gravatar.com\/avatar\/68592660ad6347fad0fb587f8d5d8f1a7b44961362f56e4f2cd524feb87e9069?s=96&d=mm&r=g","contentUrl":"https:\/\/secure.gravatar.com\/avatar\/68592660ad6347fad0fb587f8d5d8f1a7b44961362f56e4f2cd524feb87e9069?s=96&d=mm&r=g","caption":"dmcsrbija.com@gmail.com"},"sameAs":["https:\/\/dmcsrb.com"],"url":"https:\/\/dmcsrb.com\/en\/author\/dmcsrbija-comgmail-com\/"}]}},"_links":{"self":[{"href":"https:\/\/dmcsrb.com\/en\/wp-json\/wp\/v2\/posts\/945138","targetHints":{"allow":["GET"]}}],"collection":[{"href":"https:\/\/dmcsrb.com\/en\/wp-json\/wp\/v2\/posts"}],"about":[{"href":"https:\/\/dmcsrb.com\/en\/wp-json\/wp\/v2\/types\/post"}],"author":[{"embeddable":true,"href":"https:\/\/dmcsrb.com\/en\/wp-json\/wp\/v2\/users\/1"}],"replies":[{"embeddable":true,"href":"https:\/\/dmcsrb.com\/en\/wp-json\/wp\/v2\/comments?post=945138"}],"version-history":[{"count":0,"href":"https:\/\/dmcsrb.com\/en\/wp-json\/wp\/v2\/posts\/945138\/revisions"}],"wp:featuredmedia":[{"embeddable":true,"href":"https:\/\/dmcsrb.com\/en\/wp-json\/wp\/v2\/media\/945139"}],"wp:attachment":[{"href":"https:\/\/dmcsrb.com\/en\/wp-json\/wp\/v2\/media?parent=945138"}],"wp:term":[{"taxonomy":"category","embeddable":true,"href":"https:\/\/dmcsrb.com\/en\/wp-json\/wp\/v2\/categories?post=945138"},{"taxonomy":"post_tag","embeddable":true,"href":"https:\/\/dmcsrb.com\/en\/wp-json\/wp\/v2\/tags?post=945138"},{"taxonomy":"naslovna","embeddable":true,"href":"https:\/\/dmcsrb.com\/en\/wp-json\/wp\/v2\/naslovna?post=945138"}],"curies":[{"name":"wp","href":"https:\/\/api.w.org\/{rel}","templated":true}]}}