{"id":945098,"date":"2025-08-08T16:12:00","date_gmt":"2025-08-08T14:12:00","guid":{"rendered":"https:\/\/dmcsrb.com\/uncategorized\/rocenovic-danas-u-polufinalnoj-trci-na-400m-osvojio-u-svojoj-grupi-sesto-mjesto-sa-rezultatom-4809sekundi-i-nije-se-plasirao-u-finale\/"},"modified":"2025-08-08T16:12:00","modified_gmt":"2025-08-08T14:12:00","slug":"rocenovic-danas-u-polufinalnoj-trci-na-400m-osvojio-u-svojoj-grupi-sesto-mjesto-sa-rezultatom-4809sekundi-i-nije-se-plasirao-u-finale","status":"publish","type":"post","link":"https:\/\/dmcsrb.com\/en\/sport\/rocenovic-danas-u-polufinalnoj-trci-na-400m-osvojio-u-svojoj-grupi-sesto-mjesto-sa-rezultatom-4809sekundi-i-nije-se-plasirao-u-finale\/","title":{"rendered":"Ro\u0107enovi\u0107 danas u polufinalnoj \u00a0trci na 400m osvojio u svojoj grupi \u0161esto mjesto sa rezultatom 48,09sekundi i nije se plasirao u finale\u00a0"},"content":{"rendered":"<p>U polufinale se \u00a0bilo plasiralo 24 atleticara Evrope od 56 takmicara koji su se kvalifikovali za \u0161ampionat iz 30 drzava,Rocenovi\u0107 je imao 11 rezultat nakon prvog dana kvalifikacija gdje je postigao crnogorski rekord za juniore 47,40 sekundi.<\/p>\n\n\n\n<p>Sa Ro\u0107enovi\u0107em na sampionatu u Helsinkiju je njegov trener Danijela Vojinovi\u0107 iz AK.\u201dMornar\u201d-Bar koja je i aktuelna rekorderka Crne Gore na 400m<\/p>","protected":false},"excerpt":{"rendered":"<p>Na Evropskom prvenstvu za juniore (U20) koje se odr\u017eava u Tampereu od 7. do 10. avgusta gdje\u00a0nastupa 48. dr\u017eava Evrope sa 1295 sportista, plus 38 rezervi koji su ispunili norme Evropske atletske federacije,\u010dlan AK \u201eMornar\u201c iz Bara Mihailo Ro\u0107enovi\u0107 \u00a0drugog\u00a0 dana \u0161ampionsta danas u polufinalu u trci na 400m u prvoj kvalifikacionoj grupi \u00a0osvojio \u00a0je \u0161esto mjesto sa 48,09 sekundi \u00a0i nije se plasirao u finale ,gdje je u genaralnom plasmanu \u00a0osvojio 21.mjesto u Evropi.<\/p>","protected":false},"author":1,"featured_media":945099,"comment_status":"open","ping_status":"open","sticky":false,"template":"","format":"standard","meta":{"_acf_changed":false,"footnotes":""},"categories":[148],"tags":[5058,16898],"naslovna":[],"class_list":["post-945098","post","type-post","status-publish","format-standard","has-post-thumbnail","hentry","category-sport","tag-atletika","tag-mihailo-rocenovic"],"acf":[],"yoast_head":"<!-- This site is optimized with the Yoast SEO plugin v27.0 - https:\/\/yoast.com\/product\/yoast-seo-wordpress\/ -->\n<title>Ro\u0107enovi\u0107 danas u polufinalnoj \u00a0trci na 400m osvojio u svojoj grupi \u0161esto mjesto sa rezultatom 48,09sekundi i nije se plasirao u finale\u00a0 - dmcsrb.com<\/title>\n<meta name=\"robots\" content=\"index, follow, max-snippet:-1, max-image-preview:large, max-video-preview:-1\" \/>\n<link rel=\"canonical\" href=\"https:\/\/dmcsrb.com\/en\/sport\/rocenovic-danas-u-polufinalnoj-trci-na-400m-osvojio-u-svojoj-grupi-sesto-mjesto-sa-rezultatom-4809sekundi-i-nije-se-plasirao-u-finale\/\" \/>\n<meta property=\"og:locale\" content=\"en_GB\" \/>\n<meta property=\"og:type\" content=\"article\" \/>\n<meta property=\"og:title\" content=\"Ro\u0107enovi\u0107 danas u polufinalnoj \u00a0trci na 400m osvojio u svojoj grupi \u0161esto mjesto sa rezultatom 48,09sekundi i nije se plasirao u finale\u00a0 - dmcsrb.com\" \/>\n<meta property=\"og:description\" content=\"Na Evropskom prvenstvu za juniore (U20) koje se odr\u017eava u Tampereu od 7. do 10. avgusta gdje\u00a0nastupa 48. dr\u017eava Evrope sa 1295 sportista, plus 38 rezervi koji su ispunili norme Evropske atletske federacije,\u010dlan AK \u201eMornar\u201c iz Bara Mihailo Ro\u0107enovi\u0107 \u00a0drugog\u00a0 dana \u0161ampionsta danas u polufinalu u trci na 400m u prvoj kvalifikacionoj grupi \u00a0osvojio \u00a0je \u0161esto mjesto sa 48,09 sekundi \u00a0i nije se plasirao u finale ,gdje je u genaralnom plasmanu \u00a0osvojio 21.mjesto u Evropi.\" \/>\n<meta property=\"og:url\" content=\"https:\/\/dmcsrb.com\/en\/sport\/rocenovic-danas-u-polufinalnoj-trci-na-400m-osvojio-u-svojoj-grupi-sesto-mjesto-sa-rezultatom-4809sekundi-i-nije-se-plasirao-u-finale\/\" \/>\n<meta property=\"og:site_name\" content=\"dmcsrb.com\" \/>\n<meta property=\"article:published_time\" content=\"2025-08-08T14:12:00+00:00\" \/>\n<meta property=\"og:image\" content=\"https:\/\/dmcsrb.com\/wp-content\/uploads\/2026\/01\/Mihailo-Rocenovic.webp\" \/>\n\t<meta property=\"og:image:width\" content=\"1200\" \/>\n\t<meta property=\"og:image:height\" content=\"1600\" \/>\n\t<meta property=\"og:image:type\" content=\"image\/jpeg\" \/>\n<meta name=\"author\" content=\"dmcsrbija.com@gmail.com\" \/>\n<meta name=\"twitter:card\" content=\"summary_large_image\" \/>\n<meta name=\"twitter:label1\" content=\"Written by\" \/>\n\t<meta name=\"twitter:data1\" content=\"dmcsrbija.com@gmail.com\" \/>\n<script type=\"application\/ld+json\" class=\"yoast-schema-graph\">{\"@context\":\"https:\/\/schema.org\",\"@graph\":[{\"@type\":\"Article\",\"@id\":\"https:\/\/dmcsrb.com\/sport\/rocenovic-danas-u-polufinalnoj-trci-na-400m-osvojio-u-svojoj-grupi-sesto-mjesto-sa-rezultatom-4809sekundi-i-nije-se-plasirao-u-finale\/#article\",\"isPartOf\":{\"@id\":\"https:\/\/dmcsrb.com\/sport\/rocenovic-danas-u-polufinalnoj-trci-na-400m-osvojio-u-svojoj-grupi-sesto-mjesto-sa-rezultatom-4809sekundi-i-nije-se-plasirao-u-finale\/\"},\"author\":{\"name\":\"dmcsrbija.com@gmail.com\",\"@id\":\"https:\/\/dmcsrb.com\/#\/schema\/person\/5c39170f12db1b8b457732d0b5c854e2\"},\"headline\":\"Ro\u0107enovi\u0107 danas u polufinalnoj \u00a0trci na 400m osvojio u svojoj grupi \u0161esto mjesto sa rezultatom 48,09sekundi i nije se plasirao u finale\u00a0\",\"datePublished\":\"2025-08-08T14:12:00+00:00\",\"mainEntityOfPage\":{\"@id\":\"https:\/\/dmcsrb.com\/sport\/rocenovic-danas-u-polufinalnoj-trci-na-400m-osvojio-u-svojoj-grupi-sesto-mjesto-sa-rezultatom-4809sekundi-i-nije-se-plasirao-u-finale\/\"},\"wordCount\":82,\"commentCount\":0,\"image\":{\"@id\":\"https:\/\/dmcsrb.com\/sport\/rocenovic-danas-u-polufinalnoj-trci-na-400m-osvojio-u-svojoj-grupi-sesto-mjesto-sa-rezultatom-4809sekundi-i-nije-se-plasirao-u-finale\/#primaryimage\"},\"thumbnailUrl\":\"https:\/\/dmcsrb.com\/wp-content\/uploads\/2026\/01\/Mihailo-Rocenovic.webp\",\"keywords\":[\"Atletika\",\"Mihailo Ro\u0107enovi\u0107\"],\"articleSection\":[\"Sport\"],\"inLanguage\":\"en-GB\",\"potentialAction\":[{\"@type\":\"CommentAction\",\"name\":\"Comment\",\"target\":[\"https:\/\/dmcsrb.com\/sport\/rocenovic-danas-u-polufinalnoj-trci-na-400m-osvojio-u-svojoj-grupi-sesto-mjesto-sa-rezultatom-4809sekundi-i-nije-se-plasirao-u-finale\/#respond\"]}]},{\"@type\":\"WebPage\",\"@id\":\"https:\/\/dmcsrb.com\/sport\/rocenovic-danas-u-polufinalnoj-trci-na-400m-osvojio-u-svojoj-grupi-sesto-mjesto-sa-rezultatom-4809sekundi-i-nije-se-plasirao-u-finale\/\",\"url\":\"https:\/\/dmcsrb.com\/sport\/rocenovic-danas-u-polufinalnoj-trci-na-400m-osvojio-u-svojoj-grupi-sesto-mjesto-sa-rezultatom-4809sekundi-i-nije-se-plasirao-u-finale\/\",\"name\":\"Ro\u0107enovi\u0107 danas u polufinalnoj \u00a0trci na 400m osvojio u svojoj grupi \u0161esto mjesto sa rezultatom 48,09sekundi i nije se plasirao u finale\u00a0 - dmcsrb.com\",\"isPartOf\":{\"@id\":\"https:\/\/dmcsrb.com\/#website\"},\"primaryImageOfPage\":{\"@id\":\"https:\/\/dmcsrb.com\/sport\/rocenovic-danas-u-polufinalnoj-trci-na-400m-osvojio-u-svojoj-grupi-sesto-mjesto-sa-rezultatom-4809sekundi-i-nije-se-plasirao-u-finale\/#primaryimage\"},\"image\":{\"@id\":\"https:\/\/dmcsrb.com\/sport\/rocenovic-danas-u-polufinalnoj-trci-na-400m-osvojio-u-svojoj-grupi-sesto-mjesto-sa-rezultatom-4809sekundi-i-nije-se-plasirao-u-finale\/#primaryimage\"},\"thumbnailUrl\":\"https:\/\/dmcsrb.com\/wp-content\/uploads\/2026\/01\/Mihailo-Rocenovic.webp\",\"datePublished\":\"2025-08-08T14:12:00+00:00\",\"author\":{\"@id\":\"https:\/\/dmcsrb.com\/#\/schema\/person\/5c39170f12db1b8b457732d0b5c854e2\"},\"breadcrumb\":{\"@id\":\"https:\/\/dmcsrb.com\/sport\/rocenovic-danas-u-polufinalnoj-trci-na-400m-osvojio-u-svojoj-grupi-sesto-mjesto-sa-rezultatom-4809sekundi-i-nije-se-plasirao-u-finale\/#breadcrumb\"},\"inLanguage\":\"en-GB\",\"potentialAction\":[{\"@type\":\"ReadAction\",\"target\":[\"https:\/\/dmcsrb.com\/sport\/rocenovic-danas-u-polufinalnoj-trci-na-400m-osvojio-u-svojoj-grupi-sesto-mjesto-sa-rezultatom-4809sekundi-i-nije-se-plasirao-u-finale\/\"]}]},{\"@type\":\"ImageObject\",\"inLanguage\":\"en-GB\",\"@id\":\"https:\/\/dmcsrb.com\/sport\/rocenovic-danas-u-polufinalnoj-trci-na-400m-osvojio-u-svojoj-grupi-sesto-mjesto-sa-rezultatom-4809sekundi-i-nije-se-plasirao-u-finale\/#primaryimage\",\"url\":\"https:\/\/dmcsrb.com\/wp-content\/uploads\/2026\/01\/Mihailo-Rocenovic.webp\",\"contentUrl\":\"https:\/\/dmcsrb.com\/wp-content\/uploads\/2026\/01\/Mihailo-Rocenovic.webp\",\"width\":1200,\"height\":1600},{\"@type\":\"BreadcrumbList\",\"@id\":\"https:\/\/dmcsrb.com\/sport\/rocenovic-danas-u-polufinalnoj-trci-na-400m-osvojio-u-svojoj-grupi-sesto-mjesto-sa-rezultatom-4809sekundi-i-nije-se-plasirao-u-finale\/#breadcrumb\",\"itemListElement\":[{\"@type\":\"ListItem\",\"position\":1,\"name\":\"Home\",\"item\":\"https:\/\/dmcsrb.com\/\"},{\"@type\":\"ListItem\",\"position\":2,\"name\":\"Ro\u0107enovi\u0107 danas u polufinalnoj \u00a0trci na 400m osvojio u svojoj grupi \u0161esto mjesto sa rezultatom 48,09sekundi i nije se plasirao u finale\u00a0\"}]},{\"@type\":\"WebSite\",\"@id\":\"https:\/\/dmcsrb.com\/#website\",\"url\":\"https:\/\/dmcsrb.com\/\",\"name\":\"dmcsrb.com\",\"description\":\"\",\"potentialAction\":[{\"@type\":\"SearchAction\",\"target\":{\"@type\":\"EntryPoint\",\"urlTemplate\":\"https:\/\/dmcsrb.com\/?s={search_term_string}\"},\"query-input\":{\"@type\":\"PropertyValueSpecification\",\"valueRequired\":true,\"valueName\":\"search_term_string\"}}],\"inLanguage\":\"en-GB\"},{\"@type\":\"Person\",\"@id\":\"https:\/\/dmcsrb.com\/#\/schema\/person\/5c39170f12db1b8b457732d0b5c854e2\",\"name\":\"dmcsrbija.com@gmail.com\",\"image\":{\"@type\":\"ImageObject\",\"inLanguage\":\"en-GB\",\"@id\":\"https:\/\/dmcsrb.com\/#\/schema\/person\/image\/\",\"url\":\"https:\/\/secure.gravatar.com\/avatar\/68592660ad6347fad0fb587f8d5d8f1a7b44961362f56e4f2cd524feb87e9069?s=96&d=mm&r=g\",\"contentUrl\":\"https:\/\/secure.gravatar.com\/avatar\/68592660ad6347fad0fb587f8d5d8f1a7b44961362f56e4f2cd524feb87e9069?s=96&d=mm&r=g\",\"caption\":\"dmcsrbija.com@gmail.com\"},\"sameAs\":[\"https:\/\/dmcsrb.com\"],\"url\":\"https:\/\/dmcsrb.com\/en\/author\/dmcsrbija-comgmail-com\/\"}]}<\/script>\n<!-- \/ Yoast SEO plugin. -->","yoast_head_json":{"title":"Ro\u0107enovi\u0107 danas u polufinalnoj \u00a0trci na 400m osvojio u svojoj grupi \u0161esto mjesto sa rezultatom 48,09sekundi i nije se plasirao u finale\u00a0 - dmcsrb.com","robots":{"index":"index","follow":"follow","max-snippet":"max-snippet:-1","max-image-preview":"max-image-preview:large","max-video-preview":"max-video-preview:-1"},"canonical":"https:\/\/dmcsrb.com\/en\/sport\/rocenovic-danas-u-polufinalnoj-trci-na-400m-osvojio-u-svojoj-grupi-sesto-mjesto-sa-rezultatom-4809sekundi-i-nije-se-plasirao-u-finale\/","og_locale":"en_GB","og_type":"article","og_title":"Ro\u0107enovi\u0107 danas u polufinalnoj \u00a0trci na 400m osvojio u svojoj grupi \u0161esto mjesto sa rezultatom 48,09sekundi i nije se plasirao u finale\u00a0 - dmcsrb.com","og_description":"Na Evropskom prvenstvu za juniore (U20) koje se odr\u017eava u Tampereu od 7. do 10. avgusta gdje\u00a0nastupa 48. dr\u017eava Evrope sa 1295 sportista, plus 38 rezervi koji su ispunili norme Evropske atletske federacije,\u010dlan AK \u201eMornar\u201c iz Bara Mihailo Ro\u0107enovi\u0107 \u00a0drugog\u00a0 dana \u0161ampionsta danas u polufinalu u trci na 400m u prvoj kvalifikacionoj grupi \u00a0osvojio \u00a0je \u0161esto mjesto sa 48,09 sekundi \u00a0i nije se plasirao u finale ,gdje je u genaralnom plasmanu \u00a0osvojio 21.mjesto u Evropi.","og_url":"https:\/\/dmcsrb.com\/en\/sport\/rocenovic-danas-u-polufinalnoj-trci-na-400m-osvojio-u-svojoj-grupi-sesto-mjesto-sa-rezultatom-4809sekundi-i-nije-se-plasirao-u-finale\/","og_site_name":"dmcsrb.com","article_published_time":"2025-08-08T14:12:00+00:00","og_image":[{"width":1200,"height":1600,"url":"https:\/\/dmcsrb.com\/wp-content\/uploads\/2026\/01\/Mihailo-Rocenovic.webp","type":"image\/jpeg"}],"author":"dmcsrbija.com@gmail.com","twitter_card":"summary_large_image","twitter_misc":{"Written by":"dmcsrbija.com@gmail.com"},"schema":{"@context":"https:\/\/schema.org","@graph":[{"@type":"Article","@id":"https:\/\/dmcsrb.com\/sport\/rocenovic-danas-u-polufinalnoj-trci-na-400m-osvojio-u-svojoj-grupi-sesto-mjesto-sa-rezultatom-4809sekundi-i-nije-se-plasirao-u-finale\/#article","isPartOf":{"@id":"https:\/\/dmcsrb.com\/sport\/rocenovic-danas-u-polufinalnoj-trci-na-400m-osvojio-u-svojoj-grupi-sesto-mjesto-sa-rezultatom-4809sekundi-i-nije-se-plasirao-u-finale\/"},"author":{"name":"dmcsrbija.com@gmail.com","@id":"https:\/\/dmcsrb.com\/#\/schema\/person\/5c39170f12db1b8b457732d0b5c854e2"},"headline":"Ro\u0107enovi\u0107 danas u polufinalnoj \u00a0trci na 400m osvojio u svojoj grupi \u0161esto mjesto sa rezultatom 48,09sekundi i nije se plasirao u finale\u00a0","datePublished":"2025-08-08T14:12:00+00:00","mainEntityOfPage":{"@id":"https:\/\/dmcsrb.com\/sport\/rocenovic-danas-u-polufinalnoj-trci-na-400m-osvojio-u-svojoj-grupi-sesto-mjesto-sa-rezultatom-4809sekundi-i-nije-se-plasirao-u-finale\/"},"wordCount":82,"commentCount":0,"image":{"@id":"https:\/\/dmcsrb.com\/sport\/rocenovic-danas-u-polufinalnoj-trci-na-400m-osvojio-u-svojoj-grupi-sesto-mjesto-sa-rezultatom-4809sekundi-i-nije-se-plasirao-u-finale\/#primaryimage"},"thumbnailUrl":"https:\/\/dmcsrb.com\/wp-content\/uploads\/2026\/01\/Mihailo-Rocenovic.webp","keywords":["Atletika","Mihailo Ro\u0107enovi\u0107"],"articleSection":["Sport"],"inLanguage":"en-GB","potentialAction":[{"@type":"CommentAction","name":"Comment","target":["https:\/\/dmcsrb.com\/sport\/rocenovic-danas-u-polufinalnoj-trci-na-400m-osvojio-u-svojoj-grupi-sesto-mjesto-sa-rezultatom-4809sekundi-i-nije-se-plasirao-u-finale\/#respond"]}]},{"@type":"WebPage","@id":"https:\/\/dmcsrb.com\/sport\/rocenovic-danas-u-polufinalnoj-trci-na-400m-osvojio-u-svojoj-grupi-sesto-mjesto-sa-rezultatom-4809sekundi-i-nije-se-plasirao-u-finale\/","url":"https:\/\/dmcsrb.com\/sport\/rocenovic-danas-u-polufinalnoj-trci-na-400m-osvojio-u-svojoj-grupi-sesto-mjesto-sa-rezultatom-4809sekundi-i-nije-se-plasirao-u-finale\/","name":"Ro\u0107enovi\u0107 danas u polufinalnoj \u00a0trci na 400m osvojio u svojoj grupi \u0161esto mjesto sa rezultatom 48,09sekundi i nije se plasirao u finale\u00a0 - dmcsrb.com","isPartOf":{"@id":"https:\/\/dmcsrb.com\/#website"},"primaryImageOfPage":{"@id":"https:\/\/dmcsrb.com\/sport\/rocenovic-danas-u-polufinalnoj-trci-na-400m-osvojio-u-svojoj-grupi-sesto-mjesto-sa-rezultatom-4809sekundi-i-nije-se-plasirao-u-finale\/#primaryimage"},"image":{"@id":"https:\/\/dmcsrb.com\/sport\/rocenovic-danas-u-polufinalnoj-trci-na-400m-osvojio-u-svojoj-grupi-sesto-mjesto-sa-rezultatom-4809sekundi-i-nije-se-plasirao-u-finale\/#primaryimage"},"thumbnailUrl":"https:\/\/dmcsrb.com\/wp-content\/uploads\/2026\/01\/Mihailo-Rocenovic.webp","datePublished":"2025-08-08T14:12:00+00:00","author":{"@id":"https:\/\/dmcsrb.com\/#\/schema\/person\/5c39170f12db1b8b457732d0b5c854e2"},"breadcrumb":{"@id":"https:\/\/dmcsrb.com\/sport\/rocenovic-danas-u-polufinalnoj-trci-na-400m-osvojio-u-svojoj-grupi-sesto-mjesto-sa-rezultatom-4809sekundi-i-nije-se-plasirao-u-finale\/#breadcrumb"},"inLanguage":"en-GB","potentialAction":[{"@type":"ReadAction","target":["https:\/\/dmcsrb.com\/sport\/rocenovic-danas-u-polufinalnoj-trci-na-400m-osvojio-u-svojoj-grupi-sesto-mjesto-sa-rezultatom-4809sekundi-i-nije-se-plasirao-u-finale\/"]}]},{"@type":"ImageObject","inLanguage":"en-GB","@id":"https:\/\/dmcsrb.com\/sport\/rocenovic-danas-u-polufinalnoj-trci-na-400m-osvojio-u-svojoj-grupi-sesto-mjesto-sa-rezultatom-4809sekundi-i-nije-se-plasirao-u-finale\/#primaryimage","url":"https:\/\/dmcsrb.com\/wp-content\/uploads\/2026\/01\/Mihailo-Rocenovic.webp","contentUrl":"https:\/\/dmcsrb.com\/wp-content\/uploads\/2026\/01\/Mihailo-Rocenovic.webp","width":1200,"height":1600},{"@type":"BreadcrumbList","@id":"https:\/\/dmcsrb.com\/sport\/rocenovic-danas-u-polufinalnoj-trci-na-400m-osvojio-u-svojoj-grupi-sesto-mjesto-sa-rezultatom-4809sekundi-i-nije-se-plasirao-u-finale\/#breadcrumb","itemListElement":[{"@type":"ListItem","position":1,"name":"Home","item":"https:\/\/dmcsrb.com\/"},{"@type":"ListItem","position":2,"name":"Ro\u0107enovi\u0107 danas u polufinalnoj \u00a0trci na 400m osvojio u svojoj grupi \u0161esto mjesto sa rezultatom 48,09sekundi i nije se plasirao u finale\u00a0"}]},{"@type":"WebSite","@id":"https:\/\/dmcsrb.com\/#website","url":"https:\/\/dmcsrb.com\/","name":"dmcsrb.com","description":"","potentialAction":[{"@type":"SearchAction","target":{"@type":"EntryPoint","urlTemplate":"https:\/\/dmcsrb.com\/?s={search_term_string}"},"query-input":{"@type":"PropertyValueSpecification","valueRequired":true,"valueName":"search_term_string"}}],"inLanguage":"en-GB"},{"@type":"Person","@id":"https:\/\/dmcsrb.com\/#\/schema\/person\/5c39170f12db1b8b457732d0b5c854e2","name":"dmcsrbija.com@gmail.com","image":{"@type":"ImageObject","inLanguage":"en-GB","@id":"https:\/\/dmcsrb.com\/#\/schema\/person\/image\/","url":"https:\/\/secure.gravatar.com\/avatar\/68592660ad6347fad0fb587f8d5d8f1a7b44961362f56e4f2cd524feb87e9069?s=96&d=mm&r=g","contentUrl":"https:\/\/secure.gravatar.com\/avatar\/68592660ad6347fad0fb587f8d5d8f1a7b44961362f56e4f2cd524feb87e9069?s=96&d=mm&r=g","caption":"dmcsrbija.com@gmail.com"},"sameAs":["https:\/\/dmcsrb.com"],"url":"https:\/\/dmcsrb.com\/en\/author\/dmcsrbija-comgmail-com\/"}]}},"_links":{"self":[{"href":"https:\/\/dmcsrb.com\/en\/wp-json\/wp\/v2\/posts\/945098","targetHints":{"allow":["GET"]}}],"collection":[{"href":"https:\/\/dmcsrb.com\/en\/wp-json\/wp\/v2\/posts"}],"about":[{"href":"https:\/\/dmcsrb.com\/en\/wp-json\/wp\/v2\/types\/post"}],"author":[{"embeddable":true,"href":"https:\/\/dmcsrb.com\/en\/wp-json\/wp\/v2\/users\/1"}],"replies":[{"embeddable":true,"href":"https:\/\/dmcsrb.com\/en\/wp-json\/wp\/v2\/comments?post=945098"}],"version-history":[{"count":0,"href":"https:\/\/dmcsrb.com\/en\/wp-json\/wp\/v2\/posts\/945098\/revisions"}],"wp:featuredmedia":[{"embeddable":true,"href":"https:\/\/dmcsrb.com\/en\/wp-json\/wp\/v2\/media\/945099"}],"wp:attachment":[{"href":"https:\/\/dmcsrb.com\/en\/wp-json\/wp\/v2\/media?parent=945098"}],"wp:term":[{"taxonomy":"category","embeddable":true,"href":"https:\/\/dmcsrb.com\/en\/wp-json\/wp\/v2\/categories?post=945098"},{"taxonomy":"post_tag","embeddable":true,"href":"https:\/\/dmcsrb.com\/en\/wp-json\/wp\/v2\/tags?post=945098"},{"taxonomy":"naslovna","embeddable":true,"href":"https:\/\/dmcsrb.com\/en\/wp-json\/wp\/v2\/naslovna?post=945098"}],"curies":[{"name":"wp","href":"https:\/\/api.w.org\/{rel}","templated":true}]}}