{"id":944974,"date":"2025-08-07T18:35:33","date_gmt":"2025-08-07T16:35:33","guid":{"rendered":"https:\/\/dmcsrb.com\/uncategorized\/nsd-osudjuje-hapsenje-dobrasinovica\/"},"modified":"2025-08-07T18:35:33","modified_gmt":"2025-08-07T16:35:33","slug":"nsd-osudjuje-hapsenje-dobrasinovica","status":"publish","type":"post","link":"https:\/\/dmcsrb.com\/en\/politika\/nsd-osudjuje-hapsenje-dobrasinovica\/","title":{"rendered":"NSD osu\u0111uje hap\u0161enje Dobra\u0161inovi\u0107a"},"content":{"rendered":"<p><\/p>\n\n\n\n<p>Iz Nove srpske demokratije su saop\u0161tili da, na\u017ealost, opet na sceni imamo politiku dvostrukih ar\u0161ina, posebno, kako navode, kada su u pitanju teme koje treba rje\u0161avati dijalogom, bez isklju\u010divosti i narativa koji su naslije\u0111eni iz vremena jednoumlja.<\/p>\n\n\n\n<p>&#8220;Danas imamo slu\u010daj da nadle\u017eni organi ne reaguju na vi\u0161emjese\u010dne blokade saobra\u0107aja koje ometaju funkcionisanje \u010ditave dr\u017eave i uni\u0161tavaju njenu ekonomiju, ali su zato efikasni kada treba ukloniti spomenik koji je podignut na privatnom posjedu&#8221;, isti\u010du u saop\u0161tenju.<br><br>Nagla\u0161avaju da, ako se svi sla\u017eemo da \u017eivimo u 2025. godini, onda isti\u010du u saop\u0161tenju, da moramo da se pona\u0161amo u skladu sa vremenom i demokratskim principima.<\/p>\n\n\n\n<p>&#8220;Jer bi neko mogao pomisliti da i dalje \u017eivimo u vremenu totalitarizma i da smo se zaustavili u pedesetim ili \u0161ezdesetim godinama pro\u0161log vijeka. Dijalog i razgovor o svim temama, pa i onim najbolnijim je najbolje resenje da se iza\u0111e iz svih omraza&#8221;, poru\u010dili su iz NSD.<\/p>","protected":false},"excerpt":{"rendered":"<p>Nova srpska demokratija najo\u0161trije osu\u0111uje nezakonito hap\u0161enje Vujadina Dobra\u0161inovica, koji je zatvoren zbog toga sto je na svom posjedu i od svojih sredstava napravio spomenik oficiru JVuO Pavlu \u0110uri\u0161i\u0107u, saop\u0161tili su iz te stranke.<\/p>","protected":false},"author":1,"featured_media":913565,"comment_status":"open","ping_status":"open","sticky":false,"template":"","format":"standard","meta":{"_acf_changed":false,"footnotes":""},"categories":[12],"tags":[387,17104,17105],"naslovna":[],"class_list":["post-944974","post","type-post","status-publish","format-standard","has-post-thumbnail","hentry","category-politika","tag-nsd","tag-osuda-hapsenja","tag-vujadin-dobrasinovic"],"acf":[],"yoast_head":"<!-- This site is optimized with the Yoast SEO plugin v27.4 - https:\/\/yoast.com\/product\/yoast-seo-wordpress\/ -->\n<title>NSD osu\u0111uje hap\u0161enje Dobra\u0161inovi\u0107a - dmcsrb.com<\/title>\n<meta name=\"robots\" content=\"index, follow, max-snippet:-1, max-image-preview:large, max-video-preview:-1\" \/>\n<link rel=\"canonical\" href=\"https:\/\/dmcsrb.com\/en\/politika\/nsd-osudjuje-hapsenje-dobrasinovica\/\" \/>\n<meta property=\"og:locale\" content=\"en_GB\" \/>\n<meta property=\"og:type\" content=\"article\" \/>\n<meta property=\"og:title\" content=\"NSD osu\u0111uje hap\u0161enje Dobra\u0161inovi\u0107a - dmcsrb.com\" \/>\n<meta property=\"og:description\" content=\"Nova srpska demokratija najo\u0161trije osu\u0111uje nezakonito hap\u0161enje Vujadina Dobra\u0161inovica, koji je zatvoren zbog toga sto je na svom posjedu i od svojih sredstava napravio spomenik oficiru JVuO Pavlu \u0110uri\u0161i\u0107u, saop\u0161tili su iz te stranke.\" \/>\n<meta property=\"og:url\" content=\"https:\/\/dmcsrb.com\/en\/politika\/nsd-osudjuje-hapsenje-dobrasinovica\/\" \/>\n<meta property=\"og:site_name\" content=\"dmcsrb.com\" \/>\n<meta property=\"article:published_time\" content=\"2025-08-07T16:35:33+00:00\" \/>\n<meta property=\"og:image\" content=\"https:\/\/dmcsrb.com\/wp-content\/uploads\/2026\/01\/nova-srpska-demokratija-nsd_600x900.jpg\" \/>\n\t<meta property=\"og:image:width\" content=\"900\" \/>\n\t<meta property=\"og:image:height\" content=\"600\" \/>\n\t<meta property=\"og:image:type\" content=\"image\/jpeg\" \/>\n<meta name=\"author\" content=\"dmcsrbija.com@gmail.com\" \/>\n<meta name=\"twitter:card\" content=\"summary_large_image\" \/>\n<meta name=\"twitter:label1\" content=\"Written by\" \/>\n\t<meta name=\"twitter:data1\" content=\"dmcsrbija.com@gmail.com\" \/>\n\t<meta name=\"twitter:label2\" content=\"Estimated reading time\" \/>\n\t<meta name=\"twitter:data2\" content=\"1 minute\" \/>\n<script type=\"application\/ld+json\" class=\"yoast-schema-graph\">{\"@context\":\"https:\\\/\\\/schema.org\",\"@graph\":[{\"@type\":\"Article\",\"@id\":\"https:\\\/\\\/dmcsrb.com\\\/politika\\\/nsd-osudjuje-hapsenje-dobrasinovica\\\/#article\",\"isPartOf\":{\"@id\":\"https:\\\/\\\/dmcsrb.com\\\/politika\\\/nsd-osudjuje-hapsenje-dobrasinovica\\\/\"},\"author\":{\"name\":\"dmcsrbija.com@gmail.com\",\"@id\":\"https:\\\/\\\/dmcsrb.com\\\/#\\\/schema\\\/person\\\/5c39170f12db1b8b457732d0b5c854e2\"},\"headline\":\"NSD osu\u0111uje hap\u0161enje Dobra\u0161inovi\u0107a\",\"datePublished\":\"2025-08-07T16:35:33+00:00\",\"mainEntityOfPage\":{\"@id\":\"https:\\\/\\\/dmcsrb.com\\\/politika\\\/nsd-osudjuje-hapsenje-dobrasinovica\\\/\"},\"wordCount\":179,\"commentCount\":0,\"image\":{\"@id\":\"https:\\\/\\\/dmcsrb.com\\\/politika\\\/nsd-osudjuje-hapsenje-dobrasinovica\\\/#primaryimage\"},\"thumbnailUrl\":\"https:\\\/\\\/dmcsrb.com\\\/wp-content\\\/uploads\\\/2026\\\/01\\\/nova-srpska-demokratija-nsd_600x900.jpg\",\"keywords\":[\"NSD\",\"Osuda hap\u0161enja\",\"Vujadin Dobra\u0161inovi\u0107\"],\"articleSection\":[\"Politika\"],\"inLanguage\":\"en-GB\",\"potentialAction\":[{\"@type\":\"CommentAction\",\"name\":\"Comment\",\"target\":[\"https:\\\/\\\/dmcsrb.com\\\/politika\\\/nsd-osudjuje-hapsenje-dobrasinovica\\\/#respond\"]}]},{\"@type\":\"WebPage\",\"@id\":\"https:\\\/\\\/dmcsrb.com\\\/politika\\\/nsd-osudjuje-hapsenje-dobrasinovica\\\/\",\"url\":\"https:\\\/\\\/dmcsrb.com\\\/politika\\\/nsd-osudjuje-hapsenje-dobrasinovica\\\/\",\"name\":\"NSD osu\u0111uje hap\u0161enje Dobra\u0161inovi\u0107a - dmcsrb.com\",\"isPartOf\":{\"@id\":\"https:\\\/\\\/dmcsrb.com\\\/#website\"},\"primaryImageOfPage\":{\"@id\":\"https:\\\/\\\/dmcsrb.com\\\/politika\\\/nsd-osudjuje-hapsenje-dobrasinovica\\\/#primaryimage\"},\"image\":{\"@id\":\"https:\\\/\\\/dmcsrb.com\\\/politika\\\/nsd-osudjuje-hapsenje-dobrasinovica\\\/#primaryimage\"},\"thumbnailUrl\":\"https:\\\/\\\/dmcsrb.com\\\/wp-content\\\/uploads\\\/2026\\\/01\\\/nova-srpska-demokratija-nsd_600x900.jpg\",\"datePublished\":\"2025-08-07T16:35:33+00:00\",\"author\":{\"@id\":\"https:\\\/\\\/dmcsrb.com\\\/#\\\/schema\\\/person\\\/5c39170f12db1b8b457732d0b5c854e2\"},\"breadcrumb\":{\"@id\":\"https:\\\/\\\/dmcsrb.com\\\/politika\\\/nsd-osudjuje-hapsenje-dobrasinovica\\\/#breadcrumb\"},\"inLanguage\":\"en-GB\",\"potentialAction\":[{\"@type\":\"ReadAction\",\"target\":[\"https:\\\/\\\/dmcsrb.com\\\/politika\\\/nsd-osudjuje-hapsenje-dobrasinovica\\\/\"]}]},{\"@type\":\"ImageObject\",\"inLanguage\":\"en-GB\",\"@id\":\"https:\\\/\\\/dmcsrb.com\\\/politika\\\/nsd-osudjuje-hapsenje-dobrasinovica\\\/#primaryimage\",\"url\":\"https:\\\/\\\/dmcsrb.com\\\/wp-content\\\/uploads\\\/2026\\\/01\\\/nova-srpska-demokratija-nsd_600x900.jpg\",\"contentUrl\":\"https:\\\/\\\/dmcsrb.com\\\/wp-content\\\/uploads\\\/2026\\\/01\\\/nova-srpska-demokratija-nsd_600x900.jpg\",\"width\":900,\"height\":600},{\"@type\":\"BreadcrumbList\",\"@id\":\"https:\\\/\\\/dmcsrb.com\\\/politika\\\/nsd-osudjuje-hapsenje-dobrasinovica\\\/#breadcrumb\",\"itemListElement\":[{\"@type\":\"ListItem\",\"position\":1,\"name\":\"Home\",\"item\":\"https:\\\/\\\/dmcsrb.com\\\/\"},{\"@type\":\"ListItem\",\"position\":2,\"name\":\"NSD osu\u0111uje hap\u0161enje Dobra\u0161inovi\u0107a\"}]},{\"@type\":\"WebSite\",\"@id\":\"https:\\\/\\\/dmcsrb.com\\\/#website\",\"url\":\"https:\\\/\\\/dmcsrb.com\\\/\",\"name\":\"dmcsrb.com\",\"description\":\"\",\"potentialAction\":[{\"@type\":\"SearchAction\",\"target\":{\"@type\":\"EntryPoint\",\"urlTemplate\":\"https:\\\/\\\/dmcsrb.com\\\/?s={search_term_string}\"},\"query-input\":{\"@type\":\"PropertyValueSpecification\",\"valueRequired\":true,\"valueName\":\"search_term_string\"}}],\"inLanguage\":\"en-GB\"},{\"@type\":\"Person\",\"@id\":\"https:\\\/\\\/dmcsrb.com\\\/#\\\/schema\\\/person\\\/5c39170f12db1b8b457732d0b5c854e2\",\"name\":\"dmcsrbija.com@gmail.com\",\"image\":{\"@type\":\"ImageObject\",\"inLanguage\":\"en-GB\",\"@id\":\"https:\\\/\\\/secure.gravatar.com\\\/avatar\\\/68592660ad6347fad0fb587f8d5d8f1a7b44961362f56e4f2cd524feb87e9069?s=96&d=mm&r=g\",\"url\":\"https:\\\/\\\/secure.gravatar.com\\\/avatar\\\/68592660ad6347fad0fb587f8d5d8f1a7b44961362f56e4f2cd524feb87e9069?s=96&d=mm&r=g\",\"contentUrl\":\"https:\\\/\\\/secure.gravatar.com\\\/avatar\\\/68592660ad6347fad0fb587f8d5d8f1a7b44961362f56e4f2cd524feb87e9069?s=96&d=mm&r=g\",\"caption\":\"dmcsrbija.com@gmail.com\"},\"sameAs\":[\"https:\\\/\\\/dmcsrb.com\"],\"url\":\"https:\\\/\\\/dmcsrb.com\\\/en\\\/author\\\/dmcsrbija-comgmail-com\\\/\"}]}<\/script>\n<!-- \/ Yoast SEO plugin. -->","yoast_head_json":{"title":"NSD osu\u0111uje hap\u0161enje Dobra\u0161inovi\u0107a - dmcsrb.com","robots":{"index":"index","follow":"follow","max-snippet":"max-snippet:-1","max-image-preview":"max-image-preview:large","max-video-preview":"max-video-preview:-1"},"canonical":"https:\/\/dmcsrb.com\/en\/politika\/nsd-osudjuje-hapsenje-dobrasinovica\/","og_locale":"en_GB","og_type":"article","og_title":"NSD osu\u0111uje hap\u0161enje Dobra\u0161inovi\u0107a - dmcsrb.com","og_description":"Nova srpska demokratija najo\u0161trije osu\u0111uje nezakonito hap\u0161enje Vujadina Dobra\u0161inovica, koji je zatvoren zbog toga sto je na svom posjedu i od svojih sredstava napravio spomenik oficiru JVuO Pavlu \u0110uri\u0161i\u0107u, saop\u0161tili su iz te stranke.","og_url":"https:\/\/dmcsrb.com\/en\/politika\/nsd-osudjuje-hapsenje-dobrasinovica\/","og_site_name":"dmcsrb.com","article_published_time":"2025-08-07T16:35:33+00:00","og_image":[{"width":900,"height":600,"url":"https:\/\/dmcsrb.com\/wp-content\/uploads\/2026\/01\/nova-srpska-demokratija-nsd_600x900.jpg","type":"image\/jpeg"}],"author":"dmcsrbija.com@gmail.com","twitter_card":"summary_large_image","twitter_misc":{"Written by":"dmcsrbija.com@gmail.com","Estimated reading time":"1 minute"},"schema":{"@context":"https:\/\/schema.org","@graph":[{"@type":"Article","@id":"https:\/\/dmcsrb.com\/politika\/nsd-osudjuje-hapsenje-dobrasinovica\/#article","isPartOf":{"@id":"https:\/\/dmcsrb.com\/politika\/nsd-osudjuje-hapsenje-dobrasinovica\/"},"author":{"name":"dmcsrbija.com@gmail.com","@id":"https:\/\/dmcsrb.com\/#\/schema\/person\/5c39170f12db1b8b457732d0b5c854e2"},"headline":"NSD osu\u0111uje hap\u0161enje Dobra\u0161inovi\u0107a","datePublished":"2025-08-07T16:35:33+00:00","mainEntityOfPage":{"@id":"https:\/\/dmcsrb.com\/politika\/nsd-osudjuje-hapsenje-dobrasinovica\/"},"wordCount":179,"commentCount":0,"image":{"@id":"https:\/\/dmcsrb.com\/politika\/nsd-osudjuje-hapsenje-dobrasinovica\/#primaryimage"},"thumbnailUrl":"https:\/\/dmcsrb.com\/wp-content\/uploads\/2026\/01\/nova-srpska-demokratija-nsd_600x900.jpg","keywords":["NSD","Osuda hap\u0161enja","Vujadin Dobra\u0161inovi\u0107"],"articleSection":["Politika"],"inLanguage":"en-GB","potentialAction":[{"@type":"CommentAction","name":"Comment","target":["https:\/\/dmcsrb.com\/politika\/nsd-osudjuje-hapsenje-dobrasinovica\/#respond"]}]},{"@type":"WebPage","@id":"https:\/\/dmcsrb.com\/politika\/nsd-osudjuje-hapsenje-dobrasinovica\/","url":"https:\/\/dmcsrb.com\/politika\/nsd-osudjuje-hapsenje-dobrasinovica\/","name":"NSD osu\u0111uje hap\u0161enje Dobra\u0161inovi\u0107a - dmcsrb.com","isPartOf":{"@id":"https:\/\/dmcsrb.com\/#website"},"primaryImageOfPage":{"@id":"https:\/\/dmcsrb.com\/politika\/nsd-osudjuje-hapsenje-dobrasinovica\/#primaryimage"},"image":{"@id":"https:\/\/dmcsrb.com\/politika\/nsd-osudjuje-hapsenje-dobrasinovica\/#primaryimage"},"thumbnailUrl":"https:\/\/dmcsrb.com\/wp-content\/uploads\/2026\/01\/nova-srpska-demokratija-nsd_600x900.jpg","datePublished":"2025-08-07T16:35:33+00:00","author":{"@id":"https:\/\/dmcsrb.com\/#\/schema\/person\/5c39170f12db1b8b457732d0b5c854e2"},"breadcrumb":{"@id":"https:\/\/dmcsrb.com\/politika\/nsd-osudjuje-hapsenje-dobrasinovica\/#breadcrumb"},"inLanguage":"en-GB","potentialAction":[{"@type":"ReadAction","target":["https:\/\/dmcsrb.com\/politika\/nsd-osudjuje-hapsenje-dobrasinovica\/"]}]},{"@type":"ImageObject","inLanguage":"en-GB","@id":"https:\/\/dmcsrb.com\/politika\/nsd-osudjuje-hapsenje-dobrasinovica\/#primaryimage","url":"https:\/\/dmcsrb.com\/wp-content\/uploads\/2026\/01\/nova-srpska-demokratija-nsd_600x900.jpg","contentUrl":"https:\/\/dmcsrb.com\/wp-content\/uploads\/2026\/01\/nova-srpska-demokratija-nsd_600x900.jpg","width":900,"height":600},{"@type":"BreadcrumbList","@id":"https:\/\/dmcsrb.com\/politika\/nsd-osudjuje-hapsenje-dobrasinovica\/#breadcrumb","itemListElement":[{"@type":"ListItem","position":1,"name":"Home","item":"https:\/\/dmcsrb.com\/"},{"@type":"ListItem","position":2,"name":"NSD osu\u0111uje hap\u0161enje Dobra\u0161inovi\u0107a"}]},{"@type":"WebSite","@id":"https:\/\/dmcsrb.com\/#website","url":"https:\/\/dmcsrb.com\/","name":"dmcsrb.com","description":"","potentialAction":[{"@type":"SearchAction","target":{"@type":"EntryPoint","urlTemplate":"https:\/\/dmcsrb.com\/?s={search_term_string}"},"query-input":{"@type":"PropertyValueSpecification","valueRequired":true,"valueName":"search_term_string"}}],"inLanguage":"en-GB"},{"@type":"Person","@id":"https:\/\/dmcsrb.com\/#\/schema\/person\/5c39170f12db1b8b457732d0b5c854e2","name":"dmcsrbija.com@gmail.com","image":{"@type":"ImageObject","inLanguage":"en-GB","@id":"https:\/\/secure.gravatar.com\/avatar\/68592660ad6347fad0fb587f8d5d8f1a7b44961362f56e4f2cd524feb87e9069?s=96&d=mm&r=g","url":"https:\/\/secure.gravatar.com\/avatar\/68592660ad6347fad0fb587f8d5d8f1a7b44961362f56e4f2cd524feb87e9069?s=96&d=mm&r=g","contentUrl":"https:\/\/secure.gravatar.com\/avatar\/68592660ad6347fad0fb587f8d5d8f1a7b44961362f56e4f2cd524feb87e9069?s=96&d=mm&r=g","caption":"dmcsrbija.com@gmail.com"},"sameAs":["https:\/\/dmcsrb.com"],"url":"https:\/\/dmcsrb.com\/en\/author\/dmcsrbija-comgmail-com\/"}]}},"_links":{"self":[{"href":"https:\/\/dmcsrb.com\/en\/wp-json\/wp\/v2\/posts\/944974","targetHints":{"allow":["GET"]}}],"collection":[{"href":"https:\/\/dmcsrb.com\/en\/wp-json\/wp\/v2\/posts"}],"about":[{"href":"https:\/\/dmcsrb.com\/en\/wp-json\/wp\/v2\/types\/post"}],"author":[{"embeddable":true,"href":"https:\/\/dmcsrb.com\/en\/wp-json\/wp\/v2\/users\/1"}],"replies":[{"embeddable":true,"href":"https:\/\/dmcsrb.com\/en\/wp-json\/wp\/v2\/comments?post=944974"}],"version-history":[{"count":0,"href":"https:\/\/dmcsrb.com\/en\/wp-json\/wp\/v2\/posts\/944974\/revisions"}],"wp:featuredmedia":[{"embeddable":true,"href":"https:\/\/dmcsrb.com\/en\/wp-json\/wp\/v2\/media\/913565"}],"wp:attachment":[{"href":"https:\/\/dmcsrb.com\/en\/wp-json\/wp\/v2\/media?parent=944974"}],"wp:term":[{"taxonomy":"category","embeddable":true,"href":"https:\/\/dmcsrb.com\/en\/wp-json\/wp\/v2\/categories?post=944974"},{"taxonomy":"post_tag","embeddable":true,"href":"https:\/\/dmcsrb.com\/en\/wp-json\/wp\/v2\/tags?post=944974"},{"taxonomy":"naslovna","embeddable":true,"href":"https:\/\/dmcsrb.com\/en\/wp-json\/wp\/v2\/naslovna?post=944974"}],"curies":[{"name":"wp","href":"https:\/\/api.w.org\/{rel}","templated":true}]}}