{"id":944922,"date":"2025-08-07T14:35:00","date_gmt":"2025-08-07T12:35:00","guid":{"rendered":"https:\/\/dmcsrb.com\/uncategorized\/tramp-se-ne-protivi-netanjahuovom-planu-o-okupaciji-pojasa-gaze\/"},"modified":"2025-08-07T14:35:00","modified_gmt":"2025-08-07T12:35:00","slug":"tramp-se-ne-protivi-netanjahuovom-planu-o-okupaciji-pojasa-gaze","status":"publish","type":"post","link":"https:\/\/dmcsrb.com\/en\/svijet\/tramp-se-ne-protivi-netanjahuovom-planu-o-okupaciji-pojasa-gaze\/","title":{"rendered":"Tramp se ne protivi Netanjahuovom planu o okupaciji Pojasa Gaze"},"content":{"rendered":"<p><\/p>\n\n\n\n<p>O\u010dekuje se da \u0107e izraelski bzbjednosni kabinet u \u010detvrtak odobriti vrlo kontroverzan plan pro\u0161irenja rata. Prema izvorima, Tramp je odlu\u010dio ne intervenisati i prepustiti izraelskoj vladi da sama donosi odluke.<\/p>\n\n\n\n<p>O\u010dekuje se da \u0107e nova operacija okupacije dodatnih podru\u010dja centralne Gaze, uklju\u010duju\u0107i grad Gazu, trajati najmanje nekoliko mjeseci i uklju\u010divati raseljavanje oko milion palestinskih civila.<\/p>\n\n\n\n<p>Izraelska vojska tako\u0111e bi se kretala u podru\u010dja za koja Izrael vjeruje da se dr\u017ee zarobljenici mogu\u0107e reskiraju\u0107i njihove \u017eivote.<\/p>\n\n\n\n<p>Netanjahu je spreman eskalirati rat uprkos ogromnom me\u0111unarodnom pritisku da se zaustave borbe i da se prioritet humanitarnoj krizi u enklavi &#8211; i uprkos protivljenju njegovih vlastitih glavnih generala.<\/p>\n\n\n\n<p>Dva ameri\u010dka zvani\u010dnika rekla su Axiosu da Tramp ne\u0107e intervenisati u izraelsko dono\u0161enje odluka o novoj operaciji.<\/p>\n\n\n\n<p>Kada su ga u utorak pitali o mogu\u0107oj potpunoj izraelskoj okupaciji Gaze, Tramp je rekao: &#8220;Zaista ne mogu re\u0107i. To \u0107e uglavnom zavisiti o Izraelu&#8221;.<\/p>\n\n\n\n<p>Netanjahu i njegovi pomo\u0107nici tvrde da Hamas nije zainteresovan za potpisivanje sveobuhvatnog prekida vatre i sporazuma o zarobljenicima pod uslovima koje Izrael mo\u017ee prihvatiti te da samo vojni pritisak mo\u017ee to promijeniti.<\/p>\n\n\n\n<p>&#8220;Nismo spremni ostati u trenutnom limbu i nismo spremni predati se zahtjevima Hamasa &#8211; tako da je u su\u0161tini preostala samo jedna opcija, preduzeti drasti\u010dan korak. Ovo je posljednja karta koja nam je preostala&#8221;, rekao je Netanjahuov pomo\u0107nik za Axios.<\/p>\n\n\n\n<p>Jedan ameri\u010dki zvani\u010dnik rekao je da je Trampa dirnuo video koji je objavio Hamas, na kojem izraelski talac kopa vlastiti grob.<\/p>\n\n\n\n<p>&#8220;To je uticalo na predsjednika i on \u0107e pustiti Izraelce da u\u010dine \u0161to trebaju&#8221;, rekao je zvani\u010dnik.<\/p>\n\n\n\n<p>Istovremeno, ameri\u010dki zvani\u010dnik rekao je da Trampova administracija ne podr\u017eava izraelsku aneksiju dijelova Gaze &#8211; jo\u0161 jednu mogu\u0107nost o kojoj su raspravljali izraelski zvani\u010dnici. Izme\u0111u redaka: IDF je oklijevao napasti podru\u010dja u Gazi na koja se novi plan usredsre\u0111uje iz straha od slu\u010dajnog ubijanja zarobljenika.<\/p>\n\n\n\n<p>Prema izraelskim zvani\u010dnicima, na\u010delnik glavnog \u0161taba IDF-a, general Ejal Zamir, rekao je Netanjahuu da bi takav potez ugrozio zarobljenike i mogao dovesti do izraelske vojne vlasti u Gazi s punom odgovorno\u0161\u0107u nad dva miliona Palestinaca.<\/p>\n\n\n\n<p>&#8220;Ulazite u zamku&#8221;, rekao je Zamir Netanjahuu na sastanku u utorak, prema vi\u0161e izvje\u0161taja u izraelskim medijima. \u010cini se da Netanjahu nije bio dirnut.<\/p>\n\n\n\n<p>Bijela ku\u0107a planira se u nadolaze\u0107im sedmicama usredsrediti na rje\u0161avanje krize gladi u Gazi, iako bi \u0161irenje rata to ote\u017ealo.<\/p>\n\n\n\n<p>Na sastanku u ponedjeljak uve\u010de u Bijeloj ku\u0107i, Tramp i posebni izaslanik Stiv Vitkof razgovarali su o planovima da SAD zna\u010dajno pove\u0107a svoju ulogu u pru\u017eanju humanitarne pomo\u0107i Gazi.<\/p>\n\n\n\n<p>&#8220;Sjedinjene Dr\u017eave i dalje su predane ubla\u017eavanju situacije u Gazi i podr\u017eavaju napore za pove\u0107anje humanitarne pomo\u0107i. Me\u0111utim, Sjedinjene Ameri\u010dke Dr\u017eave ne &#8216;preuzimaju&#8217; napore pru\u017eanja pomo\u0107i\u201c, rekao je ameri\u010dki zvani\u010dnik za Axios.<\/p>\n\n\n\n<p>Trampova administracija planira pove\u0107ati finansiranje Humanitarne fondacije za Gazu (GHF) kako bi otvorila nove centre za pomo\u0107 u dijelovima Gaze u koje \u0107e biti preseljeni raseljeni Palestinci, i u sjevernoj i u centralnoj Gazi, ka\u017eu izvori.<\/p>\n\n\n\n<p>Ameri\u010dki ambasador u Izraelu Majk Hakabi rekao je za Blumberg da SAD planira u\u010detverostru\u010diti broj centara za pomo\u0107 GHF-a s \u010detiri na 16.<\/p>\n\n\n\n<p>Humanitarne grupe i UN pozvali su Trampa da izvr\u0161i pritisak na Netanjahua da masovno pove\u0107a pomo\u0107 u okviru prethodnih kanala koje je Izrael uglavnom ugasio, umjesto da se usredsrediti na izgradnju GHF-a.<\/p>","protected":false},"excerpt":{"rendered":"<p>Predsjednik SAD-a Donald Tramp ne protivi se planu izraelskog premijera Benjamina Netanjahua da pokrene novu vojnu operaciju okupacije cijelog Pojasa Gaze, ka\u017eu ameri\u010dki i izraelski zvani\u010dnici.<\/p>","protected":false},"author":1,"featured_media":908943,"comment_status":"open","ping_status":"open","sticky":false,"template":"","format":"standard","meta":{"_acf_changed":false,"footnotes":""},"categories":[144],"tags":[193,5520,17084,16913],"naslovna":[],"class_list":["post-944922","post","type-post","status-publish","format-standard","has-post-thumbnail","hentry","category-svijet","tag-donald-tramp","tag-netanjahu","tag-okupacija","tag-pojas-gaze"],"acf":[],"yoast_head":"<!-- This site is optimized with the Yoast SEO plugin v27.4 - https:\/\/yoast.com\/product\/yoast-seo-wordpress\/ -->\n<title>Tramp se ne protivi Netanjahuovom planu o okupaciji Pojasa Gaze - dmcsrb.com<\/title>\n<meta name=\"robots\" content=\"index, follow, max-snippet:-1, max-image-preview:large, max-video-preview:-1\" \/>\n<link rel=\"canonical\" href=\"https:\/\/dmcsrb.com\/en\/svijet\/tramp-se-ne-protivi-netanjahuovom-planu-o-okupaciji-pojasa-gaze\/\" \/>\n<meta property=\"og:locale\" content=\"en_GB\" \/>\n<meta property=\"og:type\" content=\"article\" \/>\n<meta property=\"og:title\" content=\"Tramp se ne protivi Netanjahuovom planu o okupaciji Pojasa Gaze - dmcsrb.com\" \/>\n<meta property=\"og:description\" content=\"Predsjednik SAD-a Donald Tramp ne protivi se planu izraelskog premijera Benjamina Netanjahua da pokrene novu vojnu operaciju okupacije cijelog Pojasa Gaze, ka\u017eu ameri\u010dki i izraelski zvani\u010dnici.\" \/>\n<meta property=\"og:url\" content=\"https:\/\/dmcsrb.com\/en\/svijet\/tramp-se-ne-protivi-netanjahuovom-planu-o-okupaciji-pojasa-gaze\/\" \/>\n<meta property=\"og:site_name\" content=\"dmcsrb.com\" \/>\n<meta property=\"article:published_time\" content=\"2025-08-07T12:35:00+00:00\" \/>\n<meta property=\"og:image\" content=\"https:\/\/dmcsrb.com\/wp-content\/uploads\/2026\/01\/1000-1-2.jpeg\" \/>\n\t<meta property=\"og:image:width\" content=\"1000\" \/>\n\t<meta property=\"og:image:height\" content=\"666\" \/>\n\t<meta property=\"og:image:type\" content=\"image\/jpeg\" \/>\n<meta name=\"author\" content=\"dmcsrbija.com@gmail.com\" \/>\n<meta name=\"twitter:card\" content=\"summary_large_image\" \/>\n<meta name=\"twitter:label1\" content=\"Written by\" \/>\n\t<meta name=\"twitter:data1\" content=\"dmcsrbija.com@gmail.com\" \/>\n\t<meta name=\"twitter:label2\" content=\"Estimated reading time\" \/>\n\t<meta name=\"twitter:data2\" content=\"3 minutes\" \/>\n<script type=\"application\/ld+json\" class=\"yoast-schema-graph\">{\"@context\":\"https:\\\/\\\/schema.org\",\"@graph\":[{\"@type\":\"Article\",\"@id\":\"https:\\\/\\\/dmcsrb.com\\\/svijet\\\/tramp-se-ne-protivi-netanjahuovom-planu-o-okupaciji-pojasa-gaze\\\/#article\",\"isPartOf\":{\"@id\":\"https:\\\/\\\/dmcsrb.com\\\/svijet\\\/tramp-se-ne-protivi-netanjahuovom-planu-o-okupaciji-pojasa-gaze\\\/\"},\"author\":{\"name\":\"dmcsrbija.com@gmail.com\",\"@id\":\"https:\\\/\\\/dmcsrb.com\\\/#\\\/schema\\\/person\\\/5c39170f12db1b8b457732d0b5c854e2\"},\"headline\":\"Tramp se ne protivi Netanjahuovom planu o okupaciji Pojasa Gaze\",\"datePublished\":\"2025-08-07T12:35:00+00:00\",\"mainEntityOfPage\":{\"@id\":\"https:\\\/\\\/dmcsrb.com\\\/svijet\\\/tramp-se-ne-protivi-netanjahuovom-planu-o-okupaciji-pojasa-gaze\\\/\"},\"wordCount\":614,\"commentCount\":0,\"image\":{\"@id\":\"https:\\\/\\\/dmcsrb.com\\\/svijet\\\/tramp-se-ne-protivi-netanjahuovom-planu-o-okupaciji-pojasa-gaze\\\/#primaryimage\"},\"thumbnailUrl\":\"https:\\\/\\\/dmcsrb.com\\\/wp-content\\\/uploads\\\/2026\\\/01\\\/1000-1-2.jpeg\",\"keywords\":[\"Donald Tramp\",\"Netanjahu\",\"Okupacija\",\"Pojas Gaze\"],\"articleSection\":[\"Svijet\"],\"inLanguage\":\"en-GB\",\"potentialAction\":[{\"@type\":\"CommentAction\",\"name\":\"Comment\",\"target\":[\"https:\\\/\\\/dmcsrb.com\\\/svijet\\\/tramp-se-ne-protivi-netanjahuovom-planu-o-okupaciji-pojasa-gaze\\\/#respond\"]}]},{\"@type\":\"WebPage\",\"@id\":\"https:\\\/\\\/dmcsrb.com\\\/svijet\\\/tramp-se-ne-protivi-netanjahuovom-planu-o-okupaciji-pojasa-gaze\\\/\",\"url\":\"https:\\\/\\\/dmcsrb.com\\\/svijet\\\/tramp-se-ne-protivi-netanjahuovom-planu-o-okupaciji-pojasa-gaze\\\/\",\"name\":\"Tramp se ne protivi Netanjahuovom planu o okupaciji Pojasa Gaze - dmcsrb.com\",\"isPartOf\":{\"@id\":\"https:\\\/\\\/dmcsrb.com\\\/#website\"},\"primaryImageOfPage\":{\"@id\":\"https:\\\/\\\/dmcsrb.com\\\/svijet\\\/tramp-se-ne-protivi-netanjahuovom-planu-o-okupaciji-pojasa-gaze\\\/#primaryimage\"},\"image\":{\"@id\":\"https:\\\/\\\/dmcsrb.com\\\/svijet\\\/tramp-se-ne-protivi-netanjahuovom-planu-o-okupaciji-pojasa-gaze\\\/#primaryimage\"},\"thumbnailUrl\":\"https:\\\/\\\/dmcsrb.com\\\/wp-content\\\/uploads\\\/2026\\\/01\\\/1000-1-2.jpeg\",\"datePublished\":\"2025-08-07T12:35:00+00:00\",\"author\":{\"@id\":\"https:\\\/\\\/dmcsrb.com\\\/#\\\/schema\\\/person\\\/5c39170f12db1b8b457732d0b5c854e2\"},\"breadcrumb\":{\"@id\":\"https:\\\/\\\/dmcsrb.com\\\/svijet\\\/tramp-se-ne-protivi-netanjahuovom-planu-o-okupaciji-pojasa-gaze\\\/#breadcrumb\"},\"inLanguage\":\"en-GB\",\"potentialAction\":[{\"@type\":\"ReadAction\",\"target\":[\"https:\\\/\\\/dmcsrb.com\\\/svijet\\\/tramp-se-ne-protivi-netanjahuovom-planu-o-okupaciji-pojasa-gaze\\\/\"]}]},{\"@type\":\"ImageObject\",\"inLanguage\":\"en-GB\",\"@id\":\"https:\\\/\\\/dmcsrb.com\\\/svijet\\\/tramp-se-ne-protivi-netanjahuovom-planu-o-okupaciji-pojasa-gaze\\\/#primaryimage\",\"url\":\"https:\\\/\\\/dmcsrb.com\\\/wp-content\\\/uploads\\\/2026\\\/01\\\/1000-1-2.jpeg\",\"contentUrl\":\"https:\\\/\\\/dmcsrb.com\\\/wp-content\\\/uploads\\\/2026\\\/01\\\/1000-1-2.jpeg\",\"width\":1000,\"height\":666},{\"@type\":\"BreadcrumbList\",\"@id\":\"https:\\\/\\\/dmcsrb.com\\\/svijet\\\/tramp-se-ne-protivi-netanjahuovom-planu-o-okupaciji-pojasa-gaze\\\/#breadcrumb\",\"itemListElement\":[{\"@type\":\"ListItem\",\"position\":1,\"name\":\"Home\",\"item\":\"https:\\\/\\\/dmcsrb.com\\\/\"},{\"@type\":\"ListItem\",\"position\":2,\"name\":\"Tramp se ne protivi Netanjahuovom planu o okupaciji Pojasa Gaze\"}]},{\"@type\":\"WebSite\",\"@id\":\"https:\\\/\\\/dmcsrb.com\\\/#website\",\"url\":\"https:\\\/\\\/dmcsrb.com\\\/\",\"name\":\"dmcsrb.com\",\"description\":\"\",\"potentialAction\":[{\"@type\":\"SearchAction\",\"target\":{\"@type\":\"EntryPoint\",\"urlTemplate\":\"https:\\\/\\\/dmcsrb.com\\\/?s={search_term_string}\"},\"query-input\":{\"@type\":\"PropertyValueSpecification\",\"valueRequired\":true,\"valueName\":\"search_term_string\"}}],\"inLanguage\":\"en-GB\"},{\"@type\":\"Person\",\"@id\":\"https:\\\/\\\/dmcsrb.com\\\/#\\\/schema\\\/person\\\/5c39170f12db1b8b457732d0b5c854e2\",\"name\":\"dmcsrbija.com@gmail.com\",\"image\":{\"@type\":\"ImageObject\",\"inLanguage\":\"en-GB\",\"@id\":\"https:\\\/\\\/secure.gravatar.com\\\/avatar\\\/68592660ad6347fad0fb587f8d5d8f1a7b44961362f56e4f2cd524feb87e9069?s=96&d=mm&r=g\",\"url\":\"https:\\\/\\\/secure.gravatar.com\\\/avatar\\\/68592660ad6347fad0fb587f8d5d8f1a7b44961362f56e4f2cd524feb87e9069?s=96&d=mm&r=g\",\"contentUrl\":\"https:\\\/\\\/secure.gravatar.com\\\/avatar\\\/68592660ad6347fad0fb587f8d5d8f1a7b44961362f56e4f2cd524feb87e9069?s=96&d=mm&r=g\",\"caption\":\"dmcsrbija.com@gmail.com\"},\"sameAs\":[\"https:\\\/\\\/dmcsrb.com\"],\"url\":\"https:\\\/\\\/dmcsrb.com\\\/en\\\/author\\\/dmcsrbija-comgmail-com\\\/\"}]}<\/script>\n<!-- \/ Yoast SEO plugin. -->","yoast_head_json":{"title":"Tramp se ne protivi Netanjahuovom planu o okupaciji Pojasa Gaze - dmcsrb.com","robots":{"index":"index","follow":"follow","max-snippet":"max-snippet:-1","max-image-preview":"max-image-preview:large","max-video-preview":"max-video-preview:-1"},"canonical":"https:\/\/dmcsrb.com\/en\/svijet\/tramp-se-ne-protivi-netanjahuovom-planu-o-okupaciji-pojasa-gaze\/","og_locale":"en_GB","og_type":"article","og_title":"Tramp se ne protivi Netanjahuovom planu o okupaciji Pojasa Gaze - dmcsrb.com","og_description":"Predsjednik SAD-a Donald Tramp ne protivi se planu izraelskog premijera Benjamina Netanjahua da pokrene novu vojnu operaciju okupacije cijelog Pojasa Gaze, ka\u017eu ameri\u010dki i izraelski zvani\u010dnici.","og_url":"https:\/\/dmcsrb.com\/en\/svijet\/tramp-se-ne-protivi-netanjahuovom-planu-o-okupaciji-pojasa-gaze\/","og_site_name":"dmcsrb.com","article_published_time":"2025-08-07T12:35:00+00:00","og_image":[{"width":1000,"height":666,"url":"https:\/\/dmcsrb.com\/wp-content\/uploads\/2026\/01\/1000-1-2.jpeg","type":"image\/jpeg"}],"author":"dmcsrbija.com@gmail.com","twitter_card":"summary_large_image","twitter_misc":{"Written by":"dmcsrbija.com@gmail.com","Estimated reading time":"3 minutes"},"schema":{"@context":"https:\/\/schema.org","@graph":[{"@type":"Article","@id":"https:\/\/dmcsrb.com\/svijet\/tramp-se-ne-protivi-netanjahuovom-planu-o-okupaciji-pojasa-gaze\/#article","isPartOf":{"@id":"https:\/\/dmcsrb.com\/svijet\/tramp-se-ne-protivi-netanjahuovom-planu-o-okupaciji-pojasa-gaze\/"},"author":{"name":"dmcsrbija.com@gmail.com","@id":"https:\/\/dmcsrb.com\/#\/schema\/person\/5c39170f12db1b8b457732d0b5c854e2"},"headline":"Tramp se ne protivi Netanjahuovom planu o okupaciji Pojasa Gaze","datePublished":"2025-08-07T12:35:00+00:00","mainEntityOfPage":{"@id":"https:\/\/dmcsrb.com\/svijet\/tramp-se-ne-protivi-netanjahuovom-planu-o-okupaciji-pojasa-gaze\/"},"wordCount":614,"commentCount":0,"image":{"@id":"https:\/\/dmcsrb.com\/svijet\/tramp-se-ne-protivi-netanjahuovom-planu-o-okupaciji-pojasa-gaze\/#primaryimage"},"thumbnailUrl":"https:\/\/dmcsrb.com\/wp-content\/uploads\/2026\/01\/1000-1-2.jpeg","keywords":["Donald Tramp","Netanjahu","Okupacija","Pojas Gaze"],"articleSection":["Svijet"],"inLanguage":"en-GB","potentialAction":[{"@type":"CommentAction","name":"Comment","target":["https:\/\/dmcsrb.com\/svijet\/tramp-se-ne-protivi-netanjahuovom-planu-o-okupaciji-pojasa-gaze\/#respond"]}]},{"@type":"WebPage","@id":"https:\/\/dmcsrb.com\/svijet\/tramp-se-ne-protivi-netanjahuovom-planu-o-okupaciji-pojasa-gaze\/","url":"https:\/\/dmcsrb.com\/svijet\/tramp-se-ne-protivi-netanjahuovom-planu-o-okupaciji-pojasa-gaze\/","name":"Tramp se ne protivi Netanjahuovom planu o okupaciji Pojasa Gaze - dmcsrb.com","isPartOf":{"@id":"https:\/\/dmcsrb.com\/#website"},"primaryImageOfPage":{"@id":"https:\/\/dmcsrb.com\/svijet\/tramp-se-ne-protivi-netanjahuovom-planu-o-okupaciji-pojasa-gaze\/#primaryimage"},"image":{"@id":"https:\/\/dmcsrb.com\/svijet\/tramp-se-ne-protivi-netanjahuovom-planu-o-okupaciji-pojasa-gaze\/#primaryimage"},"thumbnailUrl":"https:\/\/dmcsrb.com\/wp-content\/uploads\/2026\/01\/1000-1-2.jpeg","datePublished":"2025-08-07T12:35:00+00:00","author":{"@id":"https:\/\/dmcsrb.com\/#\/schema\/person\/5c39170f12db1b8b457732d0b5c854e2"},"breadcrumb":{"@id":"https:\/\/dmcsrb.com\/svijet\/tramp-se-ne-protivi-netanjahuovom-planu-o-okupaciji-pojasa-gaze\/#breadcrumb"},"inLanguage":"en-GB","potentialAction":[{"@type":"ReadAction","target":["https:\/\/dmcsrb.com\/svijet\/tramp-se-ne-protivi-netanjahuovom-planu-o-okupaciji-pojasa-gaze\/"]}]},{"@type":"ImageObject","inLanguage":"en-GB","@id":"https:\/\/dmcsrb.com\/svijet\/tramp-se-ne-protivi-netanjahuovom-planu-o-okupaciji-pojasa-gaze\/#primaryimage","url":"https:\/\/dmcsrb.com\/wp-content\/uploads\/2026\/01\/1000-1-2.jpeg","contentUrl":"https:\/\/dmcsrb.com\/wp-content\/uploads\/2026\/01\/1000-1-2.jpeg","width":1000,"height":666},{"@type":"BreadcrumbList","@id":"https:\/\/dmcsrb.com\/svijet\/tramp-se-ne-protivi-netanjahuovom-planu-o-okupaciji-pojasa-gaze\/#breadcrumb","itemListElement":[{"@type":"ListItem","position":1,"name":"Home","item":"https:\/\/dmcsrb.com\/"},{"@type":"ListItem","position":2,"name":"Tramp se ne protivi Netanjahuovom planu o okupaciji Pojasa Gaze"}]},{"@type":"WebSite","@id":"https:\/\/dmcsrb.com\/#website","url":"https:\/\/dmcsrb.com\/","name":"dmcsrb.com","description":"","potentialAction":[{"@type":"SearchAction","target":{"@type":"EntryPoint","urlTemplate":"https:\/\/dmcsrb.com\/?s={search_term_string}"},"query-input":{"@type":"PropertyValueSpecification","valueRequired":true,"valueName":"search_term_string"}}],"inLanguage":"en-GB"},{"@type":"Person","@id":"https:\/\/dmcsrb.com\/#\/schema\/person\/5c39170f12db1b8b457732d0b5c854e2","name":"dmcsrbija.com@gmail.com","image":{"@type":"ImageObject","inLanguage":"en-GB","@id":"https:\/\/secure.gravatar.com\/avatar\/68592660ad6347fad0fb587f8d5d8f1a7b44961362f56e4f2cd524feb87e9069?s=96&d=mm&r=g","url":"https:\/\/secure.gravatar.com\/avatar\/68592660ad6347fad0fb587f8d5d8f1a7b44961362f56e4f2cd524feb87e9069?s=96&d=mm&r=g","contentUrl":"https:\/\/secure.gravatar.com\/avatar\/68592660ad6347fad0fb587f8d5d8f1a7b44961362f56e4f2cd524feb87e9069?s=96&d=mm&r=g","caption":"dmcsrbija.com@gmail.com"},"sameAs":["https:\/\/dmcsrb.com"],"url":"https:\/\/dmcsrb.com\/en\/author\/dmcsrbija-comgmail-com\/"}]}},"_links":{"self":[{"href":"https:\/\/dmcsrb.com\/en\/wp-json\/wp\/v2\/posts\/944922","targetHints":{"allow":["GET"]}}],"collection":[{"href":"https:\/\/dmcsrb.com\/en\/wp-json\/wp\/v2\/posts"}],"about":[{"href":"https:\/\/dmcsrb.com\/en\/wp-json\/wp\/v2\/types\/post"}],"author":[{"embeddable":true,"href":"https:\/\/dmcsrb.com\/en\/wp-json\/wp\/v2\/users\/1"}],"replies":[{"embeddable":true,"href":"https:\/\/dmcsrb.com\/en\/wp-json\/wp\/v2\/comments?post=944922"}],"version-history":[{"count":0,"href":"https:\/\/dmcsrb.com\/en\/wp-json\/wp\/v2\/posts\/944922\/revisions"}],"wp:featuredmedia":[{"embeddable":true,"href":"https:\/\/dmcsrb.com\/en\/wp-json\/wp\/v2\/media\/908943"}],"wp:attachment":[{"href":"https:\/\/dmcsrb.com\/en\/wp-json\/wp\/v2\/media?parent=944922"}],"wp:term":[{"taxonomy":"category","embeddable":true,"href":"https:\/\/dmcsrb.com\/en\/wp-json\/wp\/v2\/categories?post=944922"},{"taxonomy":"post_tag","embeddable":true,"href":"https:\/\/dmcsrb.com\/en\/wp-json\/wp\/v2\/tags?post=944922"},{"taxonomy":"naslovna","embeddable":true,"href":"https:\/\/dmcsrb.com\/en\/wp-json\/wp\/v2\/naslovna?post=944922"}],"curies":[{"name":"wp","href":"https:\/\/api.w.org\/{rel}","templated":true}]}}