{"id":944879,"date":"2025-08-07T12:18:00","date_gmt":"2025-08-07T10:18:00","guid":{"rendered":"https:\/\/dmcsrb.com\/uncategorized\/ministarstvo-kulture-inspekcija-ce-traziti-od-opstine-berane-da-se-ukloni-spomenik-pavlu-djurisicu\/"},"modified":"2025-08-07T12:18:00","modified_gmt":"2025-08-07T10:18:00","slug":"ministarstvo-kulture-inspekcija-ce-traziti-od-opstine-berane-da-se-ukloni-spomenik-pavlu-djurisicu","status":"publish","type":"post","link":"https:\/\/dmcsrb.com\/en\/politika\/ministarstvo-kulture-inspekcija-ce-traziti-od-opstine-berane-da-se-ukloni-spomenik-pavlu-djurisicu\/","title":{"rendered":"Ministarstvo kulture: Inspekcija \u0107e tra\u017eiti od Op\u0161tine Berane da se ukloni spomenik Pavlu \u0110uri\u0161i\u0107u"},"content":{"rendered":"<p><\/p>\n\n\n\n<p><\/p>\n\n\n\n<p><\/p>\n\n\n\n<p><\/p>\n\n\n\n<p>U selu Gornje Zaostro kod Berana danas je postavljen spomenik Pavlu \u0110uri\u0161i\u0107u, \u010detni\u010dkom komandantu iz Drugog svjetskog rata, poznatom po saradnji sa okupatorima i masakrima nad civilima.<\/p>\n\n\n\n<p>Tim povodom, iz Ministarstva kulture i medija kazali su da su danas obavije\u0161teni o postavljenom spomeniku, a da prethodno za to nijesu dali nikakvu saglasnost.<\/p>\n\n\n\n<p>Kako su dodali iz Ministarstva, na lice mjesta poslali su inspekciju.<\/p>\n\n\n\n<p>\u201cInspektor treba da utvrdi stanje na terenu, a budu\u0107i da nijesu dali nikakvu saglasnost za podizanje spomenika, najvjerovatnije \u0107e izdati nalog Op\u0161tini Berane da se spomenik Pavlu \u0110uri\u0161i\u0107u ukloni\u201d, zaklju\u010dili su.<\/p>","protected":false},"excerpt":{"rendered":"<p>Ministarstvo kulture i medija saop\u0161tilo je da \u0107e inspekcija tra\u017eiti od Op\u0161tine Berane da se ukloni danas postavljeni spomenik Pavlu \u0110uri\u0161i\u0107u.<\/p>","protected":false},"author":1,"featured_media":912704,"comment_status":"open","ping_status":"open","sticky":false,"template":"","format":"standard","meta":{"_acf_changed":false,"footnotes":""},"categories":[12],"tags":[3827,17066,797],"naslovna":[],"class_list":["post-944879","post","type-post","status-publish","format-standard","has-post-thumbnail","hentry","category-politika","tag-inspekcija","tag-mk","tag-spomenik"],"acf":[],"yoast_head":"<!-- This site is optimized with the Yoast SEO plugin v27.0 - https:\/\/yoast.com\/product\/yoast-seo-wordpress\/ -->\n<title>Ministarstvo kulture: Inspekcija \u0107e tra\u017eiti od Op\u0161tine Berane da se ukloni spomenik Pavlu \u0110uri\u0161i\u0107u - dmcsrb.com<\/title>\n<meta name=\"robots\" content=\"index, follow, max-snippet:-1, max-image-preview:large, max-video-preview:-1\" \/>\n<link rel=\"canonical\" href=\"https:\/\/dmcsrb.com\/en\/politika\/ministarstvo-kulture-inspekcija-ce-traziti-od-opstine-berane-da-se-ukloni-spomenik-pavlu-djurisicu\/\" \/>\n<meta property=\"og:locale\" content=\"en_GB\" \/>\n<meta property=\"og:type\" content=\"article\" \/>\n<meta property=\"og:title\" content=\"Ministarstvo kulture: Inspekcija \u0107e tra\u017eiti od Op\u0161tine Berane da se ukloni spomenik Pavlu \u0110uri\u0161i\u0107u - dmcsrb.com\" \/>\n<meta property=\"og:description\" content=\"Ministarstvo kulture i medija saop\u0161tilo je da \u0107e inspekcija tra\u017eiti od Op\u0161tine Berane da se ukloni danas postavljeni spomenik Pavlu \u0110uri\u0161i\u0107u.\" \/>\n<meta property=\"og:url\" content=\"https:\/\/dmcsrb.com\/en\/politika\/ministarstvo-kulture-inspekcija-ce-traziti-od-opstine-berane-da-se-ukloni-spomenik-pavlu-djurisicu\/\" \/>\n<meta property=\"og:site_name\" content=\"dmcsrb.com\" \/>\n<meta property=\"article:published_time\" content=\"2025-08-07T10:18:00+00:00\" \/>\n<meta property=\"og:image\" content=\"https:\/\/dmcsrb.com\/wp-content\/uploads\/2026\/01\/Tamara-Vujovic-ministarka-foto-pr-centar.jpg\" \/>\n\t<meta property=\"og:image:width\" content=\"1041\" \/>\n\t<meta property=\"og:image:height\" content=\"618\" \/>\n\t<meta property=\"og:image:type\" content=\"image\/jpeg\" \/>\n<meta name=\"author\" content=\"dmcsrbija.com@gmail.com\" \/>\n<meta name=\"twitter:card\" content=\"summary_large_image\" \/>\n<meta name=\"twitter:label1\" content=\"Written by\" \/>\n\t<meta name=\"twitter:data1\" content=\"dmcsrbija.com@gmail.com\" \/>\n\t<meta name=\"twitter:label2\" content=\"Estimated reading time\" \/>\n\t<meta name=\"twitter:data2\" content=\"1 minute\" \/>\n<script type=\"application\/ld+json\" class=\"yoast-schema-graph\">{\"@context\":\"https:\/\/schema.org\",\"@graph\":[{\"@type\":\"Article\",\"@id\":\"https:\/\/dmcsrb.com\/en\/politika\/ministarstvo-kulture-inspekcija-ce-traziti-od-opstine-berane-da-se-ukloni-spomenik-pavlu-djurisicu\/#article\",\"isPartOf\":{\"@id\":\"https:\/\/dmcsrb.com\/en\/politika\/ministarstvo-kulture-inspekcija-ce-traziti-od-opstine-berane-da-se-ukloni-spomenik-pavlu-djurisicu\/\"},\"author\":{\"name\":\"dmcsrbija.com@gmail.com\",\"@id\":\"https:\/\/dmcsrb.com\/#\/schema\/person\/5c39170f12db1b8b457732d0b5c854e2\"},\"headline\":\"Ministarstvo kulture: Inspekcija \u0107e tra\u017eiti od Op\u0161tine Berane da se ukloni spomenik Pavlu \u0110uri\u0161i\u0107u\",\"datePublished\":\"2025-08-07T10:18:00+00:00\",\"mainEntityOfPage\":{\"@id\":\"https:\/\/dmcsrb.com\/en\/politika\/ministarstvo-kulture-inspekcija-ce-traziti-od-opstine-berane-da-se-ukloni-spomenik-pavlu-djurisicu\/\"},\"wordCount\":121,\"commentCount\":0,\"image\":{\"@id\":\"https:\/\/dmcsrb.com\/en\/politika\/ministarstvo-kulture-inspekcija-ce-traziti-od-opstine-berane-da-se-ukloni-spomenik-pavlu-djurisicu\/#primaryimage\"},\"thumbnailUrl\":\"https:\/\/dmcsrb.com\/wp-content\/uploads\/2026\/01\/Tamara-Vujovic-ministarka-foto-pr-centar.jpg\",\"keywords\":[\"Inspekcija\",\"MK\",\"spomenik\"],\"articleSection\":[\"Politika\"],\"inLanguage\":\"en-GB\",\"potentialAction\":[{\"@type\":\"CommentAction\",\"name\":\"Comment\",\"target\":[\"https:\/\/dmcsrb.com\/en\/politika\/ministarstvo-kulture-inspekcija-ce-traziti-od-opstine-berane-da-se-ukloni-spomenik-pavlu-djurisicu\/#respond\"]}]},{\"@type\":\"WebPage\",\"@id\":\"https:\/\/dmcsrb.com\/en\/politika\/ministarstvo-kulture-inspekcija-ce-traziti-od-opstine-berane-da-se-ukloni-spomenik-pavlu-djurisicu\/\",\"url\":\"https:\/\/dmcsrb.com\/en\/politika\/ministarstvo-kulture-inspekcija-ce-traziti-od-opstine-berane-da-se-ukloni-spomenik-pavlu-djurisicu\/\",\"name\":\"Ministarstvo kulture: Inspekcija \u0107e tra\u017eiti od Op\u0161tine Berane da se ukloni spomenik Pavlu \u0110uri\u0161i\u0107u - dmcsrb.com\",\"isPartOf\":{\"@id\":\"https:\/\/dmcsrb.com\/#website\"},\"primaryImageOfPage\":{\"@id\":\"https:\/\/dmcsrb.com\/en\/politika\/ministarstvo-kulture-inspekcija-ce-traziti-od-opstine-berane-da-se-ukloni-spomenik-pavlu-djurisicu\/#primaryimage\"},\"image\":{\"@id\":\"https:\/\/dmcsrb.com\/en\/politika\/ministarstvo-kulture-inspekcija-ce-traziti-od-opstine-berane-da-se-ukloni-spomenik-pavlu-djurisicu\/#primaryimage\"},\"thumbnailUrl\":\"https:\/\/dmcsrb.com\/wp-content\/uploads\/2026\/01\/Tamara-Vujovic-ministarka-foto-pr-centar.jpg\",\"datePublished\":\"2025-08-07T10:18:00+00:00\",\"author\":{\"@id\":\"https:\/\/dmcsrb.com\/#\/schema\/person\/5c39170f12db1b8b457732d0b5c854e2\"},\"breadcrumb\":{\"@id\":\"https:\/\/dmcsrb.com\/en\/politika\/ministarstvo-kulture-inspekcija-ce-traziti-od-opstine-berane-da-se-ukloni-spomenik-pavlu-djurisicu\/#breadcrumb\"},\"inLanguage\":\"en-GB\",\"potentialAction\":[{\"@type\":\"ReadAction\",\"target\":[\"https:\/\/dmcsrb.com\/en\/politika\/ministarstvo-kulture-inspekcija-ce-traziti-od-opstine-berane-da-se-ukloni-spomenik-pavlu-djurisicu\/\"]}]},{\"@type\":\"ImageObject\",\"inLanguage\":\"en-GB\",\"@id\":\"https:\/\/dmcsrb.com\/en\/politika\/ministarstvo-kulture-inspekcija-ce-traziti-od-opstine-berane-da-se-ukloni-spomenik-pavlu-djurisicu\/#primaryimage\",\"url\":\"https:\/\/dmcsrb.com\/wp-content\/uploads\/2026\/01\/Tamara-Vujovic-ministarka-foto-pr-centar.jpg\",\"contentUrl\":\"https:\/\/dmcsrb.com\/wp-content\/uploads\/2026\/01\/Tamara-Vujovic-ministarka-foto-pr-centar.jpg\",\"width\":1041,\"height\":618},{\"@type\":\"BreadcrumbList\",\"@id\":\"https:\/\/dmcsrb.com\/en\/politika\/ministarstvo-kulture-inspekcija-ce-traziti-od-opstine-berane-da-se-ukloni-spomenik-pavlu-djurisicu\/#breadcrumb\",\"itemListElement\":[{\"@type\":\"ListItem\",\"position\":1,\"name\":\"Home\",\"item\":\"https:\/\/dmcsrb.com\/\"},{\"@type\":\"ListItem\",\"position\":2,\"name\":\"Ministarstvo kulture: Inspekcija \u0107e tra\u017eiti od Op\u0161tine Berane da se ukloni spomenik Pavlu \u0110uri\u0161i\u0107u\"}]},{\"@type\":\"WebSite\",\"@id\":\"https:\/\/dmcsrb.com\/#website\",\"url\":\"https:\/\/dmcsrb.com\/\",\"name\":\"dmcsrb.com\",\"description\":\"\",\"potentialAction\":[{\"@type\":\"SearchAction\",\"target\":{\"@type\":\"EntryPoint\",\"urlTemplate\":\"https:\/\/dmcsrb.com\/?s={search_term_string}\"},\"query-input\":{\"@type\":\"PropertyValueSpecification\",\"valueRequired\":true,\"valueName\":\"search_term_string\"}}],\"inLanguage\":\"en-GB\"},{\"@type\":\"Person\",\"@id\":\"https:\/\/dmcsrb.com\/#\/schema\/person\/5c39170f12db1b8b457732d0b5c854e2\",\"name\":\"dmcsrbija.com@gmail.com\",\"image\":{\"@type\":\"ImageObject\",\"inLanguage\":\"en-GB\",\"@id\":\"https:\/\/dmcsrb.com\/#\/schema\/person\/image\/\",\"url\":\"https:\/\/secure.gravatar.com\/avatar\/68592660ad6347fad0fb587f8d5d8f1a7b44961362f56e4f2cd524feb87e9069?s=96&d=mm&r=g\",\"contentUrl\":\"https:\/\/secure.gravatar.com\/avatar\/68592660ad6347fad0fb587f8d5d8f1a7b44961362f56e4f2cd524feb87e9069?s=96&d=mm&r=g\",\"caption\":\"dmcsrbija.com@gmail.com\"},\"sameAs\":[\"https:\/\/dmcsrb.com\"],\"url\":\"https:\/\/dmcsrb.com\/en\/author\/dmcsrbija-comgmail-com\/\"}]}<\/script>\n<!-- \/ Yoast SEO plugin. -->","yoast_head_json":{"title":"Ministarstvo kulture: Inspekcija \u0107e tra\u017eiti od Op\u0161tine Berane da se ukloni spomenik Pavlu \u0110uri\u0161i\u0107u - dmcsrb.com","robots":{"index":"index","follow":"follow","max-snippet":"max-snippet:-1","max-image-preview":"max-image-preview:large","max-video-preview":"max-video-preview:-1"},"canonical":"https:\/\/dmcsrb.com\/en\/politika\/ministarstvo-kulture-inspekcija-ce-traziti-od-opstine-berane-da-se-ukloni-spomenik-pavlu-djurisicu\/","og_locale":"en_GB","og_type":"article","og_title":"Ministarstvo kulture: Inspekcija \u0107e tra\u017eiti od Op\u0161tine Berane da se ukloni spomenik Pavlu \u0110uri\u0161i\u0107u - dmcsrb.com","og_description":"Ministarstvo kulture i medija saop\u0161tilo je da \u0107e inspekcija tra\u017eiti od Op\u0161tine Berane da se ukloni danas postavljeni spomenik Pavlu \u0110uri\u0161i\u0107u.","og_url":"https:\/\/dmcsrb.com\/en\/politika\/ministarstvo-kulture-inspekcija-ce-traziti-od-opstine-berane-da-se-ukloni-spomenik-pavlu-djurisicu\/","og_site_name":"dmcsrb.com","article_published_time":"2025-08-07T10:18:00+00:00","og_image":[{"width":1041,"height":618,"url":"https:\/\/dmcsrb.com\/wp-content\/uploads\/2026\/01\/Tamara-Vujovic-ministarka-foto-pr-centar.jpg","type":"image\/jpeg"}],"author":"dmcsrbija.com@gmail.com","twitter_card":"summary_large_image","twitter_misc":{"Written by":"dmcsrbija.com@gmail.com","Estimated reading time":"1 minute"},"schema":{"@context":"https:\/\/schema.org","@graph":[{"@type":"Article","@id":"https:\/\/dmcsrb.com\/en\/politika\/ministarstvo-kulture-inspekcija-ce-traziti-od-opstine-berane-da-se-ukloni-spomenik-pavlu-djurisicu\/#article","isPartOf":{"@id":"https:\/\/dmcsrb.com\/en\/politika\/ministarstvo-kulture-inspekcija-ce-traziti-od-opstine-berane-da-se-ukloni-spomenik-pavlu-djurisicu\/"},"author":{"name":"dmcsrbija.com@gmail.com","@id":"https:\/\/dmcsrb.com\/#\/schema\/person\/5c39170f12db1b8b457732d0b5c854e2"},"headline":"Ministarstvo kulture: Inspekcija \u0107e tra\u017eiti od Op\u0161tine Berane da se ukloni spomenik Pavlu \u0110uri\u0161i\u0107u","datePublished":"2025-08-07T10:18:00+00:00","mainEntityOfPage":{"@id":"https:\/\/dmcsrb.com\/en\/politika\/ministarstvo-kulture-inspekcija-ce-traziti-od-opstine-berane-da-se-ukloni-spomenik-pavlu-djurisicu\/"},"wordCount":121,"commentCount":0,"image":{"@id":"https:\/\/dmcsrb.com\/en\/politika\/ministarstvo-kulture-inspekcija-ce-traziti-od-opstine-berane-da-se-ukloni-spomenik-pavlu-djurisicu\/#primaryimage"},"thumbnailUrl":"https:\/\/dmcsrb.com\/wp-content\/uploads\/2026\/01\/Tamara-Vujovic-ministarka-foto-pr-centar.jpg","keywords":["Inspekcija","MK","spomenik"],"articleSection":["Politika"],"inLanguage":"en-GB","potentialAction":[{"@type":"CommentAction","name":"Comment","target":["https:\/\/dmcsrb.com\/en\/politika\/ministarstvo-kulture-inspekcija-ce-traziti-od-opstine-berane-da-se-ukloni-spomenik-pavlu-djurisicu\/#respond"]}]},{"@type":"WebPage","@id":"https:\/\/dmcsrb.com\/en\/politika\/ministarstvo-kulture-inspekcija-ce-traziti-od-opstine-berane-da-se-ukloni-spomenik-pavlu-djurisicu\/","url":"https:\/\/dmcsrb.com\/en\/politika\/ministarstvo-kulture-inspekcija-ce-traziti-od-opstine-berane-da-se-ukloni-spomenik-pavlu-djurisicu\/","name":"Ministarstvo kulture: Inspekcija \u0107e tra\u017eiti od Op\u0161tine Berane da se ukloni spomenik Pavlu \u0110uri\u0161i\u0107u - dmcsrb.com","isPartOf":{"@id":"https:\/\/dmcsrb.com\/#website"},"primaryImageOfPage":{"@id":"https:\/\/dmcsrb.com\/en\/politika\/ministarstvo-kulture-inspekcija-ce-traziti-od-opstine-berane-da-se-ukloni-spomenik-pavlu-djurisicu\/#primaryimage"},"image":{"@id":"https:\/\/dmcsrb.com\/en\/politika\/ministarstvo-kulture-inspekcija-ce-traziti-od-opstine-berane-da-se-ukloni-spomenik-pavlu-djurisicu\/#primaryimage"},"thumbnailUrl":"https:\/\/dmcsrb.com\/wp-content\/uploads\/2026\/01\/Tamara-Vujovic-ministarka-foto-pr-centar.jpg","datePublished":"2025-08-07T10:18:00+00:00","author":{"@id":"https:\/\/dmcsrb.com\/#\/schema\/person\/5c39170f12db1b8b457732d0b5c854e2"},"breadcrumb":{"@id":"https:\/\/dmcsrb.com\/en\/politika\/ministarstvo-kulture-inspekcija-ce-traziti-od-opstine-berane-da-se-ukloni-spomenik-pavlu-djurisicu\/#breadcrumb"},"inLanguage":"en-GB","potentialAction":[{"@type":"ReadAction","target":["https:\/\/dmcsrb.com\/en\/politika\/ministarstvo-kulture-inspekcija-ce-traziti-od-opstine-berane-da-se-ukloni-spomenik-pavlu-djurisicu\/"]}]},{"@type":"ImageObject","inLanguage":"en-GB","@id":"https:\/\/dmcsrb.com\/en\/politika\/ministarstvo-kulture-inspekcija-ce-traziti-od-opstine-berane-da-se-ukloni-spomenik-pavlu-djurisicu\/#primaryimage","url":"https:\/\/dmcsrb.com\/wp-content\/uploads\/2026\/01\/Tamara-Vujovic-ministarka-foto-pr-centar.jpg","contentUrl":"https:\/\/dmcsrb.com\/wp-content\/uploads\/2026\/01\/Tamara-Vujovic-ministarka-foto-pr-centar.jpg","width":1041,"height":618},{"@type":"BreadcrumbList","@id":"https:\/\/dmcsrb.com\/en\/politika\/ministarstvo-kulture-inspekcija-ce-traziti-od-opstine-berane-da-se-ukloni-spomenik-pavlu-djurisicu\/#breadcrumb","itemListElement":[{"@type":"ListItem","position":1,"name":"Home","item":"https:\/\/dmcsrb.com\/"},{"@type":"ListItem","position":2,"name":"Ministarstvo kulture: Inspekcija \u0107e tra\u017eiti od Op\u0161tine Berane da se ukloni spomenik Pavlu \u0110uri\u0161i\u0107u"}]},{"@type":"WebSite","@id":"https:\/\/dmcsrb.com\/#website","url":"https:\/\/dmcsrb.com\/","name":"dmcsrb.com","description":"","potentialAction":[{"@type":"SearchAction","target":{"@type":"EntryPoint","urlTemplate":"https:\/\/dmcsrb.com\/?s={search_term_string}"},"query-input":{"@type":"PropertyValueSpecification","valueRequired":true,"valueName":"search_term_string"}}],"inLanguage":"en-GB"},{"@type":"Person","@id":"https:\/\/dmcsrb.com\/#\/schema\/person\/5c39170f12db1b8b457732d0b5c854e2","name":"dmcsrbija.com@gmail.com","image":{"@type":"ImageObject","inLanguage":"en-GB","@id":"https:\/\/dmcsrb.com\/#\/schema\/person\/image\/","url":"https:\/\/secure.gravatar.com\/avatar\/68592660ad6347fad0fb587f8d5d8f1a7b44961362f56e4f2cd524feb87e9069?s=96&d=mm&r=g","contentUrl":"https:\/\/secure.gravatar.com\/avatar\/68592660ad6347fad0fb587f8d5d8f1a7b44961362f56e4f2cd524feb87e9069?s=96&d=mm&r=g","caption":"dmcsrbija.com@gmail.com"},"sameAs":["https:\/\/dmcsrb.com"],"url":"https:\/\/dmcsrb.com\/en\/author\/dmcsrbija-comgmail-com\/"}]}},"_links":{"self":[{"href":"https:\/\/dmcsrb.com\/en\/wp-json\/wp\/v2\/posts\/944879","targetHints":{"allow":["GET"]}}],"collection":[{"href":"https:\/\/dmcsrb.com\/en\/wp-json\/wp\/v2\/posts"}],"about":[{"href":"https:\/\/dmcsrb.com\/en\/wp-json\/wp\/v2\/types\/post"}],"author":[{"embeddable":true,"href":"https:\/\/dmcsrb.com\/en\/wp-json\/wp\/v2\/users\/1"}],"replies":[{"embeddable":true,"href":"https:\/\/dmcsrb.com\/en\/wp-json\/wp\/v2\/comments?post=944879"}],"version-history":[{"count":0,"href":"https:\/\/dmcsrb.com\/en\/wp-json\/wp\/v2\/posts\/944879\/revisions"}],"wp:featuredmedia":[{"embeddable":true,"href":"https:\/\/dmcsrb.com\/en\/wp-json\/wp\/v2\/media\/912704"}],"wp:attachment":[{"href":"https:\/\/dmcsrb.com\/en\/wp-json\/wp\/v2\/media?parent=944879"}],"wp:term":[{"taxonomy":"category","embeddable":true,"href":"https:\/\/dmcsrb.com\/en\/wp-json\/wp\/v2\/categories?post=944879"},{"taxonomy":"post_tag","embeddable":true,"href":"https:\/\/dmcsrb.com\/en\/wp-json\/wp\/v2\/tags?post=944879"},{"taxonomy":"naslovna","embeddable":true,"href":"https:\/\/dmcsrb.com\/en\/wp-json\/wp\/v2\/naslovna?post=944879"}],"curies":[{"name":"wp","href":"https:\/\/api.w.org\/{rel}","templated":true}]}}