{"id":944853,"date":"2025-08-07T10:46:00","date_gmt":"2025-08-07T08:46:00","guid":{"rendered":"https:\/\/dmcsrb.com\/uncategorized\/cakovic-istorijska-pobjeda-pozivam-navijace-da-dodju-u-nedjelju-u-kolasin-da-zajedno-proslavimo-odlazak-na-ep\/"},"modified":"2025-08-07T10:46:00","modified_gmt":"2025-08-07T08:46:00","slug":"cakovic-istorijska-pobjeda-pozivam-navijace-da-dodju-u-nedjelju-u-kolasin-da-zajedno-proslavimo-odlazak-na-ep","status":"publish","type":"post","link":"https:\/\/dmcsrb.com\/en\/sport\/cakovic-istorijska-pobjeda-pozivam-navijace-da-dodju-u-nedjelju-u-kolasin-da-zajedno-proslavimo-odlazak-na-ep\/","title":{"rendered":"Cakovi\u0107: Istorijska pobjeda, pozivam navija\u010de da do\u0111u u nedjelju u Kola\u0161in da zajedno proslavimo odlazak na EP"},"content":{"rendered":"<p>\u201c\u010cestitke mojim igra\u010dicama i stru\u010dnom \u0161tabu na velikoj, istorijskoj pobjedi. Mentalna je bila igra, igra nerava, strpljenja, ali je rezultat onakav kakav smo i pri\u017eeljkivali&#8221;, kazao je selektor &#8220;crvenih&#8221; Jovo Cakovi\u0107 nakon me\u010da. <\/p>\n\n\n\n<p>Na\u0161e djevojke \u0107e u nedjelju u posljednjem kolu do\u010dekati Letoniju u Kola\u0161inu, \u0161to \u0107e biti sjajna prilika da publika pozdravi djevojke koje su ispisale istoriju.  <\/p>\n\n\n\n<figure class=\"wp-block-embed is-type-wp-embed is-provider-gradski-portal wp-block-embed-gradski-portal\"><div class=\"wp-block-embed__wrapper\">\nhttps:\/\/gradski.me\/istorijski-uspjeh-crnogorske-odbojkasice-na-evropskom-prvenstvu\/\n<\/div><\/figure>\n\n\n\n<p>\u201c\u017delio bih da ovom prilikom da pozovem sve ljubitelje odbojke u Crnoj Gori da u nedjelju od 19 \u010dasova do\u0111u u Kola\u0161in i da zajedno proslavimo odlazak na Evropsko prvenstvo. Obe\u0107avam da \u0107emo dostojanstveno odigrati i tu utakmicu i probati da do\u0111emo do dobrog rezultata&#8221;, zaklju\u010dio je Cakovi\u0107.<\/p>","protected":false},"excerpt":{"rendered":"<p>Crnogorske odbojka\u0161ice izborile su sino\u0107 istorijski plasman na Evropsko prvenstvo &#8211; izabranice Jova Cakovi\u0107a savladale su Bosnu i Hercegovinu sa maksimalnih 3:0 (26:24, 25:16, 26:24) \u010dime su kolo prije kraja osigurale mjesto me\u0111u pet najboljih drugoplasiranih selekcija iz sedam kvalifikacionih grupa.<\/p>","protected":false},"author":1,"featured_media":944854,"comment_status":"open","ping_status":"open","sticky":false,"template":"","format":"standard","meta":{"_acf_changed":false,"footnotes":""},"categories":[148],"tags":[10294,10342,2152],"naslovna":[],"class_list":["post-944853","post","type-post","status-publish","format-standard","has-post-thumbnail","hentry","category-sport","tag-eurovolej-2026","tag-jovo-cakovic","tag-zenska-odbojkaska-reprezentacija-crne-gore"],"acf":[],"yoast_head":"<!-- This site is optimized with the Yoast SEO plugin v27.4 - https:\/\/yoast.com\/product\/yoast-seo-wordpress\/ -->\n<title>Cakovi\u0107: Istorijska pobjeda, pozivam navija\u010de da do\u0111u u nedjelju u Kola\u0161in da zajedno proslavimo odlazak na EP - dmcsrb.com<\/title>\n<meta name=\"robots\" content=\"index, follow, max-snippet:-1, max-image-preview:large, max-video-preview:-1\" \/>\n<link rel=\"canonical\" href=\"https:\/\/dmcsrb.com\/en\/sport\/cakovic-istorijska-pobjeda-pozivam-navijace-da-dodju-u-nedjelju-u-kolasin-da-zajedno-proslavimo-odlazak-na-ep\/\" \/>\n<meta property=\"og:locale\" content=\"en_GB\" \/>\n<meta property=\"og:type\" content=\"article\" \/>\n<meta property=\"og:title\" content=\"Cakovi\u0107: Istorijska pobjeda, pozivam navija\u010de da do\u0111u u nedjelju u Kola\u0161in da zajedno proslavimo odlazak na EP - dmcsrb.com\" \/>\n<meta property=\"og:description\" content=\"Crnogorske odbojka\u0161ice izborile su sino\u0107 istorijski plasman na Evropsko prvenstvo - izabranice Jova Cakovi\u0107a savladale su Bosnu i Hercegovinu sa maksimalnih 3:0 (26:24, 25:16, 26:24) \u010dime su kolo prije kraja osigurale mjesto me\u0111u pet najboljih drugoplasiranih selekcija iz sedam kvalifikacionih grupa.\" \/>\n<meta property=\"og:url\" content=\"https:\/\/dmcsrb.com\/en\/sport\/cakovic-istorijska-pobjeda-pozivam-navijace-da-dodju-u-nedjelju-u-kolasin-da-zajedno-proslavimo-odlazak-na-ep\/\" \/>\n<meta property=\"og:site_name\" content=\"dmcsrb.com\" \/>\n<meta property=\"article:published_time\" content=\"2025-08-07T08:46:00+00:00\" \/>\n<meta property=\"og:image\" content=\"https:\/\/dmcsrb.com\/wp-content\/uploads\/2026\/01\/Jovo-Cakovic-OSCG-.webp\" \/>\n\t<meta property=\"og:image:width\" content=\"1536\" \/>\n\t<meta property=\"og:image:height\" content=\"1022\" \/>\n\t<meta property=\"og:image:type\" content=\"image\/jpeg\" \/>\n<meta name=\"author\" content=\"dmcsrbija.com@gmail.com\" \/>\n<meta name=\"twitter:card\" content=\"summary_large_image\" \/>\n<meta name=\"twitter:label1\" content=\"Written by\" \/>\n\t<meta name=\"twitter:data1\" content=\"dmcsrbija.com@gmail.com\" \/>\n\t<meta name=\"twitter:label2\" content=\"Estimated reading time\" \/>\n\t<meta name=\"twitter:data2\" content=\"1 minute\" \/>\n<script type=\"application\/ld+json\" class=\"yoast-schema-graph\">{\"@context\":\"https:\\\/\\\/schema.org\",\"@graph\":[{\"@type\":\"Article\",\"@id\":\"https:\\\/\\\/dmcsrb.com\\\/sport\\\/cakovic-istorijska-pobjeda-pozivam-navijace-da-dodju-u-nedjelju-u-kolasin-da-zajedno-proslavimo-odlazak-na-ep\\\/#article\",\"isPartOf\":{\"@id\":\"https:\\\/\\\/dmcsrb.com\\\/sport\\\/cakovic-istorijska-pobjeda-pozivam-navijace-da-dodju-u-nedjelju-u-kolasin-da-zajedno-proslavimo-odlazak-na-ep\\\/\"},\"author\":{\"name\":\"dmcsrbija.com@gmail.com\",\"@id\":\"https:\\\/\\\/dmcsrb.com\\\/#\\\/schema\\\/person\\\/5c39170f12db1b8b457732d0b5c854e2\"},\"headline\":\"Cakovi\u0107: Istorijska pobjeda, pozivam navija\u010de da do\u0111u u nedjelju u Kola\u0161in da zajedno proslavimo odlazak na EP\",\"datePublished\":\"2025-08-07T08:46:00+00:00\",\"mainEntityOfPage\":{\"@id\":\"https:\\\/\\\/dmcsrb.com\\\/sport\\\/cakovic-istorijska-pobjeda-pozivam-navijace-da-dodju-u-nedjelju-u-kolasin-da-zajedno-proslavimo-odlazak-na-ep\\\/\"},\"wordCount\":141,\"commentCount\":0,\"image\":{\"@id\":\"https:\\\/\\\/dmcsrb.com\\\/sport\\\/cakovic-istorijska-pobjeda-pozivam-navijace-da-dodju-u-nedjelju-u-kolasin-da-zajedno-proslavimo-odlazak-na-ep\\\/#primaryimage\"},\"thumbnailUrl\":\"https:\\\/\\\/dmcsrb.com\\\/wp-content\\\/uploads\\\/2026\\\/01\\\/Jovo-Cakovic-OSCG-.webp\",\"keywords\":[\"Eurovolej 2026\",\"Jovo Cakovi\u0107\",\"\u017denska odbojka\u0161ka reprezentacija Crne Gore\"],\"articleSection\":[\"Sport\"],\"inLanguage\":\"en-GB\",\"potentialAction\":[{\"@type\":\"CommentAction\",\"name\":\"Comment\",\"target\":[\"https:\\\/\\\/dmcsrb.com\\\/sport\\\/cakovic-istorijska-pobjeda-pozivam-navijace-da-dodju-u-nedjelju-u-kolasin-da-zajedno-proslavimo-odlazak-na-ep\\\/#respond\"]}]},{\"@type\":\"WebPage\",\"@id\":\"https:\\\/\\\/dmcsrb.com\\\/sport\\\/cakovic-istorijska-pobjeda-pozivam-navijace-da-dodju-u-nedjelju-u-kolasin-da-zajedno-proslavimo-odlazak-na-ep\\\/\",\"url\":\"https:\\\/\\\/dmcsrb.com\\\/sport\\\/cakovic-istorijska-pobjeda-pozivam-navijace-da-dodju-u-nedjelju-u-kolasin-da-zajedno-proslavimo-odlazak-na-ep\\\/\",\"name\":\"Cakovi\u0107: Istorijska pobjeda, pozivam navija\u010de da do\u0111u u nedjelju u Kola\u0161in da zajedno proslavimo odlazak na EP - dmcsrb.com\",\"isPartOf\":{\"@id\":\"https:\\\/\\\/dmcsrb.com\\\/#website\"},\"primaryImageOfPage\":{\"@id\":\"https:\\\/\\\/dmcsrb.com\\\/sport\\\/cakovic-istorijska-pobjeda-pozivam-navijace-da-dodju-u-nedjelju-u-kolasin-da-zajedno-proslavimo-odlazak-na-ep\\\/#primaryimage\"},\"image\":{\"@id\":\"https:\\\/\\\/dmcsrb.com\\\/sport\\\/cakovic-istorijska-pobjeda-pozivam-navijace-da-dodju-u-nedjelju-u-kolasin-da-zajedno-proslavimo-odlazak-na-ep\\\/#primaryimage\"},\"thumbnailUrl\":\"https:\\\/\\\/dmcsrb.com\\\/wp-content\\\/uploads\\\/2026\\\/01\\\/Jovo-Cakovic-OSCG-.webp\",\"datePublished\":\"2025-08-07T08:46:00+00:00\",\"author\":{\"@id\":\"https:\\\/\\\/dmcsrb.com\\\/#\\\/schema\\\/person\\\/5c39170f12db1b8b457732d0b5c854e2\"},\"breadcrumb\":{\"@id\":\"https:\\\/\\\/dmcsrb.com\\\/sport\\\/cakovic-istorijska-pobjeda-pozivam-navijace-da-dodju-u-nedjelju-u-kolasin-da-zajedno-proslavimo-odlazak-na-ep\\\/#breadcrumb\"},\"inLanguage\":\"en-GB\",\"potentialAction\":[{\"@type\":\"ReadAction\",\"target\":[\"https:\\\/\\\/dmcsrb.com\\\/sport\\\/cakovic-istorijska-pobjeda-pozivam-navijace-da-dodju-u-nedjelju-u-kolasin-da-zajedno-proslavimo-odlazak-na-ep\\\/\"]}]},{\"@type\":\"ImageObject\",\"inLanguage\":\"en-GB\",\"@id\":\"https:\\\/\\\/dmcsrb.com\\\/sport\\\/cakovic-istorijska-pobjeda-pozivam-navijace-da-dodju-u-nedjelju-u-kolasin-da-zajedno-proslavimo-odlazak-na-ep\\\/#primaryimage\",\"url\":\"https:\\\/\\\/dmcsrb.com\\\/wp-content\\\/uploads\\\/2026\\\/01\\\/Jovo-Cakovic-OSCG-.webp\",\"contentUrl\":\"https:\\\/\\\/dmcsrb.com\\\/wp-content\\\/uploads\\\/2026\\\/01\\\/Jovo-Cakovic-OSCG-.webp\",\"width\":1536,\"height\":1022},{\"@type\":\"BreadcrumbList\",\"@id\":\"https:\\\/\\\/dmcsrb.com\\\/sport\\\/cakovic-istorijska-pobjeda-pozivam-navijace-da-dodju-u-nedjelju-u-kolasin-da-zajedno-proslavimo-odlazak-na-ep\\\/#breadcrumb\",\"itemListElement\":[{\"@type\":\"ListItem\",\"position\":1,\"name\":\"Home\",\"item\":\"https:\\\/\\\/dmcsrb.com\\\/\"},{\"@type\":\"ListItem\",\"position\":2,\"name\":\"Cakovi\u0107: Istorijska pobjeda, pozivam navija\u010de da do\u0111u u nedjelju u Kola\u0161in da zajedno proslavimo odlazak na EP\"}]},{\"@type\":\"WebSite\",\"@id\":\"https:\\\/\\\/dmcsrb.com\\\/#website\",\"url\":\"https:\\\/\\\/dmcsrb.com\\\/\",\"name\":\"dmcsrb.com\",\"description\":\"\",\"potentialAction\":[{\"@type\":\"SearchAction\",\"target\":{\"@type\":\"EntryPoint\",\"urlTemplate\":\"https:\\\/\\\/dmcsrb.com\\\/?s={search_term_string}\"},\"query-input\":{\"@type\":\"PropertyValueSpecification\",\"valueRequired\":true,\"valueName\":\"search_term_string\"}}],\"inLanguage\":\"en-GB\"},{\"@type\":\"Person\",\"@id\":\"https:\\\/\\\/dmcsrb.com\\\/#\\\/schema\\\/person\\\/5c39170f12db1b8b457732d0b5c854e2\",\"name\":\"dmcsrbija.com@gmail.com\",\"image\":{\"@type\":\"ImageObject\",\"inLanguage\":\"en-GB\",\"@id\":\"https:\\\/\\\/secure.gravatar.com\\\/avatar\\\/68592660ad6347fad0fb587f8d5d8f1a7b44961362f56e4f2cd524feb87e9069?s=96&d=mm&r=g\",\"url\":\"https:\\\/\\\/secure.gravatar.com\\\/avatar\\\/68592660ad6347fad0fb587f8d5d8f1a7b44961362f56e4f2cd524feb87e9069?s=96&d=mm&r=g\",\"contentUrl\":\"https:\\\/\\\/secure.gravatar.com\\\/avatar\\\/68592660ad6347fad0fb587f8d5d8f1a7b44961362f56e4f2cd524feb87e9069?s=96&d=mm&r=g\",\"caption\":\"dmcsrbija.com@gmail.com\"},\"sameAs\":[\"https:\\\/\\\/dmcsrb.com\"],\"url\":\"https:\\\/\\\/dmcsrb.com\\\/en\\\/author\\\/dmcsrbija-comgmail-com\\\/\"}]}<\/script>\n<!-- \/ Yoast SEO plugin. -->","yoast_head_json":{"title":"Cakovi\u0107: Istorijska pobjeda, pozivam navija\u010de da do\u0111u u nedjelju u Kola\u0161in da zajedno proslavimo odlazak na EP - dmcsrb.com","robots":{"index":"index","follow":"follow","max-snippet":"max-snippet:-1","max-image-preview":"max-image-preview:large","max-video-preview":"max-video-preview:-1"},"canonical":"https:\/\/dmcsrb.com\/en\/sport\/cakovic-istorijska-pobjeda-pozivam-navijace-da-dodju-u-nedjelju-u-kolasin-da-zajedno-proslavimo-odlazak-na-ep\/","og_locale":"en_GB","og_type":"article","og_title":"Cakovi\u0107: Istorijska pobjeda, pozivam navija\u010de da do\u0111u u nedjelju u Kola\u0161in da zajedno proslavimo odlazak na EP - dmcsrb.com","og_description":"Crnogorske odbojka\u0161ice izborile su sino\u0107 istorijski plasman na Evropsko prvenstvo - izabranice Jova Cakovi\u0107a savladale su Bosnu i Hercegovinu sa maksimalnih 3:0 (26:24, 25:16, 26:24) \u010dime su kolo prije kraja osigurale mjesto me\u0111u pet najboljih drugoplasiranih selekcija iz sedam kvalifikacionih grupa.","og_url":"https:\/\/dmcsrb.com\/en\/sport\/cakovic-istorijska-pobjeda-pozivam-navijace-da-dodju-u-nedjelju-u-kolasin-da-zajedno-proslavimo-odlazak-na-ep\/","og_site_name":"dmcsrb.com","article_published_time":"2025-08-07T08:46:00+00:00","og_image":[{"width":1536,"height":1022,"url":"https:\/\/dmcsrb.com\/wp-content\/uploads\/2026\/01\/Jovo-Cakovic-OSCG-.webp","type":"image\/jpeg"}],"author":"dmcsrbija.com@gmail.com","twitter_card":"summary_large_image","twitter_misc":{"Written by":"dmcsrbija.com@gmail.com","Estimated reading time":"1 minute"},"schema":{"@context":"https:\/\/schema.org","@graph":[{"@type":"Article","@id":"https:\/\/dmcsrb.com\/sport\/cakovic-istorijska-pobjeda-pozivam-navijace-da-dodju-u-nedjelju-u-kolasin-da-zajedno-proslavimo-odlazak-na-ep\/#article","isPartOf":{"@id":"https:\/\/dmcsrb.com\/sport\/cakovic-istorijska-pobjeda-pozivam-navijace-da-dodju-u-nedjelju-u-kolasin-da-zajedno-proslavimo-odlazak-na-ep\/"},"author":{"name":"dmcsrbija.com@gmail.com","@id":"https:\/\/dmcsrb.com\/#\/schema\/person\/5c39170f12db1b8b457732d0b5c854e2"},"headline":"Cakovi\u0107: Istorijska pobjeda, pozivam navija\u010de da do\u0111u u nedjelju u Kola\u0161in da zajedno proslavimo odlazak na EP","datePublished":"2025-08-07T08:46:00+00:00","mainEntityOfPage":{"@id":"https:\/\/dmcsrb.com\/sport\/cakovic-istorijska-pobjeda-pozivam-navijace-da-dodju-u-nedjelju-u-kolasin-da-zajedno-proslavimo-odlazak-na-ep\/"},"wordCount":141,"commentCount":0,"image":{"@id":"https:\/\/dmcsrb.com\/sport\/cakovic-istorijska-pobjeda-pozivam-navijace-da-dodju-u-nedjelju-u-kolasin-da-zajedno-proslavimo-odlazak-na-ep\/#primaryimage"},"thumbnailUrl":"https:\/\/dmcsrb.com\/wp-content\/uploads\/2026\/01\/Jovo-Cakovic-OSCG-.webp","keywords":["Eurovolej 2026","Jovo Cakovi\u0107","\u017denska odbojka\u0161ka reprezentacija Crne Gore"],"articleSection":["Sport"],"inLanguage":"en-GB","potentialAction":[{"@type":"CommentAction","name":"Comment","target":["https:\/\/dmcsrb.com\/sport\/cakovic-istorijska-pobjeda-pozivam-navijace-da-dodju-u-nedjelju-u-kolasin-da-zajedno-proslavimo-odlazak-na-ep\/#respond"]}]},{"@type":"WebPage","@id":"https:\/\/dmcsrb.com\/sport\/cakovic-istorijska-pobjeda-pozivam-navijace-da-dodju-u-nedjelju-u-kolasin-da-zajedno-proslavimo-odlazak-na-ep\/","url":"https:\/\/dmcsrb.com\/sport\/cakovic-istorijska-pobjeda-pozivam-navijace-da-dodju-u-nedjelju-u-kolasin-da-zajedno-proslavimo-odlazak-na-ep\/","name":"Cakovi\u0107: Istorijska pobjeda, pozivam navija\u010de da do\u0111u u nedjelju u Kola\u0161in da zajedno proslavimo odlazak na EP - dmcsrb.com","isPartOf":{"@id":"https:\/\/dmcsrb.com\/#website"},"primaryImageOfPage":{"@id":"https:\/\/dmcsrb.com\/sport\/cakovic-istorijska-pobjeda-pozivam-navijace-da-dodju-u-nedjelju-u-kolasin-da-zajedno-proslavimo-odlazak-na-ep\/#primaryimage"},"image":{"@id":"https:\/\/dmcsrb.com\/sport\/cakovic-istorijska-pobjeda-pozivam-navijace-da-dodju-u-nedjelju-u-kolasin-da-zajedno-proslavimo-odlazak-na-ep\/#primaryimage"},"thumbnailUrl":"https:\/\/dmcsrb.com\/wp-content\/uploads\/2026\/01\/Jovo-Cakovic-OSCG-.webp","datePublished":"2025-08-07T08:46:00+00:00","author":{"@id":"https:\/\/dmcsrb.com\/#\/schema\/person\/5c39170f12db1b8b457732d0b5c854e2"},"breadcrumb":{"@id":"https:\/\/dmcsrb.com\/sport\/cakovic-istorijska-pobjeda-pozivam-navijace-da-dodju-u-nedjelju-u-kolasin-da-zajedno-proslavimo-odlazak-na-ep\/#breadcrumb"},"inLanguage":"en-GB","potentialAction":[{"@type":"ReadAction","target":["https:\/\/dmcsrb.com\/sport\/cakovic-istorijska-pobjeda-pozivam-navijace-da-dodju-u-nedjelju-u-kolasin-da-zajedno-proslavimo-odlazak-na-ep\/"]}]},{"@type":"ImageObject","inLanguage":"en-GB","@id":"https:\/\/dmcsrb.com\/sport\/cakovic-istorijska-pobjeda-pozivam-navijace-da-dodju-u-nedjelju-u-kolasin-da-zajedno-proslavimo-odlazak-na-ep\/#primaryimage","url":"https:\/\/dmcsrb.com\/wp-content\/uploads\/2026\/01\/Jovo-Cakovic-OSCG-.webp","contentUrl":"https:\/\/dmcsrb.com\/wp-content\/uploads\/2026\/01\/Jovo-Cakovic-OSCG-.webp","width":1536,"height":1022},{"@type":"BreadcrumbList","@id":"https:\/\/dmcsrb.com\/sport\/cakovic-istorijska-pobjeda-pozivam-navijace-da-dodju-u-nedjelju-u-kolasin-da-zajedno-proslavimo-odlazak-na-ep\/#breadcrumb","itemListElement":[{"@type":"ListItem","position":1,"name":"Home","item":"https:\/\/dmcsrb.com\/"},{"@type":"ListItem","position":2,"name":"Cakovi\u0107: Istorijska pobjeda, pozivam navija\u010de da do\u0111u u nedjelju u Kola\u0161in da zajedno proslavimo odlazak na EP"}]},{"@type":"WebSite","@id":"https:\/\/dmcsrb.com\/#website","url":"https:\/\/dmcsrb.com\/","name":"dmcsrb.com","description":"","potentialAction":[{"@type":"SearchAction","target":{"@type":"EntryPoint","urlTemplate":"https:\/\/dmcsrb.com\/?s={search_term_string}"},"query-input":{"@type":"PropertyValueSpecification","valueRequired":true,"valueName":"search_term_string"}}],"inLanguage":"en-GB"},{"@type":"Person","@id":"https:\/\/dmcsrb.com\/#\/schema\/person\/5c39170f12db1b8b457732d0b5c854e2","name":"dmcsrbija.com@gmail.com","image":{"@type":"ImageObject","inLanguage":"en-GB","@id":"https:\/\/secure.gravatar.com\/avatar\/68592660ad6347fad0fb587f8d5d8f1a7b44961362f56e4f2cd524feb87e9069?s=96&d=mm&r=g","url":"https:\/\/secure.gravatar.com\/avatar\/68592660ad6347fad0fb587f8d5d8f1a7b44961362f56e4f2cd524feb87e9069?s=96&d=mm&r=g","contentUrl":"https:\/\/secure.gravatar.com\/avatar\/68592660ad6347fad0fb587f8d5d8f1a7b44961362f56e4f2cd524feb87e9069?s=96&d=mm&r=g","caption":"dmcsrbija.com@gmail.com"},"sameAs":["https:\/\/dmcsrb.com"],"url":"https:\/\/dmcsrb.com\/en\/author\/dmcsrbija-comgmail-com\/"}]}},"_links":{"self":[{"href":"https:\/\/dmcsrb.com\/en\/wp-json\/wp\/v2\/posts\/944853","targetHints":{"allow":["GET"]}}],"collection":[{"href":"https:\/\/dmcsrb.com\/en\/wp-json\/wp\/v2\/posts"}],"about":[{"href":"https:\/\/dmcsrb.com\/en\/wp-json\/wp\/v2\/types\/post"}],"author":[{"embeddable":true,"href":"https:\/\/dmcsrb.com\/en\/wp-json\/wp\/v2\/users\/1"}],"replies":[{"embeddable":true,"href":"https:\/\/dmcsrb.com\/en\/wp-json\/wp\/v2\/comments?post=944853"}],"version-history":[{"count":0,"href":"https:\/\/dmcsrb.com\/en\/wp-json\/wp\/v2\/posts\/944853\/revisions"}],"wp:featuredmedia":[{"embeddable":true,"href":"https:\/\/dmcsrb.com\/en\/wp-json\/wp\/v2\/media\/944854"}],"wp:attachment":[{"href":"https:\/\/dmcsrb.com\/en\/wp-json\/wp\/v2\/media?parent=944853"}],"wp:term":[{"taxonomy":"category","embeddable":true,"href":"https:\/\/dmcsrb.com\/en\/wp-json\/wp\/v2\/categories?post=944853"},{"taxonomy":"post_tag","embeddable":true,"href":"https:\/\/dmcsrb.com\/en\/wp-json\/wp\/v2\/tags?post=944853"},{"taxonomy":"naslovna","embeddable":true,"href":"https:\/\/dmcsrb.com\/en\/wp-json\/wp\/v2\/naslovna?post=944853"}],"curies":[{"name":"wp","href":"https:\/\/api.w.org\/{rel}","templated":true}]}}