{"id":944832,"date":"2025-08-07T09:35:00","date_gmt":"2025-08-07T07:35:00","guid":{"rendered":"https:\/\/dmcsrb.com\/uncategorized\/mboko-i-osaka-u-finalu-montreala\/"},"modified":"2025-08-07T09:35:00","modified_gmt":"2025-08-07T07:35:00","slug":"mboko-i-osaka-u-finalu-montreala","status":"publish","type":"post","link":"https:\/\/dmcsrb.com\/en\/sport\/mboko-i-osaka-u-finalu-montreala\/","title":{"rendered":"Mboko i Osaka u finalu Montreala"},"content":{"rendered":"<p>Mboko je slavila nakon preokreta u tri seta &#8211; 1:6, 7:5, 7:6 (4) poslije dva sata i 46 minuta velike borbe. <\/p>\n\n\n\n<figure class=\"wp-block-embed is-type-rich is-provider-twitter wp-block-embed-twitter\"><div class=\"wp-block-embed__wrapper\">\n<blockquote class=\"twitter-tweet\" data-width=\"500\" data-dnt=\"true\"><p lang=\"en\" dir=\"ltr\">ALLEZ VICKY \ud83d\udcaa<br><br>Following an EPIC three setter, Victoria Mboko rallies back to defeat Rybakina 1-6, 7-5, 7-6(4) to reach her first WTA final!<a href=\"https:\/\/twitter.com\/hashtag\/OBN25?src=hash&amp;ref_src=twsrc%5Etfw\">#OBN25<\/a> <a href=\"https:\/\/t.co\/1iP9zIHzNw\">pic.twitter.com\/1iP9zIHzNw<\/a><\/p>&mdash; wta (@WTA) <a href=\"https:\/\/twitter.com\/WTA\/status\/1953259709827338473?ref_src=twsrc%5Etfw\">August 7, 2025<\/a><\/blockquote><script async src=\"https:\/\/platform.twitter.com\/widgets.js\" charset=\"utf-8\"><\/script>\n<\/div><\/figure>\n\n\n\n<p>Talentovana Kana\u0111anka i najprijatnije iznena\u0111enje turnira u Montrealu u tre\u0107em setu je spasila me\u010d-loptu pri vo\u0111stvu rivalke 5:4 koja je servirala za me\u010d. Mboko je vratila brejk i izjedna\u010dila na 5:5, me\u0111utim Ribakina je opet napravila brejk, imala drugu \u0161ansu da zavr\u0161i me\u010d, ali tinejd\u017eerka se opet izvukla i potom se radovala u taj-brejku za najve\u0107i uspjeh u karijeri. <\/p>\n\n\n\n<p>Mboko je na putu do finala eliminisala \u010dak tri grend slem \u0161ampionke, a prije Ribakine &#8220;pale&#8221; su Koko Gof i Sofija Kenin. <\/p>\n\n\n\n<p>Njena rivalka u me\u010du za pehar bi\u0107e simpati\u010dna Japanka Naomi Osaka koja je bila bolja od Klare Tauson sa 2:0 &#8211; 6:2, 7:6 (7).<\/p>\n\n\n\n<p>Osaka se tako kona\u010dno nakon svih problema vratila tamo gdje joj je mjesto, a igra\u0107e prvo finale jo\u0161 od 2022. godine, 12. u karijeri. <\/p>\n\n\n\n<figure class=\"wp-block-embed is-type-rich is-provider-twitter wp-block-embed-twitter\"><div class=\"wp-block-embed__wrapper\">\n<blockquote class=\"twitter-tweet\" data-width=\"500\" data-dnt=\"true\"><p lang=\"en\" dir=\"ltr\">etched in time \u23f3<a href=\"https:\/\/twitter.com\/naomiosaka?ref_src=twsrc%5Etfw\">@naomiosaka<\/a> | <a href=\"https:\/\/twitter.com\/hashtag\/OBN25?src=hash&amp;ref_src=twsrc%5Etfw\">#OBN25<\/a> <a href=\"https:\/\/t.co\/iWOx8s2CWz\">pic.twitter.com\/iWOx8s2CWz<\/a><\/p>&mdash; wta (@WTA) <a href=\"https:\/\/twitter.com\/WTA\/status\/1953294174851047560?ref_src=twsrc%5Etfw\">August 7, 2025<\/a><\/blockquote><script async src=\"https:\/\/platform.twitter.com\/widgets.js\" charset=\"utf-8\"><\/script>\n<\/div><\/figure>","protected":false},"excerpt":{"rendered":"<p>Kanadska tinejd\u017eerka Viktorija Mboko nastavila je bajku na mastersu Montrealu, po\u0161to je rano jutros po na\u0161em vremenu izborila plasman u finalu pobijediv\u0161i \u0161ampionku Vimbldona iz 2022. godine Kazahstanku Elenu Ribakinu.<\/p>","protected":false},"author":1,"featured_media":944407,"comment_status":"open","ping_status":"open","sticky":false,"template":"","format":"standard","meta":{"_acf_changed":false,"footnotes":""},"categories":[148],"tags":[11877,17048,16626,17049,16627],"naslovna":[],"class_list":["post-944832","post","type-post","status-publish","format-standard","has-post-thumbnail","hentry","category-sport","tag-elena-ribakina","tag-klara-tuson","tag-masters-u-montrealu","tag-naomi-osaka","tag-viktorija-mboko"],"acf":[],"yoast_head":"<!-- This site is optimized with the Yoast SEO plugin v27.0 - https:\/\/yoast.com\/product\/yoast-seo-wordpress\/ -->\n<title>Mboko i Osaka u finalu Montreala - dmcsrb.com<\/title>\n<meta name=\"robots\" content=\"index, follow, max-snippet:-1, max-image-preview:large, max-video-preview:-1\" \/>\n<link rel=\"canonical\" href=\"https:\/\/dmcsrb.com\/en\/sport\/mboko-i-osaka-u-finalu-montreala\/\" \/>\n<meta property=\"og:locale\" content=\"en_GB\" \/>\n<meta property=\"og:type\" content=\"article\" \/>\n<meta property=\"og:title\" content=\"Mboko i Osaka u finalu Montreala - dmcsrb.com\" \/>\n<meta property=\"og:description\" content=\"Kanadska tinejd\u017eerka Viktorija Mboko nastavila je bajku na mastersu Montrealu, po\u0161to je rano jutros po na\u0161em vremenu izborila plasman u finalu pobijediv\u0161i \u0161ampionku Vimbldona iz 2022. godine Kazahstanku Elenu Ribakinu.\" \/>\n<meta property=\"og:url\" content=\"https:\/\/dmcsrb.com\/en\/sport\/mboko-i-osaka-u-finalu-montreala\/\" \/>\n<meta property=\"og:site_name\" content=\"dmcsrb.com\" \/>\n<meta property=\"article:published_time\" content=\"2025-08-07T07:35:00+00:00\" \/>\n<meta property=\"og:image\" content=\"https:\/\/dmcsrb.com\/wp-content\/uploads\/2026\/01\/Mboko-Chrstinne-Muschi-The-Canadian-Press-via-AP.webp\" \/>\n\t<meta property=\"og:image:width\" content=\"1440\" \/>\n\t<meta property=\"og:image:height\" content=\"1011\" \/>\n\t<meta property=\"og:image:type\" content=\"image\/webp\" \/>\n<meta name=\"author\" content=\"dmcsrbija.com@gmail.com\" \/>\n<meta name=\"twitter:card\" content=\"summary_large_image\" \/>\n<meta name=\"twitter:label1\" content=\"Written by\" \/>\n\t<meta name=\"twitter:data1\" content=\"dmcsrbija.com@gmail.com\" \/>\n\t<meta name=\"twitter:label2\" content=\"Estimated reading time\" \/>\n\t<meta name=\"twitter:data2\" content=\"1 minute\" \/>\n<script type=\"application\/ld+json\" class=\"yoast-schema-graph\">{\"@context\":\"https:\/\/schema.org\",\"@graph\":[{\"@type\":\"Article\",\"@id\":\"https:\/\/dmcsrb.com\/sport\/mboko-i-osaka-u-finalu-montreala\/#article\",\"isPartOf\":{\"@id\":\"https:\/\/dmcsrb.com\/sport\/mboko-i-osaka-u-finalu-montreala\/\"},\"author\":{\"name\":\"dmcsrbija.com@gmail.com\",\"@id\":\"https:\/\/dmcsrb.com\/#\/schema\/person\/5c39170f12db1b8b457732d0b5c854e2\"},\"headline\":\"Mboko i Osaka u finalu Montreala\",\"datePublished\":\"2025-08-07T07:35:00+00:00\",\"mainEntityOfPage\":{\"@id\":\"https:\/\/dmcsrb.com\/sport\/mboko-i-osaka-u-finalu-montreala\/\"},\"wordCount\":168,\"commentCount\":0,\"image\":{\"@id\":\"https:\/\/dmcsrb.com\/sport\/mboko-i-osaka-u-finalu-montreala\/#primaryimage\"},\"thumbnailUrl\":\"https:\/\/dmcsrb.com\/wp-content\/uploads\/2026\/01\/Mboko-Chrstinne-Muschi-The-Canadian-Press-via-AP.webp\",\"keywords\":[\"Elena Ribakina\",\"Klara Tuson\",\"masters u Montrealu\",\"Naomi Osaka\",\"Viktorija Mboko\"],\"articleSection\":[\"Sport\"],\"inLanguage\":\"en-GB\",\"potentialAction\":[{\"@type\":\"CommentAction\",\"name\":\"Comment\",\"target\":[\"https:\/\/dmcsrb.com\/sport\/mboko-i-osaka-u-finalu-montreala\/#respond\"]}]},{\"@type\":\"WebPage\",\"@id\":\"https:\/\/dmcsrb.com\/sport\/mboko-i-osaka-u-finalu-montreala\/\",\"url\":\"https:\/\/dmcsrb.com\/sport\/mboko-i-osaka-u-finalu-montreala\/\",\"name\":\"Mboko i Osaka u finalu Montreala - dmcsrb.com\",\"isPartOf\":{\"@id\":\"https:\/\/dmcsrb.com\/#website\"},\"primaryImageOfPage\":{\"@id\":\"https:\/\/dmcsrb.com\/sport\/mboko-i-osaka-u-finalu-montreala\/#primaryimage\"},\"image\":{\"@id\":\"https:\/\/dmcsrb.com\/sport\/mboko-i-osaka-u-finalu-montreala\/#primaryimage\"},\"thumbnailUrl\":\"https:\/\/dmcsrb.com\/wp-content\/uploads\/2026\/01\/Mboko-Chrstinne-Muschi-The-Canadian-Press-via-AP.webp\",\"datePublished\":\"2025-08-07T07:35:00+00:00\",\"author\":{\"@id\":\"https:\/\/dmcsrb.com\/#\/schema\/person\/5c39170f12db1b8b457732d0b5c854e2\"},\"breadcrumb\":{\"@id\":\"https:\/\/dmcsrb.com\/sport\/mboko-i-osaka-u-finalu-montreala\/#breadcrumb\"},\"inLanguage\":\"en-GB\",\"potentialAction\":[{\"@type\":\"ReadAction\",\"target\":[\"https:\/\/dmcsrb.com\/sport\/mboko-i-osaka-u-finalu-montreala\/\"]}]},{\"@type\":\"ImageObject\",\"inLanguage\":\"en-GB\",\"@id\":\"https:\/\/dmcsrb.com\/sport\/mboko-i-osaka-u-finalu-montreala\/#primaryimage\",\"url\":\"https:\/\/dmcsrb.com\/wp-content\/uploads\/2026\/01\/Mboko-Chrstinne-Muschi-The-Canadian-Press-via-AP.webp\",\"contentUrl\":\"https:\/\/dmcsrb.com\/wp-content\/uploads\/2026\/01\/Mboko-Chrstinne-Muschi-The-Canadian-Press-via-AP.webp\",\"width\":1440,\"height\":1011},{\"@type\":\"BreadcrumbList\",\"@id\":\"https:\/\/dmcsrb.com\/sport\/mboko-i-osaka-u-finalu-montreala\/#breadcrumb\",\"itemListElement\":[{\"@type\":\"ListItem\",\"position\":1,\"name\":\"Home\",\"item\":\"https:\/\/dmcsrb.com\/\"},{\"@type\":\"ListItem\",\"position\":2,\"name\":\"Mboko i Osaka u finalu Montreala\"}]},{\"@type\":\"WebSite\",\"@id\":\"https:\/\/dmcsrb.com\/#website\",\"url\":\"https:\/\/dmcsrb.com\/\",\"name\":\"dmcsrb.com\",\"description\":\"\",\"potentialAction\":[{\"@type\":\"SearchAction\",\"target\":{\"@type\":\"EntryPoint\",\"urlTemplate\":\"https:\/\/dmcsrb.com\/?s={search_term_string}\"},\"query-input\":{\"@type\":\"PropertyValueSpecification\",\"valueRequired\":true,\"valueName\":\"search_term_string\"}}],\"inLanguage\":\"en-GB\"},{\"@type\":\"Person\",\"@id\":\"https:\/\/dmcsrb.com\/#\/schema\/person\/5c39170f12db1b8b457732d0b5c854e2\",\"name\":\"dmcsrbija.com@gmail.com\",\"image\":{\"@type\":\"ImageObject\",\"inLanguage\":\"en-GB\",\"@id\":\"https:\/\/dmcsrb.com\/#\/schema\/person\/image\/\",\"url\":\"https:\/\/secure.gravatar.com\/avatar\/68592660ad6347fad0fb587f8d5d8f1a7b44961362f56e4f2cd524feb87e9069?s=96&d=mm&r=g\",\"contentUrl\":\"https:\/\/secure.gravatar.com\/avatar\/68592660ad6347fad0fb587f8d5d8f1a7b44961362f56e4f2cd524feb87e9069?s=96&d=mm&r=g\",\"caption\":\"dmcsrbija.com@gmail.com\"},\"sameAs\":[\"https:\/\/dmcsrb.com\"],\"url\":\"https:\/\/dmcsrb.com\/en\/author\/dmcsrbija-comgmail-com\/\"}]}<\/script>\n<!-- \/ Yoast SEO plugin. -->","yoast_head_json":{"title":"Mboko i Osaka u finalu Montreala - dmcsrb.com","robots":{"index":"index","follow":"follow","max-snippet":"max-snippet:-1","max-image-preview":"max-image-preview:large","max-video-preview":"max-video-preview:-1"},"canonical":"https:\/\/dmcsrb.com\/en\/sport\/mboko-i-osaka-u-finalu-montreala\/","og_locale":"en_GB","og_type":"article","og_title":"Mboko i Osaka u finalu Montreala - dmcsrb.com","og_description":"Kanadska tinejd\u017eerka Viktorija Mboko nastavila je bajku na mastersu Montrealu, po\u0161to je rano jutros po na\u0161em vremenu izborila plasman u finalu pobijediv\u0161i \u0161ampionku Vimbldona iz 2022. godine Kazahstanku Elenu Ribakinu.","og_url":"https:\/\/dmcsrb.com\/en\/sport\/mboko-i-osaka-u-finalu-montreala\/","og_site_name":"dmcsrb.com","article_published_time":"2025-08-07T07:35:00+00:00","og_image":[{"width":1440,"height":1011,"url":"https:\/\/dmcsrb.com\/wp-content\/uploads\/2026\/01\/Mboko-Chrstinne-Muschi-The-Canadian-Press-via-AP.webp","type":"image\/webp"}],"author":"dmcsrbija.com@gmail.com","twitter_card":"summary_large_image","twitter_misc":{"Written by":"dmcsrbija.com@gmail.com","Estimated reading time":"1 minute"},"schema":{"@context":"https:\/\/schema.org","@graph":[{"@type":"Article","@id":"https:\/\/dmcsrb.com\/sport\/mboko-i-osaka-u-finalu-montreala\/#article","isPartOf":{"@id":"https:\/\/dmcsrb.com\/sport\/mboko-i-osaka-u-finalu-montreala\/"},"author":{"name":"dmcsrbija.com@gmail.com","@id":"https:\/\/dmcsrb.com\/#\/schema\/person\/5c39170f12db1b8b457732d0b5c854e2"},"headline":"Mboko i Osaka u finalu Montreala","datePublished":"2025-08-07T07:35:00+00:00","mainEntityOfPage":{"@id":"https:\/\/dmcsrb.com\/sport\/mboko-i-osaka-u-finalu-montreala\/"},"wordCount":168,"commentCount":0,"image":{"@id":"https:\/\/dmcsrb.com\/sport\/mboko-i-osaka-u-finalu-montreala\/#primaryimage"},"thumbnailUrl":"https:\/\/dmcsrb.com\/wp-content\/uploads\/2026\/01\/Mboko-Chrstinne-Muschi-The-Canadian-Press-via-AP.webp","keywords":["Elena Ribakina","Klara Tuson","masters u Montrealu","Naomi Osaka","Viktorija Mboko"],"articleSection":["Sport"],"inLanguage":"en-GB","potentialAction":[{"@type":"CommentAction","name":"Comment","target":["https:\/\/dmcsrb.com\/sport\/mboko-i-osaka-u-finalu-montreala\/#respond"]}]},{"@type":"WebPage","@id":"https:\/\/dmcsrb.com\/sport\/mboko-i-osaka-u-finalu-montreala\/","url":"https:\/\/dmcsrb.com\/sport\/mboko-i-osaka-u-finalu-montreala\/","name":"Mboko i Osaka u finalu Montreala - dmcsrb.com","isPartOf":{"@id":"https:\/\/dmcsrb.com\/#website"},"primaryImageOfPage":{"@id":"https:\/\/dmcsrb.com\/sport\/mboko-i-osaka-u-finalu-montreala\/#primaryimage"},"image":{"@id":"https:\/\/dmcsrb.com\/sport\/mboko-i-osaka-u-finalu-montreala\/#primaryimage"},"thumbnailUrl":"https:\/\/dmcsrb.com\/wp-content\/uploads\/2026\/01\/Mboko-Chrstinne-Muschi-The-Canadian-Press-via-AP.webp","datePublished":"2025-08-07T07:35:00+00:00","author":{"@id":"https:\/\/dmcsrb.com\/#\/schema\/person\/5c39170f12db1b8b457732d0b5c854e2"},"breadcrumb":{"@id":"https:\/\/dmcsrb.com\/sport\/mboko-i-osaka-u-finalu-montreala\/#breadcrumb"},"inLanguage":"en-GB","potentialAction":[{"@type":"ReadAction","target":["https:\/\/dmcsrb.com\/sport\/mboko-i-osaka-u-finalu-montreala\/"]}]},{"@type":"ImageObject","inLanguage":"en-GB","@id":"https:\/\/dmcsrb.com\/sport\/mboko-i-osaka-u-finalu-montreala\/#primaryimage","url":"https:\/\/dmcsrb.com\/wp-content\/uploads\/2026\/01\/Mboko-Chrstinne-Muschi-The-Canadian-Press-via-AP.webp","contentUrl":"https:\/\/dmcsrb.com\/wp-content\/uploads\/2026\/01\/Mboko-Chrstinne-Muschi-The-Canadian-Press-via-AP.webp","width":1440,"height":1011},{"@type":"BreadcrumbList","@id":"https:\/\/dmcsrb.com\/sport\/mboko-i-osaka-u-finalu-montreala\/#breadcrumb","itemListElement":[{"@type":"ListItem","position":1,"name":"Home","item":"https:\/\/dmcsrb.com\/"},{"@type":"ListItem","position":2,"name":"Mboko i Osaka u finalu Montreala"}]},{"@type":"WebSite","@id":"https:\/\/dmcsrb.com\/#website","url":"https:\/\/dmcsrb.com\/","name":"dmcsrb.com","description":"","potentialAction":[{"@type":"SearchAction","target":{"@type":"EntryPoint","urlTemplate":"https:\/\/dmcsrb.com\/?s={search_term_string}"},"query-input":{"@type":"PropertyValueSpecification","valueRequired":true,"valueName":"search_term_string"}}],"inLanguage":"en-GB"},{"@type":"Person","@id":"https:\/\/dmcsrb.com\/#\/schema\/person\/5c39170f12db1b8b457732d0b5c854e2","name":"dmcsrbija.com@gmail.com","image":{"@type":"ImageObject","inLanguage":"en-GB","@id":"https:\/\/dmcsrb.com\/#\/schema\/person\/image\/","url":"https:\/\/secure.gravatar.com\/avatar\/68592660ad6347fad0fb587f8d5d8f1a7b44961362f56e4f2cd524feb87e9069?s=96&d=mm&r=g","contentUrl":"https:\/\/secure.gravatar.com\/avatar\/68592660ad6347fad0fb587f8d5d8f1a7b44961362f56e4f2cd524feb87e9069?s=96&d=mm&r=g","caption":"dmcsrbija.com@gmail.com"},"sameAs":["https:\/\/dmcsrb.com"],"url":"https:\/\/dmcsrb.com\/en\/author\/dmcsrbija-comgmail-com\/"}]}},"_links":{"self":[{"href":"https:\/\/dmcsrb.com\/en\/wp-json\/wp\/v2\/posts\/944832","targetHints":{"allow":["GET"]}}],"collection":[{"href":"https:\/\/dmcsrb.com\/en\/wp-json\/wp\/v2\/posts"}],"about":[{"href":"https:\/\/dmcsrb.com\/en\/wp-json\/wp\/v2\/types\/post"}],"author":[{"embeddable":true,"href":"https:\/\/dmcsrb.com\/en\/wp-json\/wp\/v2\/users\/1"}],"replies":[{"embeddable":true,"href":"https:\/\/dmcsrb.com\/en\/wp-json\/wp\/v2\/comments?post=944832"}],"version-history":[{"count":0,"href":"https:\/\/dmcsrb.com\/en\/wp-json\/wp\/v2\/posts\/944832\/revisions"}],"wp:featuredmedia":[{"embeddable":true,"href":"https:\/\/dmcsrb.com\/en\/wp-json\/wp\/v2\/media\/944407"}],"wp:attachment":[{"href":"https:\/\/dmcsrb.com\/en\/wp-json\/wp\/v2\/media?parent=944832"}],"wp:term":[{"taxonomy":"category","embeddable":true,"href":"https:\/\/dmcsrb.com\/en\/wp-json\/wp\/v2\/categories?post=944832"},{"taxonomy":"post_tag","embeddable":true,"href":"https:\/\/dmcsrb.com\/en\/wp-json\/wp\/v2\/tags?post=944832"},{"taxonomy":"naslovna","embeddable":true,"href":"https:\/\/dmcsrb.com\/en\/wp-json\/wp\/v2\/naslovna?post=944832"}],"curies":[{"name":"wp","href":"https:\/\/api.w.org\/{rel}","templated":true}]}}