{"id":944806,"date":"2025-08-07T09:28:00","date_gmt":"2025-08-07T07:28:00","guid":{"rendered":"https:\/\/dmcsrb.com\/uncategorized\/skoro-20-odsto-stanovnika-koji-zive-u-crnoj-gori-nije-popisano-drzavna-statistika-kaze-da-je-to-uobicajeno\/"},"modified":"2025-08-07T09:28:00","modified_gmt":"2025-08-07T07:28:00","slug":"skoro-20-odsto-stanovnika-koji-zive-u-crnoj-gori-nije-popisano-drzavna-statistika-kaze-da-je-to-uobicajeno","status":"publish","type":"post","link":"https:\/\/dmcsrb.com\/en\/drustvo\/skoro-20-odsto-stanovnika-koji-zive-u-crnoj-gori-nije-popisano-drzavna-statistika-kaze-da-je-to-uobicajeno\/","title":{"rendered":"Skoro 20 odsto stanovnika koji \u017eive u Crnoj Gori nije popisano, dr\u017eavna statistika ka\u017ee da je to uobi\u010dajeno"},"content":{"rendered":"<p>To je rezultat istra\u017eivanja Dru\u0161tva statisti\u010dara i demografa (DSD) Crne Gore, prema kojem nije popisano vi\u0161e od 62.000 crnogorskih dr\u017eavljana i skoro 52.000 stranaca.<\/p>\n\n\n\n<p>Brojke su dobili upore\u0111ivanjem rezultata popisa i evidencije Ministarstva unutra\u0161njih poslova (MUP).<\/p>\n\n\n\n<p>Rezultati popisa sprovedenog krajem 2023. su objavljeni u oktobru 2024, kada je saop\u0161teno da je u Crnoj Gori 623.633 stanovnika, od \u010dega 46.878 stranih dr\u017eavljana.U Upravi za statistiku (Monstat), koja je sprovela popis, analizu DSD smatraju &#8220;svjesnim manipulisanjem podacima i kontekstima&#8221;, sa ciljem &#8220;izazivanja nepovjerenja javnosti u zvani\u010dnu statistiku&#8221;.<\/p>\n\n\n\n<p>Oni su za Radio Slobodna Evropa (RSE) naveli da &#8220;popis nije isto \u0161to i administrativna evidencija&#8221;, te da su &#8220;razlike me\u0111u njima o\u010dekivane&#8221;.<\/p>\n\n\n\n<p>\u0160to ka\u017eu iz EurostataIz Eurostata (Kancelarije za statistiku Evropske unije) nisu direktno odgovorili na upit RSE da li je u zemljama \u010dlanicama uobi\u010dajeno da se rezultati popisa i registra policije toliko razlikuju i koji se limit nepodudarnosti mo\u017ee tolerisati.<\/p>\n\n\n\n<p>Ali potvr\u0111uju da se podaci u nekom registru mogu zna\u010dajno razlikovati od rezultata popisa, po\u0161to registri mogu imati gre\u0161ke zbog mijenjanja prebivali\u0161ta evidentiranih a koji su u registru i na dan popisa.<\/p>\n\n\n\n<p>Dodaju i da zemlje EU za popise stanovni\u0161tva koriste razli\u010dite izvore podataka &#8211; tradicionalne, kombinovane, zasnovane na registrima&#8230;<\/p>\n\n\n\n<p>&#8220;Nijedna zemlja EU se ne oslanja isklju\u010divo na jedan registar za popis. Umjesto toga, kombinuju vi\u0161e registara, nakon \u010dega slijedi proces &#8216;\u010di\u0161\u0107enja&#8217;, kako bi se dobili podaci koje dostavljaju Eurostatu&#8221;, pi\u0161e u odgovoru te institucije.<\/p>\n\n\n\n<p><strong>&#8220;Skoro petina nepopisanih &#8211; veliko odstupanje&#8221;<\/strong><\/p>\n\n\n\n<p>Iz struke upozoravaju da je rije\u010d o zna\u010dajnoj razlici u brojevima.<\/p>\n\n\n\n<p>To \u0161to nije popisana skoro petina stanovni\u0161tva mo\u017ee imati ozbiljne posljedice po javne politike i planiranje, ka\u017ee za RSE demograf Miroslav Doderovi\u0107:<\/p>\n\n\n\n<p>&#8220;Ne mogu se voditi javne politike bez dobrih statisti\u010dkih baza, jer \u0107emo stalno imati situaciju da ne operi\u0161emo realnim podacima, nego pretpostavkama&#8221;Ka\u017ee da se radi o velikom odstupanju:<\/p>\n\n\n\n<p>&#8220;Da je odstupanje jedan ili dva odsto, i to bi bilo zna\u010dajno. To \u0161to se pribli\u017eavamo otprilike 20 posto nepopisanih &#8211; u ekspertskom poimanju to je veliko odstupanje&#8221;.<\/p>\n\n\n\n<p>On poja\u0161njava da je stanovni\u0161tvo istovremeno &#8216;proizvo\u0111a\u010d i potro\u0161a\u010d&#8217;, te da nije isto ako se koristi podatak od 630.000 ili 750.000 stanovnika:<\/p>\n\n\n\n<p>&#8220;Potpuno su druk\u010diji i ekonomski i finansijski rezultati, \u0161to problematizuje sve rezultate koji se objavljuju. Treba poku\u0161ati &#8216;pribli\u017eiti&#8217; ta dva broja&#8221;.<\/p>\n\n\n\n<p><strong>Nepopisani svaki deseti dr\u017eavljanin i svaki drugi stranac<\/strong><\/p>\n\n\n\n<p>U analizi DSD-a se navodi da je nepopisan svaki deseti crnogorski dr\u017eavljanim sa prebivali\u0161tem i svaki drugi stranac sa odobrenim boravkom.<\/p>\n\n\n\n<p>Navode da je na datum popisa u evidenciji MUP-a 781.772 lica imalo prebivali\u0161te ili boravak u Crnoj Gori.Popisom je, dodaju, obuhva\u0107eno njih 673.203, od \u010dega su 5.553 bili dvostruko popisani, stranci koji ne ispunjavaju kriterijum boravka ili druga lica.<\/p>\n\n\n\n<p>&#8220;To zna\u010di da je vi\u0161e od 114.000 osoba ostalo izvan demografske slike dr\u017eave, od \u010dega su 62.566 dr\u017eavljani Crne Gore&#8221;, ka\u017ee za RSE Gordana Radojevi\u0107, predsjednica DSD i biv\u0161a direktorica Monstata.<\/p>\n\n\n\n<p>Me\u0111u njima su, ka\u017ee, i oni koji imaju prebivali\u0161te u Crnoj Gori, ali su fizi\u010dki odsutni iz zemlje i nemaju \u010dlana doma\u0107instva koji bi mogao dati podatke u njihovo ime.<\/p>\n\n\n\n<p>Tu spadaju, obja\u0161njava, i lica koja su u Crnoj Gori, ali koje popisiva\u010di nisu zatekli u stanu i oni koji nisu \u017eeljeli u\u010destvovati u popisu.Istra\u017eivanje je pokazalo i da je popisom obuhva\u0107eno samo polovina stranaca koji su registrovani u MUP-u.<\/p>\n\n\n\n<p>U toj evidenciji je bilo blizu 99.000 stranih dr\u017eavljana sa legalnim boravkom, od \u010dega je popisano manje od 49.000, navodi se u analizi DSD-a. Najdrasti\u010dniji podaci, kako se navodi, vezani su za dr\u017eavljane Rusije, Turske i Srbije.<\/p>\n\n\n\n<p><strong>Monstat: Neupitna validnost rezultata popisa<\/strong><\/p>\n\n\n\n<p>Popis je sproveden po me\u0111unarodnim metodolo\u0161kim standardima, a razlike izme\u0111u njegovih rezultata i administrativnih evidencija su uobi\u010dajene i prihva\u0107ene u statistici, kako u Crnoj Gori, tako i u dr\u017eavama EU.To je odgovor Uprave za statistiku (Monstat) na upit RSE &#8211; koliko podaci o nepopisanima uti\u010du na validnost rezultata popisa.<\/p>\n\n\n\n<p>O razlozima za preko 62.000 nepopisanih dr\u017eavljana sa prebivali\u0161tem u Crnoj Gori, iz Monstata ka\u017eu da prijavljeno prebivali\u0161te ne zna\u010di i stvarnu prisutnost stanovnika, niti nu\u017eno da imaju uobi\u010dajeno mjesto stanovanja u Crnoj Gori.<\/p>\n\n\n\n<p>Sli\u010dno je, ka\u017eu, i kada je rije\u010d o razlozima nepopisivanja preko 50.000 stranaca.<\/p>\n\n\n\n<p>Prema njihovim rije\u010dima, dozvola za boravak ne zna\u010di da je stranac fizi\u010dki prisutan i nastanjen u Crnoj Gori, niti da tu planira boraviti najmanje godinu dana.<\/p>\n\n\n\n<p>Iz Monstata navode i da je nesporno da u registrima ima vi\u0161e stanovnika zbog neodjavljivanja emigranata ili drugih razloga, ali da registar MUP-a ne mo\u017ee biti &#8220;jedan na jedan&#8221; izvor podataka za popis.<\/p>\n\n\n\n<p>&#8220;Registri su okvir za statistiku, a ne i demografsku realnost&#8221;, ka\u017eu u Monstatu.I u Dru\u0161tvu statisti\u010dara i demografa potvr\u0111uju da je uobi\u010dajeno da postoji postotak nepopisanog stanovni\u0161tva, ali da, ukoliko on prevazilazi statisti\u010dki va\u017ene procente, treba koristiti kombinovane metode da bi se do\u0161lo do a\u017eurne demografske slike.<\/p>\n\n\n\n<p>Radojevi\u0107 navodi primjer Zavoda za statistiku Srbije, koji je nakon zavr\u0161enog popisa 2022. godine ukrstio rezultate sa registrima MUP-a i ostalih institucija i utvrdio je da je u toj dr\u017eavi nepopisano oko 218.000 hiljada lica.<\/p>\n\n\n\n<p><strong>Uticaj statistike na javne politike<\/strong><\/p>\n\n\n\n<p>RSE je poslao upit Vladi kako popisna statistika uti\u010de na njene politike i strategije u oblasti ekonomije i demografije, posebno s obzirom na broj nepopisanih.<\/p>\n\n\n\n<p>Iz Vlade nisu odgovorili.<\/p>\n\n\n\n<p>Iz Ministarstva socijalnog staranja, brige o porodici i demografije su kazali da koriste podatke Monstata, ta da navedene razlike ne ometaju njihov rad.<\/p>\n\n\n\n<p>&#8220;Naprotiv, one potvr\u0111uju potrebu za dubljom analizom migracija i dinamike stanovni\u0161tva, i dodatno nas podsti\u010du na saradnju sa svim institucijama koje se bave prikupljanjem i obradom podataka&#8221;, ka\u017eu iz Ministarstva.Poslednji podaci MUP-a iz jula 2025.pokazuju da u Crnoj Gori sa odobrenim boravkom \u017eivi preko 97.000 stranaca.<\/p>\n\n\n\n<p>Najbrojniji me\u0111u njima su dr\u017eavljani Srbije &#8211; oko 24.000, Rusije &#8211; oko 21.000 i Turske &#8211; oko 13.000.<\/p>","protected":false},"excerpt":{"rendered":"<p>Vi\u0161e od 114.000 lica nije obuhva\u0107eno poslednjim popisom stanovni\u0161tva u Crnoj Gori, \u0161to je preko 18 odsto stanovnika.<\/p>","protected":false},"author":1,"featured_media":910895,"comment_status":"open","ping_status":"open","sticky":false,"template":"","format":"standard","meta":{"_acf_changed":false,"footnotes":""},"categories":[2],"tags":[95,6754],"naslovna":[],"class_list":["post-944806","post","type-post","status-publish","format-standard","has-post-thumbnail","hentry","category-drustvo","tag-crna-gora","tag-popis"],"acf":[],"yoast_head":"<!-- This site is optimized with the Yoast SEO plugin v27.4 - https:\/\/yoast.com\/product\/yoast-seo-wordpress\/ -->\n<title>Skoro 20 odsto stanovnika koji \u017eive u Crnoj Gori nije popisano, dr\u017eavna statistika ka\u017ee da je to uobi\u010dajeno - dmcsrb.com<\/title>\n<meta name=\"robots\" content=\"index, follow, max-snippet:-1, max-image-preview:large, max-video-preview:-1\" \/>\n<link rel=\"canonical\" href=\"https:\/\/dmcsrb.com\/en\/drustvo\/skoro-20-odsto-stanovnika-koji-zive-u-crnoj-gori-nije-popisano-drzavna-statistika-kaze-da-je-to-uobicajeno\/\" \/>\n<meta property=\"og:locale\" content=\"en_GB\" \/>\n<meta property=\"og:type\" content=\"article\" \/>\n<meta property=\"og:title\" content=\"Skoro 20 odsto stanovnika koji \u017eive u Crnoj Gori nije popisano, dr\u017eavna statistika ka\u017ee da je to uobi\u010dajeno - dmcsrb.com\" \/>\n<meta property=\"og:description\" content=\"Vi\u0161e od 114.000 lica nije obuhva\u0107eno poslednjim popisom stanovni\u0161tva u Crnoj Gori, \u0161to je preko 18 odsto stanovnika.\" \/>\n<meta property=\"og:url\" content=\"https:\/\/dmcsrb.com\/en\/drustvo\/skoro-20-odsto-stanovnika-koji-zive-u-crnoj-gori-nije-popisano-drzavna-statistika-kaze-da-je-to-uobicajeno\/\" \/>\n<meta property=\"og:site_name\" content=\"dmcsrb.com\" \/>\n<meta property=\"article:published_time\" content=\"2025-08-07T07:28:00+00:00\" \/>\n<meta property=\"og:image\" content=\"https:\/\/dmcsrb.com\/wp-content\/uploads\/2026\/01\/Crna-Gora-zastava-foto-pixabay.jpg\" \/>\n\t<meta property=\"og:image:width\" content=\"892\" \/>\n\t<meta property=\"og:image:height\" content=\"596\" \/>\n\t<meta property=\"og:image:type\" content=\"image\/jpeg\" \/>\n<meta name=\"author\" content=\"dmcsrbija.com@gmail.com\" \/>\n<meta name=\"twitter:card\" content=\"summary_large_image\" \/>\n<meta name=\"twitter:label1\" content=\"Written by\" \/>\n\t<meta name=\"twitter:data1\" content=\"dmcsrbija.com@gmail.com\" \/>\n\t<meta name=\"twitter:label2\" content=\"Estimated reading time\" \/>\n\t<meta name=\"twitter:data2\" content=\"5 minutes\" \/>\n<script type=\"application\/ld+json\" class=\"yoast-schema-graph\">{\"@context\":\"https:\\\/\\\/schema.org\",\"@graph\":[{\"@type\":\"Article\",\"@id\":\"https:\\\/\\\/dmcsrb.com\\\/drustvo\\\/skoro-20-odsto-stanovnika-koji-zive-u-crnoj-gori-nije-popisano-drzavna-statistika-kaze-da-je-to-uobicajeno\\\/#article\",\"isPartOf\":{\"@id\":\"https:\\\/\\\/dmcsrb.com\\\/drustvo\\\/skoro-20-odsto-stanovnika-koji-zive-u-crnoj-gori-nije-popisano-drzavna-statistika-kaze-da-je-to-uobicajeno\\\/\"},\"author\":{\"name\":\"dmcsrbija.com@gmail.com\",\"@id\":\"https:\\\/\\\/dmcsrb.com\\\/#\\\/schema\\\/person\\\/5c39170f12db1b8b457732d0b5c854e2\"},\"headline\":\"Skoro 20 odsto stanovnika koji \u017eive u Crnoj Gori nije popisano, dr\u017eavna statistika ka\u017ee da je to uobi\u010dajeno\",\"datePublished\":\"2025-08-07T07:28:00+00:00\",\"mainEntityOfPage\":{\"@id\":\"https:\\\/\\\/dmcsrb.com\\\/drustvo\\\/skoro-20-odsto-stanovnika-koji-zive-u-crnoj-gori-nije-popisano-drzavna-statistika-kaze-da-je-to-uobicajeno\\\/\"},\"wordCount\":1048,\"commentCount\":0,\"image\":{\"@id\":\"https:\\\/\\\/dmcsrb.com\\\/drustvo\\\/skoro-20-odsto-stanovnika-koji-zive-u-crnoj-gori-nije-popisano-drzavna-statistika-kaze-da-je-to-uobicajeno\\\/#primaryimage\"},\"thumbnailUrl\":\"https:\\\/\\\/dmcsrb.com\\\/wp-content\\\/uploads\\\/2026\\\/01\\\/Crna-Gora-zastava-foto-pixabay.jpg\",\"keywords\":[\"Crna Gora\",\"popis\"],\"articleSection\":[\"Dru\u0161tvo\"],\"inLanguage\":\"en-GB\",\"potentialAction\":[{\"@type\":\"CommentAction\",\"name\":\"Comment\",\"target\":[\"https:\\\/\\\/dmcsrb.com\\\/drustvo\\\/skoro-20-odsto-stanovnika-koji-zive-u-crnoj-gori-nije-popisano-drzavna-statistika-kaze-da-je-to-uobicajeno\\\/#respond\"]}]},{\"@type\":\"WebPage\",\"@id\":\"https:\\\/\\\/dmcsrb.com\\\/drustvo\\\/skoro-20-odsto-stanovnika-koji-zive-u-crnoj-gori-nije-popisano-drzavna-statistika-kaze-da-je-to-uobicajeno\\\/\",\"url\":\"https:\\\/\\\/dmcsrb.com\\\/drustvo\\\/skoro-20-odsto-stanovnika-koji-zive-u-crnoj-gori-nije-popisano-drzavna-statistika-kaze-da-je-to-uobicajeno\\\/\",\"name\":\"Skoro 20 odsto stanovnika koji \u017eive u Crnoj Gori nije popisano, dr\u017eavna statistika ka\u017ee da je to uobi\u010dajeno - dmcsrb.com\",\"isPartOf\":{\"@id\":\"https:\\\/\\\/dmcsrb.com\\\/#website\"},\"primaryImageOfPage\":{\"@id\":\"https:\\\/\\\/dmcsrb.com\\\/drustvo\\\/skoro-20-odsto-stanovnika-koji-zive-u-crnoj-gori-nije-popisano-drzavna-statistika-kaze-da-je-to-uobicajeno\\\/#primaryimage\"},\"image\":{\"@id\":\"https:\\\/\\\/dmcsrb.com\\\/drustvo\\\/skoro-20-odsto-stanovnika-koji-zive-u-crnoj-gori-nije-popisano-drzavna-statistika-kaze-da-je-to-uobicajeno\\\/#primaryimage\"},\"thumbnailUrl\":\"https:\\\/\\\/dmcsrb.com\\\/wp-content\\\/uploads\\\/2026\\\/01\\\/Crna-Gora-zastava-foto-pixabay.jpg\",\"datePublished\":\"2025-08-07T07:28:00+00:00\",\"author\":{\"@id\":\"https:\\\/\\\/dmcsrb.com\\\/#\\\/schema\\\/person\\\/5c39170f12db1b8b457732d0b5c854e2\"},\"breadcrumb\":{\"@id\":\"https:\\\/\\\/dmcsrb.com\\\/drustvo\\\/skoro-20-odsto-stanovnika-koji-zive-u-crnoj-gori-nije-popisano-drzavna-statistika-kaze-da-je-to-uobicajeno\\\/#breadcrumb\"},\"inLanguage\":\"en-GB\",\"potentialAction\":[{\"@type\":\"ReadAction\",\"target\":[\"https:\\\/\\\/dmcsrb.com\\\/drustvo\\\/skoro-20-odsto-stanovnika-koji-zive-u-crnoj-gori-nije-popisano-drzavna-statistika-kaze-da-je-to-uobicajeno\\\/\"]}]},{\"@type\":\"ImageObject\",\"inLanguage\":\"en-GB\",\"@id\":\"https:\\\/\\\/dmcsrb.com\\\/drustvo\\\/skoro-20-odsto-stanovnika-koji-zive-u-crnoj-gori-nije-popisano-drzavna-statistika-kaze-da-je-to-uobicajeno\\\/#primaryimage\",\"url\":\"https:\\\/\\\/dmcsrb.com\\\/wp-content\\\/uploads\\\/2026\\\/01\\\/Crna-Gora-zastava-foto-pixabay.jpg\",\"contentUrl\":\"https:\\\/\\\/dmcsrb.com\\\/wp-content\\\/uploads\\\/2026\\\/01\\\/Crna-Gora-zastava-foto-pixabay.jpg\",\"width\":892,\"height\":596},{\"@type\":\"BreadcrumbList\",\"@id\":\"https:\\\/\\\/dmcsrb.com\\\/drustvo\\\/skoro-20-odsto-stanovnika-koji-zive-u-crnoj-gori-nije-popisano-drzavna-statistika-kaze-da-je-to-uobicajeno\\\/#breadcrumb\",\"itemListElement\":[{\"@type\":\"ListItem\",\"position\":1,\"name\":\"Home\",\"item\":\"https:\\\/\\\/dmcsrb.com\\\/\"},{\"@type\":\"ListItem\",\"position\":2,\"name\":\"Skoro 20 odsto stanovnika koji \u017eive u Crnoj Gori nije popisano, dr\u017eavna statistika ka\u017ee da je to uobi\u010dajeno\"}]},{\"@type\":\"WebSite\",\"@id\":\"https:\\\/\\\/dmcsrb.com\\\/#website\",\"url\":\"https:\\\/\\\/dmcsrb.com\\\/\",\"name\":\"dmcsrb.com\",\"description\":\"\",\"potentialAction\":[{\"@type\":\"SearchAction\",\"target\":{\"@type\":\"EntryPoint\",\"urlTemplate\":\"https:\\\/\\\/dmcsrb.com\\\/?s={search_term_string}\"},\"query-input\":{\"@type\":\"PropertyValueSpecification\",\"valueRequired\":true,\"valueName\":\"search_term_string\"}}],\"inLanguage\":\"en-GB\"},{\"@type\":\"Person\",\"@id\":\"https:\\\/\\\/dmcsrb.com\\\/#\\\/schema\\\/person\\\/5c39170f12db1b8b457732d0b5c854e2\",\"name\":\"dmcsrbija.com@gmail.com\",\"image\":{\"@type\":\"ImageObject\",\"inLanguage\":\"en-GB\",\"@id\":\"https:\\\/\\\/secure.gravatar.com\\\/avatar\\\/68592660ad6347fad0fb587f8d5d8f1a7b44961362f56e4f2cd524feb87e9069?s=96&d=mm&r=g\",\"url\":\"https:\\\/\\\/secure.gravatar.com\\\/avatar\\\/68592660ad6347fad0fb587f8d5d8f1a7b44961362f56e4f2cd524feb87e9069?s=96&d=mm&r=g\",\"contentUrl\":\"https:\\\/\\\/secure.gravatar.com\\\/avatar\\\/68592660ad6347fad0fb587f8d5d8f1a7b44961362f56e4f2cd524feb87e9069?s=96&d=mm&r=g\",\"caption\":\"dmcsrbija.com@gmail.com\"},\"sameAs\":[\"https:\\\/\\\/dmcsrb.com\"],\"url\":\"https:\\\/\\\/dmcsrb.com\\\/en\\\/author\\\/dmcsrbija-comgmail-com\\\/\"}]}<\/script>\n<!-- \/ Yoast SEO plugin. -->","yoast_head_json":{"title":"Skoro 20 odsto stanovnika koji \u017eive u Crnoj Gori nije popisano, dr\u017eavna statistika ka\u017ee da je to uobi\u010dajeno - dmcsrb.com","robots":{"index":"index","follow":"follow","max-snippet":"max-snippet:-1","max-image-preview":"max-image-preview:large","max-video-preview":"max-video-preview:-1"},"canonical":"https:\/\/dmcsrb.com\/en\/drustvo\/skoro-20-odsto-stanovnika-koji-zive-u-crnoj-gori-nije-popisano-drzavna-statistika-kaze-da-je-to-uobicajeno\/","og_locale":"en_GB","og_type":"article","og_title":"Skoro 20 odsto stanovnika koji \u017eive u Crnoj Gori nije popisano, dr\u017eavna statistika ka\u017ee da je to uobi\u010dajeno - dmcsrb.com","og_description":"Vi\u0161e od 114.000 lica nije obuhva\u0107eno poslednjim popisom stanovni\u0161tva u Crnoj Gori, \u0161to je preko 18 odsto stanovnika.","og_url":"https:\/\/dmcsrb.com\/en\/drustvo\/skoro-20-odsto-stanovnika-koji-zive-u-crnoj-gori-nije-popisano-drzavna-statistika-kaze-da-je-to-uobicajeno\/","og_site_name":"dmcsrb.com","article_published_time":"2025-08-07T07:28:00+00:00","og_image":[{"width":892,"height":596,"url":"https:\/\/dmcsrb.com\/wp-content\/uploads\/2026\/01\/Crna-Gora-zastava-foto-pixabay.jpg","type":"image\/jpeg"}],"author":"dmcsrbija.com@gmail.com","twitter_card":"summary_large_image","twitter_misc":{"Written by":"dmcsrbija.com@gmail.com","Estimated reading time":"5 minutes"},"schema":{"@context":"https:\/\/schema.org","@graph":[{"@type":"Article","@id":"https:\/\/dmcsrb.com\/drustvo\/skoro-20-odsto-stanovnika-koji-zive-u-crnoj-gori-nije-popisano-drzavna-statistika-kaze-da-je-to-uobicajeno\/#article","isPartOf":{"@id":"https:\/\/dmcsrb.com\/drustvo\/skoro-20-odsto-stanovnika-koji-zive-u-crnoj-gori-nije-popisano-drzavna-statistika-kaze-da-je-to-uobicajeno\/"},"author":{"name":"dmcsrbija.com@gmail.com","@id":"https:\/\/dmcsrb.com\/#\/schema\/person\/5c39170f12db1b8b457732d0b5c854e2"},"headline":"Skoro 20 odsto stanovnika koji \u017eive u Crnoj Gori nije popisano, dr\u017eavna statistika ka\u017ee da je to uobi\u010dajeno","datePublished":"2025-08-07T07:28:00+00:00","mainEntityOfPage":{"@id":"https:\/\/dmcsrb.com\/drustvo\/skoro-20-odsto-stanovnika-koji-zive-u-crnoj-gori-nije-popisano-drzavna-statistika-kaze-da-je-to-uobicajeno\/"},"wordCount":1048,"commentCount":0,"image":{"@id":"https:\/\/dmcsrb.com\/drustvo\/skoro-20-odsto-stanovnika-koji-zive-u-crnoj-gori-nije-popisano-drzavna-statistika-kaze-da-je-to-uobicajeno\/#primaryimage"},"thumbnailUrl":"https:\/\/dmcsrb.com\/wp-content\/uploads\/2026\/01\/Crna-Gora-zastava-foto-pixabay.jpg","keywords":["Crna Gora","popis"],"articleSection":["Dru\u0161tvo"],"inLanguage":"en-GB","potentialAction":[{"@type":"CommentAction","name":"Comment","target":["https:\/\/dmcsrb.com\/drustvo\/skoro-20-odsto-stanovnika-koji-zive-u-crnoj-gori-nije-popisano-drzavna-statistika-kaze-da-je-to-uobicajeno\/#respond"]}]},{"@type":"WebPage","@id":"https:\/\/dmcsrb.com\/drustvo\/skoro-20-odsto-stanovnika-koji-zive-u-crnoj-gori-nije-popisano-drzavna-statistika-kaze-da-je-to-uobicajeno\/","url":"https:\/\/dmcsrb.com\/drustvo\/skoro-20-odsto-stanovnika-koji-zive-u-crnoj-gori-nije-popisano-drzavna-statistika-kaze-da-je-to-uobicajeno\/","name":"Skoro 20 odsto stanovnika koji \u017eive u Crnoj Gori nije popisano, dr\u017eavna statistika ka\u017ee da je to uobi\u010dajeno - dmcsrb.com","isPartOf":{"@id":"https:\/\/dmcsrb.com\/#website"},"primaryImageOfPage":{"@id":"https:\/\/dmcsrb.com\/drustvo\/skoro-20-odsto-stanovnika-koji-zive-u-crnoj-gori-nije-popisano-drzavna-statistika-kaze-da-je-to-uobicajeno\/#primaryimage"},"image":{"@id":"https:\/\/dmcsrb.com\/drustvo\/skoro-20-odsto-stanovnika-koji-zive-u-crnoj-gori-nije-popisano-drzavna-statistika-kaze-da-je-to-uobicajeno\/#primaryimage"},"thumbnailUrl":"https:\/\/dmcsrb.com\/wp-content\/uploads\/2026\/01\/Crna-Gora-zastava-foto-pixabay.jpg","datePublished":"2025-08-07T07:28:00+00:00","author":{"@id":"https:\/\/dmcsrb.com\/#\/schema\/person\/5c39170f12db1b8b457732d0b5c854e2"},"breadcrumb":{"@id":"https:\/\/dmcsrb.com\/drustvo\/skoro-20-odsto-stanovnika-koji-zive-u-crnoj-gori-nije-popisano-drzavna-statistika-kaze-da-je-to-uobicajeno\/#breadcrumb"},"inLanguage":"en-GB","potentialAction":[{"@type":"ReadAction","target":["https:\/\/dmcsrb.com\/drustvo\/skoro-20-odsto-stanovnika-koji-zive-u-crnoj-gori-nije-popisano-drzavna-statistika-kaze-da-je-to-uobicajeno\/"]}]},{"@type":"ImageObject","inLanguage":"en-GB","@id":"https:\/\/dmcsrb.com\/drustvo\/skoro-20-odsto-stanovnika-koji-zive-u-crnoj-gori-nije-popisano-drzavna-statistika-kaze-da-je-to-uobicajeno\/#primaryimage","url":"https:\/\/dmcsrb.com\/wp-content\/uploads\/2026\/01\/Crna-Gora-zastava-foto-pixabay.jpg","contentUrl":"https:\/\/dmcsrb.com\/wp-content\/uploads\/2026\/01\/Crna-Gora-zastava-foto-pixabay.jpg","width":892,"height":596},{"@type":"BreadcrumbList","@id":"https:\/\/dmcsrb.com\/drustvo\/skoro-20-odsto-stanovnika-koji-zive-u-crnoj-gori-nije-popisano-drzavna-statistika-kaze-da-je-to-uobicajeno\/#breadcrumb","itemListElement":[{"@type":"ListItem","position":1,"name":"Home","item":"https:\/\/dmcsrb.com\/"},{"@type":"ListItem","position":2,"name":"Skoro 20 odsto stanovnika koji \u017eive u Crnoj Gori nije popisano, dr\u017eavna statistika ka\u017ee da je to uobi\u010dajeno"}]},{"@type":"WebSite","@id":"https:\/\/dmcsrb.com\/#website","url":"https:\/\/dmcsrb.com\/","name":"dmcsrb.com","description":"","potentialAction":[{"@type":"SearchAction","target":{"@type":"EntryPoint","urlTemplate":"https:\/\/dmcsrb.com\/?s={search_term_string}"},"query-input":{"@type":"PropertyValueSpecification","valueRequired":true,"valueName":"search_term_string"}}],"inLanguage":"en-GB"},{"@type":"Person","@id":"https:\/\/dmcsrb.com\/#\/schema\/person\/5c39170f12db1b8b457732d0b5c854e2","name":"dmcsrbija.com@gmail.com","image":{"@type":"ImageObject","inLanguage":"en-GB","@id":"https:\/\/secure.gravatar.com\/avatar\/68592660ad6347fad0fb587f8d5d8f1a7b44961362f56e4f2cd524feb87e9069?s=96&d=mm&r=g","url":"https:\/\/secure.gravatar.com\/avatar\/68592660ad6347fad0fb587f8d5d8f1a7b44961362f56e4f2cd524feb87e9069?s=96&d=mm&r=g","contentUrl":"https:\/\/secure.gravatar.com\/avatar\/68592660ad6347fad0fb587f8d5d8f1a7b44961362f56e4f2cd524feb87e9069?s=96&d=mm&r=g","caption":"dmcsrbija.com@gmail.com"},"sameAs":["https:\/\/dmcsrb.com"],"url":"https:\/\/dmcsrb.com\/en\/author\/dmcsrbija-comgmail-com\/"}]}},"_links":{"self":[{"href":"https:\/\/dmcsrb.com\/en\/wp-json\/wp\/v2\/posts\/944806","targetHints":{"allow":["GET"]}}],"collection":[{"href":"https:\/\/dmcsrb.com\/en\/wp-json\/wp\/v2\/posts"}],"about":[{"href":"https:\/\/dmcsrb.com\/en\/wp-json\/wp\/v2\/types\/post"}],"author":[{"embeddable":true,"href":"https:\/\/dmcsrb.com\/en\/wp-json\/wp\/v2\/users\/1"}],"replies":[{"embeddable":true,"href":"https:\/\/dmcsrb.com\/en\/wp-json\/wp\/v2\/comments?post=944806"}],"version-history":[{"count":0,"href":"https:\/\/dmcsrb.com\/en\/wp-json\/wp\/v2\/posts\/944806\/revisions"}],"wp:featuredmedia":[{"embeddable":true,"href":"https:\/\/dmcsrb.com\/en\/wp-json\/wp\/v2\/media\/910895"}],"wp:attachment":[{"href":"https:\/\/dmcsrb.com\/en\/wp-json\/wp\/v2\/media?parent=944806"}],"wp:term":[{"taxonomy":"category","embeddable":true,"href":"https:\/\/dmcsrb.com\/en\/wp-json\/wp\/v2\/categories?post=944806"},{"taxonomy":"post_tag","embeddable":true,"href":"https:\/\/dmcsrb.com\/en\/wp-json\/wp\/v2\/tags?post=944806"},{"taxonomy":"naslovna","embeddable":true,"href":"https:\/\/dmcsrb.com\/en\/wp-json\/wp\/v2\/naslovna?post=944806"}],"curies":[{"name":"wp","href":"https:\/\/api.w.org\/{rel}","templated":true}]}}