{"id":944787,"date":"2025-08-07T07:02:00","date_gmt":"2025-08-07T05:02:00","guid":{"rendered":"https:\/\/dmcsrb.com\/uncategorized\/opstine-na-sjeveru-zatrpane-otpadom-a-regionalne-deponije-ni-na-vidiku\/"},"modified":"2025-08-07T07:02:00","modified_gmt":"2025-08-07T05:02:00","slug":"opstine-na-sjeveru-zatrpane-otpadom-a-regionalne-deponije-ni-na-vidiku","status":"publish","type":"post","link":"https:\/\/dmcsrb.com\/en\/drustvo\/opstine-na-sjeveru-zatrpane-otpadom-a-regionalne-deponije-ni-na-vidiku\/","title":{"rendered":"Op\u0161tine na sjeveru zatrpane otpadom, a regionalne deponije ni na vidiku"},"content":{"rendered":"<p>O alarmantom stanju u oblasti \u017eivotne sredine u Crnoj Gori, posebno na sjeveru dr\u017eave NVO,,Euromost&#8221; je obavijestila i Evropsku Komisiju, ujedno joj dostavila sve dokaze o trenutnom stanju, nakon \u010dega je dobila odgovor, da se o\u010dekuje od Crne Gore, kao zemlje koja je kandidat za \u010dlanstvo u EU, da postepeno uskladi svoje zakonodavstvo sa EU pravnim tekovinama u oblasti za\u0161tite \u017eivotne sredine,uklju\u010duju\u0107i procjene uticaja na \u017eivotnu sredinu, u\u010de\u0161\u0107e javnosti u dono\u0161enje odluka i za\u0161titi prirode i da Crna Gora ispuni sve svoje obaveze u skladu sa me\u0111unarodnim sporazumima i UNESCO principima, a da \u010ditav proces nadgleda Evropska Komisija i da na sastancima sa crnogorskim vlastima \u010desto isti\u010du potrebu da Crna Gora po\u0161tuje Ekolo\u0161ke standarde.<\/p>\n\n\n\n<p>U NVO,,Euromost&#8221; navode, da oni podr\u017eavaju formiranje specijalizovane jedinice, za borbu protiv eko kriminala, ali o\u010dekuju da ista krene sa vrha, od eko kriminala koji dolaze iz Ministarstva ekologije, odr\u017eivog razvoja i razvoja sjevera, Agencije za za\u0161titu \u017eivotne sredine, Ministarstva poljoprivrede, kao i drugih ministarstava i dr\u017eavnih institucija u kojima se decenijama i godinama sprovodi eko kriminal, kroz koruptivne radnje i zloupotrebe, a na \u0161tetu \u017eivotne sredine na sjeveru Crne Gore, a za\u0161ta su svi dobro upoznati.<\/p>\n\n\n\n<p>Iz NVO,,Euromost&#8221; nagla\u0161avaju da za sjever Crne Gore Ministarstvo ekologije, odr\u017eivog razvoja i razvoja sjevera ni\u0161ta ne zna\u010di.<\/p>\n\n\n\n<p>&#8211; Bez obzira \u0161to se naziva, kao da razvijaju sjever, a u stvari se ni\u0161ta, niti rje\u0161ava, niti preduzima od ovog ministarstva, kao da sjever Crne Gore ne postoji, zato o\u010dekujemo od politi\u010dkih partija koje su postavile svoje \u010dlanove da vode ovo ministarstvo, da ne\u0161to preduzmu, kao \u0161to to rade sa ministarstvom unutra\u0161njih poslova, ako neko nema reazultata u svom radu, ne vidimo razlog da i dalje vode ta ministarstva, jer sjever nema vi\u0161e vremena da \u010deka, ako se ovako nastavi, ugasit \u0107e se, pa \u0107emo morati samo ljeti praviti do\u010deke za na\u0161u dijasporu&#8221;, navodi se na kraju saop\u0161tenja NVO,,Euromost&#8221;.<\/p>","protected":false},"excerpt":{"rendered":"<p>Iz NVO,,Euromost&#8221; tvrde da sve op\u0161tine na sjeveru Crne Gore godinama i decenijama koriste privremena nelegalna odlagali\u0161ta, koja konstantno gore i \u00a0koja, isti\u010du, niko ne kontroli\u0161e, niti Agencija za za\u0161titu \u017eivotne sredine, niti Ekolo\u0161ka ili druga inspekcija, koja je sada pri Ministarstvu ekologije, odr\u017eivog razvoja i razvoja sjevera.<\/p>","protected":false},"author":1,"featured_media":944788,"comment_status":"open","ping_status":"open","sticky":false,"template":"","format":"standard","meta":{"_acf_changed":false,"footnotes":""},"categories":[2],"tags":[1103,17034,3652],"naslovna":[],"class_list":["post-944787","post","type-post","status-publish","format-standard","has-post-thumbnail","hentry","category-drustvo","tag-damjan-culafic","tag-nvo-euromost","tag-otpad"],"acf":[],"yoast_head":"<!-- This site is optimized with the Yoast SEO plugin v27.4 - https:\/\/yoast.com\/product\/yoast-seo-wordpress\/ -->\n<title>Op\u0161tine na sjeveru zatrpane otpadom, a regionalne deponije ni na vidiku - dmcsrb.com<\/title>\n<meta name=\"robots\" content=\"index, follow, max-snippet:-1, max-image-preview:large, max-video-preview:-1\" \/>\n<link rel=\"canonical\" href=\"https:\/\/dmcsrb.com\/en\/drustvo\/opstine-na-sjeveru-zatrpane-otpadom-a-regionalne-deponije-ni-na-vidiku\/\" \/>\n<meta property=\"og:locale\" content=\"en_GB\" \/>\n<meta property=\"og:type\" content=\"article\" \/>\n<meta property=\"og:title\" content=\"Op\u0161tine na sjeveru zatrpane otpadom, a regionalne deponije ni na vidiku - dmcsrb.com\" \/>\n<meta property=\"og:description\" content=\"Iz NVO,,Euromost&quot; tvrde da sve op\u0161tine na sjeveru Crne Gore godinama i decenijama koriste privremena nelegalna odlagali\u0161ta, koja konstantno gore i \u00a0koja, isti\u010du, niko ne kontroli\u0161e, niti Agencija za za\u0161titu \u017eivotne sredine, niti Ekolo\u0161ka ili druga inspekcija, koja je sada pri Ministarstvu ekologije, odr\u017eivog razvoja i razvoja sjevera.\" \/>\n<meta property=\"og:url\" content=\"https:\/\/dmcsrb.com\/en\/drustvo\/opstine-na-sjeveru-zatrpane-otpadom-a-regionalne-deponije-ni-na-vidiku\/\" \/>\n<meta property=\"og:site_name\" content=\"dmcsrb.com\" \/>\n<meta property=\"article:published_time\" content=\"2025-08-07T05:02:00+00:00\" \/>\n<meta property=\"og:image\" content=\"https:\/\/dmcsrb.com\/wp-content\/uploads\/2026\/01\/otpad.webp\" \/>\n\t<meta property=\"og:image:width\" content=\"1920\" \/>\n\t<meta property=\"og:image:height\" content=\"1440\" \/>\n\t<meta property=\"og:image:type\" content=\"image\/jpeg\" \/>\n<meta name=\"author\" content=\"dmcsrbija.com@gmail.com\" \/>\n<meta name=\"twitter:card\" content=\"summary_large_image\" \/>\n<meta name=\"twitter:label1\" content=\"Written by\" \/>\n\t<meta name=\"twitter:data1\" content=\"dmcsrbija.com@gmail.com\" \/>\n\t<meta name=\"twitter:label2\" content=\"Estimated reading time\" \/>\n\t<meta name=\"twitter:data2\" content=\"2 minutes\" \/>\n<script type=\"application\/ld+json\" class=\"yoast-schema-graph\">{\"@context\":\"https:\\\/\\\/schema.org\",\"@graph\":[{\"@type\":\"Article\",\"@id\":\"https:\\\/\\\/dmcsrb.com\\\/drustvo\\\/opstine-na-sjeveru-zatrpane-otpadom-a-regionalne-deponije-ni-na-vidiku\\\/#article\",\"isPartOf\":{\"@id\":\"https:\\\/\\\/dmcsrb.com\\\/drustvo\\\/opstine-na-sjeveru-zatrpane-otpadom-a-regionalne-deponije-ni-na-vidiku\\\/\"},\"author\":{\"name\":\"dmcsrbija.com@gmail.com\",\"@id\":\"https:\\\/\\\/dmcsrb.com\\\/#\\\/schema\\\/person\\\/5c39170f12db1b8b457732d0b5c854e2\"},\"headline\":\"Op\u0161tine na sjeveru zatrpane otpadom, a regionalne deponije ni na vidiku\",\"datePublished\":\"2025-08-07T05:02:00+00:00\",\"mainEntityOfPage\":{\"@id\":\"https:\\\/\\\/dmcsrb.com\\\/drustvo\\\/opstine-na-sjeveru-zatrpane-otpadom-a-regionalne-deponije-ni-na-vidiku\\\/\"},\"wordCount\":359,\"commentCount\":0,\"image\":{\"@id\":\"https:\\\/\\\/dmcsrb.com\\\/drustvo\\\/opstine-na-sjeveru-zatrpane-otpadom-a-regionalne-deponije-ni-na-vidiku\\\/#primaryimage\"},\"thumbnailUrl\":\"https:\\\/\\\/dmcsrb.com\\\/wp-content\\\/uploads\\\/2026\\\/01\\\/otpad.webp\",\"keywords\":[\"damjan \u0107ulafi\u0107\",\"Nvo Euromost\",\"otpad\"],\"articleSection\":[\"Dru\u0161tvo\"],\"inLanguage\":\"en-GB\",\"potentialAction\":[{\"@type\":\"CommentAction\",\"name\":\"Comment\",\"target\":[\"https:\\\/\\\/dmcsrb.com\\\/drustvo\\\/opstine-na-sjeveru-zatrpane-otpadom-a-regionalne-deponije-ni-na-vidiku\\\/#respond\"]}]},{\"@type\":\"WebPage\",\"@id\":\"https:\\\/\\\/dmcsrb.com\\\/drustvo\\\/opstine-na-sjeveru-zatrpane-otpadom-a-regionalne-deponije-ni-na-vidiku\\\/\",\"url\":\"https:\\\/\\\/dmcsrb.com\\\/drustvo\\\/opstine-na-sjeveru-zatrpane-otpadom-a-regionalne-deponije-ni-na-vidiku\\\/\",\"name\":\"Op\u0161tine na sjeveru zatrpane otpadom, a regionalne deponije ni na vidiku - dmcsrb.com\",\"isPartOf\":{\"@id\":\"https:\\\/\\\/dmcsrb.com\\\/#website\"},\"primaryImageOfPage\":{\"@id\":\"https:\\\/\\\/dmcsrb.com\\\/drustvo\\\/opstine-na-sjeveru-zatrpane-otpadom-a-regionalne-deponije-ni-na-vidiku\\\/#primaryimage\"},\"image\":{\"@id\":\"https:\\\/\\\/dmcsrb.com\\\/drustvo\\\/opstine-na-sjeveru-zatrpane-otpadom-a-regionalne-deponije-ni-na-vidiku\\\/#primaryimage\"},\"thumbnailUrl\":\"https:\\\/\\\/dmcsrb.com\\\/wp-content\\\/uploads\\\/2026\\\/01\\\/otpad.webp\",\"datePublished\":\"2025-08-07T05:02:00+00:00\",\"author\":{\"@id\":\"https:\\\/\\\/dmcsrb.com\\\/#\\\/schema\\\/person\\\/5c39170f12db1b8b457732d0b5c854e2\"},\"breadcrumb\":{\"@id\":\"https:\\\/\\\/dmcsrb.com\\\/drustvo\\\/opstine-na-sjeveru-zatrpane-otpadom-a-regionalne-deponije-ni-na-vidiku\\\/#breadcrumb\"},\"inLanguage\":\"en-GB\",\"potentialAction\":[{\"@type\":\"ReadAction\",\"target\":[\"https:\\\/\\\/dmcsrb.com\\\/drustvo\\\/opstine-na-sjeveru-zatrpane-otpadom-a-regionalne-deponije-ni-na-vidiku\\\/\"]}]},{\"@type\":\"ImageObject\",\"inLanguage\":\"en-GB\",\"@id\":\"https:\\\/\\\/dmcsrb.com\\\/drustvo\\\/opstine-na-sjeveru-zatrpane-otpadom-a-regionalne-deponije-ni-na-vidiku\\\/#primaryimage\",\"url\":\"https:\\\/\\\/dmcsrb.com\\\/wp-content\\\/uploads\\\/2026\\\/01\\\/otpad.webp\",\"contentUrl\":\"https:\\\/\\\/dmcsrb.com\\\/wp-content\\\/uploads\\\/2026\\\/01\\\/otpad.webp\",\"width\":1920,\"height\":1440},{\"@type\":\"BreadcrumbList\",\"@id\":\"https:\\\/\\\/dmcsrb.com\\\/drustvo\\\/opstine-na-sjeveru-zatrpane-otpadom-a-regionalne-deponije-ni-na-vidiku\\\/#breadcrumb\",\"itemListElement\":[{\"@type\":\"ListItem\",\"position\":1,\"name\":\"Home\",\"item\":\"https:\\\/\\\/dmcsrb.com\\\/\"},{\"@type\":\"ListItem\",\"position\":2,\"name\":\"Op\u0161tine na sjeveru zatrpane otpadom, a regionalne deponije ni na vidiku\"}]},{\"@type\":\"WebSite\",\"@id\":\"https:\\\/\\\/dmcsrb.com\\\/#website\",\"url\":\"https:\\\/\\\/dmcsrb.com\\\/\",\"name\":\"dmcsrb.com\",\"description\":\"\",\"potentialAction\":[{\"@type\":\"SearchAction\",\"target\":{\"@type\":\"EntryPoint\",\"urlTemplate\":\"https:\\\/\\\/dmcsrb.com\\\/?s={search_term_string}\"},\"query-input\":{\"@type\":\"PropertyValueSpecification\",\"valueRequired\":true,\"valueName\":\"search_term_string\"}}],\"inLanguage\":\"en-GB\"},{\"@type\":\"Person\",\"@id\":\"https:\\\/\\\/dmcsrb.com\\\/#\\\/schema\\\/person\\\/5c39170f12db1b8b457732d0b5c854e2\",\"name\":\"dmcsrbija.com@gmail.com\",\"image\":{\"@type\":\"ImageObject\",\"inLanguage\":\"en-GB\",\"@id\":\"https:\\\/\\\/secure.gravatar.com\\\/avatar\\\/68592660ad6347fad0fb587f8d5d8f1a7b44961362f56e4f2cd524feb87e9069?s=96&d=mm&r=g\",\"url\":\"https:\\\/\\\/secure.gravatar.com\\\/avatar\\\/68592660ad6347fad0fb587f8d5d8f1a7b44961362f56e4f2cd524feb87e9069?s=96&d=mm&r=g\",\"contentUrl\":\"https:\\\/\\\/secure.gravatar.com\\\/avatar\\\/68592660ad6347fad0fb587f8d5d8f1a7b44961362f56e4f2cd524feb87e9069?s=96&d=mm&r=g\",\"caption\":\"dmcsrbija.com@gmail.com\"},\"sameAs\":[\"https:\\\/\\\/dmcsrb.com\"],\"url\":\"https:\\\/\\\/dmcsrb.com\\\/en\\\/author\\\/dmcsrbija-comgmail-com\\\/\"}]}<\/script>\n<!-- \/ Yoast SEO plugin. -->","yoast_head_json":{"title":"Op\u0161tine na sjeveru zatrpane otpadom, a regionalne deponije ni na vidiku - dmcsrb.com","robots":{"index":"index","follow":"follow","max-snippet":"max-snippet:-1","max-image-preview":"max-image-preview:large","max-video-preview":"max-video-preview:-1"},"canonical":"https:\/\/dmcsrb.com\/en\/drustvo\/opstine-na-sjeveru-zatrpane-otpadom-a-regionalne-deponije-ni-na-vidiku\/","og_locale":"en_GB","og_type":"article","og_title":"Op\u0161tine na sjeveru zatrpane otpadom, a regionalne deponije ni na vidiku - dmcsrb.com","og_description":"Iz NVO,,Euromost\" tvrde da sve op\u0161tine na sjeveru Crne Gore godinama i decenijama koriste privremena nelegalna odlagali\u0161ta, koja konstantno gore i \u00a0koja, isti\u010du, niko ne kontroli\u0161e, niti Agencija za za\u0161titu \u017eivotne sredine, niti Ekolo\u0161ka ili druga inspekcija, koja je sada pri Ministarstvu ekologije, odr\u017eivog razvoja i razvoja sjevera.","og_url":"https:\/\/dmcsrb.com\/en\/drustvo\/opstine-na-sjeveru-zatrpane-otpadom-a-regionalne-deponije-ni-na-vidiku\/","og_site_name":"dmcsrb.com","article_published_time":"2025-08-07T05:02:00+00:00","og_image":[{"width":1920,"height":1440,"url":"https:\/\/dmcsrb.com\/wp-content\/uploads\/2026\/01\/otpad.webp","type":"image\/jpeg"}],"author":"dmcsrbija.com@gmail.com","twitter_card":"summary_large_image","twitter_misc":{"Written by":"dmcsrbija.com@gmail.com","Estimated reading time":"2 minutes"},"schema":{"@context":"https:\/\/schema.org","@graph":[{"@type":"Article","@id":"https:\/\/dmcsrb.com\/drustvo\/opstine-na-sjeveru-zatrpane-otpadom-a-regionalne-deponije-ni-na-vidiku\/#article","isPartOf":{"@id":"https:\/\/dmcsrb.com\/drustvo\/opstine-na-sjeveru-zatrpane-otpadom-a-regionalne-deponije-ni-na-vidiku\/"},"author":{"name":"dmcsrbija.com@gmail.com","@id":"https:\/\/dmcsrb.com\/#\/schema\/person\/5c39170f12db1b8b457732d0b5c854e2"},"headline":"Op\u0161tine na sjeveru zatrpane otpadom, a regionalne deponije ni na vidiku","datePublished":"2025-08-07T05:02:00+00:00","mainEntityOfPage":{"@id":"https:\/\/dmcsrb.com\/drustvo\/opstine-na-sjeveru-zatrpane-otpadom-a-regionalne-deponije-ni-na-vidiku\/"},"wordCount":359,"commentCount":0,"image":{"@id":"https:\/\/dmcsrb.com\/drustvo\/opstine-na-sjeveru-zatrpane-otpadom-a-regionalne-deponije-ni-na-vidiku\/#primaryimage"},"thumbnailUrl":"https:\/\/dmcsrb.com\/wp-content\/uploads\/2026\/01\/otpad.webp","keywords":["damjan \u0107ulafi\u0107","Nvo Euromost","otpad"],"articleSection":["Dru\u0161tvo"],"inLanguage":"en-GB","potentialAction":[{"@type":"CommentAction","name":"Comment","target":["https:\/\/dmcsrb.com\/drustvo\/opstine-na-sjeveru-zatrpane-otpadom-a-regionalne-deponije-ni-na-vidiku\/#respond"]}]},{"@type":"WebPage","@id":"https:\/\/dmcsrb.com\/drustvo\/opstine-na-sjeveru-zatrpane-otpadom-a-regionalne-deponije-ni-na-vidiku\/","url":"https:\/\/dmcsrb.com\/drustvo\/opstine-na-sjeveru-zatrpane-otpadom-a-regionalne-deponije-ni-na-vidiku\/","name":"Op\u0161tine na sjeveru zatrpane otpadom, a regionalne deponije ni na vidiku - dmcsrb.com","isPartOf":{"@id":"https:\/\/dmcsrb.com\/#website"},"primaryImageOfPage":{"@id":"https:\/\/dmcsrb.com\/drustvo\/opstine-na-sjeveru-zatrpane-otpadom-a-regionalne-deponije-ni-na-vidiku\/#primaryimage"},"image":{"@id":"https:\/\/dmcsrb.com\/drustvo\/opstine-na-sjeveru-zatrpane-otpadom-a-regionalne-deponije-ni-na-vidiku\/#primaryimage"},"thumbnailUrl":"https:\/\/dmcsrb.com\/wp-content\/uploads\/2026\/01\/otpad.webp","datePublished":"2025-08-07T05:02:00+00:00","author":{"@id":"https:\/\/dmcsrb.com\/#\/schema\/person\/5c39170f12db1b8b457732d0b5c854e2"},"breadcrumb":{"@id":"https:\/\/dmcsrb.com\/drustvo\/opstine-na-sjeveru-zatrpane-otpadom-a-regionalne-deponije-ni-na-vidiku\/#breadcrumb"},"inLanguage":"en-GB","potentialAction":[{"@type":"ReadAction","target":["https:\/\/dmcsrb.com\/drustvo\/opstine-na-sjeveru-zatrpane-otpadom-a-regionalne-deponije-ni-na-vidiku\/"]}]},{"@type":"ImageObject","inLanguage":"en-GB","@id":"https:\/\/dmcsrb.com\/drustvo\/opstine-na-sjeveru-zatrpane-otpadom-a-regionalne-deponije-ni-na-vidiku\/#primaryimage","url":"https:\/\/dmcsrb.com\/wp-content\/uploads\/2026\/01\/otpad.webp","contentUrl":"https:\/\/dmcsrb.com\/wp-content\/uploads\/2026\/01\/otpad.webp","width":1920,"height":1440},{"@type":"BreadcrumbList","@id":"https:\/\/dmcsrb.com\/drustvo\/opstine-na-sjeveru-zatrpane-otpadom-a-regionalne-deponije-ni-na-vidiku\/#breadcrumb","itemListElement":[{"@type":"ListItem","position":1,"name":"Home","item":"https:\/\/dmcsrb.com\/"},{"@type":"ListItem","position":2,"name":"Op\u0161tine na sjeveru zatrpane otpadom, a regionalne deponije ni na vidiku"}]},{"@type":"WebSite","@id":"https:\/\/dmcsrb.com\/#website","url":"https:\/\/dmcsrb.com\/","name":"dmcsrb.com","description":"","potentialAction":[{"@type":"SearchAction","target":{"@type":"EntryPoint","urlTemplate":"https:\/\/dmcsrb.com\/?s={search_term_string}"},"query-input":{"@type":"PropertyValueSpecification","valueRequired":true,"valueName":"search_term_string"}}],"inLanguage":"en-GB"},{"@type":"Person","@id":"https:\/\/dmcsrb.com\/#\/schema\/person\/5c39170f12db1b8b457732d0b5c854e2","name":"dmcsrbija.com@gmail.com","image":{"@type":"ImageObject","inLanguage":"en-GB","@id":"https:\/\/secure.gravatar.com\/avatar\/68592660ad6347fad0fb587f8d5d8f1a7b44961362f56e4f2cd524feb87e9069?s=96&d=mm&r=g","url":"https:\/\/secure.gravatar.com\/avatar\/68592660ad6347fad0fb587f8d5d8f1a7b44961362f56e4f2cd524feb87e9069?s=96&d=mm&r=g","contentUrl":"https:\/\/secure.gravatar.com\/avatar\/68592660ad6347fad0fb587f8d5d8f1a7b44961362f56e4f2cd524feb87e9069?s=96&d=mm&r=g","caption":"dmcsrbija.com@gmail.com"},"sameAs":["https:\/\/dmcsrb.com"],"url":"https:\/\/dmcsrb.com\/en\/author\/dmcsrbija-comgmail-com\/"}]}},"_links":{"self":[{"href":"https:\/\/dmcsrb.com\/en\/wp-json\/wp\/v2\/posts\/944787","targetHints":{"allow":["GET"]}}],"collection":[{"href":"https:\/\/dmcsrb.com\/en\/wp-json\/wp\/v2\/posts"}],"about":[{"href":"https:\/\/dmcsrb.com\/en\/wp-json\/wp\/v2\/types\/post"}],"author":[{"embeddable":true,"href":"https:\/\/dmcsrb.com\/en\/wp-json\/wp\/v2\/users\/1"}],"replies":[{"embeddable":true,"href":"https:\/\/dmcsrb.com\/en\/wp-json\/wp\/v2\/comments?post=944787"}],"version-history":[{"count":0,"href":"https:\/\/dmcsrb.com\/en\/wp-json\/wp\/v2\/posts\/944787\/revisions"}],"wp:featuredmedia":[{"embeddable":true,"href":"https:\/\/dmcsrb.com\/en\/wp-json\/wp\/v2\/media\/944788"}],"wp:attachment":[{"href":"https:\/\/dmcsrb.com\/en\/wp-json\/wp\/v2\/media?parent=944787"}],"wp:term":[{"taxonomy":"category","embeddable":true,"href":"https:\/\/dmcsrb.com\/en\/wp-json\/wp\/v2\/categories?post=944787"},{"taxonomy":"post_tag","embeddable":true,"href":"https:\/\/dmcsrb.com\/en\/wp-json\/wp\/v2\/tags?post=944787"},{"taxonomy":"naslovna","embeddable":true,"href":"https:\/\/dmcsrb.com\/en\/wp-json\/wp\/v2\/naslovna?post=944787"}],"curies":[{"name":"wp","href":"https:\/\/api.w.org\/{rel}","templated":true}]}}