{"id":944766,"date":"2025-08-06T19:38:00","date_gmt":"2025-08-06T17:38:00","guid":{"rendered":"https:\/\/dmcsrb.com\/uncategorized\/istorijski-uspjeh-crnogorske-odbojkasice-na-evropskom-prvenstvu\/"},"modified":"2025-08-06T19:38:00","modified_gmt":"2025-08-06T17:38:00","slug":"istorijski-uspjeh-crnogorske-odbojkasice-na-evropskom-prvenstvu","status":"publish","type":"post","link":"https:\/\/dmcsrb.com\/en\/sport\/istorijski-uspjeh-crnogorske-odbojkasice-na-evropskom-prvenstvu\/","title":{"rendered":"Istorijski uspjeh &#8211; crnogorske odbojka\u0161ice na Evropskom prvenstvu"},"content":{"rendered":"<p>Tim trijumfom osigurale su mjesto me\u0111u pet najboljih drugoplasiranih selekcija iz sedam kvalifikacionih grupa. U nedjelju u Kola\u0161inu, protiv Letonije, odlu\u010duju o prvom mjestu u grupi.<\/p>\n\n\n\n<p>Povratkom za ponos, odbojka\u0161ice su stigle do vo\u0111stva koje je odredilo tok me\u010da. Odli\u010dnim otvaranjem najavile su da su stigle u Gora\u017ede sa velikim motivom \u2013 povele su 4:1, ali je doma\u0107in uzvratio i preokrenuo rezultat, pa vodio do 21:16. Tada je uslijedila fenomenalna serija od pet poena na servis Tijane Tvrdi\u0161i\u0107, i povratak na 21:20. Od tog trenutka psiholo\u0161ka prednost bila je na strani ekipe selektora Jova Cakovi\u0107a. Prvo vo\u0111stvo nakon desetog poena Nikoleta Perovi\u0107 donijela je svom timu za 23:22, a \u201ecrvene\u201c su ubrzo stigle do tri set lopte i povele sa 1:0 \u2013 26:24.<\/p>\n\n\n\n<p>Od tog momenta, me\u010d je bio pod kontrolom Crne Gore. Perovi\u0107 je bila nezaustavljiva \u2013 na njenim krilima tim je stekao +3 (10:7), pa potom i velikih 16:9. Uspje\u0161no su odbile poku\u0161aj povratka doma\u0107ina i sigurnom igrom stigle do 25:16 i 2:0 u setovima.<\/p>\n\n\n\n<p>U tre\u0107em setu doma\u0107e su igrale za \u201egoli \u017eivot\u201c, ali su na\u0161e odbojka\u0161ice i tada pokazale smirenost i kvalitet. Najve\u0107a prednost Crne Gore u ovom dijelu bila je +3 (12:9), a pobjeda je ponovo do\u0161la nakon preokreta. Zavr\u0161nicu je donijela jo\u0161 jedna mo\u0107na reakcija Nikolete Perovi\u0107, \u010diji je napad ozna\u010dio veliko slavlje.<\/p>\n\n\n\n<p>Kapitenka&nbsp;Nikoleta Perovi\u0107&nbsp;predvodila je tim sa fenomenalna 24 poena.&nbsp;Pratnja su joj bile srednje blokerke \u2013&nbsp;Sa\u0161ka \u0110urovi\u0107&nbsp;sa osam poena i&nbsp;Mina Dragovi\u0107&nbsp;sa \u010detiri, dok je pet poena dodala&nbsp;Simona Petranovi\u0107. Kod doma\u0107ih, najefikasnija je bila&nbsp;Jovana Biberd\u017ei\u0107&nbsp;sa 13 poena.<\/p>\n\n\n\n<p>Duel sa Letonijom u nedjelju u Kola\u0161inu (19:30h, uz prenos na RTCG) bi\u0107e borba za prvo mjesto u grupi i plasman na Evropsko prvenstvo 2026. kao jedan od sedam osvaja\u010da grupa. Crna Gora je ve\u0107 me\u0111u pet najboljih drugoplasiranih i sigurna u\u010desnica \u0161ampionata koji \u0107e se odr\u017eati u Turskoj, \u010ce\u0161koj, \u0160vedskoj i Azerbejd\u017eanu. Ulaz u SC \u201eKola\u0161in\u201c je slobodan.<\/p>\n\n\n\n<h3 class=\"wp-block-heading has-text-align-center\">BOSNA I HERCEGOVINA \u2013 CRNA GORA 0:3<\/h3>\n\n\n\n<h3 class=\"wp-block-heading has-text-align-center\"><strong>(24:26, 16:25, 24:26)<\/strong><\/h3>\n\n\n\n<p>Gora\u017ede&nbsp;\u2013 SC \u201cMirsad Huri\u0107\u201d. Gledalaca: 1550. Sudije: Nurper Orzbar (Turska) i Alen Mateizer (Rumunija).<\/p>\n\n\n\n<p>Bosna i Hercegovina: Parad\u017eik 6, Zeki\u0107, Isanovi\u0107 12, Markovi\u0107, Bra\u0161ni\u0107 (libero), Glibi\u0107, Stevanovi\u0107 1, Lasi\u0107 8, Musi\u0107 (libero), Biberd\u017ei\u0107 13, \u0110uki\u0107, Vukoje, Starhoni\u0107, Ambulija 6. Selektor: Danilo Pejovi\u0107.<\/p>\n\n\n\n<p>Crna Gora: \u0110urovi\u0107 8, Tvrdi\u0161i\u0107, Perovi\u0107 24, Cenovi\u0107 (libero), \u0160u\u0161i\u0107 1, \u010cavi\u0107 2, Mad\u017egalj, Petranovi\u0107 5, Vuk\u010devi\u0107, Rako\u0107evi\u0107, Popovi\u0107, Budrak, Kruni\u0107 (libero), Dragovi\u0107 4. Selektor: Jovo Cakovi\u0107.<\/p>","protected":false},"excerpt":{"rendered":"<p>\u017denska odbojka\u0161ka reprezentacija Crne Gore plasirala se na Evropsko prvenstvo 2026! Do najve\u0107eg uspjeha u istoriji na\u0161e \u017eenske odbojke \u201ecrvene\u201c su do\u0161le kolo prije kraja kvalifikacija za CEV Eurovolej 2026, pobjedom nad Bosnom i Hercegovinom u Gora\u017edu \u2013 3:0 (26:24, 25:16, 26:24).<\/p>","protected":false},"author":1,"featured_media":944767,"comment_status":"open","ping_status":"open","sticky":false,"template":"","format":"standard","meta":{"_acf_changed":false,"footnotes":""},"categories":[148],"tags":[17026,16985,2152],"naslovna":[],"class_list":["post-944766","post","type-post","status-publish","format-standard","has-post-thumbnail","hentry","category-sport","tag-pripreme-za-kvalifikacije-za-evropsko-prvenstvo-za-odbojkasice-2026-godine","tag-zenska-odbojkaska-reprezentacija-bosne-i-hercegovine","tag-zenska-odbojkaska-reprezentacija-crne-gore"],"acf":[],"yoast_head":"<!-- This site is optimized with the Yoast SEO plugin v27.4 - https:\/\/yoast.com\/product\/yoast-seo-wordpress\/ -->\n<title>Istorijski uspjeh - crnogorske odbojka\u0161ice na Evropskom prvenstvu - dmcsrb.com<\/title>\n<meta name=\"robots\" content=\"index, follow, max-snippet:-1, max-image-preview:large, max-video-preview:-1\" \/>\n<link rel=\"canonical\" href=\"https:\/\/dmcsrb.com\/en\/sport\/istorijski-uspjeh-crnogorske-odbojkasice-na-evropskom-prvenstvu\/\" \/>\n<meta property=\"og:locale\" content=\"en_GB\" \/>\n<meta property=\"og:type\" content=\"article\" \/>\n<meta property=\"og:title\" content=\"Istorijski uspjeh - crnogorske odbojka\u0161ice na Evropskom prvenstvu - dmcsrb.com\" \/>\n<meta property=\"og:description\" content=\"\u017denska odbojka\u0161ka reprezentacija Crne Gore plasirala se na Evropsko prvenstvo 2026! Do najve\u0107eg uspjeha u istoriji na\u0161e \u017eenske odbojke \u201ecrvene\u201c su do\u0161le kolo prije kraja kvalifikacija za CEV Eurovolej 2026, pobjedom nad Bosnom i Hercegovinom u Gora\u017edu \u2013 3:0 (26:24, 25:16, 26:24).\" \/>\n<meta property=\"og:url\" content=\"https:\/\/dmcsrb.com\/en\/sport\/istorijski-uspjeh-crnogorske-odbojkasice-na-evropskom-prvenstvu\/\" \/>\n<meta property=\"og:site_name\" content=\"dmcsrb.com\" \/>\n<meta property=\"article:published_time\" content=\"2025-08-06T17:38:00+00:00\" \/>\n<meta property=\"og:image\" content=\"https:\/\/dmcsrb.com\/wp-content\/uploads\/2026\/01\/Odbojkasice-OSCG-1-1-1.webp\" \/>\n\t<meta property=\"og:image:width\" content=\"2000\" \/>\n\t<meta property=\"og:image:height\" content=\"1125\" \/>\n\t<meta property=\"og:image:type\" content=\"image\/jpeg\" \/>\n<meta name=\"author\" content=\"dmcsrbija.com@gmail.com\" \/>\n<meta name=\"twitter:card\" content=\"summary_large_image\" \/>\n<meta name=\"twitter:label1\" content=\"Written by\" \/>\n\t<meta name=\"twitter:data1\" content=\"dmcsrbija.com@gmail.com\" \/>\n\t<meta name=\"twitter:label2\" content=\"Estimated reading time\" \/>\n\t<meta name=\"twitter:data2\" content=\"2 minutes\" \/>\n<script type=\"application\/ld+json\" class=\"yoast-schema-graph\">{\"@context\":\"https:\\\/\\\/schema.org\",\"@graph\":[{\"@type\":\"Article\",\"@id\":\"https:\\\/\\\/dmcsrb.com\\\/sport\\\/istorijski-uspjeh-crnogorske-odbojkasice-na-evropskom-prvenstvu\\\/#article\",\"isPartOf\":{\"@id\":\"https:\\\/\\\/dmcsrb.com\\\/sport\\\/istorijski-uspjeh-crnogorske-odbojkasice-na-evropskom-prvenstvu\\\/\"},\"author\":{\"name\":\"dmcsrbija.com@gmail.com\",\"@id\":\"https:\\\/\\\/dmcsrb.com\\\/#\\\/schema\\\/person\\\/5c39170f12db1b8b457732d0b5c854e2\"},\"headline\":\"Istorijski uspjeh &#8211; crnogorske odbojka\u0161ice na Evropskom prvenstvu\",\"datePublished\":\"2025-08-06T17:38:00+00:00\",\"mainEntityOfPage\":{\"@id\":\"https:\\\/\\\/dmcsrb.com\\\/sport\\\/istorijski-uspjeh-crnogorske-odbojkasice-na-evropskom-prvenstvu\\\/\"},\"wordCount\":429,\"commentCount\":0,\"image\":{\"@id\":\"https:\\\/\\\/dmcsrb.com\\\/sport\\\/istorijski-uspjeh-crnogorske-odbojkasice-na-evropskom-prvenstvu\\\/#primaryimage\"},\"thumbnailUrl\":\"https:\\\/\\\/dmcsrb.com\\\/wp-content\\\/uploads\\\/2026\\\/01\\\/Odbojkasice-OSCG-1-1-1.webp\",\"keywords\":[\"pripreme za kvalifikacije za Evropsko prvenstvo za odbojka\u0161ice 2026 godine\",\"\u017denska odbojka\u0161ka reprezentacija Bosne i Hercegovine\",\"\u017denska odbojka\u0161ka reprezentacija Crne Gore\"],\"articleSection\":[\"Sport\"],\"inLanguage\":\"en-GB\",\"potentialAction\":[{\"@type\":\"CommentAction\",\"name\":\"Comment\",\"target\":[\"https:\\\/\\\/dmcsrb.com\\\/sport\\\/istorijski-uspjeh-crnogorske-odbojkasice-na-evropskom-prvenstvu\\\/#respond\"]}]},{\"@type\":\"WebPage\",\"@id\":\"https:\\\/\\\/dmcsrb.com\\\/sport\\\/istorijski-uspjeh-crnogorske-odbojkasice-na-evropskom-prvenstvu\\\/\",\"url\":\"https:\\\/\\\/dmcsrb.com\\\/sport\\\/istorijski-uspjeh-crnogorske-odbojkasice-na-evropskom-prvenstvu\\\/\",\"name\":\"Istorijski uspjeh - crnogorske odbojka\u0161ice na Evropskom prvenstvu - dmcsrb.com\",\"isPartOf\":{\"@id\":\"https:\\\/\\\/dmcsrb.com\\\/#website\"},\"primaryImageOfPage\":{\"@id\":\"https:\\\/\\\/dmcsrb.com\\\/sport\\\/istorijski-uspjeh-crnogorske-odbojkasice-na-evropskom-prvenstvu\\\/#primaryimage\"},\"image\":{\"@id\":\"https:\\\/\\\/dmcsrb.com\\\/sport\\\/istorijski-uspjeh-crnogorske-odbojkasice-na-evropskom-prvenstvu\\\/#primaryimage\"},\"thumbnailUrl\":\"https:\\\/\\\/dmcsrb.com\\\/wp-content\\\/uploads\\\/2026\\\/01\\\/Odbojkasice-OSCG-1-1-1.webp\",\"datePublished\":\"2025-08-06T17:38:00+00:00\",\"author\":{\"@id\":\"https:\\\/\\\/dmcsrb.com\\\/#\\\/schema\\\/person\\\/5c39170f12db1b8b457732d0b5c854e2\"},\"breadcrumb\":{\"@id\":\"https:\\\/\\\/dmcsrb.com\\\/sport\\\/istorijski-uspjeh-crnogorske-odbojkasice-na-evropskom-prvenstvu\\\/#breadcrumb\"},\"inLanguage\":\"en-GB\",\"potentialAction\":[{\"@type\":\"ReadAction\",\"target\":[\"https:\\\/\\\/dmcsrb.com\\\/sport\\\/istorijski-uspjeh-crnogorske-odbojkasice-na-evropskom-prvenstvu\\\/\"]}]},{\"@type\":\"ImageObject\",\"inLanguage\":\"en-GB\",\"@id\":\"https:\\\/\\\/dmcsrb.com\\\/sport\\\/istorijski-uspjeh-crnogorske-odbojkasice-na-evropskom-prvenstvu\\\/#primaryimage\",\"url\":\"https:\\\/\\\/dmcsrb.com\\\/wp-content\\\/uploads\\\/2026\\\/01\\\/Odbojkasice-OSCG-1-1-1.webp\",\"contentUrl\":\"https:\\\/\\\/dmcsrb.com\\\/wp-content\\\/uploads\\\/2026\\\/01\\\/Odbojkasice-OSCG-1-1-1.webp\",\"width\":2000,\"height\":1125},{\"@type\":\"BreadcrumbList\",\"@id\":\"https:\\\/\\\/dmcsrb.com\\\/sport\\\/istorijski-uspjeh-crnogorske-odbojkasice-na-evropskom-prvenstvu\\\/#breadcrumb\",\"itemListElement\":[{\"@type\":\"ListItem\",\"position\":1,\"name\":\"Home\",\"item\":\"https:\\\/\\\/dmcsrb.com\\\/\"},{\"@type\":\"ListItem\",\"position\":2,\"name\":\"Istorijski uspjeh &#8211; crnogorske odbojka\u0161ice na Evropskom prvenstvu\"}]},{\"@type\":\"WebSite\",\"@id\":\"https:\\\/\\\/dmcsrb.com\\\/#website\",\"url\":\"https:\\\/\\\/dmcsrb.com\\\/\",\"name\":\"dmcsrb.com\",\"description\":\"\",\"potentialAction\":[{\"@type\":\"SearchAction\",\"target\":{\"@type\":\"EntryPoint\",\"urlTemplate\":\"https:\\\/\\\/dmcsrb.com\\\/?s={search_term_string}\"},\"query-input\":{\"@type\":\"PropertyValueSpecification\",\"valueRequired\":true,\"valueName\":\"search_term_string\"}}],\"inLanguage\":\"en-GB\"},{\"@type\":\"Person\",\"@id\":\"https:\\\/\\\/dmcsrb.com\\\/#\\\/schema\\\/person\\\/5c39170f12db1b8b457732d0b5c854e2\",\"name\":\"dmcsrbija.com@gmail.com\",\"image\":{\"@type\":\"ImageObject\",\"inLanguage\":\"en-GB\",\"@id\":\"https:\\\/\\\/secure.gravatar.com\\\/avatar\\\/68592660ad6347fad0fb587f8d5d8f1a7b44961362f56e4f2cd524feb87e9069?s=96&d=mm&r=g\",\"url\":\"https:\\\/\\\/secure.gravatar.com\\\/avatar\\\/68592660ad6347fad0fb587f8d5d8f1a7b44961362f56e4f2cd524feb87e9069?s=96&d=mm&r=g\",\"contentUrl\":\"https:\\\/\\\/secure.gravatar.com\\\/avatar\\\/68592660ad6347fad0fb587f8d5d8f1a7b44961362f56e4f2cd524feb87e9069?s=96&d=mm&r=g\",\"caption\":\"dmcsrbija.com@gmail.com\"},\"sameAs\":[\"https:\\\/\\\/dmcsrb.com\"],\"url\":\"https:\\\/\\\/dmcsrb.com\\\/en\\\/author\\\/dmcsrbija-comgmail-com\\\/\"}]}<\/script>\n<!-- \/ Yoast SEO plugin. -->","yoast_head_json":{"title":"Istorijski uspjeh - crnogorske odbojka\u0161ice na Evropskom prvenstvu - dmcsrb.com","robots":{"index":"index","follow":"follow","max-snippet":"max-snippet:-1","max-image-preview":"max-image-preview:large","max-video-preview":"max-video-preview:-1"},"canonical":"https:\/\/dmcsrb.com\/en\/sport\/istorijski-uspjeh-crnogorske-odbojkasice-na-evropskom-prvenstvu\/","og_locale":"en_GB","og_type":"article","og_title":"Istorijski uspjeh - crnogorske odbojka\u0161ice na Evropskom prvenstvu - dmcsrb.com","og_description":"\u017denska odbojka\u0161ka reprezentacija Crne Gore plasirala se na Evropsko prvenstvo 2026! Do najve\u0107eg uspjeha u istoriji na\u0161e \u017eenske odbojke \u201ecrvene\u201c su do\u0161le kolo prije kraja kvalifikacija za CEV Eurovolej 2026, pobjedom nad Bosnom i Hercegovinom u Gora\u017edu \u2013 3:0 (26:24, 25:16, 26:24).","og_url":"https:\/\/dmcsrb.com\/en\/sport\/istorijski-uspjeh-crnogorske-odbojkasice-na-evropskom-prvenstvu\/","og_site_name":"dmcsrb.com","article_published_time":"2025-08-06T17:38:00+00:00","og_image":[{"width":2000,"height":1125,"url":"https:\/\/dmcsrb.com\/wp-content\/uploads\/2026\/01\/Odbojkasice-OSCG-1-1-1.webp","type":"image\/jpeg"}],"author":"dmcsrbija.com@gmail.com","twitter_card":"summary_large_image","twitter_misc":{"Written by":"dmcsrbija.com@gmail.com","Estimated reading time":"2 minutes"},"schema":{"@context":"https:\/\/schema.org","@graph":[{"@type":"Article","@id":"https:\/\/dmcsrb.com\/sport\/istorijski-uspjeh-crnogorske-odbojkasice-na-evropskom-prvenstvu\/#article","isPartOf":{"@id":"https:\/\/dmcsrb.com\/sport\/istorijski-uspjeh-crnogorske-odbojkasice-na-evropskom-prvenstvu\/"},"author":{"name":"dmcsrbija.com@gmail.com","@id":"https:\/\/dmcsrb.com\/#\/schema\/person\/5c39170f12db1b8b457732d0b5c854e2"},"headline":"Istorijski uspjeh &#8211; crnogorske odbojka\u0161ice na Evropskom prvenstvu","datePublished":"2025-08-06T17:38:00+00:00","mainEntityOfPage":{"@id":"https:\/\/dmcsrb.com\/sport\/istorijski-uspjeh-crnogorske-odbojkasice-na-evropskom-prvenstvu\/"},"wordCount":429,"commentCount":0,"image":{"@id":"https:\/\/dmcsrb.com\/sport\/istorijski-uspjeh-crnogorske-odbojkasice-na-evropskom-prvenstvu\/#primaryimage"},"thumbnailUrl":"https:\/\/dmcsrb.com\/wp-content\/uploads\/2026\/01\/Odbojkasice-OSCG-1-1-1.webp","keywords":["pripreme za kvalifikacije za Evropsko prvenstvo za odbojka\u0161ice 2026 godine","\u017denska odbojka\u0161ka reprezentacija Bosne i Hercegovine","\u017denska odbojka\u0161ka reprezentacija Crne Gore"],"articleSection":["Sport"],"inLanguage":"en-GB","potentialAction":[{"@type":"CommentAction","name":"Comment","target":["https:\/\/dmcsrb.com\/sport\/istorijski-uspjeh-crnogorske-odbojkasice-na-evropskom-prvenstvu\/#respond"]}]},{"@type":"WebPage","@id":"https:\/\/dmcsrb.com\/sport\/istorijski-uspjeh-crnogorske-odbojkasice-na-evropskom-prvenstvu\/","url":"https:\/\/dmcsrb.com\/sport\/istorijski-uspjeh-crnogorske-odbojkasice-na-evropskom-prvenstvu\/","name":"Istorijski uspjeh - crnogorske odbojka\u0161ice na Evropskom prvenstvu - dmcsrb.com","isPartOf":{"@id":"https:\/\/dmcsrb.com\/#website"},"primaryImageOfPage":{"@id":"https:\/\/dmcsrb.com\/sport\/istorijski-uspjeh-crnogorske-odbojkasice-na-evropskom-prvenstvu\/#primaryimage"},"image":{"@id":"https:\/\/dmcsrb.com\/sport\/istorijski-uspjeh-crnogorske-odbojkasice-na-evropskom-prvenstvu\/#primaryimage"},"thumbnailUrl":"https:\/\/dmcsrb.com\/wp-content\/uploads\/2026\/01\/Odbojkasice-OSCG-1-1-1.webp","datePublished":"2025-08-06T17:38:00+00:00","author":{"@id":"https:\/\/dmcsrb.com\/#\/schema\/person\/5c39170f12db1b8b457732d0b5c854e2"},"breadcrumb":{"@id":"https:\/\/dmcsrb.com\/sport\/istorijski-uspjeh-crnogorske-odbojkasice-na-evropskom-prvenstvu\/#breadcrumb"},"inLanguage":"en-GB","potentialAction":[{"@type":"ReadAction","target":["https:\/\/dmcsrb.com\/sport\/istorijski-uspjeh-crnogorske-odbojkasice-na-evropskom-prvenstvu\/"]}]},{"@type":"ImageObject","inLanguage":"en-GB","@id":"https:\/\/dmcsrb.com\/sport\/istorijski-uspjeh-crnogorske-odbojkasice-na-evropskom-prvenstvu\/#primaryimage","url":"https:\/\/dmcsrb.com\/wp-content\/uploads\/2026\/01\/Odbojkasice-OSCG-1-1-1.webp","contentUrl":"https:\/\/dmcsrb.com\/wp-content\/uploads\/2026\/01\/Odbojkasice-OSCG-1-1-1.webp","width":2000,"height":1125},{"@type":"BreadcrumbList","@id":"https:\/\/dmcsrb.com\/sport\/istorijski-uspjeh-crnogorske-odbojkasice-na-evropskom-prvenstvu\/#breadcrumb","itemListElement":[{"@type":"ListItem","position":1,"name":"Home","item":"https:\/\/dmcsrb.com\/"},{"@type":"ListItem","position":2,"name":"Istorijski uspjeh &#8211; crnogorske odbojka\u0161ice na Evropskom prvenstvu"}]},{"@type":"WebSite","@id":"https:\/\/dmcsrb.com\/#website","url":"https:\/\/dmcsrb.com\/","name":"dmcsrb.com","description":"","potentialAction":[{"@type":"SearchAction","target":{"@type":"EntryPoint","urlTemplate":"https:\/\/dmcsrb.com\/?s={search_term_string}"},"query-input":{"@type":"PropertyValueSpecification","valueRequired":true,"valueName":"search_term_string"}}],"inLanguage":"en-GB"},{"@type":"Person","@id":"https:\/\/dmcsrb.com\/#\/schema\/person\/5c39170f12db1b8b457732d0b5c854e2","name":"dmcsrbija.com@gmail.com","image":{"@type":"ImageObject","inLanguage":"en-GB","@id":"https:\/\/secure.gravatar.com\/avatar\/68592660ad6347fad0fb587f8d5d8f1a7b44961362f56e4f2cd524feb87e9069?s=96&d=mm&r=g","url":"https:\/\/secure.gravatar.com\/avatar\/68592660ad6347fad0fb587f8d5d8f1a7b44961362f56e4f2cd524feb87e9069?s=96&d=mm&r=g","contentUrl":"https:\/\/secure.gravatar.com\/avatar\/68592660ad6347fad0fb587f8d5d8f1a7b44961362f56e4f2cd524feb87e9069?s=96&d=mm&r=g","caption":"dmcsrbija.com@gmail.com"},"sameAs":["https:\/\/dmcsrb.com"],"url":"https:\/\/dmcsrb.com\/en\/author\/dmcsrbija-comgmail-com\/"}]}},"_links":{"self":[{"href":"https:\/\/dmcsrb.com\/en\/wp-json\/wp\/v2\/posts\/944766","targetHints":{"allow":["GET"]}}],"collection":[{"href":"https:\/\/dmcsrb.com\/en\/wp-json\/wp\/v2\/posts"}],"about":[{"href":"https:\/\/dmcsrb.com\/en\/wp-json\/wp\/v2\/types\/post"}],"author":[{"embeddable":true,"href":"https:\/\/dmcsrb.com\/en\/wp-json\/wp\/v2\/users\/1"}],"replies":[{"embeddable":true,"href":"https:\/\/dmcsrb.com\/en\/wp-json\/wp\/v2\/comments?post=944766"}],"version-history":[{"count":0,"href":"https:\/\/dmcsrb.com\/en\/wp-json\/wp\/v2\/posts\/944766\/revisions"}],"wp:featuredmedia":[{"embeddable":true,"href":"https:\/\/dmcsrb.com\/en\/wp-json\/wp\/v2\/media\/944767"}],"wp:attachment":[{"href":"https:\/\/dmcsrb.com\/en\/wp-json\/wp\/v2\/media?parent=944766"}],"wp:term":[{"taxonomy":"category","embeddable":true,"href":"https:\/\/dmcsrb.com\/en\/wp-json\/wp\/v2\/categories?post=944766"},{"taxonomy":"post_tag","embeddable":true,"href":"https:\/\/dmcsrb.com\/en\/wp-json\/wp\/v2\/tags?post=944766"},{"taxonomy":"naslovna","embeddable":true,"href":"https:\/\/dmcsrb.com\/en\/wp-json\/wp\/v2\/naslovna?post=944766"}],"curies":[{"name":"wp","href":"https:\/\/api.w.org\/{rel}","templated":true}]}}