{"id":944756,"date":"2025-08-06T19:07:00","date_gmt":"2025-08-06T17:07:00","guid":{"rendered":"https:\/\/dmcsrb.com\/uncategorized\/pao-helikopter-sa-zvanicnicima-i-dva-ministra-vlade-gane-osam-osoba-poginulo\/"},"modified":"2025-08-06T19:07:00","modified_gmt":"2025-08-06T17:07:00","slug":"pao-helikopter-sa-zvanicnicima-i-dva-ministra-vlade-gane-osam-osoba-poginulo","status":"publish","type":"post","link":"https:\/\/dmcsrb.com\/en\/svijet\/pao-helikopter-sa-zvanicnicima-i-dva-ministra-vlade-gane-osam-osoba-poginulo\/","title":{"rendered":"Pao helikopter sa zvani\u010dnicima i dva ministra vlade Gane, osam osoba poginulo"},"content":{"rendered":"<p><br><\/p>\n\n\n\n<p>Vojska Gane je saop\u0161tila da je helikopter poletio jutros iz Akre i da je i\u0161ao u pravcu grada Obuasi u regionu A\u0161anti. Potom je nestao sa radara.<\/p>\n\n\n\n<p>Nije za sada poznato \u0161ta je uzrok pada.<\/p>\n\n\n\n<p>U helikopteru su bili i glavni savjetnik za nacionalnu bezbjednost Gane i potpredsjednik vladaju\u0107e stranke, Nacionalnog demokratskog kongresa.<\/p>\n\n\n\n<p>Vlada Gane je saop\u0161tila da je ovaj udes &#8220;nacionalna tragedija&#8221;.<\/p>","protected":false},"excerpt":{"rendered":"<p>Osam ljudi je danas poginulo, uklju\u010duju\u0107i ministre odbrane i ekologije Gane i druge zvani\u010dnike ove afri\u010dke zemlje, prilikom pada helikoptera koji ih je vozio, saop\u0161tila je vlada u Akri.<\/p>","protected":false},"author":1,"featured_media":944757,"comment_status":"open","ping_status":"open","sticky":false,"template":"","format":"standard","meta":{"_acf_changed":false,"footnotes":""},"categories":[144],"tags":[17022,4516,17023,156],"naslovna":[],"class_list":["post-944756","post","type-post","status-publish","format-standard","has-post-thumbnail","hentry","category-svijet","tag-gana","tag-helikopter","tag-osam-poginulih","tag-udes"],"acf":[],"yoast_head":"<!-- This site is optimized with the Yoast SEO plugin v27.4 - https:\/\/yoast.com\/product\/yoast-seo-wordpress\/ -->\n<title>Pao helikopter sa zvani\u010dnicima i dva ministra vlade Gane, osam osoba poginulo - dmcsrb.com<\/title>\n<meta name=\"robots\" content=\"index, follow, max-snippet:-1, max-image-preview:large, max-video-preview:-1\" \/>\n<link rel=\"canonical\" href=\"https:\/\/dmcsrb.com\/en\/svijet\/pao-helikopter-sa-zvanicnicima-i-dva-ministra-vlade-gane-osam-osoba-poginulo\/\" \/>\n<meta property=\"og:locale\" content=\"en_GB\" \/>\n<meta property=\"og:type\" content=\"article\" \/>\n<meta property=\"og:title\" content=\"Pao helikopter sa zvani\u010dnicima i dva ministra vlade Gane, osam osoba poginulo - dmcsrb.com\" \/>\n<meta property=\"og:description\" content=\"Osam ljudi je danas poginulo, uklju\u010duju\u0107i ministre odbrane i ekologije Gane i druge zvani\u010dnike ove afri\u010dke zemlje, prilikom pada helikoptera koji ih je vozio, saop\u0161tila je vlada u Akri.\" \/>\n<meta property=\"og:url\" content=\"https:\/\/dmcsrb.com\/en\/svijet\/pao-helikopter-sa-zvanicnicima-i-dva-ministra-vlade-gane-osam-osoba-poginulo\/\" \/>\n<meta property=\"og:site_name\" content=\"dmcsrb.com\" \/>\n<meta property=\"article:published_time\" content=\"2025-08-06T17:07:00+00:00\" \/>\n<meta property=\"og:image\" content=\"https:\/\/dmcsrb.com\/wp-content\/uploads\/2026\/01\/Helikopter-foto-pixabay-123-768x4841-1.webp\" \/>\n\t<meta property=\"og:image:width\" content=\"768\" \/>\n\t<meta property=\"og:image:height\" content=\"484\" \/>\n\t<meta property=\"og:image:type\" content=\"image\/jpeg\" \/>\n<meta name=\"author\" content=\"dmcsrbija.com@gmail.com\" \/>\n<meta name=\"twitter:card\" content=\"summary_large_image\" \/>\n<meta name=\"twitter:label1\" content=\"Written by\" \/>\n\t<meta name=\"twitter:data1\" content=\"dmcsrbija.com@gmail.com\" \/>\n<script type=\"application\/ld+json\" class=\"yoast-schema-graph\">{\"@context\":\"https:\\\/\\\/schema.org\",\"@graph\":[{\"@type\":\"Article\",\"@id\":\"https:\\\/\\\/dmcsrb.com\\\/svijet\\\/pao-helikopter-sa-zvanicnicima-i-dva-ministra-vlade-gane-osam-osoba-poginulo\\\/#article\",\"isPartOf\":{\"@id\":\"https:\\\/\\\/dmcsrb.com\\\/svijet\\\/pao-helikopter-sa-zvanicnicima-i-dva-ministra-vlade-gane-osam-osoba-poginulo\\\/\"},\"author\":{\"name\":\"dmcsrbija.com@gmail.com\",\"@id\":\"https:\\\/\\\/dmcsrb.com\\\/#\\\/schema\\\/person\\\/5c39170f12db1b8b457732d0b5c854e2\"},\"headline\":\"Pao helikopter sa zvani\u010dnicima i dva ministra vlade Gane, osam osoba poginulo\",\"datePublished\":\"2025-08-06T17:07:00+00:00\",\"mainEntityOfPage\":{\"@id\":\"https:\\\/\\\/dmcsrb.com\\\/svijet\\\/pao-helikopter-sa-zvanicnicima-i-dva-ministra-vlade-gane-osam-osoba-poginulo\\\/\"},\"wordCount\":81,\"commentCount\":0,\"image\":{\"@id\":\"https:\\\/\\\/dmcsrb.com\\\/svijet\\\/pao-helikopter-sa-zvanicnicima-i-dva-ministra-vlade-gane-osam-osoba-poginulo\\\/#primaryimage\"},\"thumbnailUrl\":\"https:\\\/\\\/dmcsrb.com\\\/wp-content\\\/uploads\\\/2026\\\/01\\\/Helikopter-foto-pixabay-123-768x4841-1.webp\",\"keywords\":[\"gana\",\"Helikopter\",\"osam poginulih\",\"udes\"],\"articleSection\":[\"Svijet\"],\"inLanguage\":\"en-GB\",\"potentialAction\":[{\"@type\":\"CommentAction\",\"name\":\"Comment\",\"target\":[\"https:\\\/\\\/dmcsrb.com\\\/svijet\\\/pao-helikopter-sa-zvanicnicima-i-dva-ministra-vlade-gane-osam-osoba-poginulo\\\/#respond\"]}]},{\"@type\":\"WebPage\",\"@id\":\"https:\\\/\\\/dmcsrb.com\\\/svijet\\\/pao-helikopter-sa-zvanicnicima-i-dva-ministra-vlade-gane-osam-osoba-poginulo\\\/\",\"url\":\"https:\\\/\\\/dmcsrb.com\\\/svijet\\\/pao-helikopter-sa-zvanicnicima-i-dva-ministra-vlade-gane-osam-osoba-poginulo\\\/\",\"name\":\"Pao helikopter sa zvani\u010dnicima i dva ministra vlade Gane, osam osoba poginulo - dmcsrb.com\",\"isPartOf\":{\"@id\":\"https:\\\/\\\/dmcsrb.com\\\/#website\"},\"primaryImageOfPage\":{\"@id\":\"https:\\\/\\\/dmcsrb.com\\\/svijet\\\/pao-helikopter-sa-zvanicnicima-i-dva-ministra-vlade-gane-osam-osoba-poginulo\\\/#primaryimage\"},\"image\":{\"@id\":\"https:\\\/\\\/dmcsrb.com\\\/svijet\\\/pao-helikopter-sa-zvanicnicima-i-dva-ministra-vlade-gane-osam-osoba-poginulo\\\/#primaryimage\"},\"thumbnailUrl\":\"https:\\\/\\\/dmcsrb.com\\\/wp-content\\\/uploads\\\/2026\\\/01\\\/Helikopter-foto-pixabay-123-768x4841-1.webp\",\"datePublished\":\"2025-08-06T17:07:00+00:00\",\"author\":{\"@id\":\"https:\\\/\\\/dmcsrb.com\\\/#\\\/schema\\\/person\\\/5c39170f12db1b8b457732d0b5c854e2\"},\"breadcrumb\":{\"@id\":\"https:\\\/\\\/dmcsrb.com\\\/svijet\\\/pao-helikopter-sa-zvanicnicima-i-dva-ministra-vlade-gane-osam-osoba-poginulo\\\/#breadcrumb\"},\"inLanguage\":\"en-GB\",\"potentialAction\":[{\"@type\":\"ReadAction\",\"target\":[\"https:\\\/\\\/dmcsrb.com\\\/svijet\\\/pao-helikopter-sa-zvanicnicima-i-dva-ministra-vlade-gane-osam-osoba-poginulo\\\/\"]}]},{\"@type\":\"ImageObject\",\"inLanguage\":\"en-GB\",\"@id\":\"https:\\\/\\\/dmcsrb.com\\\/svijet\\\/pao-helikopter-sa-zvanicnicima-i-dva-ministra-vlade-gane-osam-osoba-poginulo\\\/#primaryimage\",\"url\":\"https:\\\/\\\/dmcsrb.com\\\/wp-content\\\/uploads\\\/2026\\\/01\\\/Helikopter-foto-pixabay-123-768x4841-1.webp\",\"contentUrl\":\"https:\\\/\\\/dmcsrb.com\\\/wp-content\\\/uploads\\\/2026\\\/01\\\/Helikopter-foto-pixabay-123-768x4841-1.webp\",\"width\":768,\"height\":484},{\"@type\":\"BreadcrumbList\",\"@id\":\"https:\\\/\\\/dmcsrb.com\\\/svijet\\\/pao-helikopter-sa-zvanicnicima-i-dva-ministra-vlade-gane-osam-osoba-poginulo\\\/#breadcrumb\",\"itemListElement\":[{\"@type\":\"ListItem\",\"position\":1,\"name\":\"Home\",\"item\":\"https:\\\/\\\/dmcsrb.com\\\/\"},{\"@type\":\"ListItem\",\"position\":2,\"name\":\"Pao helikopter sa zvani\u010dnicima i dva ministra vlade Gane, osam osoba poginulo\"}]},{\"@type\":\"WebSite\",\"@id\":\"https:\\\/\\\/dmcsrb.com\\\/#website\",\"url\":\"https:\\\/\\\/dmcsrb.com\\\/\",\"name\":\"dmcsrb.com\",\"description\":\"\",\"potentialAction\":[{\"@type\":\"SearchAction\",\"target\":{\"@type\":\"EntryPoint\",\"urlTemplate\":\"https:\\\/\\\/dmcsrb.com\\\/?s={search_term_string}\"},\"query-input\":{\"@type\":\"PropertyValueSpecification\",\"valueRequired\":true,\"valueName\":\"search_term_string\"}}],\"inLanguage\":\"en-GB\"},{\"@type\":\"Person\",\"@id\":\"https:\\\/\\\/dmcsrb.com\\\/#\\\/schema\\\/person\\\/5c39170f12db1b8b457732d0b5c854e2\",\"name\":\"dmcsrbija.com@gmail.com\",\"image\":{\"@type\":\"ImageObject\",\"inLanguage\":\"en-GB\",\"@id\":\"https:\\\/\\\/secure.gravatar.com\\\/avatar\\\/68592660ad6347fad0fb587f8d5d8f1a7b44961362f56e4f2cd524feb87e9069?s=96&d=mm&r=g\",\"url\":\"https:\\\/\\\/secure.gravatar.com\\\/avatar\\\/68592660ad6347fad0fb587f8d5d8f1a7b44961362f56e4f2cd524feb87e9069?s=96&d=mm&r=g\",\"contentUrl\":\"https:\\\/\\\/secure.gravatar.com\\\/avatar\\\/68592660ad6347fad0fb587f8d5d8f1a7b44961362f56e4f2cd524feb87e9069?s=96&d=mm&r=g\",\"caption\":\"dmcsrbija.com@gmail.com\"},\"sameAs\":[\"https:\\\/\\\/dmcsrb.com\"],\"url\":\"https:\\\/\\\/dmcsrb.com\\\/en\\\/author\\\/dmcsrbija-comgmail-com\\\/\"}]}<\/script>\n<!-- \/ Yoast SEO plugin. -->","yoast_head_json":{"title":"Pao helikopter sa zvani\u010dnicima i dva ministra vlade Gane, osam osoba poginulo - dmcsrb.com","robots":{"index":"index","follow":"follow","max-snippet":"max-snippet:-1","max-image-preview":"max-image-preview:large","max-video-preview":"max-video-preview:-1"},"canonical":"https:\/\/dmcsrb.com\/en\/svijet\/pao-helikopter-sa-zvanicnicima-i-dva-ministra-vlade-gane-osam-osoba-poginulo\/","og_locale":"en_GB","og_type":"article","og_title":"Pao helikopter sa zvani\u010dnicima i dva ministra vlade Gane, osam osoba poginulo - dmcsrb.com","og_description":"Osam ljudi je danas poginulo, uklju\u010duju\u0107i ministre odbrane i ekologije Gane i druge zvani\u010dnike ove afri\u010dke zemlje, prilikom pada helikoptera koji ih je vozio, saop\u0161tila je vlada u Akri.","og_url":"https:\/\/dmcsrb.com\/en\/svijet\/pao-helikopter-sa-zvanicnicima-i-dva-ministra-vlade-gane-osam-osoba-poginulo\/","og_site_name":"dmcsrb.com","article_published_time":"2025-08-06T17:07:00+00:00","og_image":[{"width":768,"height":484,"url":"https:\/\/dmcsrb.com\/wp-content\/uploads\/2026\/01\/Helikopter-foto-pixabay-123-768x4841-1.webp","type":"image\/jpeg"}],"author":"dmcsrbija.com@gmail.com","twitter_card":"summary_large_image","twitter_misc":{"Written by":"dmcsrbija.com@gmail.com"},"schema":{"@context":"https:\/\/schema.org","@graph":[{"@type":"Article","@id":"https:\/\/dmcsrb.com\/svijet\/pao-helikopter-sa-zvanicnicima-i-dva-ministra-vlade-gane-osam-osoba-poginulo\/#article","isPartOf":{"@id":"https:\/\/dmcsrb.com\/svijet\/pao-helikopter-sa-zvanicnicima-i-dva-ministra-vlade-gane-osam-osoba-poginulo\/"},"author":{"name":"dmcsrbija.com@gmail.com","@id":"https:\/\/dmcsrb.com\/#\/schema\/person\/5c39170f12db1b8b457732d0b5c854e2"},"headline":"Pao helikopter sa zvani\u010dnicima i dva ministra vlade Gane, osam osoba poginulo","datePublished":"2025-08-06T17:07:00+00:00","mainEntityOfPage":{"@id":"https:\/\/dmcsrb.com\/svijet\/pao-helikopter-sa-zvanicnicima-i-dva-ministra-vlade-gane-osam-osoba-poginulo\/"},"wordCount":81,"commentCount":0,"image":{"@id":"https:\/\/dmcsrb.com\/svijet\/pao-helikopter-sa-zvanicnicima-i-dva-ministra-vlade-gane-osam-osoba-poginulo\/#primaryimage"},"thumbnailUrl":"https:\/\/dmcsrb.com\/wp-content\/uploads\/2026\/01\/Helikopter-foto-pixabay-123-768x4841-1.webp","keywords":["gana","Helikopter","osam poginulih","udes"],"articleSection":["Svijet"],"inLanguage":"en-GB","potentialAction":[{"@type":"CommentAction","name":"Comment","target":["https:\/\/dmcsrb.com\/svijet\/pao-helikopter-sa-zvanicnicima-i-dva-ministra-vlade-gane-osam-osoba-poginulo\/#respond"]}]},{"@type":"WebPage","@id":"https:\/\/dmcsrb.com\/svijet\/pao-helikopter-sa-zvanicnicima-i-dva-ministra-vlade-gane-osam-osoba-poginulo\/","url":"https:\/\/dmcsrb.com\/svijet\/pao-helikopter-sa-zvanicnicima-i-dva-ministra-vlade-gane-osam-osoba-poginulo\/","name":"Pao helikopter sa zvani\u010dnicima i dva ministra vlade Gane, osam osoba poginulo - dmcsrb.com","isPartOf":{"@id":"https:\/\/dmcsrb.com\/#website"},"primaryImageOfPage":{"@id":"https:\/\/dmcsrb.com\/svijet\/pao-helikopter-sa-zvanicnicima-i-dva-ministra-vlade-gane-osam-osoba-poginulo\/#primaryimage"},"image":{"@id":"https:\/\/dmcsrb.com\/svijet\/pao-helikopter-sa-zvanicnicima-i-dva-ministra-vlade-gane-osam-osoba-poginulo\/#primaryimage"},"thumbnailUrl":"https:\/\/dmcsrb.com\/wp-content\/uploads\/2026\/01\/Helikopter-foto-pixabay-123-768x4841-1.webp","datePublished":"2025-08-06T17:07:00+00:00","author":{"@id":"https:\/\/dmcsrb.com\/#\/schema\/person\/5c39170f12db1b8b457732d0b5c854e2"},"breadcrumb":{"@id":"https:\/\/dmcsrb.com\/svijet\/pao-helikopter-sa-zvanicnicima-i-dva-ministra-vlade-gane-osam-osoba-poginulo\/#breadcrumb"},"inLanguage":"en-GB","potentialAction":[{"@type":"ReadAction","target":["https:\/\/dmcsrb.com\/svijet\/pao-helikopter-sa-zvanicnicima-i-dva-ministra-vlade-gane-osam-osoba-poginulo\/"]}]},{"@type":"ImageObject","inLanguage":"en-GB","@id":"https:\/\/dmcsrb.com\/svijet\/pao-helikopter-sa-zvanicnicima-i-dva-ministra-vlade-gane-osam-osoba-poginulo\/#primaryimage","url":"https:\/\/dmcsrb.com\/wp-content\/uploads\/2026\/01\/Helikopter-foto-pixabay-123-768x4841-1.webp","contentUrl":"https:\/\/dmcsrb.com\/wp-content\/uploads\/2026\/01\/Helikopter-foto-pixabay-123-768x4841-1.webp","width":768,"height":484},{"@type":"BreadcrumbList","@id":"https:\/\/dmcsrb.com\/svijet\/pao-helikopter-sa-zvanicnicima-i-dva-ministra-vlade-gane-osam-osoba-poginulo\/#breadcrumb","itemListElement":[{"@type":"ListItem","position":1,"name":"Home","item":"https:\/\/dmcsrb.com\/"},{"@type":"ListItem","position":2,"name":"Pao helikopter sa zvani\u010dnicima i dva ministra vlade Gane, osam osoba poginulo"}]},{"@type":"WebSite","@id":"https:\/\/dmcsrb.com\/#website","url":"https:\/\/dmcsrb.com\/","name":"dmcsrb.com","description":"","potentialAction":[{"@type":"SearchAction","target":{"@type":"EntryPoint","urlTemplate":"https:\/\/dmcsrb.com\/?s={search_term_string}"},"query-input":{"@type":"PropertyValueSpecification","valueRequired":true,"valueName":"search_term_string"}}],"inLanguage":"en-GB"},{"@type":"Person","@id":"https:\/\/dmcsrb.com\/#\/schema\/person\/5c39170f12db1b8b457732d0b5c854e2","name":"dmcsrbija.com@gmail.com","image":{"@type":"ImageObject","inLanguage":"en-GB","@id":"https:\/\/secure.gravatar.com\/avatar\/68592660ad6347fad0fb587f8d5d8f1a7b44961362f56e4f2cd524feb87e9069?s=96&d=mm&r=g","url":"https:\/\/secure.gravatar.com\/avatar\/68592660ad6347fad0fb587f8d5d8f1a7b44961362f56e4f2cd524feb87e9069?s=96&d=mm&r=g","contentUrl":"https:\/\/secure.gravatar.com\/avatar\/68592660ad6347fad0fb587f8d5d8f1a7b44961362f56e4f2cd524feb87e9069?s=96&d=mm&r=g","caption":"dmcsrbija.com@gmail.com"},"sameAs":["https:\/\/dmcsrb.com"],"url":"https:\/\/dmcsrb.com\/en\/author\/dmcsrbija-comgmail-com\/"}]}},"_links":{"self":[{"href":"https:\/\/dmcsrb.com\/en\/wp-json\/wp\/v2\/posts\/944756","targetHints":{"allow":["GET"]}}],"collection":[{"href":"https:\/\/dmcsrb.com\/en\/wp-json\/wp\/v2\/posts"}],"about":[{"href":"https:\/\/dmcsrb.com\/en\/wp-json\/wp\/v2\/types\/post"}],"author":[{"embeddable":true,"href":"https:\/\/dmcsrb.com\/en\/wp-json\/wp\/v2\/users\/1"}],"replies":[{"embeddable":true,"href":"https:\/\/dmcsrb.com\/en\/wp-json\/wp\/v2\/comments?post=944756"}],"version-history":[{"count":0,"href":"https:\/\/dmcsrb.com\/en\/wp-json\/wp\/v2\/posts\/944756\/revisions"}],"wp:featuredmedia":[{"embeddable":true,"href":"https:\/\/dmcsrb.com\/en\/wp-json\/wp\/v2\/media\/944757"}],"wp:attachment":[{"href":"https:\/\/dmcsrb.com\/en\/wp-json\/wp\/v2\/media?parent=944756"}],"wp:term":[{"taxonomy":"category","embeddable":true,"href":"https:\/\/dmcsrb.com\/en\/wp-json\/wp\/v2\/categories?post=944756"},{"taxonomy":"post_tag","embeddable":true,"href":"https:\/\/dmcsrb.com\/en\/wp-json\/wp\/v2\/tags?post=944756"},{"taxonomy":"naslovna","embeddable":true,"href":"https:\/\/dmcsrb.com\/en\/wp-json\/wp\/v2\/naslovna?post=944756"}],"curies":[{"name":"wp","href":"https:\/\/api.w.org\/{rel}","templated":true}]}}