{"id":944720,"date":"2025-08-06T15:31:00","date_gmt":"2025-08-06T13:31:00","guid":{"rendered":"https:\/\/dmcsrb.com\/uncategorized\/camaj-covjek-odluke-protiv-jezera-gol-sa-posvetom\/"},"modified":"2025-08-06T15:31:00","modified_gmt":"2025-08-06T13:31:00","slug":"camaj-covjek-odluke-protiv-jezera-gol-sa-posvetom","status":"publish","type":"post","link":"https:\/\/dmcsrb.com\/en\/sport\/camaj-covjek-odluke-protiv-jezera-gol-sa-posvetom\/","title":{"rendered":"Camaj, \u010dovjek odluke protiv Jezera: Gol sa posvetom"},"content":{"rendered":"<p>&#8220;Plavi&#8221; su na gostovanju u Beranama savladala plavsko Jezero rezultatom 2:1 \u2013 gosti su bolje otvorili me\u010d sa par kvalitetnih prilika, nakon toga gubili i patili, a na kraju je stigao trijumf na karakter. \u0160ampionski.<\/p>\n\n\n\n<p>Izabranici\u00a0Nenada Lalatovi\u0107a izjedna\u010dili su preko\u00a0Nedeljka Pi\u0161\u010devi\u0107\u00a0koji je postigao gol glavom nakon centar\u0161uta reprezentativca\u00a0Ognjena Ga\u0161evi\u0107a\u00a0iz kornera, a samo minut kasnije \u2013 u 80. minutu \u2013 kona\u010dan rezultat je postigao talentovani ljevak\u00a0Andrej Camaj.<\/p>\n\n\n\n<p>\u010clan supertalentovane generacije crnogorskog fudbala je istr\u010dao kontru, zalomio desnom i potpisao pogodak \u2013 ja\u010dom \u2013 lijevom.<\/p>\n\n\n\n<p>\u201cGol mi puno zna\u010di, uvijek je lijepo kada pomogne\u0161 ekipi i kada mo\u017ee\u0161 da joj se odu\u017ei\u0161 na konkretan na\u010din. Vjerovao sam da \u0107u posti\u0107i gol, sre\u0107an sam, ne samo jer sam odlu\u010dio me\u010d, ve\u0107 zbog cjelokupnog samopouzdanja na po\u010detku sezone \u2013 i li\u010dnog i ekipnog\u201d, rekao je Camaj za klupski sajt. <\/p>\n\n\n\n<p>Momku ro\u0111enom 2006. protiv Jezera odgovara uloga d\u017eokera \u2013 pogodio je za 3:3 u smiraj prethodne sezone, a sada je poentirao za va\u017enu pobjedu.<\/p>\n\n\n\n<p>\u201cJezero je kompaktan tim godinama unazad, tradicionalno dobro igra protiv nas, znali smo da \u0107e da bude te\u0161ko. Generalno, Jezero \u0107e svima da bude nezgodan rival i u sezoni koja je po\u010dela\u201d, poru\u010dio je plavo-bijeli broj 24, pa se nadovezao&#8230;<\/p>\n\n\n\n<p>\u201cIgrao sam i ranije dobro protiv njih, nije da imam neku posebnu motivaciju protiv Jezera, nego se jednostavno neke stvari poklope. Motivaciju crpim iz igre za Budu\u0107nost i iz \u017eelje da Budu\u0107nost ostvari \u0161to bolji rezultat\u201d.<\/p>\n\n\n\n<p>Gol je imao posvetu&#8230;<\/p>\n\n\n\n<figure class=\"wp-block-image size-large\"><img decoding=\"async\" src=\"https:\/\/gradski.me\/wp-content\/uploads\/2025\/08\/Camaj-FK-Buducnost-Rusmin-Radic--1024x683.webp\" alt=\"\" class=\"wp-image-808197\"\/><figcaption class=\"wp-element-caption\">Foto: FK Budu\u0107nost\/Rusmin Radi\u010d<\/figcaption><\/figure>\n\n\n\n<p>\u201cPosvetio sam ga ujaku koji, na\u017ealost, vi\u0161e nije me\u0111u nama. Mnogo mi je zna\u010dio u \u017eivotu, a gol je bio jedan od na\u010dina da mu odam po\u010dast. Bio je uvijek uz mene i znam da bi bio ponosan&#8221;, emotivan je Camaj.<\/p>\n\n\n\n<p>Sezona je otvorena rezultatski dobro, a prostora za napredak u igri \u2013 posebno kada ekipa bude na okupu \u2013 sigurno ima\u2026<\/p>\n\n\n\n<p>\u201cLi\u010dno, zadovoljan sam kako sam otvorio sezonu, ali i ja i svi mi znamo da je tek po\u010detak. Moj cilj je da budem konstantan i da poku\u0161am da pomognem timu golom, asistencijom i radom bez lopte\u2026 \u0160to se ti\u010de kolektivnih o\u010dekivanja, vjerujem da mo\u017eemo do duple krune. Imamo dobar tim, zdravu atmosferu i jasne ciljeve&#8221;.<\/p>\n\n\n\n<p>Jezero je ve\u0107 arhivirano, odra\u0111en je oporavak, a polako kre\u0107e misija \u201cnajve\u0107i doma\u0107i derbi\u201d \u2013 na\u0161 tim u nedjelju, u 20.00 sati, na stadionu pod Goricom do\u010dekuje nik\u0161i\u0107ku Sutjesku.<\/p>\n\n\n\n<p>&#8220;Sutjeska je na\u0161 najve\u0107i sportski rival, a derbi je posebna utakmica. To je utakmica u kojoj odlu\u010duju nijanse, a Sutjeska ima znanje i iskustvo. Zbog toga moramo da budemo maksimalno koncentrisani. Vjerujemo jedan u drugog ko god bude igrao, nadam se da \u0107emo se dr\u017eati plana i da \u0107emo upisati pozitivan rezultat&#8221;, zaklju\u010dio je Andrej Camaj.<\/p>\n\n\n\n<p><\/p>","protected":false},"excerpt":{"rendered":"<p>Budu\u0107nost se nakon emotivnog pra\u017enjenja poslije Evrope, vratili doma\u0107em fudbalu, a na startu jubilarne 20. sezone CFL upisana je \u2013 pobjeda. Te\u0161ka, ali va\u017ena.<\/p>","protected":false},"author":1,"featured_media":944721,"comment_status":"open","ping_status":"open","sticky":false,"template":"","format":"standard","meta":{"_acf_changed":false,"footnotes":""},"categories":[148],"tags":[261,263,1410,1413],"naslovna":[],"class_list":["post-944720","post","type-post","status-publish","format-standard","has-post-thumbnail","hentry","category-sport","tag-andrej-camaj","tag-fk-buducnost","tag-fk-jezero","tag-meridianbet-1-cfl"],"acf":[],"yoast_head":"<!-- This site is optimized with the Yoast SEO plugin v27.4 - https:\/\/yoast.com\/product\/yoast-seo-wordpress\/ -->\n<title>Camaj, \u010dovjek odluke protiv Jezera: Gol sa posvetom - dmcsrb.com<\/title>\n<meta name=\"robots\" content=\"index, follow, max-snippet:-1, max-image-preview:large, max-video-preview:-1\" \/>\n<link rel=\"canonical\" href=\"https:\/\/dmcsrb.com\/en\/sport\/camaj-covjek-odluke-protiv-jezera-gol-sa-posvetom\/\" \/>\n<meta property=\"og:locale\" content=\"en_GB\" \/>\n<meta property=\"og:type\" content=\"article\" \/>\n<meta property=\"og:title\" content=\"Camaj, \u010dovjek odluke protiv Jezera: Gol sa posvetom - dmcsrb.com\" \/>\n<meta property=\"og:description\" content=\"Budu\u0107nost se nakon emotivnog pra\u017enjenja poslije Evrope, vratili doma\u0107em fudbalu, a na startu jubilarne 20. sezone CFL upisana je \u2013 pobjeda. Te\u0161ka, ali va\u017ena.\" \/>\n<meta property=\"og:url\" content=\"https:\/\/dmcsrb.com\/en\/sport\/camaj-covjek-odluke-protiv-jezera-gol-sa-posvetom\/\" \/>\n<meta property=\"og:site_name\" content=\"dmcsrb.com\" \/>\n<meta property=\"article:published_time\" content=\"2025-08-06T13:31:00+00:00\" \/>\n<meta property=\"og:image\" content=\"https:\/\/dmcsrb.com\/wp-content\/uploads\/2026\/01\/Camaj-FK-Buducnost-Rusmin-Radic.webp\" \/>\n\t<meta property=\"og:image:width\" content=\"1536\" \/>\n\t<meta property=\"og:image:height\" content=\"1024\" \/>\n\t<meta property=\"og:image:type\" content=\"image\/webp\" \/>\n<meta name=\"author\" content=\"dmcsrbija.com@gmail.com\" \/>\n<meta name=\"twitter:card\" content=\"summary_large_image\" \/>\n<meta name=\"twitter:label1\" content=\"Written by\" \/>\n\t<meta name=\"twitter:data1\" content=\"dmcsrbija.com@gmail.com\" \/>\n\t<meta name=\"twitter:label2\" content=\"Estimated reading time\" \/>\n\t<meta name=\"twitter:data2\" content=\"2 minutes\" \/>\n<script type=\"application\/ld+json\" class=\"yoast-schema-graph\">{\"@context\":\"https:\\\/\\\/schema.org\",\"@graph\":[{\"@type\":\"Article\",\"@id\":\"https:\\\/\\\/dmcsrb.com\\\/sport\\\/camaj-covjek-odluke-protiv-jezera-gol-sa-posvetom\\\/#article\",\"isPartOf\":{\"@id\":\"https:\\\/\\\/dmcsrb.com\\\/sport\\\/camaj-covjek-odluke-protiv-jezera-gol-sa-posvetom\\\/\"},\"author\":{\"name\":\"dmcsrbija.com@gmail.com\",\"@id\":\"https:\\\/\\\/dmcsrb.com\\\/#\\\/schema\\\/person\\\/5c39170f12db1b8b457732d0b5c854e2\"},\"headline\":\"Camaj, \u010dovjek odluke protiv Jezera: Gol sa posvetom\",\"datePublished\":\"2025-08-06T13:31:00+00:00\",\"mainEntityOfPage\":{\"@id\":\"https:\\\/\\\/dmcsrb.com\\\/sport\\\/camaj-covjek-odluke-protiv-jezera-gol-sa-posvetom\\\/\"},\"wordCount\":494,\"commentCount\":0,\"image\":{\"@id\":\"https:\\\/\\\/dmcsrb.com\\\/sport\\\/camaj-covjek-odluke-protiv-jezera-gol-sa-posvetom\\\/#primaryimage\"},\"thumbnailUrl\":\"https:\\\/\\\/dmcsrb.com\\\/wp-content\\\/uploads\\\/2026\\\/01\\\/Camaj-FK-Buducnost-Rusmin-Radic.webp\",\"keywords\":[\"Andrej Camaj\",\"FK Budu\u0107nost\",\"FK Jezero\",\"Meridianbet 1. CFL\"],\"articleSection\":[\"Sport\"],\"inLanguage\":\"en-GB\",\"potentialAction\":[{\"@type\":\"CommentAction\",\"name\":\"Comment\",\"target\":[\"https:\\\/\\\/dmcsrb.com\\\/sport\\\/camaj-covjek-odluke-protiv-jezera-gol-sa-posvetom\\\/#respond\"]}]},{\"@type\":\"WebPage\",\"@id\":\"https:\\\/\\\/dmcsrb.com\\\/sport\\\/camaj-covjek-odluke-protiv-jezera-gol-sa-posvetom\\\/\",\"url\":\"https:\\\/\\\/dmcsrb.com\\\/sport\\\/camaj-covjek-odluke-protiv-jezera-gol-sa-posvetom\\\/\",\"name\":\"Camaj, \u010dovjek odluke protiv Jezera: Gol sa posvetom - dmcsrb.com\",\"isPartOf\":{\"@id\":\"https:\\\/\\\/dmcsrb.com\\\/#website\"},\"primaryImageOfPage\":{\"@id\":\"https:\\\/\\\/dmcsrb.com\\\/sport\\\/camaj-covjek-odluke-protiv-jezera-gol-sa-posvetom\\\/#primaryimage\"},\"image\":{\"@id\":\"https:\\\/\\\/dmcsrb.com\\\/sport\\\/camaj-covjek-odluke-protiv-jezera-gol-sa-posvetom\\\/#primaryimage\"},\"thumbnailUrl\":\"https:\\\/\\\/dmcsrb.com\\\/wp-content\\\/uploads\\\/2026\\\/01\\\/Camaj-FK-Buducnost-Rusmin-Radic.webp\",\"datePublished\":\"2025-08-06T13:31:00+00:00\",\"author\":{\"@id\":\"https:\\\/\\\/dmcsrb.com\\\/#\\\/schema\\\/person\\\/5c39170f12db1b8b457732d0b5c854e2\"},\"breadcrumb\":{\"@id\":\"https:\\\/\\\/dmcsrb.com\\\/sport\\\/camaj-covjek-odluke-protiv-jezera-gol-sa-posvetom\\\/#breadcrumb\"},\"inLanguage\":\"en-GB\",\"potentialAction\":[{\"@type\":\"ReadAction\",\"target\":[\"https:\\\/\\\/dmcsrb.com\\\/sport\\\/camaj-covjek-odluke-protiv-jezera-gol-sa-posvetom\\\/\"]}]},{\"@type\":\"ImageObject\",\"inLanguage\":\"en-GB\",\"@id\":\"https:\\\/\\\/dmcsrb.com\\\/sport\\\/camaj-covjek-odluke-protiv-jezera-gol-sa-posvetom\\\/#primaryimage\",\"url\":\"https:\\\/\\\/dmcsrb.com\\\/wp-content\\\/uploads\\\/2026\\\/01\\\/Camaj-FK-Buducnost-Rusmin-Radic.webp\",\"contentUrl\":\"https:\\\/\\\/dmcsrb.com\\\/wp-content\\\/uploads\\\/2026\\\/01\\\/Camaj-FK-Buducnost-Rusmin-Radic.webp\",\"width\":1536,\"height\":1024},{\"@type\":\"BreadcrumbList\",\"@id\":\"https:\\\/\\\/dmcsrb.com\\\/sport\\\/camaj-covjek-odluke-protiv-jezera-gol-sa-posvetom\\\/#breadcrumb\",\"itemListElement\":[{\"@type\":\"ListItem\",\"position\":1,\"name\":\"Home\",\"item\":\"https:\\\/\\\/dmcsrb.com\\\/\"},{\"@type\":\"ListItem\",\"position\":2,\"name\":\"Camaj, \u010dovjek odluke protiv Jezera: Gol sa posvetom\"}]},{\"@type\":\"WebSite\",\"@id\":\"https:\\\/\\\/dmcsrb.com\\\/#website\",\"url\":\"https:\\\/\\\/dmcsrb.com\\\/\",\"name\":\"dmcsrb.com\",\"description\":\"\",\"potentialAction\":[{\"@type\":\"SearchAction\",\"target\":{\"@type\":\"EntryPoint\",\"urlTemplate\":\"https:\\\/\\\/dmcsrb.com\\\/?s={search_term_string}\"},\"query-input\":{\"@type\":\"PropertyValueSpecification\",\"valueRequired\":true,\"valueName\":\"search_term_string\"}}],\"inLanguage\":\"en-GB\"},{\"@type\":\"Person\",\"@id\":\"https:\\\/\\\/dmcsrb.com\\\/#\\\/schema\\\/person\\\/5c39170f12db1b8b457732d0b5c854e2\",\"name\":\"dmcsrbija.com@gmail.com\",\"image\":{\"@type\":\"ImageObject\",\"inLanguage\":\"en-GB\",\"@id\":\"https:\\\/\\\/secure.gravatar.com\\\/avatar\\\/68592660ad6347fad0fb587f8d5d8f1a7b44961362f56e4f2cd524feb87e9069?s=96&d=mm&r=g\",\"url\":\"https:\\\/\\\/secure.gravatar.com\\\/avatar\\\/68592660ad6347fad0fb587f8d5d8f1a7b44961362f56e4f2cd524feb87e9069?s=96&d=mm&r=g\",\"contentUrl\":\"https:\\\/\\\/secure.gravatar.com\\\/avatar\\\/68592660ad6347fad0fb587f8d5d8f1a7b44961362f56e4f2cd524feb87e9069?s=96&d=mm&r=g\",\"caption\":\"dmcsrbija.com@gmail.com\"},\"sameAs\":[\"https:\\\/\\\/dmcsrb.com\"],\"url\":\"https:\\\/\\\/dmcsrb.com\\\/en\\\/author\\\/dmcsrbija-comgmail-com\\\/\"}]}<\/script>\n<!-- \/ Yoast SEO plugin. -->","yoast_head_json":{"title":"Camaj, \u010dovjek odluke protiv Jezera: Gol sa posvetom - dmcsrb.com","robots":{"index":"index","follow":"follow","max-snippet":"max-snippet:-1","max-image-preview":"max-image-preview:large","max-video-preview":"max-video-preview:-1"},"canonical":"https:\/\/dmcsrb.com\/en\/sport\/camaj-covjek-odluke-protiv-jezera-gol-sa-posvetom\/","og_locale":"en_GB","og_type":"article","og_title":"Camaj, \u010dovjek odluke protiv Jezera: Gol sa posvetom - dmcsrb.com","og_description":"Budu\u0107nost se nakon emotivnog pra\u017enjenja poslije Evrope, vratili doma\u0107em fudbalu, a na startu jubilarne 20. sezone CFL upisana je \u2013 pobjeda. Te\u0161ka, ali va\u017ena.","og_url":"https:\/\/dmcsrb.com\/en\/sport\/camaj-covjek-odluke-protiv-jezera-gol-sa-posvetom\/","og_site_name":"dmcsrb.com","article_published_time":"2025-08-06T13:31:00+00:00","og_image":[{"width":1536,"height":1024,"url":"https:\/\/dmcsrb.com\/wp-content\/uploads\/2026\/01\/Camaj-FK-Buducnost-Rusmin-Radic.webp","type":"image\/webp"}],"author":"dmcsrbija.com@gmail.com","twitter_card":"summary_large_image","twitter_misc":{"Written by":"dmcsrbija.com@gmail.com","Estimated reading time":"2 minutes"},"schema":{"@context":"https:\/\/schema.org","@graph":[{"@type":"Article","@id":"https:\/\/dmcsrb.com\/sport\/camaj-covjek-odluke-protiv-jezera-gol-sa-posvetom\/#article","isPartOf":{"@id":"https:\/\/dmcsrb.com\/sport\/camaj-covjek-odluke-protiv-jezera-gol-sa-posvetom\/"},"author":{"name":"dmcsrbija.com@gmail.com","@id":"https:\/\/dmcsrb.com\/#\/schema\/person\/5c39170f12db1b8b457732d0b5c854e2"},"headline":"Camaj, \u010dovjek odluke protiv Jezera: Gol sa posvetom","datePublished":"2025-08-06T13:31:00+00:00","mainEntityOfPage":{"@id":"https:\/\/dmcsrb.com\/sport\/camaj-covjek-odluke-protiv-jezera-gol-sa-posvetom\/"},"wordCount":494,"commentCount":0,"image":{"@id":"https:\/\/dmcsrb.com\/sport\/camaj-covjek-odluke-protiv-jezera-gol-sa-posvetom\/#primaryimage"},"thumbnailUrl":"https:\/\/dmcsrb.com\/wp-content\/uploads\/2026\/01\/Camaj-FK-Buducnost-Rusmin-Radic.webp","keywords":["Andrej Camaj","FK Budu\u0107nost","FK Jezero","Meridianbet 1. CFL"],"articleSection":["Sport"],"inLanguage":"en-GB","potentialAction":[{"@type":"CommentAction","name":"Comment","target":["https:\/\/dmcsrb.com\/sport\/camaj-covjek-odluke-protiv-jezera-gol-sa-posvetom\/#respond"]}]},{"@type":"WebPage","@id":"https:\/\/dmcsrb.com\/sport\/camaj-covjek-odluke-protiv-jezera-gol-sa-posvetom\/","url":"https:\/\/dmcsrb.com\/sport\/camaj-covjek-odluke-protiv-jezera-gol-sa-posvetom\/","name":"Camaj, \u010dovjek odluke protiv Jezera: Gol sa posvetom - dmcsrb.com","isPartOf":{"@id":"https:\/\/dmcsrb.com\/#website"},"primaryImageOfPage":{"@id":"https:\/\/dmcsrb.com\/sport\/camaj-covjek-odluke-protiv-jezera-gol-sa-posvetom\/#primaryimage"},"image":{"@id":"https:\/\/dmcsrb.com\/sport\/camaj-covjek-odluke-protiv-jezera-gol-sa-posvetom\/#primaryimage"},"thumbnailUrl":"https:\/\/dmcsrb.com\/wp-content\/uploads\/2026\/01\/Camaj-FK-Buducnost-Rusmin-Radic.webp","datePublished":"2025-08-06T13:31:00+00:00","author":{"@id":"https:\/\/dmcsrb.com\/#\/schema\/person\/5c39170f12db1b8b457732d0b5c854e2"},"breadcrumb":{"@id":"https:\/\/dmcsrb.com\/sport\/camaj-covjek-odluke-protiv-jezera-gol-sa-posvetom\/#breadcrumb"},"inLanguage":"en-GB","potentialAction":[{"@type":"ReadAction","target":["https:\/\/dmcsrb.com\/sport\/camaj-covjek-odluke-protiv-jezera-gol-sa-posvetom\/"]}]},{"@type":"ImageObject","inLanguage":"en-GB","@id":"https:\/\/dmcsrb.com\/sport\/camaj-covjek-odluke-protiv-jezera-gol-sa-posvetom\/#primaryimage","url":"https:\/\/dmcsrb.com\/wp-content\/uploads\/2026\/01\/Camaj-FK-Buducnost-Rusmin-Radic.webp","contentUrl":"https:\/\/dmcsrb.com\/wp-content\/uploads\/2026\/01\/Camaj-FK-Buducnost-Rusmin-Radic.webp","width":1536,"height":1024},{"@type":"BreadcrumbList","@id":"https:\/\/dmcsrb.com\/sport\/camaj-covjek-odluke-protiv-jezera-gol-sa-posvetom\/#breadcrumb","itemListElement":[{"@type":"ListItem","position":1,"name":"Home","item":"https:\/\/dmcsrb.com\/"},{"@type":"ListItem","position":2,"name":"Camaj, \u010dovjek odluke protiv Jezera: Gol sa posvetom"}]},{"@type":"WebSite","@id":"https:\/\/dmcsrb.com\/#website","url":"https:\/\/dmcsrb.com\/","name":"dmcsrb.com","description":"","potentialAction":[{"@type":"SearchAction","target":{"@type":"EntryPoint","urlTemplate":"https:\/\/dmcsrb.com\/?s={search_term_string}"},"query-input":{"@type":"PropertyValueSpecification","valueRequired":true,"valueName":"search_term_string"}}],"inLanguage":"en-GB"},{"@type":"Person","@id":"https:\/\/dmcsrb.com\/#\/schema\/person\/5c39170f12db1b8b457732d0b5c854e2","name":"dmcsrbija.com@gmail.com","image":{"@type":"ImageObject","inLanguage":"en-GB","@id":"https:\/\/secure.gravatar.com\/avatar\/68592660ad6347fad0fb587f8d5d8f1a7b44961362f56e4f2cd524feb87e9069?s=96&d=mm&r=g","url":"https:\/\/secure.gravatar.com\/avatar\/68592660ad6347fad0fb587f8d5d8f1a7b44961362f56e4f2cd524feb87e9069?s=96&d=mm&r=g","contentUrl":"https:\/\/secure.gravatar.com\/avatar\/68592660ad6347fad0fb587f8d5d8f1a7b44961362f56e4f2cd524feb87e9069?s=96&d=mm&r=g","caption":"dmcsrbija.com@gmail.com"},"sameAs":["https:\/\/dmcsrb.com"],"url":"https:\/\/dmcsrb.com\/en\/author\/dmcsrbija-comgmail-com\/"}]}},"_links":{"self":[{"href":"https:\/\/dmcsrb.com\/en\/wp-json\/wp\/v2\/posts\/944720","targetHints":{"allow":["GET"]}}],"collection":[{"href":"https:\/\/dmcsrb.com\/en\/wp-json\/wp\/v2\/posts"}],"about":[{"href":"https:\/\/dmcsrb.com\/en\/wp-json\/wp\/v2\/types\/post"}],"author":[{"embeddable":true,"href":"https:\/\/dmcsrb.com\/en\/wp-json\/wp\/v2\/users\/1"}],"replies":[{"embeddable":true,"href":"https:\/\/dmcsrb.com\/en\/wp-json\/wp\/v2\/comments?post=944720"}],"version-history":[{"count":0,"href":"https:\/\/dmcsrb.com\/en\/wp-json\/wp\/v2\/posts\/944720\/revisions"}],"wp:featuredmedia":[{"embeddable":true,"href":"https:\/\/dmcsrb.com\/en\/wp-json\/wp\/v2\/media\/944721"}],"wp:attachment":[{"href":"https:\/\/dmcsrb.com\/en\/wp-json\/wp\/v2\/media?parent=944720"}],"wp:term":[{"taxonomy":"category","embeddable":true,"href":"https:\/\/dmcsrb.com\/en\/wp-json\/wp\/v2\/categories?post=944720"},{"taxonomy":"post_tag","embeddable":true,"href":"https:\/\/dmcsrb.com\/en\/wp-json\/wp\/v2\/tags?post=944720"},{"taxonomy":"naslovna","embeddable":true,"href":"https:\/\/dmcsrb.com\/en\/wp-json\/wp\/v2\/naslovna?post=944720"}],"curies":[{"name":"wp","href":"https:\/\/api.w.org\/{rel}","templated":true}]}}