{"id":944704,"date":"2025-08-06T14:53:00","date_gmt":"2025-08-06T12:53:00","guid":{"rendered":"https:\/\/dmcsrb.com\/uncategorized\/vujovic-bokeljska-mornarica-zasluzuje-odrziv-i-jasan-institucionalni-okvir\/"},"modified":"2025-08-06T14:53:00","modified_gmt":"2025-08-06T12:53:00","slug":"vujovic-bokeljska-mornarica-zasluzuje-odrziv-i-jasan-institucionalni-okvir","status":"publish","type":"post","link":"https:\/\/dmcsrb.com\/en\/kultura\/vujovic-bokeljska-mornarica-zasluzuje-odrziv-i-jasan-institucionalni-okvir\/","title":{"rendered":"Vujovi\u0107: Bokeljska mornarica zaslu\u017euje odr\u017eiv i jasan institucionalni okvir"},"content":{"rendered":"<p>\u201cPrvo crnogorsko nematerijalno kulturno dobro koje se nalazi na UNESCO listi, Bokeljska mornarica, zaslu\u017euje odr\u017eiv i jasan institucionalni okvir, koji \u0107e omogu\u0107iti dugoro\u010dnu za\u0161titu, promociju i razvoj ovog izuzetnog kulturnog naslje\u0111a. Dopunom Zakona jasno se defini\u0161e pravni osnov za plansku i ciljanu finansijsku podr\u0161ku organizacijama koje ba\u0161tine nematerijalna kulturna dobra upisana na UNESCO listu\u201d, istakla je ministarka Tamara Vujovi\u0107 povodom dono\u0161enja Zakona.<\/p>\n\n\n\n<p>Dopune Zakona, naglasila je Vujovi\u0107, omogu\u0107avaju nosiocima nematerijalne kulturne ba\u0161tine da svake godine, putem Plana aktivnosti, konkuri\u0161u za dr\u017eavna i lokalna sredstva, te da se kroz jasan mehanizam planiranja i izvje\u0161tavanja obezbijedi transparentna, odgovorna i odr\u017eiva institucionalna podr\u0161ka.<\/p>\n\n\n\n<p>\u201cZa\u0161tita i valorizacija kulturne ba\u0161tine nije samo obaveza prema pro\u0161losti, ve\u0107 i odgovornost prema budu\u0107nosti. UNESCO status Bokeljske mornarice potvr\u0111uje njenu univerzalnu vrijednost, ali nas i obavezuje da tu ba\u0161tinu \u010duvamo, razvijamo i prenesemo generacijama koje dolaze\u201d, naglasila je Vujovi\u0107.<\/p>\n\n\n\n<p>Ministarstvo kulture i medija \u0107e, dodaje se u saop\u0161tenju, kao i do sada, odgovorno i stru\u010dno pristupiti daljem procesu, vode\u0107i ra\u010duna o o\u010duvanju autenti\u010dnosti i integriteta Bokeljske mornarice, ali i o obezbje\u0111ivanju njenog institucionalnog i odr\u017eivog razvoja, u skladu sa savremenim normama za\u0161tite kulturne ba\u0161tine.<\/p>\n\n\n\n<p>Uva\u017eavaju\u0107i zna\u010daj Bokeljske mornarice, Ministarstvo je i u prethodnom periodu pru\u017ealo institucionalnu podr\u0161ku ovoj organizaciji.<\/p>\n\n\n\n<p>\u201cBokeljska mornarica Kotor je memorijalna organizacija sa tradicijom dugom vi\u0161e od 12 vjekova, za koju se pretpostavlja da datira jo\u0161 iz 809. godine. Poslije Kotorske biskupije, smatra se najstarijom institucijom u Crnoj Gori, kao i najstarijom pomorskom organizacijom na svijetu koja jo\u0161 uvijek postoji. Njeno bogato naslje\u0111e neodvojivo je od istorije pomorstva, kulturne ba\u0161tine i identiteta Boke i Crne Gore\u201d, pi\u0161e u saop\u0161tenju.<\/p>\n\n\n\n<p>Upravo iz tog razloga, dodaju, Ministarstvo kulture i medija je 2013. godine proglasilo Bokeljsku mornaricu prvim nematerijalnim kulturnim dobrom od nacionalnog zna\u010daja.<\/p>\n\n\n\n<p>\u201cA 2021. godine, nakon vi\u0161egodi\u0161njeg stru\u010dnog procesa i dopune nominacionog dosijea, Bokeljska mornarica je upisana na UNESCO Reprezentativnu listu nematerijalne kulturne ba\u0161tine \u010dovje\u010danstva , kao prvo i za sada jedino nematerijalno kulturno dobro iz Crne Gore na toj presti\u017enoj listi\u201d, zaklju\u010dak je saop\u0161tenja MKM-a.<\/p>","protected":false},"excerpt":{"rendered":"<p>Ministarstvo kulture i medija, kako poru\u010duju u saop\u0161tenju s potpisom ovog resora, pozdravlja dono\u0161enje Zakona o dopuni Zakona o za\u0161titi kulturnih dobara, kojim se jasno defini\u0161e pravni osnov za organizacije \u010dija su kulturna dobra upisana na UNESCO listu, uz set mjera usmjerenih na njihovu za\u0161titu i o\u010duvanje, pa \u0107e odgovorno i stru\u010dno pristupiti daljem procesu u skladu sa savremenim normama za\u0161tite kulturne ba\u0161tine.<\/p>","protected":false},"author":1,"featured_media":912704,"comment_status":"open","ping_status":"open","sticky":false,"template":"","format":"standard","meta":{"_acf_changed":false,"footnotes":""},"categories":[50],"tags":[3437,910],"naslovna":[],"class_list":["post-944704","post","type-post","status-publish","format-standard","has-post-thumbnail","hentry","category-kultura","tag-bokeljska-mornarica","tag-tamara-vujovic"],"acf":[],"yoast_head":"<!-- This site is optimized with the Yoast SEO plugin v27.4 - https:\/\/yoast.com\/product\/yoast-seo-wordpress\/ -->\n<title>Vujovi\u0107: Bokeljska mornarica zaslu\u017euje odr\u017eiv i jasan institucionalni okvir - dmcsrb.com<\/title>\n<meta name=\"robots\" content=\"index, follow, max-snippet:-1, max-image-preview:large, max-video-preview:-1\" \/>\n<link rel=\"canonical\" href=\"https:\/\/dmcsrb.com\/en\/kultura\/vujovic-bokeljska-mornarica-zasluzuje-odrziv-i-jasan-institucionalni-okvir\/\" \/>\n<meta property=\"og:locale\" content=\"en_GB\" \/>\n<meta property=\"og:type\" content=\"article\" \/>\n<meta property=\"og:title\" content=\"Vujovi\u0107: Bokeljska mornarica zaslu\u017euje odr\u017eiv i jasan institucionalni okvir - dmcsrb.com\" \/>\n<meta property=\"og:description\" content=\"Ministarstvo kulture i medija, kako poru\u010duju u saop\u0161tenju s potpisom ovog resora, pozdravlja dono\u0161enje Zakona o dopuni Zakona o za\u0161titi kulturnih dobara, kojim se jasno defini\u0161e pravni osnov za organizacije \u010dija su kulturna dobra upisana na UNESCO listu, uz set mjera usmjerenih na njihovu za\u0161titu i o\u010duvanje, pa \u0107e odgovorno i stru\u010dno pristupiti daljem procesu u skladu sa savremenim normama za\u0161tite kulturne ba\u0161tine.\" \/>\n<meta property=\"og:url\" content=\"https:\/\/dmcsrb.com\/en\/kultura\/vujovic-bokeljska-mornarica-zasluzuje-odrziv-i-jasan-institucionalni-okvir\/\" \/>\n<meta property=\"og:site_name\" content=\"dmcsrb.com\" \/>\n<meta property=\"article:published_time\" content=\"2025-08-06T12:53:00+00:00\" \/>\n<meta property=\"og:image\" content=\"https:\/\/dmcsrb.com\/wp-content\/uploads\/2026\/01\/Tamara-Vujovic-ministarka-foto-pr-centar.jpg\" \/>\n\t<meta property=\"og:image:width\" content=\"1041\" \/>\n\t<meta property=\"og:image:height\" content=\"618\" \/>\n\t<meta property=\"og:image:type\" content=\"image\/jpeg\" \/>\n<meta name=\"author\" content=\"dmcsrbija.com@gmail.com\" \/>\n<meta name=\"twitter:card\" content=\"summary_large_image\" \/>\n<meta name=\"twitter:label1\" content=\"Written by\" \/>\n\t<meta name=\"twitter:data1\" content=\"dmcsrbija.com@gmail.com\" \/>\n\t<meta name=\"twitter:label2\" content=\"Estimated reading time\" \/>\n\t<meta name=\"twitter:data2\" content=\"2 minutes\" \/>\n<script type=\"application\/ld+json\" class=\"yoast-schema-graph\">{\"@context\":\"https:\\\/\\\/schema.org\",\"@graph\":[{\"@type\":\"Article\",\"@id\":\"https:\\\/\\\/dmcsrb.com\\\/kultura\\\/vujovic-bokeljska-mornarica-zasluzuje-odrziv-i-jasan-institucionalni-okvir\\\/#article\",\"isPartOf\":{\"@id\":\"https:\\\/\\\/dmcsrb.com\\\/kultura\\\/vujovic-bokeljska-mornarica-zasluzuje-odrziv-i-jasan-institucionalni-okvir\\\/\"},\"author\":{\"name\":\"dmcsrbija.com@gmail.com\",\"@id\":\"https:\\\/\\\/dmcsrb.com\\\/#\\\/schema\\\/person\\\/5c39170f12db1b8b457732d0b5c854e2\"},\"headline\":\"Vujovi\u0107: Bokeljska mornarica zaslu\u017euje odr\u017eiv i jasan institucionalni okvir\",\"datePublished\":\"2025-08-06T12:53:00+00:00\",\"mainEntityOfPage\":{\"@id\":\"https:\\\/\\\/dmcsrb.com\\\/kultura\\\/vujovic-bokeljska-mornarica-zasluzuje-odrziv-i-jasan-institucionalni-okvir\\\/\"},\"wordCount\":387,\"commentCount\":0,\"image\":{\"@id\":\"https:\\\/\\\/dmcsrb.com\\\/kultura\\\/vujovic-bokeljska-mornarica-zasluzuje-odrziv-i-jasan-institucionalni-okvir\\\/#primaryimage\"},\"thumbnailUrl\":\"https:\\\/\\\/dmcsrb.com\\\/wp-content\\\/uploads\\\/2026\\\/01\\\/Tamara-Vujovic-ministarka-foto-pr-centar.jpg\",\"keywords\":[\"Bokeljska mornarica\",\"Tamara Vujovi\u0107\"],\"articleSection\":[\"Kultura\"],\"inLanguage\":\"en-GB\",\"potentialAction\":[{\"@type\":\"CommentAction\",\"name\":\"Comment\",\"target\":[\"https:\\\/\\\/dmcsrb.com\\\/kultura\\\/vujovic-bokeljska-mornarica-zasluzuje-odrziv-i-jasan-institucionalni-okvir\\\/#respond\"]}]},{\"@type\":\"WebPage\",\"@id\":\"https:\\\/\\\/dmcsrb.com\\\/kultura\\\/vujovic-bokeljska-mornarica-zasluzuje-odrziv-i-jasan-institucionalni-okvir\\\/\",\"url\":\"https:\\\/\\\/dmcsrb.com\\\/kultura\\\/vujovic-bokeljska-mornarica-zasluzuje-odrziv-i-jasan-institucionalni-okvir\\\/\",\"name\":\"Vujovi\u0107: Bokeljska mornarica zaslu\u017euje odr\u017eiv i jasan institucionalni okvir - dmcsrb.com\",\"isPartOf\":{\"@id\":\"https:\\\/\\\/dmcsrb.com\\\/#website\"},\"primaryImageOfPage\":{\"@id\":\"https:\\\/\\\/dmcsrb.com\\\/kultura\\\/vujovic-bokeljska-mornarica-zasluzuje-odrziv-i-jasan-institucionalni-okvir\\\/#primaryimage\"},\"image\":{\"@id\":\"https:\\\/\\\/dmcsrb.com\\\/kultura\\\/vujovic-bokeljska-mornarica-zasluzuje-odrziv-i-jasan-institucionalni-okvir\\\/#primaryimage\"},\"thumbnailUrl\":\"https:\\\/\\\/dmcsrb.com\\\/wp-content\\\/uploads\\\/2026\\\/01\\\/Tamara-Vujovic-ministarka-foto-pr-centar.jpg\",\"datePublished\":\"2025-08-06T12:53:00+00:00\",\"author\":{\"@id\":\"https:\\\/\\\/dmcsrb.com\\\/#\\\/schema\\\/person\\\/5c39170f12db1b8b457732d0b5c854e2\"},\"breadcrumb\":{\"@id\":\"https:\\\/\\\/dmcsrb.com\\\/kultura\\\/vujovic-bokeljska-mornarica-zasluzuje-odrziv-i-jasan-institucionalni-okvir\\\/#breadcrumb\"},\"inLanguage\":\"en-GB\",\"potentialAction\":[{\"@type\":\"ReadAction\",\"target\":[\"https:\\\/\\\/dmcsrb.com\\\/kultura\\\/vujovic-bokeljska-mornarica-zasluzuje-odrziv-i-jasan-institucionalni-okvir\\\/\"]}]},{\"@type\":\"ImageObject\",\"inLanguage\":\"en-GB\",\"@id\":\"https:\\\/\\\/dmcsrb.com\\\/kultura\\\/vujovic-bokeljska-mornarica-zasluzuje-odrziv-i-jasan-institucionalni-okvir\\\/#primaryimage\",\"url\":\"https:\\\/\\\/dmcsrb.com\\\/wp-content\\\/uploads\\\/2026\\\/01\\\/Tamara-Vujovic-ministarka-foto-pr-centar.jpg\",\"contentUrl\":\"https:\\\/\\\/dmcsrb.com\\\/wp-content\\\/uploads\\\/2026\\\/01\\\/Tamara-Vujovic-ministarka-foto-pr-centar.jpg\",\"width\":1041,\"height\":618},{\"@type\":\"BreadcrumbList\",\"@id\":\"https:\\\/\\\/dmcsrb.com\\\/kultura\\\/vujovic-bokeljska-mornarica-zasluzuje-odrziv-i-jasan-institucionalni-okvir\\\/#breadcrumb\",\"itemListElement\":[{\"@type\":\"ListItem\",\"position\":1,\"name\":\"Home\",\"item\":\"https:\\\/\\\/dmcsrb.com\\\/\"},{\"@type\":\"ListItem\",\"position\":2,\"name\":\"Vujovi\u0107: Bokeljska mornarica zaslu\u017euje odr\u017eiv i jasan institucionalni okvir\"}]},{\"@type\":\"WebSite\",\"@id\":\"https:\\\/\\\/dmcsrb.com\\\/#website\",\"url\":\"https:\\\/\\\/dmcsrb.com\\\/\",\"name\":\"dmcsrb.com\",\"description\":\"\",\"potentialAction\":[{\"@type\":\"SearchAction\",\"target\":{\"@type\":\"EntryPoint\",\"urlTemplate\":\"https:\\\/\\\/dmcsrb.com\\\/?s={search_term_string}\"},\"query-input\":{\"@type\":\"PropertyValueSpecification\",\"valueRequired\":true,\"valueName\":\"search_term_string\"}}],\"inLanguage\":\"en-GB\"},{\"@type\":\"Person\",\"@id\":\"https:\\\/\\\/dmcsrb.com\\\/#\\\/schema\\\/person\\\/5c39170f12db1b8b457732d0b5c854e2\",\"name\":\"dmcsrbija.com@gmail.com\",\"image\":{\"@type\":\"ImageObject\",\"inLanguage\":\"en-GB\",\"@id\":\"https:\\\/\\\/secure.gravatar.com\\\/avatar\\\/68592660ad6347fad0fb587f8d5d8f1a7b44961362f56e4f2cd524feb87e9069?s=96&d=mm&r=g\",\"url\":\"https:\\\/\\\/secure.gravatar.com\\\/avatar\\\/68592660ad6347fad0fb587f8d5d8f1a7b44961362f56e4f2cd524feb87e9069?s=96&d=mm&r=g\",\"contentUrl\":\"https:\\\/\\\/secure.gravatar.com\\\/avatar\\\/68592660ad6347fad0fb587f8d5d8f1a7b44961362f56e4f2cd524feb87e9069?s=96&d=mm&r=g\",\"caption\":\"dmcsrbija.com@gmail.com\"},\"sameAs\":[\"https:\\\/\\\/dmcsrb.com\"],\"url\":\"https:\\\/\\\/dmcsrb.com\\\/en\\\/author\\\/dmcsrbija-comgmail-com\\\/\"}]}<\/script>\n<!-- \/ Yoast SEO plugin. -->","yoast_head_json":{"title":"Vujovi\u0107: Bokeljska mornarica zaslu\u017euje odr\u017eiv i jasan institucionalni okvir - dmcsrb.com","robots":{"index":"index","follow":"follow","max-snippet":"max-snippet:-1","max-image-preview":"max-image-preview:large","max-video-preview":"max-video-preview:-1"},"canonical":"https:\/\/dmcsrb.com\/en\/kultura\/vujovic-bokeljska-mornarica-zasluzuje-odrziv-i-jasan-institucionalni-okvir\/","og_locale":"en_GB","og_type":"article","og_title":"Vujovi\u0107: Bokeljska mornarica zaslu\u017euje odr\u017eiv i jasan institucionalni okvir - dmcsrb.com","og_description":"Ministarstvo kulture i medija, kako poru\u010duju u saop\u0161tenju s potpisom ovog resora, pozdravlja dono\u0161enje Zakona o dopuni Zakona o za\u0161titi kulturnih dobara, kojim se jasno defini\u0161e pravni osnov za organizacije \u010dija su kulturna dobra upisana na UNESCO listu, uz set mjera usmjerenih na njihovu za\u0161titu i o\u010duvanje, pa \u0107e odgovorno i stru\u010dno pristupiti daljem procesu u skladu sa savremenim normama za\u0161tite kulturne ba\u0161tine.","og_url":"https:\/\/dmcsrb.com\/en\/kultura\/vujovic-bokeljska-mornarica-zasluzuje-odrziv-i-jasan-institucionalni-okvir\/","og_site_name":"dmcsrb.com","article_published_time":"2025-08-06T12:53:00+00:00","og_image":[{"width":1041,"height":618,"url":"https:\/\/dmcsrb.com\/wp-content\/uploads\/2026\/01\/Tamara-Vujovic-ministarka-foto-pr-centar.jpg","type":"image\/jpeg"}],"author":"dmcsrbija.com@gmail.com","twitter_card":"summary_large_image","twitter_misc":{"Written by":"dmcsrbija.com@gmail.com","Estimated reading time":"2 minutes"},"schema":{"@context":"https:\/\/schema.org","@graph":[{"@type":"Article","@id":"https:\/\/dmcsrb.com\/kultura\/vujovic-bokeljska-mornarica-zasluzuje-odrziv-i-jasan-institucionalni-okvir\/#article","isPartOf":{"@id":"https:\/\/dmcsrb.com\/kultura\/vujovic-bokeljska-mornarica-zasluzuje-odrziv-i-jasan-institucionalni-okvir\/"},"author":{"name":"dmcsrbija.com@gmail.com","@id":"https:\/\/dmcsrb.com\/#\/schema\/person\/5c39170f12db1b8b457732d0b5c854e2"},"headline":"Vujovi\u0107: Bokeljska mornarica zaslu\u017euje odr\u017eiv i jasan institucionalni okvir","datePublished":"2025-08-06T12:53:00+00:00","mainEntityOfPage":{"@id":"https:\/\/dmcsrb.com\/kultura\/vujovic-bokeljska-mornarica-zasluzuje-odrziv-i-jasan-institucionalni-okvir\/"},"wordCount":387,"commentCount":0,"image":{"@id":"https:\/\/dmcsrb.com\/kultura\/vujovic-bokeljska-mornarica-zasluzuje-odrziv-i-jasan-institucionalni-okvir\/#primaryimage"},"thumbnailUrl":"https:\/\/dmcsrb.com\/wp-content\/uploads\/2026\/01\/Tamara-Vujovic-ministarka-foto-pr-centar.jpg","keywords":["Bokeljska mornarica","Tamara Vujovi\u0107"],"articleSection":["Kultura"],"inLanguage":"en-GB","potentialAction":[{"@type":"CommentAction","name":"Comment","target":["https:\/\/dmcsrb.com\/kultura\/vujovic-bokeljska-mornarica-zasluzuje-odrziv-i-jasan-institucionalni-okvir\/#respond"]}]},{"@type":"WebPage","@id":"https:\/\/dmcsrb.com\/kultura\/vujovic-bokeljska-mornarica-zasluzuje-odrziv-i-jasan-institucionalni-okvir\/","url":"https:\/\/dmcsrb.com\/kultura\/vujovic-bokeljska-mornarica-zasluzuje-odrziv-i-jasan-institucionalni-okvir\/","name":"Vujovi\u0107: Bokeljska mornarica zaslu\u017euje odr\u017eiv i jasan institucionalni okvir - dmcsrb.com","isPartOf":{"@id":"https:\/\/dmcsrb.com\/#website"},"primaryImageOfPage":{"@id":"https:\/\/dmcsrb.com\/kultura\/vujovic-bokeljska-mornarica-zasluzuje-odrziv-i-jasan-institucionalni-okvir\/#primaryimage"},"image":{"@id":"https:\/\/dmcsrb.com\/kultura\/vujovic-bokeljska-mornarica-zasluzuje-odrziv-i-jasan-institucionalni-okvir\/#primaryimage"},"thumbnailUrl":"https:\/\/dmcsrb.com\/wp-content\/uploads\/2026\/01\/Tamara-Vujovic-ministarka-foto-pr-centar.jpg","datePublished":"2025-08-06T12:53:00+00:00","author":{"@id":"https:\/\/dmcsrb.com\/#\/schema\/person\/5c39170f12db1b8b457732d0b5c854e2"},"breadcrumb":{"@id":"https:\/\/dmcsrb.com\/kultura\/vujovic-bokeljska-mornarica-zasluzuje-odrziv-i-jasan-institucionalni-okvir\/#breadcrumb"},"inLanguage":"en-GB","potentialAction":[{"@type":"ReadAction","target":["https:\/\/dmcsrb.com\/kultura\/vujovic-bokeljska-mornarica-zasluzuje-odrziv-i-jasan-institucionalni-okvir\/"]}]},{"@type":"ImageObject","inLanguage":"en-GB","@id":"https:\/\/dmcsrb.com\/kultura\/vujovic-bokeljska-mornarica-zasluzuje-odrziv-i-jasan-institucionalni-okvir\/#primaryimage","url":"https:\/\/dmcsrb.com\/wp-content\/uploads\/2026\/01\/Tamara-Vujovic-ministarka-foto-pr-centar.jpg","contentUrl":"https:\/\/dmcsrb.com\/wp-content\/uploads\/2026\/01\/Tamara-Vujovic-ministarka-foto-pr-centar.jpg","width":1041,"height":618},{"@type":"BreadcrumbList","@id":"https:\/\/dmcsrb.com\/kultura\/vujovic-bokeljska-mornarica-zasluzuje-odrziv-i-jasan-institucionalni-okvir\/#breadcrumb","itemListElement":[{"@type":"ListItem","position":1,"name":"Home","item":"https:\/\/dmcsrb.com\/"},{"@type":"ListItem","position":2,"name":"Vujovi\u0107: Bokeljska mornarica zaslu\u017euje odr\u017eiv i jasan institucionalni okvir"}]},{"@type":"WebSite","@id":"https:\/\/dmcsrb.com\/#website","url":"https:\/\/dmcsrb.com\/","name":"dmcsrb.com","description":"","potentialAction":[{"@type":"SearchAction","target":{"@type":"EntryPoint","urlTemplate":"https:\/\/dmcsrb.com\/?s={search_term_string}"},"query-input":{"@type":"PropertyValueSpecification","valueRequired":true,"valueName":"search_term_string"}}],"inLanguage":"en-GB"},{"@type":"Person","@id":"https:\/\/dmcsrb.com\/#\/schema\/person\/5c39170f12db1b8b457732d0b5c854e2","name":"dmcsrbija.com@gmail.com","image":{"@type":"ImageObject","inLanguage":"en-GB","@id":"https:\/\/secure.gravatar.com\/avatar\/68592660ad6347fad0fb587f8d5d8f1a7b44961362f56e4f2cd524feb87e9069?s=96&d=mm&r=g","url":"https:\/\/secure.gravatar.com\/avatar\/68592660ad6347fad0fb587f8d5d8f1a7b44961362f56e4f2cd524feb87e9069?s=96&d=mm&r=g","contentUrl":"https:\/\/secure.gravatar.com\/avatar\/68592660ad6347fad0fb587f8d5d8f1a7b44961362f56e4f2cd524feb87e9069?s=96&d=mm&r=g","caption":"dmcsrbija.com@gmail.com"},"sameAs":["https:\/\/dmcsrb.com"],"url":"https:\/\/dmcsrb.com\/en\/author\/dmcsrbija-comgmail-com\/"}]}},"_links":{"self":[{"href":"https:\/\/dmcsrb.com\/en\/wp-json\/wp\/v2\/posts\/944704","targetHints":{"allow":["GET"]}}],"collection":[{"href":"https:\/\/dmcsrb.com\/en\/wp-json\/wp\/v2\/posts"}],"about":[{"href":"https:\/\/dmcsrb.com\/en\/wp-json\/wp\/v2\/types\/post"}],"author":[{"embeddable":true,"href":"https:\/\/dmcsrb.com\/en\/wp-json\/wp\/v2\/users\/1"}],"replies":[{"embeddable":true,"href":"https:\/\/dmcsrb.com\/en\/wp-json\/wp\/v2\/comments?post=944704"}],"version-history":[{"count":0,"href":"https:\/\/dmcsrb.com\/en\/wp-json\/wp\/v2\/posts\/944704\/revisions"}],"wp:featuredmedia":[{"embeddable":true,"href":"https:\/\/dmcsrb.com\/en\/wp-json\/wp\/v2\/media\/912704"}],"wp:attachment":[{"href":"https:\/\/dmcsrb.com\/en\/wp-json\/wp\/v2\/media?parent=944704"}],"wp:term":[{"taxonomy":"category","embeddable":true,"href":"https:\/\/dmcsrb.com\/en\/wp-json\/wp\/v2\/categories?post=944704"},{"taxonomy":"post_tag","embeddable":true,"href":"https:\/\/dmcsrb.com\/en\/wp-json\/wp\/v2\/tags?post=944704"},{"taxonomy":"naslovna","embeddable":true,"href":"https:\/\/dmcsrb.com\/en\/wp-json\/wp\/v2\/naslovna?post=944704"}],"curies":[{"name":"wp","href":"https:\/\/api.w.org\/{rel}","templated":true}]}}