{"id":944688,"date":"2025-08-06T18:49:00","date_gmt":"2025-08-06T16:49:00","guid":{"rendered":"https:\/\/dmcsrb.com\/uncategorized\/slovenija-uvodi-krace-radno-vrijeme-radnici-ce-birati-slobodan-petak-ili-skraceni-radni-dan\/"},"modified":"2025-08-06T18:49:00","modified_gmt":"2025-08-06T16:49:00","slug":"slovenija-uvodi-krace-radno-vrijeme-radnici-ce-birati-slobodan-petak-ili-skraceni-radni-dan","status":"publish","type":"post","link":"https:\/\/dmcsrb.com\/en\/region\/slovenija-uvodi-krace-radno-vrijeme-radnici-ce-birati-slobodan-petak-ili-skraceni-radni-dan\/","title":{"rendered":"Slovenija uvodi kra\u0107e radno vrijeme: Radnici \u0107e birati slobodan petak ili skra\u0107eni radni dan"},"content":{"rendered":"<p>Pored pove\u0107anja naknada za nezaposlene i u\u010desnike javnih radova, kao i olak\u0161anog pristupa tr\u017ei\u0161tu rada za mlade, studente i penzionere, zakon \u0107e omogu\u0107iti radnicima blizu penzije da biraju kako da skrate svoju radnu obavezu, prenosi portal Nova.rs.<\/p>\n\n\n\n<p>Konkretno, zaposleni stariji od 58 godina, kao i oni sa najmanje 35 godina radnog sta\u017ea, mo\u0107i \u0107e da biraju: da petkom imaju slobodan dan i tako produ\u017ee vikend ili da rade skra\u0107eno, po \u0161est sati dnevno.<\/p>\n\n\n\n<p>Ovo je potvrdilo Ministarstvo rada, porodice, socijalnih pitanja i jednakih mogu\u0107nosti za slovena\u010dke medije, a trenutno se pripremaju podzakonski akti za sprovo\u0111enje ovih novih pravila.<\/p>\n\n\n\n<p>Model nazvan 80-90-100 predvi\u0111a radno vrijeme od 80 odsto, platu od 90 odsto i pune doprinose kao da se radi 100 odsto. Ovaj koncept djelimi\u010dno preuzima iskustva Islanda, Irske i Njema\u010dke, gdje su sli\u010dni modeli doveli do pozitivnih rezultata: ve\u0107e produktivnosti, manje izostanaka i bolje efikasnosti. U Sloveniji su ve\u0107 sprovedeni pilot-projekti u tehnolo\u0161kim firmama koji su pokazali sli\u010dne rezultate.<\/p>\n\n\n\n<p>Iz Ministarstva rada, na \u010dijem je \u010delu Luka Mesec iz partije Levica, navode da \u0107e, ukoliko promjene budu uspje\u0161ne, krenuti i korak dalje u liberalizaciji radnih propisa.<\/p>\n\n\n\n<p>Do kraja 2028. godine mogu\u0107e su i dodatne promjene: dodatak za rad subotom, obavezni bo\u017ei\u0107ni bonus za sve zaposlene i uvo\u0111enje radne sedmice od 38 sati.<\/p>\n\n\n\n<p>U okviru prve faze zakonskih izmjena predvi\u0111ene su i dodatne mjere. Nezaposleni u Sloveniji od 2026. godine dobi\u0107e ve\u0107e naknade. Maksimalni iznos koji \u0107e nezaposleni primati tokom prva tri mjeseca nakon prestanka radnog odnosa iznosi\u0107e 130 odsto prosje\u010dne bruto minimalne zarade, \u0161to trenutno prelazi 1.660 eura. Ako ni nakon tri mjeseca ne na\u0111u posao, slijedi naknada od 110 odsto, zatim 100 odsto, a na kraju 70 odsto prosje\u010dne bruto minimalne zarade.<\/p>\n\n\n\n<p>Zna\u010dajne promjene i pove\u0107anja predvi\u0111ene su i za u\u010denike, studente i u\u010desnike javnih radova. Oni \u0107e imati ve\u0107e minimalne satnice i bolje uslove rada. Planirani su i posebni podsticaji za zapo\u0161ljavanje osoba starijih od 59 godina, do 40 odsto mjese\u010dne neto naknade. Ova kategorija gra\u0111ana dobi\u0107e pravo i na ve\u0107i broj dozvoljenih sati povremenog i privremenog rada.<\/p>\n\n\n\n<p>Penzionerima se mjese\u010dni limit rada pove\u0107ava sa 60 na 85 sati, \u010dime se proporcionalno pove\u0107ava i maksimalni godi\u0161nji prihod koji mogu ostvariti na tom osnovu.<\/p>\n\n\n\n<p>Ministarstvo finansija zabrinuto zbog bud\u017eetskog optere\u0107enja<br>Usvajanju ovog zakona prethodili su dugotrajni pregovori sa socijalnim partnerima, ali je zakon kona\u010dno donesen po hitnom postupku, jer je njegovo usvajanje bilo uslovljeno povla\u010denjem 140 miliona eura iz evropskih fondova.<\/p>\n\n\n\n<p>Me\u0111utim, Ministarstvo finansija, na \u010dijem je \u010delu dugogodi\u0161nji menad\u017eer i biv\u0161i direktor Adria Airwaysa Klemen Bo\u0161tjan\u010di\u010d, izrazilo je rezerve u vezi sa finansijskim optere\u0107enjem koje ove mjere donose.<\/p>\n\n\n\n<p>Ukupni tro\u0161ak za dr\u017eavni bud\u017eet procjenjuje se na preko 40 miliona eura, pa \u0107e podzakonski akti koji reguli\u0161u tr\u017ei\u0161te rada biti dono\u0161eni postepeno, do kraja 2028. godine \u2013 ukoliko vlada lijevog centra opstane do tada.<\/p>","protected":false},"excerpt":{"rendered":"<p>U Sloveniji \u0107e od 1. januara 2026. godine djelimi\u010dno stupiti na snagu novi zakon koji \u0107e omogu\u0107iti zaposlenima koji se pribli\u017eavaju penziji da skrate radno vrijeme.<\/p>","protected":false},"author":1,"featured_media":908937,"comment_status":"open","ping_status":"open","sticky":false,"template":"","format":"standard","meta":{"_acf_changed":false,"footnotes":""},"categories":[103],"tags":[5218,191],"naslovna":[],"class_list":["post-944688","post","type-post","status-publish","format-standard","has-post-thumbnail","hentry","category-region","tag-radno-vrijeme","tag-slovenija"],"acf":[],"yoast_head":"<!-- This site is optimized with the Yoast SEO plugin v27.4 - https:\/\/yoast.com\/product\/yoast-seo-wordpress\/ -->\n<title>Slovenija uvodi kra\u0107e radno vrijeme: Radnici \u0107e birati slobodan petak ili skra\u0107eni radni dan - dmcsrb.com<\/title>\n<meta name=\"robots\" content=\"index, follow, max-snippet:-1, max-image-preview:large, max-video-preview:-1\" \/>\n<link rel=\"canonical\" href=\"https:\/\/dmcsrb.com\/en\/region\/slovenija-uvodi-krace-radno-vrijeme-radnici-ce-birati-slobodan-petak-ili-skraceni-radni-dan\/\" \/>\n<meta property=\"og:locale\" content=\"en_GB\" \/>\n<meta property=\"og:type\" content=\"article\" \/>\n<meta property=\"og:title\" content=\"Slovenija uvodi kra\u0107e radno vrijeme: Radnici \u0107e birati slobodan petak ili skra\u0107eni radni dan - dmcsrb.com\" \/>\n<meta property=\"og:description\" content=\"U Sloveniji \u0107e od 1. januara 2026. godine djelimi\u010dno stupiti na snagu novi zakon koji \u0107e omogu\u0107iti zaposlenima koji se pribli\u017eavaju penziji da skrate radno vrijeme.\" \/>\n<meta property=\"og:url\" content=\"https:\/\/dmcsrb.com\/en\/region\/slovenija-uvodi-krace-radno-vrijeme-radnici-ce-birati-slobodan-petak-ili-skraceni-radni-dan\/\" \/>\n<meta property=\"og:site_name\" content=\"dmcsrb.com\" \/>\n<meta property=\"article:published_time\" content=\"2025-08-06T16:49:00+00:00\" \/>\n<meta property=\"og:image\" content=\"https:\/\/dmcsrb.com\/wp-content\/uploads\/2026\/01\/slovenija-zastava.webp\" \/>\n\t<meta property=\"og:image:width\" content=\"2048\" \/>\n\t<meta property=\"og:image:height\" content=\"1365\" \/>\n\t<meta property=\"og:image:type\" content=\"image\/webp\" \/>\n<meta name=\"author\" content=\"dmcsrbija.com@gmail.com\" \/>\n<meta name=\"twitter:card\" content=\"summary_large_image\" \/>\n<meta name=\"twitter:label1\" content=\"Written by\" \/>\n\t<meta name=\"twitter:data1\" content=\"dmcsrbija.com@gmail.com\" \/>\n\t<meta name=\"twitter:label2\" content=\"Estimated reading time\" \/>\n\t<meta name=\"twitter:data2\" content=\"3 minutes\" \/>\n<script type=\"application\/ld+json\" class=\"yoast-schema-graph\">{\"@context\":\"https:\\\/\\\/schema.org\",\"@graph\":[{\"@type\":\"Article\",\"@id\":\"https:\\\/\\\/dmcsrb.com\\\/region\\\/slovenija-uvodi-krace-radno-vrijeme-radnici-ce-birati-slobodan-petak-ili-skraceni-radni-dan\\\/#article\",\"isPartOf\":{\"@id\":\"https:\\\/\\\/dmcsrb.com\\\/region\\\/slovenija-uvodi-krace-radno-vrijeme-radnici-ce-birati-slobodan-petak-ili-skraceni-radni-dan\\\/\"},\"author\":{\"name\":\"dmcsrbija.com@gmail.com\",\"@id\":\"https:\\\/\\\/dmcsrb.com\\\/#\\\/schema\\\/person\\\/5c39170f12db1b8b457732d0b5c854e2\"},\"headline\":\"Slovenija uvodi kra\u0107e radno vrijeme: Radnici \u0107e birati slobodan petak ili skra\u0107eni radni dan\",\"datePublished\":\"2025-08-06T16:49:00+00:00\",\"mainEntityOfPage\":{\"@id\":\"https:\\\/\\\/dmcsrb.com\\\/region\\\/slovenija-uvodi-krace-radno-vrijeme-radnici-ce-birati-slobodan-petak-ili-skraceni-radni-dan\\\/\"},\"wordCount\":525,\"commentCount\":0,\"image\":{\"@id\":\"https:\\\/\\\/dmcsrb.com\\\/region\\\/slovenija-uvodi-krace-radno-vrijeme-radnici-ce-birati-slobodan-petak-ili-skraceni-radni-dan\\\/#primaryimage\"},\"thumbnailUrl\":\"https:\\\/\\\/dmcsrb.com\\\/wp-content\\\/uploads\\\/2026\\\/01\\\/slovenija-zastava.webp\",\"keywords\":[\"radno vrijeme\",\"Slovenija\"],\"articleSection\":[\"Region\"],\"inLanguage\":\"en-GB\",\"potentialAction\":[{\"@type\":\"CommentAction\",\"name\":\"Comment\",\"target\":[\"https:\\\/\\\/dmcsrb.com\\\/region\\\/slovenija-uvodi-krace-radno-vrijeme-radnici-ce-birati-slobodan-petak-ili-skraceni-radni-dan\\\/#respond\"]}]},{\"@type\":\"WebPage\",\"@id\":\"https:\\\/\\\/dmcsrb.com\\\/region\\\/slovenija-uvodi-krace-radno-vrijeme-radnici-ce-birati-slobodan-petak-ili-skraceni-radni-dan\\\/\",\"url\":\"https:\\\/\\\/dmcsrb.com\\\/region\\\/slovenija-uvodi-krace-radno-vrijeme-radnici-ce-birati-slobodan-petak-ili-skraceni-radni-dan\\\/\",\"name\":\"Slovenija uvodi kra\u0107e radno vrijeme: Radnici \u0107e birati slobodan petak ili skra\u0107eni radni dan - dmcsrb.com\",\"isPartOf\":{\"@id\":\"https:\\\/\\\/dmcsrb.com\\\/#website\"},\"primaryImageOfPage\":{\"@id\":\"https:\\\/\\\/dmcsrb.com\\\/region\\\/slovenija-uvodi-krace-radno-vrijeme-radnici-ce-birati-slobodan-petak-ili-skraceni-radni-dan\\\/#primaryimage\"},\"image\":{\"@id\":\"https:\\\/\\\/dmcsrb.com\\\/region\\\/slovenija-uvodi-krace-radno-vrijeme-radnici-ce-birati-slobodan-petak-ili-skraceni-radni-dan\\\/#primaryimage\"},\"thumbnailUrl\":\"https:\\\/\\\/dmcsrb.com\\\/wp-content\\\/uploads\\\/2026\\\/01\\\/slovenija-zastava.webp\",\"datePublished\":\"2025-08-06T16:49:00+00:00\",\"author\":{\"@id\":\"https:\\\/\\\/dmcsrb.com\\\/#\\\/schema\\\/person\\\/5c39170f12db1b8b457732d0b5c854e2\"},\"breadcrumb\":{\"@id\":\"https:\\\/\\\/dmcsrb.com\\\/region\\\/slovenija-uvodi-krace-radno-vrijeme-radnici-ce-birati-slobodan-petak-ili-skraceni-radni-dan\\\/#breadcrumb\"},\"inLanguage\":\"en-GB\",\"potentialAction\":[{\"@type\":\"ReadAction\",\"target\":[\"https:\\\/\\\/dmcsrb.com\\\/region\\\/slovenija-uvodi-krace-radno-vrijeme-radnici-ce-birati-slobodan-petak-ili-skraceni-radni-dan\\\/\"]}]},{\"@type\":\"ImageObject\",\"inLanguage\":\"en-GB\",\"@id\":\"https:\\\/\\\/dmcsrb.com\\\/region\\\/slovenija-uvodi-krace-radno-vrijeme-radnici-ce-birati-slobodan-petak-ili-skraceni-radni-dan\\\/#primaryimage\",\"url\":\"https:\\\/\\\/dmcsrb.com\\\/wp-content\\\/uploads\\\/2026\\\/01\\\/slovenija-zastava.webp\",\"contentUrl\":\"https:\\\/\\\/dmcsrb.com\\\/wp-content\\\/uploads\\\/2026\\\/01\\\/slovenija-zastava.webp\",\"width\":2048,\"height\":1365},{\"@type\":\"BreadcrumbList\",\"@id\":\"https:\\\/\\\/dmcsrb.com\\\/region\\\/slovenija-uvodi-krace-radno-vrijeme-radnici-ce-birati-slobodan-petak-ili-skraceni-radni-dan\\\/#breadcrumb\",\"itemListElement\":[{\"@type\":\"ListItem\",\"position\":1,\"name\":\"Home\",\"item\":\"https:\\\/\\\/dmcsrb.com\\\/\"},{\"@type\":\"ListItem\",\"position\":2,\"name\":\"Slovenija uvodi kra\u0107e radno vrijeme: Radnici \u0107e birati slobodan petak ili skra\u0107eni radni dan\"}]},{\"@type\":\"WebSite\",\"@id\":\"https:\\\/\\\/dmcsrb.com\\\/#website\",\"url\":\"https:\\\/\\\/dmcsrb.com\\\/\",\"name\":\"dmcsrb.com\",\"description\":\"\",\"potentialAction\":[{\"@type\":\"SearchAction\",\"target\":{\"@type\":\"EntryPoint\",\"urlTemplate\":\"https:\\\/\\\/dmcsrb.com\\\/?s={search_term_string}\"},\"query-input\":{\"@type\":\"PropertyValueSpecification\",\"valueRequired\":true,\"valueName\":\"search_term_string\"}}],\"inLanguage\":\"en-GB\"},{\"@type\":\"Person\",\"@id\":\"https:\\\/\\\/dmcsrb.com\\\/#\\\/schema\\\/person\\\/5c39170f12db1b8b457732d0b5c854e2\",\"name\":\"dmcsrbija.com@gmail.com\",\"image\":{\"@type\":\"ImageObject\",\"inLanguage\":\"en-GB\",\"@id\":\"https:\\\/\\\/secure.gravatar.com\\\/avatar\\\/68592660ad6347fad0fb587f8d5d8f1a7b44961362f56e4f2cd524feb87e9069?s=96&d=mm&r=g\",\"url\":\"https:\\\/\\\/secure.gravatar.com\\\/avatar\\\/68592660ad6347fad0fb587f8d5d8f1a7b44961362f56e4f2cd524feb87e9069?s=96&d=mm&r=g\",\"contentUrl\":\"https:\\\/\\\/secure.gravatar.com\\\/avatar\\\/68592660ad6347fad0fb587f8d5d8f1a7b44961362f56e4f2cd524feb87e9069?s=96&d=mm&r=g\",\"caption\":\"dmcsrbija.com@gmail.com\"},\"sameAs\":[\"https:\\\/\\\/dmcsrb.com\"],\"url\":\"https:\\\/\\\/dmcsrb.com\\\/en\\\/author\\\/dmcsrbija-comgmail-com\\\/\"}]}<\/script>\n<!-- \/ Yoast SEO plugin. -->","yoast_head_json":{"title":"Slovenija uvodi kra\u0107e radno vrijeme: Radnici \u0107e birati slobodan petak ili skra\u0107eni radni dan - dmcsrb.com","robots":{"index":"index","follow":"follow","max-snippet":"max-snippet:-1","max-image-preview":"max-image-preview:large","max-video-preview":"max-video-preview:-1"},"canonical":"https:\/\/dmcsrb.com\/en\/region\/slovenija-uvodi-krace-radno-vrijeme-radnici-ce-birati-slobodan-petak-ili-skraceni-radni-dan\/","og_locale":"en_GB","og_type":"article","og_title":"Slovenija uvodi kra\u0107e radno vrijeme: Radnici \u0107e birati slobodan petak ili skra\u0107eni radni dan - dmcsrb.com","og_description":"U Sloveniji \u0107e od 1. januara 2026. godine djelimi\u010dno stupiti na snagu novi zakon koji \u0107e omogu\u0107iti zaposlenima koji se pribli\u017eavaju penziji da skrate radno vrijeme.","og_url":"https:\/\/dmcsrb.com\/en\/region\/slovenija-uvodi-krace-radno-vrijeme-radnici-ce-birati-slobodan-petak-ili-skraceni-radni-dan\/","og_site_name":"dmcsrb.com","article_published_time":"2025-08-06T16:49:00+00:00","og_image":[{"width":2048,"height":1365,"url":"https:\/\/dmcsrb.com\/wp-content\/uploads\/2026\/01\/slovenija-zastava.webp","type":"image\/webp"}],"author":"dmcsrbija.com@gmail.com","twitter_card":"summary_large_image","twitter_misc":{"Written by":"dmcsrbija.com@gmail.com","Estimated reading time":"3 minutes"},"schema":{"@context":"https:\/\/schema.org","@graph":[{"@type":"Article","@id":"https:\/\/dmcsrb.com\/region\/slovenija-uvodi-krace-radno-vrijeme-radnici-ce-birati-slobodan-petak-ili-skraceni-radni-dan\/#article","isPartOf":{"@id":"https:\/\/dmcsrb.com\/region\/slovenija-uvodi-krace-radno-vrijeme-radnici-ce-birati-slobodan-petak-ili-skraceni-radni-dan\/"},"author":{"name":"dmcsrbija.com@gmail.com","@id":"https:\/\/dmcsrb.com\/#\/schema\/person\/5c39170f12db1b8b457732d0b5c854e2"},"headline":"Slovenija uvodi kra\u0107e radno vrijeme: Radnici \u0107e birati slobodan petak ili skra\u0107eni radni dan","datePublished":"2025-08-06T16:49:00+00:00","mainEntityOfPage":{"@id":"https:\/\/dmcsrb.com\/region\/slovenija-uvodi-krace-radno-vrijeme-radnici-ce-birati-slobodan-petak-ili-skraceni-radni-dan\/"},"wordCount":525,"commentCount":0,"image":{"@id":"https:\/\/dmcsrb.com\/region\/slovenija-uvodi-krace-radno-vrijeme-radnici-ce-birati-slobodan-petak-ili-skraceni-radni-dan\/#primaryimage"},"thumbnailUrl":"https:\/\/dmcsrb.com\/wp-content\/uploads\/2026\/01\/slovenija-zastava.webp","keywords":["radno vrijeme","Slovenija"],"articleSection":["Region"],"inLanguage":"en-GB","potentialAction":[{"@type":"CommentAction","name":"Comment","target":["https:\/\/dmcsrb.com\/region\/slovenija-uvodi-krace-radno-vrijeme-radnici-ce-birati-slobodan-petak-ili-skraceni-radni-dan\/#respond"]}]},{"@type":"WebPage","@id":"https:\/\/dmcsrb.com\/region\/slovenija-uvodi-krace-radno-vrijeme-radnici-ce-birati-slobodan-petak-ili-skraceni-radni-dan\/","url":"https:\/\/dmcsrb.com\/region\/slovenija-uvodi-krace-radno-vrijeme-radnici-ce-birati-slobodan-petak-ili-skraceni-radni-dan\/","name":"Slovenija uvodi kra\u0107e radno vrijeme: Radnici \u0107e birati slobodan petak ili skra\u0107eni radni dan - dmcsrb.com","isPartOf":{"@id":"https:\/\/dmcsrb.com\/#website"},"primaryImageOfPage":{"@id":"https:\/\/dmcsrb.com\/region\/slovenija-uvodi-krace-radno-vrijeme-radnici-ce-birati-slobodan-petak-ili-skraceni-radni-dan\/#primaryimage"},"image":{"@id":"https:\/\/dmcsrb.com\/region\/slovenija-uvodi-krace-radno-vrijeme-radnici-ce-birati-slobodan-petak-ili-skraceni-radni-dan\/#primaryimage"},"thumbnailUrl":"https:\/\/dmcsrb.com\/wp-content\/uploads\/2026\/01\/slovenija-zastava.webp","datePublished":"2025-08-06T16:49:00+00:00","author":{"@id":"https:\/\/dmcsrb.com\/#\/schema\/person\/5c39170f12db1b8b457732d0b5c854e2"},"breadcrumb":{"@id":"https:\/\/dmcsrb.com\/region\/slovenija-uvodi-krace-radno-vrijeme-radnici-ce-birati-slobodan-petak-ili-skraceni-radni-dan\/#breadcrumb"},"inLanguage":"en-GB","potentialAction":[{"@type":"ReadAction","target":["https:\/\/dmcsrb.com\/region\/slovenija-uvodi-krace-radno-vrijeme-radnici-ce-birati-slobodan-petak-ili-skraceni-radni-dan\/"]}]},{"@type":"ImageObject","inLanguage":"en-GB","@id":"https:\/\/dmcsrb.com\/region\/slovenija-uvodi-krace-radno-vrijeme-radnici-ce-birati-slobodan-petak-ili-skraceni-radni-dan\/#primaryimage","url":"https:\/\/dmcsrb.com\/wp-content\/uploads\/2026\/01\/slovenija-zastava.webp","contentUrl":"https:\/\/dmcsrb.com\/wp-content\/uploads\/2026\/01\/slovenija-zastava.webp","width":2048,"height":1365},{"@type":"BreadcrumbList","@id":"https:\/\/dmcsrb.com\/region\/slovenija-uvodi-krace-radno-vrijeme-radnici-ce-birati-slobodan-petak-ili-skraceni-radni-dan\/#breadcrumb","itemListElement":[{"@type":"ListItem","position":1,"name":"Home","item":"https:\/\/dmcsrb.com\/"},{"@type":"ListItem","position":2,"name":"Slovenija uvodi kra\u0107e radno vrijeme: Radnici \u0107e birati slobodan petak ili skra\u0107eni radni dan"}]},{"@type":"WebSite","@id":"https:\/\/dmcsrb.com\/#website","url":"https:\/\/dmcsrb.com\/","name":"dmcsrb.com","description":"","potentialAction":[{"@type":"SearchAction","target":{"@type":"EntryPoint","urlTemplate":"https:\/\/dmcsrb.com\/?s={search_term_string}"},"query-input":{"@type":"PropertyValueSpecification","valueRequired":true,"valueName":"search_term_string"}}],"inLanguage":"en-GB"},{"@type":"Person","@id":"https:\/\/dmcsrb.com\/#\/schema\/person\/5c39170f12db1b8b457732d0b5c854e2","name":"dmcsrbija.com@gmail.com","image":{"@type":"ImageObject","inLanguage":"en-GB","@id":"https:\/\/secure.gravatar.com\/avatar\/68592660ad6347fad0fb587f8d5d8f1a7b44961362f56e4f2cd524feb87e9069?s=96&d=mm&r=g","url":"https:\/\/secure.gravatar.com\/avatar\/68592660ad6347fad0fb587f8d5d8f1a7b44961362f56e4f2cd524feb87e9069?s=96&d=mm&r=g","contentUrl":"https:\/\/secure.gravatar.com\/avatar\/68592660ad6347fad0fb587f8d5d8f1a7b44961362f56e4f2cd524feb87e9069?s=96&d=mm&r=g","caption":"dmcsrbija.com@gmail.com"},"sameAs":["https:\/\/dmcsrb.com"],"url":"https:\/\/dmcsrb.com\/en\/author\/dmcsrbija-comgmail-com\/"}]}},"_links":{"self":[{"href":"https:\/\/dmcsrb.com\/en\/wp-json\/wp\/v2\/posts\/944688","targetHints":{"allow":["GET"]}}],"collection":[{"href":"https:\/\/dmcsrb.com\/en\/wp-json\/wp\/v2\/posts"}],"about":[{"href":"https:\/\/dmcsrb.com\/en\/wp-json\/wp\/v2\/types\/post"}],"author":[{"embeddable":true,"href":"https:\/\/dmcsrb.com\/en\/wp-json\/wp\/v2\/users\/1"}],"replies":[{"embeddable":true,"href":"https:\/\/dmcsrb.com\/en\/wp-json\/wp\/v2\/comments?post=944688"}],"version-history":[{"count":0,"href":"https:\/\/dmcsrb.com\/en\/wp-json\/wp\/v2\/posts\/944688\/revisions"}],"wp:featuredmedia":[{"embeddable":true,"href":"https:\/\/dmcsrb.com\/en\/wp-json\/wp\/v2\/media\/908937"}],"wp:attachment":[{"href":"https:\/\/dmcsrb.com\/en\/wp-json\/wp\/v2\/media?parent=944688"}],"wp:term":[{"taxonomy":"category","embeddable":true,"href":"https:\/\/dmcsrb.com\/en\/wp-json\/wp\/v2\/categories?post=944688"},{"taxonomy":"post_tag","embeddable":true,"href":"https:\/\/dmcsrb.com\/en\/wp-json\/wp\/v2\/tags?post=944688"},{"taxonomy":"naslovna","embeddable":true,"href":"https:\/\/dmcsrb.com\/en\/wp-json\/wp\/v2\/naslovna?post=944688"}],"curies":[{"name":"wp","href":"https:\/\/api.w.org\/{rel}","templated":true}]}}