{"id":944681,"date":"2025-08-06T14:39:00","date_gmt":"2025-08-06T12:39:00","guid":{"rendered":"https:\/\/dmcsrb.com\/uncategorized\/nenezic-od-tapsanja-po-ramenu-predjimo-na-sankcionisanje-ovakvih-pojava\/"},"modified":"2025-08-06T14:39:00","modified_gmt":"2025-08-06T12:39:00","slug":"nenezic-od-tapsanja-po-ramenu-predjimo-na-sankcionisanje-ovakvih-pojava","status":"publish","type":"post","link":"https:\/\/dmcsrb.com\/en\/politika\/nenezic-od-tapsanja-po-ramenu-predjimo-na-sankcionisanje-ovakvih-pojava\/","title":{"rendered":"Nenezi\u0107: Od \u201ctap\u0161anja po ramenu\u201d, pre\u0111imo na sankcionisanje ovakvih pojava"},"content":{"rendered":"<p>\u201cOd &#8216;tap\u0161anja po ramenu&#8217;, pre\u0111imo na sankcionisanje ovakvih pojava i uvedimo red posebno kada su u pitanju strani dr\u017eavljani koji u ve\u0107ini situacija ne poznaju teren koji posje\u0107uju\u201d, isti\u010de Nenezi\u0107.<\/p>\n\n\n\n<figure class=\"wp-block-embed is-type-rich is-provider-twitter wp-block-embed-twitter\"><div class=\"wp-block-embed__wrapper\">\n<blockquote class=\"twitter-tweet\" data-width=\"500\" data-dnt=\"true\"><p lang=\"und\" dir=\"ltr\">Krajnje je vrijeme da se pristupi izmjenama Zakona o za\u0161titi i spa\u0161avanju , da ljudi koji svakodnevno rizikuju svoje \u017eivota, \u010desto zbog neodgovornog pona\u0161anja pojedinaca budu za to adekvatno i nagra\u0111eni. <br>Od \u201ctap\u0161anja po ramenu\u201d, pre\u0111imo na sankcionisanje ovakvih pojava i uvedimo\u2026 <a href=\"https:\/\/t.co\/mYZg1E8Hgh\">pic.twitter.com\/mYZg1E8Hgh<\/a><\/p>&mdash; Bane Nenezic (@BaneNenezic) <a href=\"https:\/\/twitter.com\/BaneNenezic\/status\/1953071752906526797?ref_src=twsrc%5Etfw\">August 6, 2025<\/a><\/blockquote><script async src=\"https:\/\/platform.twitter.com\/widgets.js\" charset=\"utf-8\"><\/script>\n<\/div><\/figure>\n\n\n\n<p>Prema njegovim rije\u010dima, praksa koju imamo u zemljama u regionu, gdje oni koji svoj \u017eivot stavljaju da bi \u201cispravljali\u201d gre\u0161ke ne\u010dijih \u201cludorija\u201d budu za to adekvatno i pla\u0107eni.<\/p>\n\n\n\n<p>\u201cPohvale za \u010dlanove Slu\u017ebe za\u0161tite op\u0161tine Bar i jedinice UPSUL-a na jo\u0161 jednoj u nizu akcija izvedenoj u te\u0161kim uslovima i kao i uvijek sa pozitivnom ishodom\u201d, zaklju\u010dio je Nenezi\u0107.<\/p>","protected":false},"excerpt":{"rendered":"<p>Krajnje je vrijeme da se pristupi izmjenama Zakona o za\u0161titi i spa\u0161avanju, da ljudi koji svakodnevno rizikuju svoje \u017eivota, \u010desto zbog neodgovornog pona\u0161anja pojedinaca budu za to adekvatno i nagra\u0111eni, naveo je na mre\u017ei X poslanik SD i predstavnik Evropskog saveza Branislav Nenezi\u0107.<\/p>","protected":false},"author":1,"featured_media":943616,"comment_status":"open","ping_status":"open","sticky":false,"template":"","format":"standard","meta":{"_acf_changed":false,"footnotes":""},"categories":[12],"tags":[4616,1000],"naslovna":[],"class_list":["post-944681","post","type-post","status-publish","format-standard","has-post-thumbnail","hentry","category-politika","tag-branislav-nenezic","tag-es"],"acf":[],"yoast_head":"<!-- This site is optimized with the Yoast SEO plugin v27.0 - https:\/\/yoast.com\/product\/yoast-seo-wordpress\/ -->\n<title>Nenezi\u0107: Od \u201ctap\u0161anja po ramenu\u201d, pre\u0111imo na sankcionisanje ovakvih pojava - dmcsrb.com<\/title>\n<meta name=\"robots\" content=\"index, follow, max-snippet:-1, max-image-preview:large, max-video-preview:-1\" \/>\n<link rel=\"canonical\" href=\"https:\/\/dmcsrb.com\/en\/politika\/nenezic-od-tapsanja-po-ramenu-predjimo-na-sankcionisanje-ovakvih-pojava\/\" \/>\n<meta property=\"og:locale\" content=\"en_GB\" \/>\n<meta property=\"og:type\" content=\"article\" \/>\n<meta property=\"og:title\" content=\"Nenezi\u0107: Od \u201ctap\u0161anja po ramenu\u201d, pre\u0111imo na sankcionisanje ovakvih pojava - dmcsrb.com\" \/>\n<meta property=\"og:description\" content=\"Krajnje je vrijeme da se pristupi izmjenama Zakona o za\u0161titi i spa\u0161avanju, da ljudi koji svakodnevno rizikuju svoje \u017eivota, \u010desto zbog neodgovornog pona\u0161anja pojedinaca budu za to adekvatno i nagra\u0111eni, naveo je na mre\u017ei X poslanik SD i predstavnik Evropskog saveza Branislav Nenezi\u0107.\" \/>\n<meta property=\"og:url\" content=\"https:\/\/dmcsrb.com\/en\/politika\/nenezic-od-tapsanja-po-ramenu-predjimo-na-sankcionisanje-ovakvih-pojava\/\" \/>\n<meta property=\"og:site_name\" content=\"dmcsrb.com\" \/>\n<meta property=\"article:published_time\" content=\"2025-08-06T12:39:00+00:00\" \/>\n<meta property=\"og:image\" content=\"https:\/\/dmcsrb.com\/wp-content\/uploads\/2026\/01\/Branislav-Nenezic-foto-Evropski-savez.webp\" \/>\n\t<meta property=\"og:image:width\" content=\"1200\" \/>\n\t<meta property=\"og:image:height\" content=\"760\" \/>\n\t<meta property=\"og:image:type\" content=\"image\/jpeg\" \/>\n<meta name=\"author\" content=\"dmcsrbija.com@gmail.com\" \/>\n<meta name=\"twitter:card\" content=\"summary_large_image\" \/>\n<meta name=\"twitter:label1\" content=\"Written by\" \/>\n\t<meta name=\"twitter:data1\" content=\"dmcsrbija.com@gmail.com\" \/>\n\t<meta name=\"twitter:label2\" content=\"Estimated reading time\" \/>\n\t<meta name=\"twitter:data2\" content=\"1 minute\" \/>\n<script type=\"application\/ld+json\" class=\"yoast-schema-graph\">{\"@context\":\"https:\/\/schema.org\",\"@graph\":[{\"@type\":\"Article\",\"@id\":\"https:\/\/dmcsrb.com\/politika\/nenezic-od-tapsanja-po-ramenu-predjimo-na-sankcionisanje-ovakvih-pojava\/#article\",\"isPartOf\":{\"@id\":\"https:\/\/dmcsrb.com\/politika\/nenezic-od-tapsanja-po-ramenu-predjimo-na-sankcionisanje-ovakvih-pojava\/\"},\"author\":{\"name\":\"dmcsrbija.com@gmail.com\",\"@id\":\"https:\/\/dmcsrb.com\/#\/schema\/person\/5c39170f12db1b8b457732d0b5c854e2\"},\"headline\":\"Nenezi\u0107: Od \u201ctap\u0161anja po ramenu\u201d, pre\u0111imo na sankcionisanje ovakvih pojava\",\"datePublished\":\"2025-08-06T12:39:00+00:00\",\"mainEntityOfPage\":{\"@id\":\"https:\/\/dmcsrb.com\/politika\/nenezic-od-tapsanja-po-ramenu-predjimo-na-sankcionisanje-ovakvih-pojava\/\"},\"wordCount\":155,\"commentCount\":0,\"image\":{\"@id\":\"https:\/\/dmcsrb.com\/politika\/nenezic-od-tapsanja-po-ramenu-predjimo-na-sankcionisanje-ovakvih-pojava\/#primaryimage\"},\"thumbnailUrl\":\"https:\/\/dmcsrb.com\/wp-content\/uploads\/2026\/01\/Branislav-Nenezic-foto-Evropski-savez.webp\",\"keywords\":[\"Branislav Nenezi\u0107\",\"ES\"],\"articleSection\":[\"Politika\"],\"inLanguage\":\"en-GB\",\"potentialAction\":[{\"@type\":\"CommentAction\",\"name\":\"Comment\",\"target\":[\"https:\/\/dmcsrb.com\/politika\/nenezic-od-tapsanja-po-ramenu-predjimo-na-sankcionisanje-ovakvih-pojava\/#respond\"]}]},{\"@type\":\"WebPage\",\"@id\":\"https:\/\/dmcsrb.com\/politika\/nenezic-od-tapsanja-po-ramenu-predjimo-na-sankcionisanje-ovakvih-pojava\/\",\"url\":\"https:\/\/dmcsrb.com\/politika\/nenezic-od-tapsanja-po-ramenu-predjimo-na-sankcionisanje-ovakvih-pojava\/\",\"name\":\"Nenezi\u0107: Od \u201ctap\u0161anja po ramenu\u201d, pre\u0111imo na sankcionisanje ovakvih pojava - dmcsrb.com\",\"isPartOf\":{\"@id\":\"https:\/\/dmcsrb.com\/#website\"},\"primaryImageOfPage\":{\"@id\":\"https:\/\/dmcsrb.com\/politika\/nenezic-od-tapsanja-po-ramenu-predjimo-na-sankcionisanje-ovakvih-pojava\/#primaryimage\"},\"image\":{\"@id\":\"https:\/\/dmcsrb.com\/politika\/nenezic-od-tapsanja-po-ramenu-predjimo-na-sankcionisanje-ovakvih-pojava\/#primaryimage\"},\"thumbnailUrl\":\"https:\/\/dmcsrb.com\/wp-content\/uploads\/2026\/01\/Branislav-Nenezic-foto-Evropski-savez.webp\",\"datePublished\":\"2025-08-06T12:39:00+00:00\",\"author\":{\"@id\":\"https:\/\/dmcsrb.com\/#\/schema\/person\/5c39170f12db1b8b457732d0b5c854e2\"},\"breadcrumb\":{\"@id\":\"https:\/\/dmcsrb.com\/politika\/nenezic-od-tapsanja-po-ramenu-predjimo-na-sankcionisanje-ovakvih-pojava\/#breadcrumb\"},\"inLanguage\":\"en-GB\",\"potentialAction\":[{\"@type\":\"ReadAction\",\"target\":[\"https:\/\/dmcsrb.com\/politika\/nenezic-od-tapsanja-po-ramenu-predjimo-na-sankcionisanje-ovakvih-pojava\/\"]}]},{\"@type\":\"ImageObject\",\"inLanguage\":\"en-GB\",\"@id\":\"https:\/\/dmcsrb.com\/politika\/nenezic-od-tapsanja-po-ramenu-predjimo-na-sankcionisanje-ovakvih-pojava\/#primaryimage\",\"url\":\"https:\/\/dmcsrb.com\/wp-content\/uploads\/2026\/01\/Branislav-Nenezic-foto-Evropski-savez.webp\",\"contentUrl\":\"https:\/\/dmcsrb.com\/wp-content\/uploads\/2026\/01\/Branislav-Nenezic-foto-Evropski-savez.webp\",\"width\":1200,\"height\":760},{\"@type\":\"BreadcrumbList\",\"@id\":\"https:\/\/dmcsrb.com\/politika\/nenezic-od-tapsanja-po-ramenu-predjimo-na-sankcionisanje-ovakvih-pojava\/#breadcrumb\",\"itemListElement\":[{\"@type\":\"ListItem\",\"position\":1,\"name\":\"Home\",\"item\":\"https:\/\/dmcsrb.com\/\"},{\"@type\":\"ListItem\",\"position\":2,\"name\":\"Nenezi\u0107: Od \u201ctap\u0161anja po ramenu\u201d, pre\u0111imo na sankcionisanje ovakvih pojava\"}]},{\"@type\":\"WebSite\",\"@id\":\"https:\/\/dmcsrb.com\/#website\",\"url\":\"https:\/\/dmcsrb.com\/\",\"name\":\"dmcsrb.com\",\"description\":\"\",\"potentialAction\":[{\"@type\":\"SearchAction\",\"target\":{\"@type\":\"EntryPoint\",\"urlTemplate\":\"https:\/\/dmcsrb.com\/?s={search_term_string}\"},\"query-input\":{\"@type\":\"PropertyValueSpecification\",\"valueRequired\":true,\"valueName\":\"search_term_string\"}}],\"inLanguage\":\"en-GB\"},{\"@type\":\"Person\",\"@id\":\"https:\/\/dmcsrb.com\/#\/schema\/person\/5c39170f12db1b8b457732d0b5c854e2\",\"name\":\"dmcsrbija.com@gmail.com\",\"image\":{\"@type\":\"ImageObject\",\"inLanguage\":\"en-GB\",\"@id\":\"https:\/\/dmcsrb.com\/#\/schema\/person\/image\/\",\"url\":\"https:\/\/secure.gravatar.com\/avatar\/68592660ad6347fad0fb587f8d5d8f1a7b44961362f56e4f2cd524feb87e9069?s=96&d=mm&r=g\",\"contentUrl\":\"https:\/\/secure.gravatar.com\/avatar\/68592660ad6347fad0fb587f8d5d8f1a7b44961362f56e4f2cd524feb87e9069?s=96&d=mm&r=g\",\"caption\":\"dmcsrbija.com@gmail.com\"},\"sameAs\":[\"https:\/\/dmcsrb.com\"],\"url\":\"https:\/\/dmcsrb.com\/en\/author\/dmcsrbija-comgmail-com\/\"}]}<\/script>\n<!-- \/ Yoast SEO plugin. -->","yoast_head_json":{"title":"Nenezi\u0107: Od \u201ctap\u0161anja po ramenu\u201d, pre\u0111imo na sankcionisanje ovakvih pojava - dmcsrb.com","robots":{"index":"index","follow":"follow","max-snippet":"max-snippet:-1","max-image-preview":"max-image-preview:large","max-video-preview":"max-video-preview:-1"},"canonical":"https:\/\/dmcsrb.com\/en\/politika\/nenezic-od-tapsanja-po-ramenu-predjimo-na-sankcionisanje-ovakvih-pojava\/","og_locale":"en_GB","og_type":"article","og_title":"Nenezi\u0107: Od \u201ctap\u0161anja po ramenu\u201d, pre\u0111imo na sankcionisanje ovakvih pojava - dmcsrb.com","og_description":"Krajnje je vrijeme da se pristupi izmjenama Zakona o za\u0161titi i spa\u0161avanju, da ljudi koji svakodnevno rizikuju svoje \u017eivota, \u010desto zbog neodgovornog pona\u0161anja pojedinaca budu za to adekvatno i nagra\u0111eni, naveo je na mre\u017ei X poslanik SD i predstavnik Evropskog saveza Branislav Nenezi\u0107.","og_url":"https:\/\/dmcsrb.com\/en\/politika\/nenezic-od-tapsanja-po-ramenu-predjimo-na-sankcionisanje-ovakvih-pojava\/","og_site_name":"dmcsrb.com","article_published_time":"2025-08-06T12:39:00+00:00","og_image":[{"width":1200,"height":760,"url":"https:\/\/dmcsrb.com\/wp-content\/uploads\/2026\/01\/Branislav-Nenezic-foto-Evropski-savez.webp","type":"image\/jpeg"}],"author":"dmcsrbija.com@gmail.com","twitter_card":"summary_large_image","twitter_misc":{"Written by":"dmcsrbija.com@gmail.com","Estimated reading time":"1 minute"},"schema":{"@context":"https:\/\/schema.org","@graph":[{"@type":"Article","@id":"https:\/\/dmcsrb.com\/politika\/nenezic-od-tapsanja-po-ramenu-predjimo-na-sankcionisanje-ovakvih-pojava\/#article","isPartOf":{"@id":"https:\/\/dmcsrb.com\/politika\/nenezic-od-tapsanja-po-ramenu-predjimo-na-sankcionisanje-ovakvih-pojava\/"},"author":{"name":"dmcsrbija.com@gmail.com","@id":"https:\/\/dmcsrb.com\/#\/schema\/person\/5c39170f12db1b8b457732d0b5c854e2"},"headline":"Nenezi\u0107: Od \u201ctap\u0161anja po ramenu\u201d, pre\u0111imo na sankcionisanje ovakvih pojava","datePublished":"2025-08-06T12:39:00+00:00","mainEntityOfPage":{"@id":"https:\/\/dmcsrb.com\/politika\/nenezic-od-tapsanja-po-ramenu-predjimo-na-sankcionisanje-ovakvih-pojava\/"},"wordCount":155,"commentCount":0,"image":{"@id":"https:\/\/dmcsrb.com\/politika\/nenezic-od-tapsanja-po-ramenu-predjimo-na-sankcionisanje-ovakvih-pojava\/#primaryimage"},"thumbnailUrl":"https:\/\/dmcsrb.com\/wp-content\/uploads\/2026\/01\/Branislav-Nenezic-foto-Evropski-savez.webp","keywords":["Branislav Nenezi\u0107","ES"],"articleSection":["Politika"],"inLanguage":"en-GB","potentialAction":[{"@type":"CommentAction","name":"Comment","target":["https:\/\/dmcsrb.com\/politika\/nenezic-od-tapsanja-po-ramenu-predjimo-na-sankcionisanje-ovakvih-pojava\/#respond"]}]},{"@type":"WebPage","@id":"https:\/\/dmcsrb.com\/politika\/nenezic-od-tapsanja-po-ramenu-predjimo-na-sankcionisanje-ovakvih-pojava\/","url":"https:\/\/dmcsrb.com\/politika\/nenezic-od-tapsanja-po-ramenu-predjimo-na-sankcionisanje-ovakvih-pojava\/","name":"Nenezi\u0107: Od \u201ctap\u0161anja po ramenu\u201d, pre\u0111imo na sankcionisanje ovakvih pojava - dmcsrb.com","isPartOf":{"@id":"https:\/\/dmcsrb.com\/#website"},"primaryImageOfPage":{"@id":"https:\/\/dmcsrb.com\/politika\/nenezic-od-tapsanja-po-ramenu-predjimo-na-sankcionisanje-ovakvih-pojava\/#primaryimage"},"image":{"@id":"https:\/\/dmcsrb.com\/politika\/nenezic-od-tapsanja-po-ramenu-predjimo-na-sankcionisanje-ovakvih-pojava\/#primaryimage"},"thumbnailUrl":"https:\/\/dmcsrb.com\/wp-content\/uploads\/2026\/01\/Branislav-Nenezic-foto-Evropski-savez.webp","datePublished":"2025-08-06T12:39:00+00:00","author":{"@id":"https:\/\/dmcsrb.com\/#\/schema\/person\/5c39170f12db1b8b457732d0b5c854e2"},"breadcrumb":{"@id":"https:\/\/dmcsrb.com\/politika\/nenezic-od-tapsanja-po-ramenu-predjimo-na-sankcionisanje-ovakvih-pojava\/#breadcrumb"},"inLanguage":"en-GB","potentialAction":[{"@type":"ReadAction","target":["https:\/\/dmcsrb.com\/politika\/nenezic-od-tapsanja-po-ramenu-predjimo-na-sankcionisanje-ovakvih-pojava\/"]}]},{"@type":"ImageObject","inLanguage":"en-GB","@id":"https:\/\/dmcsrb.com\/politika\/nenezic-od-tapsanja-po-ramenu-predjimo-na-sankcionisanje-ovakvih-pojava\/#primaryimage","url":"https:\/\/dmcsrb.com\/wp-content\/uploads\/2026\/01\/Branislav-Nenezic-foto-Evropski-savez.webp","contentUrl":"https:\/\/dmcsrb.com\/wp-content\/uploads\/2026\/01\/Branislav-Nenezic-foto-Evropski-savez.webp","width":1200,"height":760},{"@type":"BreadcrumbList","@id":"https:\/\/dmcsrb.com\/politika\/nenezic-od-tapsanja-po-ramenu-predjimo-na-sankcionisanje-ovakvih-pojava\/#breadcrumb","itemListElement":[{"@type":"ListItem","position":1,"name":"Home","item":"https:\/\/dmcsrb.com\/"},{"@type":"ListItem","position":2,"name":"Nenezi\u0107: Od \u201ctap\u0161anja po ramenu\u201d, pre\u0111imo na sankcionisanje ovakvih pojava"}]},{"@type":"WebSite","@id":"https:\/\/dmcsrb.com\/#website","url":"https:\/\/dmcsrb.com\/","name":"dmcsrb.com","description":"","potentialAction":[{"@type":"SearchAction","target":{"@type":"EntryPoint","urlTemplate":"https:\/\/dmcsrb.com\/?s={search_term_string}"},"query-input":{"@type":"PropertyValueSpecification","valueRequired":true,"valueName":"search_term_string"}}],"inLanguage":"en-GB"},{"@type":"Person","@id":"https:\/\/dmcsrb.com\/#\/schema\/person\/5c39170f12db1b8b457732d0b5c854e2","name":"dmcsrbija.com@gmail.com","image":{"@type":"ImageObject","inLanguage":"en-GB","@id":"https:\/\/dmcsrb.com\/#\/schema\/person\/image\/","url":"https:\/\/secure.gravatar.com\/avatar\/68592660ad6347fad0fb587f8d5d8f1a7b44961362f56e4f2cd524feb87e9069?s=96&d=mm&r=g","contentUrl":"https:\/\/secure.gravatar.com\/avatar\/68592660ad6347fad0fb587f8d5d8f1a7b44961362f56e4f2cd524feb87e9069?s=96&d=mm&r=g","caption":"dmcsrbija.com@gmail.com"},"sameAs":["https:\/\/dmcsrb.com"],"url":"https:\/\/dmcsrb.com\/en\/author\/dmcsrbija-comgmail-com\/"}]}},"_links":{"self":[{"href":"https:\/\/dmcsrb.com\/en\/wp-json\/wp\/v2\/posts\/944681","targetHints":{"allow":["GET"]}}],"collection":[{"href":"https:\/\/dmcsrb.com\/en\/wp-json\/wp\/v2\/posts"}],"about":[{"href":"https:\/\/dmcsrb.com\/en\/wp-json\/wp\/v2\/types\/post"}],"author":[{"embeddable":true,"href":"https:\/\/dmcsrb.com\/en\/wp-json\/wp\/v2\/users\/1"}],"replies":[{"embeddable":true,"href":"https:\/\/dmcsrb.com\/en\/wp-json\/wp\/v2\/comments?post=944681"}],"version-history":[{"count":0,"href":"https:\/\/dmcsrb.com\/en\/wp-json\/wp\/v2\/posts\/944681\/revisions"}],"wp:featuredmedia":[{"embeddable":true,"href":"https:\/\/dmcsrb.com\/en\/wp-json\/wp\/v2\/media\/943616"}],"wp:attachment":[{"href":"https:\/\/dmcsrb.com\/en\/wp-json\/wp\/v2\/media?parent=944681"}],"wp:term":[{"taxonomy":"category","embeddable":true,"href":"https:\/\/dmcsrb.com\/en\/wp-json\/wp\/v2\/categories?post=944681"},{"taxonomy":"post_tag","embeddable":true,"href":"https:\/\/dmcsrb.com\/en\/wp-json\/wp\/v2\/tags?post=944681"},{"taxonomy":"naslovna","embeddable":true,"href":"https:\/\/dmcsrb.com\/en\/wp-json\/wp\/v2\/naslovna?post=944681"}],"curies":[{"name":"wp","href":"https:\/\/api.w.org\/{rel}","templated":true}]}}