{"id":944655,"date":"2025-08-06T12:00:00","date_gmt":"2025-08-06T10:00:00","guid":{"rendered":"https:\/\/dmcsrb.com\/uncategorized\/poslanice-dps-a-jos-jedna-zrtva-femicida-u-crnoj-gori-pravosudje-da-da-adekvatan-odgovor-na-strasni-zlocin\/"},"modified":"2025-08-06T12:00:00","modified_gmt":"2025-08-06T10:00:00","slug":"poslanice-dps-a-jos-jedna-zrtva-femicida-u-crnoj-gori-pravosudje-da-da-adekvatan-odgovor-na-strasni-zlocin","status":"publish","type":"post","link":"https:\/\/dmcsrb.com\/en\/politika\/poslanice-dps-a-jos-jedna-zrtva-femicida-u-crnoj-gori-pravosudje-da-da-adekvatan-odgovor-na-strasni-zlocin\/","title":{"rendered":"Poslanice DPS-a: Jo\u0161 jedna \u017ertva femicida u Crnoj Gori, pravosu\u0111e da da adekvatan odgovor na stra\u0161ni zlo\u010din"},"content":{"rendered":"<p><\/p>\n\n\n\n<p>&#8221;Smrt Alme \u0106osovi\u0107 je alarm za bu\u0111enje cijelog dru\u0161tva, koje treba da primora dr\u017eavu da kona\u010dno po\u010dne da djeluje, jer, niko ne zna, koliko je Almi jo\u0161 u Crnoj Gori, koliko \u017eena se budi i zaspiva sa strahom za sopstveni \u017eivot, koliko je mu\u0161karaca \u2013 nasilnika koji su uzrok tog straha&#8221;, kazale su poslanice DPS-a.<\/p>\n\n\n\n<p>Postavlja se pitanje za\u0161to uporno izostaje reakcija sistema koji bi polovini stanovni\u0161tva \u2013 \u017eenama trebalo da po\u0161alje poruku da nijesu same, da u\u017eivaju apsolutnu podr\u0161ku i za\u0161titu. Umjesto toga \u2013 \u017ertve nasilja, usljed svega \u0161to se de\u0161ava, \u010desto osje\u0107aju da su prepu\u0161tene same sebi, a to je nedopustivo, poru\u010dile su poslanice DPS-a.<\/p>\n\n\n\n<p>&#8221;Pozivamo pravosu\u0111e da da odgovor na ovaj zlo\u010din koji \u0107e biti ekvivalentan te\u017eini po\u010dinjenog krivi\u010dnog djela i koji \u0107e zna\u010diti adekvatnu kaznu za po\u010dinioca koji je monstruozno, brutalno, nemilosrdno, do smrti prebio \u017eenu u prisustvu njenog maloljetnog djeteta, a dr\u017eavu da se pobrine da uspostavi sistem za\u0161tite i brige o djeci \u017ertava femicida&#8221;, istakle su poslanice DPS-a.<\/p>\n\n\n\n<p>Zaklju\u010dno, sramotno je oko \u010dega se sve di\u017ee pra\u0161ina u javnosti, dok se \u0107uti o ovakvoj stra\u0161noj, prestra\u0161noj stvarnosti \u017eena u Crnoj Gori, kazale su poslanice DPS-a.<\/p>\n\n\n\n<p>&#8221;Ne smijemo \u0107utati i ne smije da nas se ne ti\u010de dok god i jedna \u017eena u ovoj dr\u017eavi brine ho\u0107e li sljede\u0107e jutro do\u010dekati \u017eiva, jer se sama ne mo\u017ee za\u0161titi od monstruma s kojima se, a da ni ne znamo, vjerovatno svi svakodnevno susre\u0107emo&#8221;, zaklju\u010dile su poslanice DPS-a.<\/p>","protected":false},"excerpt":{"rendered":"<p>Jo\u0161 jedna \u017eena u Crnoj Gori je umrla od posljedica te\u0161kih tjelesnih povreda koje su nastale usljed brutalnog prebijanja. Jo\u0161 jedna \u017ertva femicida pokazuje da se crni talas ne zaustavlja, a da dr\u017eava uporno ne daje adekvatan odgovor na polju za\u0161tite \u017eena od nasilnika, saop\u0161tile su poslanice Demokratske partije socijalista.<\/p>","protected":false},"author":1,"featured_media":0,"comment_status":"open","ping_status":"open","sticky":false,"template":"","format":"standard","meta":{"_acf_changed":false,"footnotes":""},"categories":[12],"tags":[95,9672,297,16978,16979],"naslovna":[],"class_list":["post-944655","post","type-post","status-publish","format-standard","hentry","category-politika","tag-crna-gora","tag-poslanice-dps-a","tag-pravosudje","tag-strasni-zlocin","tag-zrtva-femicida"],"acf":[],"yoast_head":"<!-- This site is optimized with the Yoast SEO plugin v27.4 - https:\/\/yoast.com\/product\/yoast-seo-wordpress\/ -->\n<title>Poslanice DPS-a: Jo\u0161 jedna \u017ertva femicida u Crnoj Gori, pravosu\u0111e da da adekvatan odgovor na stra\u0161ni zlo\u010din - dmcsrb.com<\/title>\n<meta name=\"robots\" content=\"index, follow, max-snippet:-1, max-image-preview:large, max-video-preview:-1\" \/>\n<link rel=\"canonical\" href=\"https:\/\/dmcsrb.com\/en\/politika\/poslanice-dps-a-jos-jedna-zrtva-femicida-u-crnoj-gori-pravosudje-da-da-adekvatan-odgovor-na-strasni-zlocin\/\" \/>\n<meta property=\"og:locale\" content=\"en_GB\" \/>\n<meta property=\"og:type\" content=\"article\" \/>\n<meta property=\"og:title\" content=\"Poslanice DPS-a: Jo\u0161 jedna \u017ertva femicida u Crnoj Gori, pravosu\u0111e da da adekvatan odgovor na stra\u0161ni zlo\u010din - dmcsrb.com\" \/>\n<meta property=\"og:description\" content=\"Jo\u0161 jedna \u017eena u Crnoj Gori je umrla od posljedica te\u0161kih tjelesnih povreda koje su nastale usljed brutalnog prebijanja. Jo\u0161 jedna \u017ertva femicida pokazuje da se crni talas ne zaustavlja, a da dr\u017eava uporno ne daje adekvatan odgovor na polju za\u0161tite \u017eena od nasilnika, saop\u0161tile su poslanice Demokratske partije socijalista.\" \/>\n<meta property=\"og:url\" content=\"https:\/\/dmcsrb.com\/en\/politika\/poslanice-dps-a-jos-jedna-zrtva-femicida-u-crnoj-gori-pravosudje-da-da-adekvatan-odgovor-na-strasni-zlocin\/\" \/>\n<meta property=\"og:site_name\" content=\"dmcsrb.com\" \/>\n<meta property=\"article:published_time\" content=\"2025-08-06T10:00:00+00:00\" \/>\n<meta name=\"author\" content=\"dmcsrbija.com@gmail.com\" \/>\n<meta name=\"twitter:card\" content=\"summary_large_image\" \/>\n<meta name=\"twitter:label1\" content=\"Written by\" \/>\n\t<meta name=\"twitter:data1\" content=\"dmcsrbija.com@gmail.com\" \/>\n\t<meta name=\"twitter:label2\" content=\"Estimated reading time\" \/>\n\t<meta name=\"twitter:data2\" content=\"1 minute\" \/>\n<script type=\"application\/ld+json\" class=\"yoast-schema-graph\">{\"@context\":\"https:\\\/\\\/schema.org\",\"@graph\":[{\"@type\":\"Article\",\"@id\":\"https:\\\/\\\/dmcsrb.com\\\/politika\\\/poslanice-dps-a-jos-jedna-zrtva-femicida-u-crnoj-gori-pravosudje-da-da-adekvatan-odgovor-na-strasni-zlocin\\\/#article\",\"isPartOf\":{\"@id\":\"https:\\\/\\\/dmcsrb.com\\\/politika\\\/poslanice-dps-a-jos-jedna-zrtva-femicida-u-crnoj-gori-pravosudje-da-da-adekvatan-odgovor-na-strasni-zlocin\\\/\"},\"author\":{\"name\":\"dmcsrbija.com@gmail.com\",\"@id\":\"https:\\\/\\\/dmcsrb.com\\\/#\\\/schema\\\/person\\\/5c39170f12db1b8b457732d0b5c854e2\"},\"headline\":\"Poslanice DPS-a: Jo\u0161 jedna \u017ertva femicida u Crnoj Gori, pravosu\u0111e da da adekvatan odgovor na stra\u0161ni zlo\u010din\",\"datePublished\":\"2025-08-06T10:00:00+00:00\",\"mainEntityOfPage\":{\"@id\":\"https:\\\/\\\/dmcsrb.com\\\/politika\\\/poslanice-dps-a-jos-jedna-zrtva-femicida-u-crnoj-gori-pravosudje-da-da-adekvatan-odgovor-na-strasni-zlocin\\\/\"},\"wordCount\":297,\"commentCount\":0,\"keywords\":[\"Crna Gora\",\"Poslanice DPS-a\",\"pravosu\u0111e\",\"Stra\u0161ni zlo\u010din\",\"\u017drtva femicida\"],\"articleSection\":[\"Politika\"],\"inLanguage\":\"en-GB\",\"potentialAction\":[{\"@type\":\"CommentAction\",\"name\":\"Comment\",\"target\":[\"https:\\\/\\\/dmcsrb.com\\\/politika\\\/poslanice-dps-a-jos-jedna-zrtva-femicida-u-crnoj-gori-pravosudje-da-da-adekvatan-odgovor-na-strasni-zlocin\\\/#respond\"]}]},{\"@type\":\"WebPage\",\"@id\":\"https:\\\/\\\/dmcsrb.com\\\/politika\\\/poslanice-dps-a-jos-jedna-zrtva-femicida-u-crnoj-gori-pravosudje-da-da-adekvatan-odgovor-na-strasni-zlocin\\\/\",\"url\":\"https:\\\/\\\/dmcsrb.com\\\/politika\\\/poslanice-dps-a-jos-jedna-zrtva-femicida-u-crnoj-gori-pravosudje-da-da-adekvatan-odgovor-na-strasni-zlocin\\\/\",\"name\":\"Poslanice DPS-a: Jo\u0161 jedna \u017ertva femicida u Crnoj Gori, pravosu\u0111e da da adekvatan odgovor na stra\u0161ni zlo\u010din - dmcsrb.com\",\"isPartOf\":{\"@id\":\"https:\\\/\\\/dmcsrb.com\\\/#website\"},\"datePublished\":\"2025-08-06T10:00:00+00:00\",\"author\":{\"@id\":\"https:\\\/\\\/dmcsrb.com\\\/#\\\/schema\\\/person\\\/5c39170f12db1b8b457732d0b5c854e2\"},\"breadcrumb\":{\"@id\":\"https:\\\/\\\/dmcsrb.com\\\/politika\\\/poslanice-dps-a-jos-jedna-zrtva-femicida-u-crnoj-gori-pravosudje-da-da-adekvatan-odgovor-na-strasni-zlocin\\\/#breadcrumb\"},\"inLanguage\":\"en-GB\",\"potentialAction\":[{\"@type\":\"ReadAction\",\"target\":[\"https:\\\/\\\/dmcsrb.com\\\/politika\\\/poslanice-dps-a-jos-jedna-zrtva-femicida-u-crnoj-gori-pravosudje-da-da-adekvatan-odgovor-na-strasni-zlocin\\\/\"]}]},{\"@type\":\"BreadcrumbList\",\"@id\":\"https:\\\/\\\/dmcsrb.com\\\/politika\\\/poslanice-dps-a-jos-jedna-zrtva-femicida-u-crnoj-gori-pravosudje-da-da-adekvatan-odgovor-na-strasni-zlocin\\\/#breadcrumb\",\"itemListElement\":[{\"@type\":\"ListItem\",\"position\":1,\"name\":\"Home\",\"item\":\"https:\\\/\\\/dmcsrb.com\\\/\"},{\"@type\":\"ListItem\",\"position\":2,\"name\":\"Poslanice DPS-a: Jo\u0161 jedna \u017ertva femicida u Crnoj Gori, pravosu\u0111e da da adekvatan odgovor na stra\u0161ni zlo\u010din\"}]},{\"@type\":\"WebSite\",\"@id\":\"https:\\\/\\\/dmcsrb.com\\\/#website\",\"url\":\"https:\\\/\\\/dmcsrb.com\\\/\",\"name\":\"dmcsrb.com\",\"description\":\"\",\"potentialAction\":[{\"@type\":\"SearchAction\",\"target\":{\"@type\":\"EntryPoint\",\"urlTemplate\":\"https:\\\/\\\/dmcsrb.com\\\/?s={search_term_string}\"},\"query-input\":{\"@type\":\"PropertyValueSpecification\",\"valueRequired\":true,\"valueName\":\"search_term_string\"}}],\"inLanguage\":\"en-GB\"},{\"@type\":\"Person\",\"@id\":\"https:\\\/\\\/dmcsrb.com\\\/#\\\/schema\\\/person\\\/5c39170f12db1b8b457732d0b5c854e2\",\"name\":\"dmcsrbija.com@gmail.com\",\"image\":{\"@type\":\"ImageObject\",\"inLanguage\":\"en-GB\",\"@id\":\"https:\\\/\\\/secure.gravatar.com\\\/avatar\\\/68592660ad6347fad0fb587f8d5d8f1a7b44961362f56e4f2cd524feb87e9069?s=96&d=mm&r=g\",\"url\":\"https:\\\/\\\/secure.gravatar.com\\\/avatar\\\/68592660ad6347fad0fb587f8d5d8f1a7b44961362f56e4f2cd524feb87e9069?s=96&d=mm&r=g\",\"contentUrl\":\"https:\\\/\\\/secure.gravatar.com\\\/avatar\\\/68592660ad6347fad0fb587f8d5d8f1a7b44961362f56e4f2cd524feb87e9069?s=96&d=mm&r=g\",\"caption\":\"dmcsrbija.com@gmail.com\"},\"sameAs\":[\"https:\\\/\\\/dmcsrb.com\"],\"url\":\"https:\\\/\\\/dmcsrb.com\\\/en\\\/author\\\/dmcsrbija-comgmail-com\\\/\"}]}<\/script>\n<!-- \/ Yoast SEO plugin. -->","yoast_head_json":{"title":"Poslanice DPS-a: Jo\u0161 jedna \u017ertva femicida u Crnoj Gori, pravosu\u0111e da da adekvatan odgovor na stra\u0161ni zlo\u010din - dmcsrb.com","robots":{"index":"index","follow":"follow","max-snippet":"max-snippet:-1","max-image-preview":"max-image-preview:large","max-video-preview":"max-video-preview:-1"},"canonical":"https:\/\/dmcsrb.com\/en\/politika\/poslanice-dps-a-jos-jedna-zrtva-femicida-u-crnoj-gori-pravosudje-da-da-adekvatan-odgovor-na-strasni-zlocin\/","og_locale":"en_GB","og_type":"article","og_title":"Poslanice DPS-a: Jo\u0161 jedna \u017ertva femicida u Crnoj Gori, pravosu\u0111e da da adekvatan odgovor na stra\u0161ni zlo\u010din - dmcsrb.com","og_description":"Jo\u0161 jedna \u017eena u Crnoj Gori je umrla od posljedica te\u0161kih tjelesnih povreda koje su nastale usljed brutalnog prebijanja. Jo\u0161 jedna \u017ertva femicida pokazuje da se crni talas ne zaustavlja, a da dr\u017eava uporno ne daje adekvatan odgovor na polju za\u0161tite \u017eena od nasilnika, saop\u0161tile su poslanice Demokratske partije socijalista.","og_url":"https:\/\/dmcsrb.com\/en\/politika\/poslanice-dps-a-jos-jedna-zrtva-femicida-u-crnoj-gori-pravosudje-da-da-adekvatan-odgovor-na-strasni-zlocin\/","og_site_name":"dmcsrb.com","article_published_time":"2025-08-06T10:00:00+00:00","author":"dmcsrbija.com@gmail.com","twitter_card":"summary_large_image","twitter_misc":{"Written by":"dmcsrbija.com@gmail.com","Estimated reading time":"1 minute"},"schema":{"@context":"https:\/\/schema.org","@graph":[{"@type":"Article","@id":"https:\/\/dmcsrb.com\/politika\/poslanice-dps-a-jos-jedna-zrtva-femicida-u-crnoj-gori-pravosudje-da-da-adekvatan-odgovor-na-strasni-zlocin\/#article","isPartOf":{"@id":"https:\/\/dmcsrb.com\/politika\/poslanice-dps-a-jos-jedna-zrtva-femicida-u-crnoj-gori-pravosudje-da-da-adekvatan-odgovor-na-strasni-zlocin\/"},"author":{"name":"dmcsrbija.com@gmail.com","@id":"https:\/\/dmcsrb.com\/#\/schema\/person\/5c39170f12db1b8b457732d0b5c854e2"},"headline":"Poslanice DPS-a: Jo\u0161 jedna \u017ertva femicida u Crnoj Gori, pravosu\u0111e da da adekvatan odgovor na stra\u0161ni zlo\u010din","datePublished":"2025-08-06T10:00:00+00:00","mainEntityOfPage":{"@id":"https:\/\/dmcsrb.com\/politika\/poslanice-dps-a-jos-jedna-zrtva-femicida-u-crnoj-gori-pravosudje-da-da-adekvatan-odgovor-na-strasni-zlocin\/"},"wordCount":297,"commentCount":0,"keywords":["Crna Gora","Poslanice DPS-a","pravosu\u0111e","Stra\u0161ni zlo\u010din","\u017drtva femicida"],"articleSection":["Politika"],"inLanguage":"en-GB","potentialAction":[{"@type":"CommentAction","name":"Comment","target":["https:\/\/dmcsrb.com\/politika\/poslanice-dps-a-jos-jedna-zrtva-femicida-u-crnoj-gori-pravosudje-da-da-adekvatan-odgovor-na-strasni-zlocin\/#respond"]}]},{"@type":"WebPage","@id":"https:\/\/dmcsrb.com\/politika\/poslanice-dps-a-jos-jedna-zrtva-femicida-u-crnoj-gori-pravosudje-da-da-adekvatan-odgovor-na-strasni-zlocin\/","url":"https:\/\/dmcsrb.com\/politika\/poslanice-dps-a-jos-jedna-zrtva-femicida-u-crnoj-gori-pravosudje-da-da-adekvatan-odgovor-na-strasni-zlocin\/","name":"Poslanice DPS-a: Jo\u0161 jedna \u017ertva femicida u Crnoj Gori, pravosu\u0111e da da adekvatan odgovor na stra\u0161ni zlo\u010din - dmcsrb.com","isPartOf":{"@id":"https:\/\/dmcsrb.com\/#website"},"datePublished":"2025-08-06T10:00:00+00:00","author":{"@id":"https:\/\/dmcsrb.com\/#\/schema\/person\/5c39170f12db1b8b457732d0b5c854e2"},"breadcrumb":{"@id":"https:\/\/dmcsrb.com\/politika\/poslanice-dps-a-jos-jedna-zrtva-femicida-u-crnoj-gori-pravosudje-da-da-adekvatan-odgovor-na-strasni-zlocin\/#breadcrumb"},"inLanguage":"en-GB","potentialAction":[{"@type":"ReadAction","target":["https:\/\/dmcsrb.com\/politika\/poslanice-dps-a-jos-jedna-zrtva-femicida-u-crnoj-gori-pravosudje-da-da-adekvatan-odgovor-na-strasni-zlocin\/"]}]},{"@type":"BreadcrumbList","@id":"https:\/\/dmcsrb.com\/politika\/poslanice-dps-a-jos-jedna-zrtva-femicida-u-crnoj-gori-pravosudje-da-da-adekvatan-odgovor-na-strasni-zlocin\/#breadcrumb","itemListElement":[{"@type":"ListItem","position":1,"name":"Home","item":"https:\/\/dmcsrb.com\/"},{"@type":"ListItem","position":2,"name":"Poslanice DPS-a: Jo\u0161 jedna \u017ertva femicida u Crnoj Gori, pravosu\u0111e da da adekvatan odgovor na stra\u0161ni zlo\u010din"}]},{"@type":"WebSite","@id":"https:\/\/dmcsrb.com\/#website","url":"https:\/\/dmcsrb.com\/","name":"dmcsrb.com","description":"","potentialAction":[{"@type":"SearchAction","target":{"@type":"EntryPoint","urlTemplate":"https:\/\/dmcsrb.com\/?s={search_term_string}"},"query-input":{"@type":"PropertyValueSpecification","valueRequired":true,"valueName":"search_term_string"}}],"inLanguage":"en-GB"},{"@type":"Person","@id":"https:\/\/dmcsrb.com\/#\/schema\/person\/5c39170f12db1b8b457732d0b5c854e2","name":"dmcsrbija.com@gmail.com","image":{"@type":"ImageObject","inLanguage":"en-GB","@id":"https:\/\/secure.gravatar.com\/avatar\/68592660ad6347fad0fb587f8d5d8f1a7b44961362f56e4f2cd524feb87e9069?s=96&d=mm&r=g","url":"https:\/\/secure.gravatar.com\/avatar\/68592660ad6347fad0fb587f8d5d8f1a7b44961362f56e4f2cd524feb87e9069?s=96&d=mm&r=g","contentUrl":"https:\/\/secure.gravatar.com\/avatar\/68592660ad6347fad0fb587f8d5d8f1a7b44961362f56e4f2cd524feb87e9069?s=96&d=mm&r=g","caption":"dmcsrbija.com@gmail.com"},"sameAs":["https:\/\/dmcsrb.com"],"url":"https:\/\/dmcsrb.com\/en\/author\/dmcsrbija-comgmail-com\/"}]}},"_links":{"self":[{"href":"https:\/\/dmcsrb.com\/en\/wp-json\/wp\/v2\/posts\/944655","targetHints":{"allow":["GET"]}}],"collection":[{"href":"https:\/\/dmcsrb.com\/en\/wp-json\/wp\/v2\/posts"}],"about":[{"href":"https:\/\/dmcsrb.com\/en\/wp-json\/wp\/v2\/types\/post"}],"author":[{"embeddable":true,"href":"https:\/\/dmcsrb.com\/en\/wp-json\/wp\/v2\/users\/1"}],"replies":[{"embeddable":true,"href":"https:\/\/dmcsrb.com\/en\/wp-json\/wp\/v2\/comments?post=944655"}],"version-history":[{"count":0,"href":"https:\/\/dmcsrb.com\/en\/wp-json\/wp\/v2\/posts\/944655\/revisions"}],"wp:attachment":[{"href":"https:\/\/dmcsrb.com\/en\/wp-json\/wp\/v2\/media?parent=944655"}],"wp:term":[{"taxonomy":"category","embeddable":true,"href":"https:\/\/dmcsrb.com\/en\/wp-json\/wp\/v2\/categories?post=944655"},{"taxonomy":"post_tag","embeddable":true,"href":"https:\/\/dmcsrb.com\/en\/wp-json\/wp\/v2\/tags?post=944655"},{"taxonomy":"naslovna","embeddable":true,"href":"https:\/\/dmcsrb.com\/en\/wp-json\/wp\/v2\/naslovna?post=944655"}],"curies":[{"name":"wp","href":"https:\/\/api.w.org\/{rel}","templated":true}]}}